{"id":10051,"date":"2024-06-11T14:52:09","date_gmt":"2024-06-11T20:52:09","guid":{"rendered":"https:\/\/diarioabcdemichoacan.com.mx\/lasnoticias\/?p=10051"},"modified":"2024-06-11T14:53:07","modified_gmt":"2024-06-11T20:53:07","slug":"12-estudiantes-fueron-seleccionados-para-recibir-la-beca-para-movilidad-estudiantil-2024","status":"publish","type":"post","link":"https:\/\/diarioabcdemichoacan.com.mx\/lasnoticias\/12-estudiantes-fueron-seleccionados-para-recibir-la-beca-para-movilidad-estudiantil-2024\/","title":{"rendered":"12 estudiantes fueron seleccionados para recibir la beca para Movilidad Estudiantil 2024"},"content":{"rendered":"<h2>A Colombia se van 9 estudiantes para realizar este verano su estancia de investigaci\u00f3n.<\/h2>\n<p>&nbsp;<\/p>\n<h6>POR REDACCI\u00d3N, DIARIO ABC DE MICHOAC\u00c1N, 11 DE JUNIO DE 2024.<\/h6>\n<hr \/>\n<p>Uruapan, Mich. &#8211; 12 estudiantes de nuestras ingenier\u00edas fueron seleccionados para recibir por parte del Gobierno Estatal, la beca para Movilidad Estudiantil 2024 y realizar este verano su estancia de investigaci\u00f3n en distintos estados de la Rep\u00fablica Mexicana, as\u00ed como de Colombia.<\/p>\n<p>&nbsp;<\/p>\n<p>A Colombia se van: Carlos Zapi\u00e9n Garc\u00eda, Carlos Daniel Vel\u00e1zquez Vidal, Claudia Yomara Olvera Calder\u00f3n, Luisa Estrella Alvarez Alvir, Diana Guadalupe Arroyo \u00c1valos, Iris Jocelyn L\u00f3pez Raya, Fernando Iv\u00e1n Rocha Salgado, Ricardo Daniel Valencia Amezcua y Juan Rolando Gonz\u00e1lez Fern\u00e1ndez.<\/p>\n<p>&nbsp;<\/p>\n<p><img loading=\"lazy\" decoding=\"async\" class=\"alignnone size-medium wp-image-10065\" src=\"https:\/\/diarioabcdemichoacan.com.mx\/lasnoticias\/wp-content\/uploads\/2024\/06\/WhatsApp-Image-2024-06-11-at-2.35.46-PM-500x375.jpeg\" alt=\"\" width=\"500\" height=\"375\" srcset=\"https:\/\/diarioabcdemichoacan.com.mx\/lasnoticias\/wp-content\/uploads\/2024\/06\/WhatsApp-Image-2024-06-11-at-2.35.46-PM-500x375.jpeg 500w, https:\/\/diarioabcdemichoacan.com.mx\/lasnoticias\/wp-content\/uploads\/2024\/06\/WhatsApp-Image-2024-06-11-at-2.35.46-PM-1024x768.jpeg 1024w, https:\/\/diarioabcdemichoacan.com.mx\/lasnoticias\/wp-content\/uploads\/2024\/06\/WhatsApp-Image-2024-06-11-at-2.35.46-PM-768x576.jpeg 768w, https:\/\/diarioabcdemichoacan.com.mx\/lasnoticias\/wp-content\/uploads\/2024\/06\/WhatsApp-Image-2024-06-11-at-2.35.46-PM-1536x1152.jpeg 1536w, https:\/\/diarioabcdemichoacan.com.mx\/lasnoticias\/wp-content\/uploads\/2024\/06\/WhatsApp-Image-2024-06-11-at-2.35.46-PM-150x113.jpeg 150w, https:\/\/diarioabcdemichoacan.com.mx\/lasnoticias\/wp-content\/uploads\/2024\/06\/WhatsApp-Image-2024-06-11-at-2.35.46-PM-300x225.jpeg 300w, https:\/\/diarioabcdemichoacan.com.mx\/lasnoticias\/wp-content\/uploads\/2024\/06\/WhatsApp-Image-2024-06-11-at-2.35.46-PM-696x522.jpeg 696w, https:\/\/diarioabcdemichoacan.com.mx\/lasnoticias\/wp-content\/uploads\/2024\/06\/WhatsApp-Image-2024-06-11-at-2.35.46-PM-1068x801.jpeg 1068w, https:\/\/diarioabcdemichoacan.com.mx\/lasnoticias\/wp-content\/uploads\/2024\/06\/WhatsApp-Image-2024-06-11-at-2.35.46-PM.jpeg 1600w\" sizes=\"auto, (max-width: 500px) 100vw, 500px\" \/><\/p>\n<p>&nbsp;<\/p>\n<p>Al Interior de nuestro pa\u00eds se van Antonia Mendoza Casta\u00f1eda, Mayda Vianey Bedolla Maga\u00f1a y Natalia Ch\u00e1vez Bejarano.<\/p>\n<p>&nbsp;<\/p>\n<p>Nuestras felicitaciones por haber sido acreedores de estas becas de Movilidad Estudiantil 2024.<\/p>\n<p>&nbsp;<\/p>\n<p><img loading=\"lazy\" decoding=\"async\" class=\"alignnone size-medium wp-image-10064\" src=\"https:\/\/diarioabcdemichoacan.com.mx\/lasnoticias\/wp-content\/uploads\/2024\/06\/WhatsApp-Image-2024-06-11-at-2.35.46-PM-1-500x375.jpeg\" alt=\"\" width=\"500\" height=\"375\" srcset=\"https:\/\/diarioabcdemichoacan.com.mx\/lasnoticias\/wp-content\/uploads\/2024\/06\/WhatsApp-Image-2024-06-11-at-2.35.46-PM-1-500x375.jpeg 500w, https:\/\/diarioabcdemichoacan.com.mx\/lasnoticias\/wp-content\/uploads\/2024\/06\/WhatsApp-Image-2024-06-11-at-2.35.46-PM-1-1024x768.jpeg 1024w, https:\/\/diarioabcdemichoacan.com.mx\/lasnoticias\/wp-content\/uploads\/2024\/06\/WhatsApp-Image-2024-06-11-at-2.35.46-PM-1-768x576.jpeg 768w, https:\/\/diarioabcdemichoacan.com.mx\/lasnoticias\/wp-content\/uploads\/2024\/06\/WhatsApp-Image-2024-06-11-at-2.35.46-PM-1-1536x1152.jpeg 1536w, https:\/\/diarioabcdemichoacan.com.mx\/lasnoticias\/wp-content\/uploads\/2024\/06\/WhatsApp-Image-2024-06-11-at-2.35.46-PM-1-150x113.jpeg 150w, https:\/\/diarioabcdemichoacan.com.mx\/lasnoticias\/wp-content\/uploads\/2024\/06\/WhatsApp-Image-2024-06-11-at-2.35.46-PM-1-300x225.jpeg 300w, https:\/\/diarioabcdemichoacan.com.mx\/lasnoticias\/wp-content\/uploads\/2024\/06\/WhatsApp-Image-2024-06-11-at-2.35.46-PM-1-696x522.jpeg 696w, https:\/\/diarioabcdemichoacan.com.mx\/lasnoticias\/wp-content\/uploads\/2024\/06\/WhatsApp-Image-2024-06-11-at-2.35.46-PM-1-1068x801.jpeg 1068w, https:\/\/diarioabcdemichoacan.com.mx\/lasnoticias\/wp-content\/uploads\/2024\/06\/WhatsApp-Image-2024-06-11-at-2.35.46-PM-1.jpeg 1600w\" sizes=\"auto, (max-width: 500px) 100vw, 500px\" \/><\/p>\n<p>&nbsp;<\/p>\n<p>Tambi\u00e9n ir\u00e1n otros estudiantes a Bolivia: Bol\u00edvar, Sucre, Santander, Atl\u00e1ntico, Antioqu\u00eda y Bogot\u00e1, as\u00ed como a otros estados de la Rep\u00fablica Mexicana: Puebla, Michoac\u00e1n, Jalisco, Guanajuato, Quintana Roo, Estado de M\u00e9xico y Baja California.<\/p>\n","protected":false},"excerpt":{"rendered":"<p>A Colombia se van 9 estudiantes para realizar este verano su estancia de investigaci\u00f3n. &nbsp; POR REDACCI\u00d3N, DIARIO ABC DE MICHOAC\u00c1N, 11 DE JUNIO DE 2024. Uruapan, Mich. &#8211; 12 estudiantes de nuestras ingenier\u00edas fueron seleccionados para recibir por parte del Gobierno Estatal, la beca para Movilidad Estudiantil 2024 y realizar este verano su estancia [&hellip;]<\/p>\n","protected":false},"author":9,"featured_media":10066,"comment_status":"closed","ping_status":"closed","sticky":false,"template":"","format":"standard","meta":{"footnotes":""},"categories":[15,10,17,27],"tags":[],"class_list":{"0":"post-10051","1":"post","2":"type-post","3":"status-publish","4":"format-standard","5":"has-post-thumbnail","7":"category-educacion","8":"category-estado","9":"category-gobierno-de-michoacan","10":"category-slider"},"yoast_head":"<!-- This site is optimized with the Yoast SEO plugin v24.0 - https:\/\/yoast.com\/wordpress\/plugins\/seo\/ -->\n<title>12 estudiantes fueron seleccionados para recibir la beca para Movilidad Estudiantil 2024 - Diario ABC de Michoac\u00e1n<\/title>\n<meta name=\"robots\" content=\"index, follow, max-snippet:-1, max-image-preview:large, max-video-preview:-1\" \/>\n<link rel=\"canonical\" href=\"https:\/\/diarioabcdemichoacan.com.mx\/lasnoticias\/12-estudiantes-fueron-seleccionados-para-recibir-la-beca-para-movilidad-estudiantil-2024\/\" \/>\n<meta property=\"og:locale\" content=\"es_ES\" \/>\n<meta property=\"og:type\" content=\"article\" \/>\n<meta property=\"og:title\" content=\"12 estudiantes fueron seleccionados para recibir la beca para Movilidad Estudiantil 2024 - Diario ABC de Michoac\u00e1n\" \/>\n<meta property=\"og:description\" content=\"A Colombia se van 9 estudiantes para realizar este verano su estancia de investigaci\u00f3n. &nbsp; POR REDACCI\u00d3N, DIARIO ABC DE MICHOAC\u00c1N, 11 DE JUNIO DE 2024. Uruapan, Mich. &#8211; 12 estudiantes de nuestras ingenier\u00edas fueron seleccionados para recibir por parte del Gobierno Estatal, la beca para Movilidad Estudiantil 2024 y realizar este verano su estancia [&hellip;]\" \/>\n<meta property=\"og:url\" content=\"https:\/\/diarioabcdemichoacan.com.mx\/lasnoticias\/12-estudiantes-fueron-seleccionados-para-recibir-la-beca-para-movilidad-estudiantil-2024\/\" \/>\n<meta property=\"og:site_name\" content=\"Diario ABC de Michoac\u00e1n\" \/>\n<meta property=\"article:published_time\" content=\"2024-06-11T20:52:09+00:00\" \/>\n<meta property=\"article:modified_time\" content=\"2024-06-11T20:53:07+00:00\" \/>\n<meta property=\"og:image\" content=\"https:\/\/diarioabcdemichoacan.com.mx\/lasnoticias\/wp-content\/uploads\/2024\/06\/WhatsApp-Image-2024-06-11-at-2.35.45-PM-2.jpeg\" \/>\n\t<meta property=\"og:image:width\" content=\"1600\" \/>\n\t<meta property=\"og:image:height\" content=\"1200\" \/>\n\t<meta property=\"og:image:type\" content=\"image\/jpeg\" \/>\n<meta name=\"author\" content=\"AR\" \/>\n<meta name=\"twitter:card\" content=\"summary_large_image\" \/>\n<meta name=\"twitter:label1\" content=\"Escrito por\" \/>\n\t<meta name=\"twitter:data1\" content=\"AR\" \/>\n\t<meta name=\"twitter:label2\" content=\"Tiempo de lectura\" \/>\n\t<meta name=\"twitter:data2\" content=\"2 minutos\" \/>\n<script type=\"application\/ld+json\" class=\"yoast-schema-graph\">{\"@context\":\"https:\/\/schema.org\",\"@graph\":[{\"@type\":\"WebPage\",\"@id\":\"https:\/\/diarioabcdemichoacan.com.mx\/lasnoticias\/12-estudiantes-fueron-seleccionados-para-recibir-la-beca-para-movilidad-estudiantil-2024\/\",\"url\":\"https:\/\/diarioabcdemichoacan.com.mx\/lasnoticias\/12-estudiantes-fueron-seleccionados-para-recibir-la-beca-para-movilidad-estudiantil-2024\/\",\"name\":\"12 estudiantes fueron seleccionados para recibir la beca para Movilidad Estudiantil 2024 - Diario ABC de Michoac\u00e1n\",\"isPartOf\":{\"@id\":\"https:\/\/diarioabcdemichoacan.com.mx\/lasnoticias\/#website\"},\"primaryImageOfPage\":{\"@id\":\"https:\/\/diarioabcdemichoacan.com.mx\/lasnoticias\/12-estudiantes-fueron-seleccionados-para-recibir-la-beca-para-movilidad-estudiantil-2024\/#primaryimage\"},\"image\":{\"@id\":\"https:\/\/diarioabcdemichoacan.com.mx\/lasnoticias\/12-estudiantes-fueron-seleccionados-para-recibir-la-beca-para-movilidad-estudiantil-2024\/#primaryimage\"},\"thumbnailUrl\":\"https:\/\/diarioabcdemichoacan.com.mx\/lasnoticias\/wp-content\/uploads\/2024\/06\/WhatsApp-Image-2024-06-11-at-2.35.45-PM-2.jpeg\",\"datePublished\":\"2024-06-11T20:52:09+00:00\",\"dateModified\":\"2024-06-11T20:53:07+00:00\",\"author\":{\"@id\":\"https:\/\/diarioabcdemichoacan.com.mx\/lasnoticias\/#\/schema\/person\/19ae376040f6cbc489682ebdd8524852\"},\"breadcrumb\":{\"@id\":\"https:\/\/diarioabcdemichoacan.com.mx\/lasnoticias\/12-estudiantes-fueron-seleccionados-para-recibir-la-beca-para-movilidad-estudiantil-2024\/#breadcrumb\"},\"inLanguage\":\"es\",\"potentialAction\":[{\"@type\":\"ReadAction\",\"target\":[\"https:\/\/diarioabcdemichoacan.com.mx\/lasnoticias\/12-estudiantes-fueron-seleccionados-para-recibir-la-beca-para-movilidad-estudiantil-2024\/\"]}]},{\"@type\":\"ImageObject\",\"inLanguage\":\"es\",\"@id\":\"https:\/\/diarioabcdemichoacan.com.mx\/lasnoticias\/12-estudiantes-fueron-seleccionados-para-recibir-la-beca-para-movilidad-estudiantil-2024\/#primaryimage\",\"url\":\"https:\/\/diarioabcdemichoacan.com.mx\/lasnoticias\/wp-content\/uploads\/2024\/06\/WhatsApp-Image-2024-06-11-at-2.35.45-PM-2.jpeg\",\"contentUrl\":\"https:\/\/diarioabcdemichoacan.com.mx\/lasnoticias\/wp-content\/uploads\/2024\/06\/WhatsApp-Image-2024-06-11-at-2.35.45-PM-2.jpeg\",\"width\":1600,\"height\":1200},{\"@type\":\"BreadcrumbList\",\"@id\":\"https:\/\/diarioabcdemichoacan.com.mx\/lasnoticias\/12-estudiantes-fueron-seleccionados-para-recibir-la-beca-para-movilidad-estudiantil-2024\/#breadcrumb\",\"itemListElement\":[{\"@type\":\"ListItem\",\"position\":1,\"name\":\"Portada\",\"item\":\"https:\/\/diarioabcdemichoacan.com.mx\/lasnoticias\/\"},{\"@type\":\"ListItem\",\"position\":2,\"name\":\"12 estudiantes fueron seleccionados para recibir la beca para Movilidad Estudiantil 2024\"}]},{\"@type\":\"WebSite\",\"@id\":\"https:\/\/diarioabcdemichoacan.com.mx\/lasnoticias\/#website\",\"url\":\"https:\/\/diarioabcdemichoacan.com.mx\/lasnoticias\/\",\"name\":\"Diario ABC de Michoac\u00e1n\",\"description\":\"Las noticias al momento\",\"potentialAction\":[{\"@type\":\"SearchAction\",\"target\":{\"@type\":\"EntryPoint\",\"urlTemplate\":\"https:\/\/diarioabcdemichoacan.com.mx\/lasnoticias\/?s={search_term_string}\"},\"query-input\":{\"@type\":\"PropertyValueSpecification\",\"valueRequired\":true,\"valueName\":\"search_term_string\"}}],\"inLanguage\":\"es\"},{\"@type\":\"Person\",\"@id\":\"https:\/\/diarioabcdemichoacan.com.mx\/lasnoticias\/#\/schema\/person\/19ae376040f6cbc489682ebdd8524852\",\"name\":\"AR\",\"image\":{\"@type\":\"ImageObject\",\"inLanguage\":\"es\",\"@id\":\"https:\/\/diarioabcdemichoacan.com.mx\/lasnoticias\/#\/schema\/person\/image\/\",\"url\":\"https:\/\/secure.gravatar.com\/avatar\/44eca2ff970262234e20e1e082872af0?s=96&d=mm&r=g\",\"contentUrl\":\"https:\/\/secure.gravatar.com\/avatar\/44eca2ff970262234e20e1e082872af0?s=96&d=mm&r=g\",\"caption\":\"AR\"},\"url\":\"https:\/\/diarioabcdemichoacan.com.mx\/lasnoticias\/author\/adrian\/\"}]}<\/script>\n<!-- \/ Yoast SEO plugin. -->","yoast_head_json":{"title":"12 estudiantes fueron seleccionados para recibir la beca para Movilidad Estudiantil 2024 - Diario ABC de Michoac\u00e1n","robots":{"index":"index","follow":"follow","max-snippet":"max-snippet:-1","max-image-preview":"max-image-preview:large","max-video-preview":"max-video-preview:-1"},"canonical":"https:\/\/diarioabcdemichoacan.com.mx\/lasnoticias\/12-estudiantes-fueron-seleccionados-para-recibir-la-beca-para-movilidad-estudiantil-2024\/","og_locale":"es_ES","og_type":"article","og_title":"12 estudiantes fueron seleccionados para recibir la beca para Movilidad Estudiantil 2024 - Diario ABC de Michoac\u00e1n","og_description":"A Colombia se van 9 estudiantes para realizar este verano su estancia de investigaci\u00f3n. &nbsp; POR REDACCI\u00d3N, DIARIO ABC DE MICHOAC\u00c1N, 11 DE JUNIO DE 2024. Uruapan, Mich. &#8211; 12 estudiantes de nuestras ingenier\u00edas fueron seleccionados para recibir por parte del Gobierno Estatal, la beca para Movilidad Estudiantil 2024 y realizar este verano su estancia [&hellip;]","og_url":"https:\/\/diarioabcdemichoacan.com.mx\/lasnoticias\/12-estudiantes-fueron-seleccionados-para-recibir-la-beca-para-movilidad-estudiantil-2024\/","og_site_name":"Diario ABC de Michoac\u00e1n","article_published_time":"2024-06-11T20:52:09+00:00","article_modified_time":"2024-06-11T20:53:07+00:00","og_image":[{"width":1600,"height":1200,"url":"https:\/\/diarioabcdemichoacan.com.mx\/lasnoticias\/wp-content\/uploads\/2024\/06\/WhatsApp-Image-2024-06-11-at-2.35.45-PM-2.jpeg","type":"image\/jpeg"}],"author":"AR","twitter_card":"summary_large_image","twitter_misc":{"Escrito por":"AR","Tiempo de lectura":"2 minutos"},"schema":{"@context":"https:\/\/schema.org","@graph":[{"@type":"WebPage","@id":"https:\/\/diarioabcdemichoacan.com.mx\/lasnoticias\/12-estudiantes-fueron-seleccionados-para-recibir-la-beca-para-movilidad-estudiantil-2024\/","url":"https:\/\/diarioabcdemichoacan.com.mx\/lasnoticias\/12-estudiantes-fueron-seleccionados-para-recibir-la-beca-para-movilidad-estudiantil-2024\/","name":"12 estudiantes fueron seleccionados para recibir la beca para Movilidad Estudiantil 2024 - Diario ABC de Michoac\u00e1n","isPartOf":{"@id":"https:\/\/diarioabcdemichoacan.com.mx\/lasnoticias\/#website"},"primaryImageOfPage":{"@id":"https:\/\/diarioabcdemichoacan.com.mx\/lasnoticias\/12-estudiantes-fueron-seleccionados-para-recibir-la-beca-para-movilidad-estudiantil-2024\/#primaryimage"},"image":{"@id":"https:\/\/diarioabcdemichoacan.com.mx\/lasnoticias\/12-estudiantes-fueron-seleccionados-para-recibir-la-beca-para-movilidad-estudiantil-2024\/#primaryimage"},"thumbnailUrl":"https:\/\/diarioabcdemichoacan.com.mx\/lasnoticias\/wp-content\/uploads\/2024\/06\/WhatsApp-Image-2024-06-11-at-2.35.45-PM-2.jpeg","datePublished":"2024-06-11T20:52:09+00:00","dateModified":"2024-06-11T20:53:07+00:00","author":{"@id":"https:\/\/diarioabcdemichoacan.com.mx\/lasnoticias\/#\/schema\/person\/19ae376040f6cbc489682ebdd8524852"},"breadcrumb":{"@id":"https:\/\/diarioabcdemichoacan.com.mx\/lasnoticias\/12-estudiantes-fueron-seleccionados-para-recibir-la-beca-para-movilidad-estudiantil-2024\/#breadcrumb"},"inLanguage":"es","potentialAction":[{"@type":"ReadAction","target":["https:\/\/diarioabcdemichoacan.com.mx\/lasnoticias\/12-estudiantes-fueron-seleccionados-para-recibir-la-beca-para-movilidad-estudiantil-2024\/"]}]},{"@type":"ImageObject","inLanguage":"es","@id":"https:\/\/diarioabcdemichoacan.com.mx\/lasnoticias\/12-estudiantes-fueron-seleccionados-para-recibir-la-beca-para-movilidad-estudiantil-2024\/#primaryimage","url":"https:\/\/diarioabcdemichoacan.com.mx\/lasnoticias\/wp-content\/uploads\/2024\/06\/WhatsApp-Image-2024-06-11-at-2.35.45-PM-2.jpeg","contentUrl":"https:\/\/diarioabcdemichoacan.com.mx\/lasnoticias\/wp-content\/uploads\/2024\/06\/WhatsApp-Image-2024-06-11-at-2.35.45-PM-2.jpeg","width":1600,"height":1200},{"@type":"BreadcrumbList","@id":"https:\/\/diarioabcdemichoacan.com.mx\/lasnoticias\/12-estudiantes-fueron-seleccionados-para-recibir-la-beca-para-movilidad-estudiantil-2024\/#breadcrumb","itemListElement":[{"@type":"ListItem","position":1,"name":"Portada","item":"https:\/\/diarioabcdemichoacan.com.mx\/lasnoticias\/"},{"@type":"ListItem","position":2,"name":"12 estudiantes fueron seleccionados para recibir la beca para Movilidad Estudiantil 2024"}]},{"@type":"WebSite","@id":"https:\/\/diarioabcdemichoacan.com.mx\/lasnoticias\/#website","url":"https:\/\/diarioabcdemichoacan.com.mx\/lasnoticias\/","name":"Diario ABC de Michoac\u00e1n","description":"Las noticias al momento","potentialAction":[{"@type":"SearchAction","target":{"@type":"EntryPoint","urlTemplate":"https:\/\/diarioabcdemichoacan.com.mx\/lasnoticias\/?s={search_term_string}"},"query-input":{"@type":"PropertyValueSpecification","valueRequired":true,"valueName":"search_term_string"}}],"inLanguage":"es"},{"@type":"Person","@id":"https:\/\/diarioabcdemichoacan.com.mx\/lasnoticias\/#\/schema\/person\/19ae376040f6cbc489682ebdd8524852","name":"AR","image":{"@type":"ImageObject","inLanguage":"es","@id":"https:\/\/diarioabcdemichoacan.com.mx\/lasnoticias\/#\/schema\/person\/image\/","url":"https:\/\/secure.gravatar.com\/avatar\/44eca2ff970262234e20e1e082872af0?s=96&d=mm&r=g","contentUrl":"https:\/\/secure.gravatar.com\/avatar\/44eca2ff970262234e20e1e082872af0?s=96&d=mm&r=g","caption":"AR"},"url":"https:\/\/diarioabcdemichoacan.com.mx\/lasnoticias\/author\/adrian\/"}]}},"_links":{"self":[{"href":"https:\/\/diarioabcdemichoacan.com.mx\/lasnoticias\/wp-json\/wp\/v2\/posts\/10051","targetHints":{"allow":["GET"]}}],"collection":[{"href":"https:\/\/diarioabcdemichoacan.com.mx\/lasnoticias\/wp-json\/wp\/v2\/posts"}],"about":[{"href":"https:\/\/diarioabcdemichoacan.com.mx\/lasnoticias\/wp-json\/wp\/v2\/types\/post"}],"author":[{"embeddable":true,"href":"https:\/\/diarioabcdemichoacan.com.mx\/lasnoticias\/wp-json\/wp\/v2\/users\/9"}],"replies":[{"embeddable":true,"href":"https:\/\/diarioabcdemichoacan.com.mx\/lasnoticias\/wp-json\/wp\/v2\/comments?post=10051"}],"version-history":[{"count":1,"href":"https:\/\/diarioabcdemichoacan.com.mx\/lasnoticias\/wp-json\/wp\/v2\/posts\/10051\/revisions"}],"predecessor-version":[{"id":10068,"href":"https:\/\/diarioabcdemichoacan.com.mx\/lasnoticias\/wp-json\/wp\/v2\/posts\/10051\/revisions\/10068"}],"wp:featuredmedia":[{"embeddable":true,"href":"https:\/\/diarioabcdemichoacan.com.mx\/lasnoticias\/wp-json\/wp\/v2\/media\/10066"}],"wp:attachment":[{"href":"https:\/\/diarioabcdemichoacan.com.mx\/lasnoticias\/wp-json\/wp\/v2\/media?parent=10051"}],"wp:term":[{"taxonomy":"category","embeddable":true,"href":"https:\/\/diarioabcdemichoacan.com.mx\/lasnoticias\/wp-json\/wp\/v2\/categories?post=10051"},{"taxonomy":"post_tag","embeddable":true,"href":"https:\/\/diarioabcdemichoacan.com.mx\/lasnoticias\/wp-json\/wp\/v2\/tags?post=10051"}],"curies":[{"name":"wp","href":"https:\/\/api.w.org\/{rel}","templated":true}]}}