{"id":11285,"date":"2024-06-18T12:20:19","date_gmt":"2024-06-18T18:20:19","guid":{"rendered":"https:\/\/diarioabcdemichoacan.com.mx\/lasnoticias\/?p=11285"},"modified":"2024-06-18T12:35:38","modified_gmt":"2024-06-18T18:35:38","slug":"un-orgullo-formar-parte-de-los-20-anos-del-premio-erendira-yolanda-sereno","status":"publish","type":"post","link":"https:\/\/diarioabcdemichoacan.com.mx\/lasnoticias\/un-orgullo-formar-parte-de-los-20-anos-del-premio-erendira-yolanda-sereno\/","title":{"rendered":"Un orgullo formar parte de los 20 a\u00f1os del Premio Er\u00e9ndira: Yolanda Sereno."},"content":{"rendered":"<h2>La artista llama a proponer a mujeres para que se les otorgue este a\u00f1o el reconocimiento.<\/h2>\n<p>&nbsp;<\/p>\n<h6>POR REDACCI\u00d3N, DIARIO ABC DE MICHOAC\u00c1N, 18 DE JUNIO DE 2024.<\/h6>\n<hr \/>\n<p>Morelia, Mich. &#8211; Yolanda Sereno Ayala es una artista moreliana que ha dedicado su vida al rescate del arte plumario. En el a\u00f1o 2023, el Gobierno de Michoac\u00e1n, a trav\u00e9s del Premio Estatal de las Artes Er\u00e9ndira, reconoci\u00f3 su inigualable trabajo con este galard\u00f3n que cumple 20 a\u00f1os de reconocer la trayectoria de quienes con su quehacer han enriquecido, difundido y preservado las tradiciones propias de la entidad.<\/p>\n<p>&nbsp;<\/p>\n<p>Emocionada por haber recibido la medalla con la que se reconoci\u00f3 la labor de toda una vida, y por pertenecer a este grupo de creadoras y creadores, Sereno Ayala aprovech\u00f3 para invitar a que propongan a aquellas mujeres que, por su trayectoria y desempe\u00f1o en el \u00e1mbito art\u00edstico pueden ser merecedoras de este homenaje.<\/p>\n<p>&nbsp;<\/p>\n<p><img loading=\"lazy\" decoding=\"async\" class=\"alignnone size-medium wp-image-11296\" src=\"https:\/\/diarioabcdemichoacan.com.mx\/lasnoticias\/wp-content\/uploads\/2024\/06\/WhatsApp-Image-2024-06-18-at-11.57.33-AM-1-500x333.jpeg\" alt=\"\" width=\"500\" height=\"333\" srcset=\"https:\/\/diarioabcdemichoacan.com.mx\/lasnoticias\/wp-content\/uploads\/2024\/06\/WhatsApp-Image-2024-06-18-at-11.57.33-AM-1-500x333.jpeg 500w, https:\/\/diarioabcdemichoacan.com.mx\/lasnoticias\/wp-content\/uploads\/2024\/06\/WhatsApp-Image-2024-06-18-at-11.57.33-AM-1-1024x683.jpeg 1024w, https:\/\/diarioabcdemichoacan.com.mx\/lasnoticias\/wp-content\/uploads\/2024\/06\/WhatsApp-Image-2024-06-18-at-11.57.33-AM-1-768x512.jpeg 768w, https:\/\/diarioabcdemichoacan.com.mx\/lasnoticias\/wp-content\/uploads\/2024\/06\/WhatsApp-Image-2024-06-18-at-11.57.33-AM-1-1536x1024.jpeg 1536w, https:\/\/diarioabcdemichoacan.com.mx\/lasnoticias\/wp-content\/uploads\/2024\/06\/WhatsApp-Image-2024-06-18-at-11.57.33-AM-1-2048x1365.jpeg 2048w, https:\/\/diarioabcdemichoacan.com.mx\/lasnoticias\/wp-content\/uploads\/2024\/06\/WhatsApp-Image-2024-06-18-at-11.57.33-AM-1-150x100.jpeg 150w, https:\/\/diarioabcdemichoacan.com.mx\/lasnoticias\/wp-content\/uploads\/2024\/06\/WhatsApp-Image-2024-06-18-at-11.57.33-AM-1-300x200.jpeg 300w, https:\/\/diarioabcdemichoacan.com.mx\/lasnoticias\/wp-content\/uploads\/2024\/06\/WhatsApp-Image-2024-06-18-at-11.57.33-AM-1-696x464.jpeg 696w, https:\/\/diarioabcdemichoacan.com.mx\/lasnoticias\/wp-content\/uploads\/2024\/06\/WhatsApp-Image-2024-06-18-at-11.57.33-AM-1-1068x712.jpeg 1068w, https:\/\/diarioabcdemichoacan.com.mx\/lasnoticias\/wp-content\/uploads\/2024\/06\/WhatsApp-Image-2024-06-18-at-11.57.33-AM-1-1920x1280.jpeg 1920w\" sizes=\"auto, (max-width: 500px) 100vw, 500px\" \/><\/p>\n<p>&nbsp;<\/p>\n<p>\u201cMi mayor emoci\u00f3n fue cuando recib\u00ed la medalla como un reconocimiento; no a una labor a inmediata sino a la labor de toda una vida en el rescate de las tradiciones y la cultura\u201d, comparte la artista en el marco de la edici\u00f3n 2024 de este certamen.<\/p>\n<p>&nbsp;<\/p>\n<p>\u201cMe siento muy orgullosa de formar parte como mujer de esos artistas que a trav\u00e9s de 20 a\u00f1os han sido reconocidos. Por eso, quisiera hacer una invitaci\u00f3n a todos los grupos que se dedican a la cultura para que hagan propuestas y propongan a mujeres para que se les otorgue este a\u00f1o el Premio Estatal de las Artes Er\u00e9ndira\u201d, agreg\u00f3.<\/p>\n<p>&nbsp;<\/p>\n<p><img loading=\"lazy\" decoding=\"async\" class=\"alignnone size-medium wp-image-11295\" src=\"https:\/\/diarioabcdemichoacan.com.mx\/lasnoticias\/wp-content\/uploads\/2024\/06\/WhatsApp-Image-2024-06-18-at-11.57.33-AM-2-333x500.jpeg\" alt=\"\" width=\"333\" height=\"500\" srcset=\"https:\/\/diarioabcdemichoacan.com.mx\/lasnoticias\/wp-content\/uploads\/2024\/06\/WhatsApp-Image-2024-06-18-at-11.57.33-AM-2-333x500.jpeg 333w, https:\/\/diarioabcdemichoacan.com.mx\/lasnoticias\/wp-content\/uploads\/2024\/06\/WhatsApp-Image-2024-06-18-at-11.57.33-AM-2-683x1024.jpeg 683w, https:\/\/diarioabcdemichoacan.com.mx\/lasnoticias\/wp-content\/uploads\/2024\/06\/WhatsApp-Image-2024-06-18-at-11.57.33-AM-2-768x1152.jpeg 768w, https:\/\/diarioabcdemichoacan.com.mx\/lasnoticias\/wp-content\/uploads\/2024\/06\/WhatsApp-Image-2024-06-18-at-11.57.33-AM-2-1024x1536.jpeg 1024w, https:\/\/diarioabcdemichoacan.com.mx\/lasnoticias\/wp-content\/uploads\/2024\/06\/WhatsApp-Image-2024-06-18-at-11.57.33-AM-2-1365x2048.jpeg 1365w, https:\/\/diarioabcdemichoacan.com.mx\/lasnoticias\/wp-content\/uploads\/2024\/06\/WhatsApp-Image-2024-06-18-at-11.57.33-AM-2-150x225.jpeg 150w, https:\/\/diarioabcdemichoacan.com.mx\/lasnoticias\/wp-content\/uploads\/2024\/06\/WhatsApp-Image-2024-06-18-at-11.57.33-AM-2-300x450.jpeg 300w, https:\/\/diarioabcdemichoacan.com.mx\/lasnoticias\/wp-content\/uploads\/2024\/06\/WhatsApp-Image-2024-06-18-at-11.57.33-AM-2-696x1044.jpeg 696w, https:\/\/diarioabcdemichoacan.com.mx\/lasnoticias\/wp-content\/uploads\/2024\/06\/WhatsApp-Image-2024-06-18-at-11.57.33-AM-2-1068x1602.jpeg 1068w, https:\/\/diarioabcdemichoacan.com.mx\/lasnoticias\/wp-content\/uploads\/2024\/06\/WhatsApp-Image-2024-06-18-at-11.57.33-AM-2-1920x2880.jpeg 1920w, https:\/\/diarioabcdemichoacan.com.mx\/lasnoticias\/wp-content\/uploads\/2024\/06\/WhatsApp-Image-2024-06-18-at-11.57.33-AM-2-scaled.jpeg 1706w\" sizes=\"auto, (max-width: 333px) 100vw, 333px\" \/><\/p>\n<p>&nbsp;<\/p>\n<p>Las postulaciones ser\u00e1n consideradas dentro de los \u00e1mbitos de la creaci\u00f3n art\u00edstica y en todos los casos se considerar\u00e1 el criterio de diversidad cultural y perspectiva de g\u00e9nero: literatura, medios audiovisuales, teatro, danza, arquitectura, m\u00fasica y artes sonoras, artes tradicionales (artesan\u00eda y creaciones tradicionales no incluidas en los \u00e1mbitos previos).<\/p>\n<p>&nbsp;<\/p>\n<p>Las instancias interesadas deber\u00e1n registrar a quien postulen en la plataforma en l\u00ednea www.secumenlinea.gob.mx.<\/p>\n","protected":false},"excerpt":{"rendered":"<p>La artista llama a proponer a mujeres para que se les otorgue este a\u00f1o el reconocimiento. &nbsp; POR REDACCI\u00d3N, DIARIO ABC DE MICHOAC\u00c1N, 18 DE JUNIO DE 2024. Morelia, Mich. &#8211; Yolanda Sereno Ayala es una artista moreliana que ha dedicado su vida al rescate del arte plumario. En el a\u00f1o 2023, el Gobierno de [&hellip;]<\/p>\n","protected":false},"author":9,"featured_media":11297,"comment_status":"closed","ping_status":"closed","sticky":false,"template":"","format":"standard","meta":{"footnotes":""},"categories":[10,17,29],"tags":[],"class_list":{"0":"post-11285","1":"post","2":"type-post","3":"status-publish","4":"format-standard","5":"has-post-thumbnail","7":"category-estado","8":"category-gobierno-de-michoacan","9":"category-salud"},"yoast_head":"<!-- This site is optimized with the Yoast SEO plugin v24.0 - https:\/\/yoast.com\/wordpress\/plugins\/seo\/ -->\n<title>Un orgullo formar parte de los 20 a\u00f1os del Premio Er\u00e9ndira: Yolanda Sereno. - Diario ABC de Michoac\u00e1n<\/title>\n<meta name=\"robots\" content=\"index, follow, max-snippet:-1, max-image-preview:large, max-video-preview:-1\" \/>\n<link rel=\"canonical\" href=\"https:\/\/diarioabcdemichoacan.com.mx\/lasnoticias\/un-orgullo-formar-parte-de-los-20-anos-del-premio-erendira-yolanda-sereno\/\" \/>\n<meta property=\"og:locale\" content=\"es_ES\" \/>\n<meta property=\"og:type\" content=\"article\" \/>\n<meta property=\"og:title\" content=\"Un orgullo formar parte de los 20 a\u00f1os del Premio Er\u00e9ndira: Yolanda Sereno. - Diario ABC de Michoac\u00e1n\" \/>\n<meta property=\"og:description\" content=\"La artista llama a proponer a mujeres para que se les otorgue este a\u00f1o el reconocimiento. &nbsp; POR REDACCI\u00d3N, DIARIO ABC DE MICHOAC\u00c1N, 18 DE JUNIO DE 2024. Morelia, Mich. &#8211; Yolanda Sereno Ayala es una artista moreliana que ha dedicado su vida al rescate del arte plumario. En el a\u00f1o 2023, el Gobierno de [&hellip;]\" \/>\n<meta property=\"og:url\" content=\"https:\/\/diarioabcdemichoacan.com.mx\/lasnoticias\/un-orgullo-formar-parte-de-los-20-anos-del-premio-erendira-yolanda-sereno\/\" \/>\n<meta property=\"og:site_name\" content=\"Diario ABC de Michoac\u00e1n\" \/>\n<meta property=\"article:published_time\" content=\"2024-06-18T18:20:19+00:00\" \/>\n<meta property=\"article:modified_time\" content=\"2024-06-18T18:35:38+00:00\" \/>\n<meta property=\"og:image\" content=\"https:\/\/diarioabcdemichoacan.com.mx\/lasnoticias\/wp-content\/uploads\/2024\/06\/WhatsApp-Image-2024-06-18-at-11.57.33-AM-scaled.jpeg\" \/>\n\t<meta property=\"og:image:width\" content=\"2560\" \/>\n\t<meta property=\"og:image:height\" content=\"1706\" \/>\n\t<meta property=\"og:image:type\" content=\"image\/jpeg\" \/>\n<meta name=\"author\" content=\"AR\" \/>\n<meta name=\"twitter:card\" content=\"summary_large_image\" \/>\n<meta name=\"twitter:label1\" content=\"Escrito por\" \/>\n\t<meta name=\"twitter:data1\" content=\"AR\" \/>\n\t<meta name=\"twitter:label2\" content=\"Tiempo de lectura\" \/>\n\t<meta name=\"twitter:data2\" content=\"3 minutos\" \/>\n<script type=\"application\/ld+json\" class=\"yoast-schema-graph\">{\"@context\":\"https:\/\/schema.org\",\"@graph\":[{\"@type\":\"WebPage\",\"@id\":\"https:\/\/diarioabcdemichoacan.com.mx\/lasnoticias\/un-orgullo-formar-parte-de-los-20-anos-del-premio-erendira-yolanda-sereno\/\",\"url\":\"https:\/\/diarioabcdemichoacan.com.mx\/lasnoticias\/un-orgullo-formar-parte-de-los-20-anos-del-premio-erendira-yolanda-sereno\/\",\"name\":\"Un orgullo formar parte de los 20 a\u00f1os del Premio Er\u00e9ndira: Yolanda Sereno. - Diario ABC de Michoac\u00e1n\",\"isPartOf\":{\"@id\":\"https:\/\/diarioabcdemichoacan.com.mx\/lasnoticias\/#website\"},\"primaryImageOfPage\":{\"@id\":\"https:\/\/diarioabcdemichoacan.com.mx\/lasnoticias\/un-orgullo-formar-parte-de-los-20-anos-del-premio-erendira-yolanda-sereno\/#primaryimage\"},\"image\":{\"@id\":\"https:\/\/diarioabcdemichoacan.com.mx\/lasnoticias\/un-orgullo-formar-parte-de-los-20-anos-del-premio-erendira-yolanda-sereno\/#primaryimage\"},\"thumbnailUrl\":\"https:\/\/diarioabcdemichoacan.com.mx\/lasnoticias\/wp-content\/uploads\/2024\/06\/WhatsApp-Image-2024-06-18-at-11.57.33-AM-scaled.jpeg\",\"datePublished\":\"2024-06-18T18:20:19+00:00\",\"dateModified\":\"2024-06-18T18:35:38+00:00\",\"author\":{\"@id\":\"https:\/\/diarioabcdemichoacan.com.mx\/lasnoticias\/#\/schema\/person\/19ae376040f6cbc489682ebdd8524852\"},\"breadcrumb\":{\"@id\":\"https:\/\/diarioabcdemichoacan.com.mx\/lasnoticias\/un-orgullo-formar-parte-de-los-20-anos-del-premio-erendira-yolanda-sereno\/#breadcrumb\"},\"inLanguage\":\"es\",\"potentialAction\":[{\"@type\":\"ReadAction\",\"target\":[\"https:\/\/diarioabcdemichoacan.com.mx\/lasnoticias\/un-orgullo-formar-parte-de-los-20-anos-del-premio-erendira-yolanda-sereno\/\"]}]},{\"@type\":\"ImageObject\",\"inLanguage\":\"es\",\"@id\":\"https:\/\/diarioabcdemichoacan.com.mx\/lasnoticias\/un-orgullo-formar-parte-de-los-20-anos-del-premio-erendira-yolanda-sereno\/#primaryimage\",\"url\":\"https:\/\/diarioabcdemichoacan.com.mx\/lasnoticias\/wp-content\/uploads\/2024\/06\/WhatsApp-Image-2024-06-18-at-11.57.33-AM-scaled.jpeg\",\"contentUrl\":\"https:\/\/diarioabcdemichoacan.com.mx\/lasnoticias\/wp-content\/uploads\/2024\/06\/WhatsApp-Image-2024-06-18-at-11.57.33-AM-scaled.jpeg\",\"width\":2560,\"height\":1706},{\"@type\":\"BreadcrumbList\",\"@id\":\"https:\/\/diarioabcdemichoacan.com.mx\/lasnoticias\/un-orgullo-formar-parte-de-los-20-anos-del-premio-erendira-yolanda-sereno\/#breadcrumb\",\"itemListElement\":[{\"@type\":\"ListItem\",\"position\":1,\"name\":\"Portada\",\"item\":\"https:\/\/diarioabcdemichoacan.com.mx\/lasnoticias\/\"},{\"@type\":\"ListItem\",\"position\":2,\"name\":\"Un orgullo formar parte de los 20 a\u00f1os del Premio Er\u00e9ndira: Yolanda Sereno.\"}]},{\"@type\":\"WebSite\",\"@id\":\"https:\/\/diarioabcdemichoacan.com.mx\/lasnoticias\/#website\",\"url\":\"https:\/\/diarioabcdemichoacan.com.mx\/lasnoticias\/\",\"name\":\"Diario ABC de Michoac\u00e1n\",\"description\":\"Las noticias al momento\",\"potentialAction\":[{\"@type\":\"SearchAction\",\"target\":{\"@type\":\"EntryPoint\",\"urlTemplate\":\"https:\/\/diarioabcdemichoacan.com.mx\/lasnoticias\/?s={search_term_string}\"},\"query-input\":{\"@type\":\"PropertyValueSpecification\",\"valueRequired\":true,\"valueName\":\"search_term_string\"}}],\"inLanguage\":\"es\"},{\"@type\":\"Person\",\"@id\":\"https:\/\/diarioabcdemichoacan.com.mx\/lasnoticias\/#\/schema\/person\/19ae376040f6cbc489682ebdd8524852\",\"name\":\"AR\",\"image\":{\"@type\":\"ImageObject\",\"inLanguage\":\"es\",\"@id\":\"https:\/\/diarioabcdemichoacan.com.mx\/lasnoticias\/#\/schema\/person\/image\/\",\"url\":\"https:\/\/secure.gravatar.com\/avatar\/44eca2ff970262234e20e1e082872af0?s=96&d=mm&r=g\",\"contentUrl\":\"https:\/\/secure.gravatar.com\/avatar\/44eca2ff970262234e20e1e082872af0?s=96&d=mm&r=g\",\"caption\":\"AR\"},\"url\":\"https:\/\/diarioabcdemichoacan.com.mx\/lasnoticias\/author\/adrian\/\"}]}<\/script>\n<!-- \/ Yoast SEO plugin. -->","yoast_head_json":{"title":"Un orgullo formar parte de los 20 a\u00f1os del Premio Er\u00e9ndira: Yolanda Sereno. - Diario ABC de Michoac\u00e1n","robots":{"index":"index","follow":"follow","max-snippet":"max-snippet:-1","max-image-preview":"max-image-preview:large","max-video-preview":"max-video-preview:-1"},"canonical":"https:\/\/diarioabcdemichoacan.com.mx\/lasnoticias\/un-orgullo-formar-parte-de-los-20-anos-del-premio-erendira-yolanda-sereno\/","og_locale":"es_ES","og_type":"article","og_title":"Un orgullo formar parte de los 20 a\u00f1os del Premio Er\u00e9ndira: Yolanda Sereno. - Diario ABC de Michoac\u00e1n","og_description":"La artista llama a proponer a mujeres para que se les otorgue este a\u00f1o el reconocimiento. &nbsp; POR REDACCI\u00d3N, DIARIO ABC DE MICHOAC\u00c1N, 18 DE JUNIO DE 2024. Morelia, Mich. &#8211; Yolanda Sereno Ayala es una artista moreliana que ha dedicado su vida al rescate del arte plumario. En el a\u00f1o 2023, el Gobierno de [&hellip;]","og_url":"https:\/\/diarioabcdemichoacan.com.mx\/lasnoticias\/un-orgullo-formar-parte-de-los-20-anos-del-premio-erendira-yolanda-sereno\/","og_site_name":"Diario ABC de Michoac\u00e1n","article_published_time":"2024-06-18T18:20:19+00:00","article_modified_time":"2024-06-18T18:35:38+00:00","og_image":[{"width":2560,"height":1706,"url":"https:\/\/diarioabcdemichoacan.com.mx\/lasnoticias\/wp-content\/uploads\/2024\/06\/WhatsApp-Image-2024-06-18-at-11.57.33-AM-scaled.jpeg","type":"image\/jpeg"}],"author":"AR","twitter_card":"summary_large_image","twitter_misc":{"Escrito por":"AR","Tiempo de lectura":"3 minutos"},"schema":{"@context":"https:\/\/schema.org","@graph":[{"@type":"WebPage","@id":"https:\/\/diarioabcdemichoacan.com.mx\/lasnoticias\/un-orgullo-formar-parte-de-los-20-anos-del-premio-erendira-yolanda-sereno\/","url":"https:\/\/diarioabcdemichoacan.com.mx\/lasnoticias\/un-orgullo-formar-parte-de-los-20-anos-del-premio-erendira-yolanda-sereno\/","name":"Un orgullo formar parte de los 20 a\u00f1os del Premio Er\u00e9ndira: Yolanda Sereno. - Diario ABC de Michoac\u00e1n","isPartOf":{"@id":"https:\/\/diarioabcdemichoacan.com.mx\/lasnoticias\/#website"},"primaryImageOfPage":{"@id":"https:\/\/diarioabcdemichoacan.com.mx\/lasnoticias\/un-orgullo-formar-parte-de-los-20-anos-del-premio-erendira-yolanda-sereno\/#primaryimage"},"image":{"@id":"https:\/\/diarioabcdemichoacan.com.mx\/lasnoticias\/un-orgullo-formar-parte-de-los-20-anos-del-premio-erendira-yolanda-sereno\/#primaryimage"},"thumbnailUrl":"https:\/\/diarioabcdemichoacan.com.mx\/lasnoticias\/wp-content\/uploads\/2024\/06\/WhatsApp-Image-2024-06-18-at-11.57.33-AM-scaled.jpeg","datePublished":"2024-06-18T18:20:19+00:00","dateModified":"2024-06-18T18:35:38+00:00","author":{"@id":"https:\/\/diarioabcdemichoacan.com.mx\/lasnoticias\/#\/schema\/person\/19ae376040f6cbc489682ebdd8524852"},"breadcrumb":{"@id":"https:\/\/diarioabcdemichoacan.com.mx\/lasnoticias\/un-orgullo-formar-parte-de-los-20-anos-del-premio-erendira-yolanda-sereno\/#breadcrumb"},"inLanguage":"es","potentialAction":[{"@type":"ReadAction","target":["https:\/\/diarioabcdemichoacan.com.mx\/lasnoticias\/un-orgullo-formar-parte-de-los-20-anos-del-premio-erendira-yolanda-sereno\/"]}]},{"@type":"ImageObject","inLanguage":"es","@id":"https:\/\/diarioabcdemichoacan.com.mx\/lasnoticias\/un-orgullo-formar-parte-de-los-20-anos-del-premio-erendira-yolanda-sereno\/#primaryimage","url":"https:\/\/diarioabcdemichoacan.com.mx\/lasnoticias\/wp-content\/uploads\/2024\/06\/WhatsApp-Image-2024-06-18-at-11.57.33-AM-scaled.jpeg","contentUrl":"https:\/\/diarioabcdemichoacan.com.mx\/lasnoticias\/wp-content\/uploads\/2024\/06\/WhatsApp-Image-2024-06-18-at-11.57.33-AM-scaled.jpeg","width":2560,"height":1706},{"@type":"BreadcrumbList","@id":"https:\/\/diarioabcdemichoacan.com.mx\/lasnoticias\/un-orgullo-formar-parte-de-los-20-anos-del-premio-erendira-yolanda-sereno\/#breadcrumb","itemListElement":[{"@type":"ListItem","position":1,"name":"Portada","item":"https:\/\/diarioabcdemichoacan.com.mx\/lasnoticias\/"},{"@type":"ListItem","position":2,"name":"Un orgullo formar parte de los 20 a\u00f1os del Premio Er\u00e9ndira: Yolanda Sereno."}]},{"@type":"WebSite","@id":"https:\/\/diarioabcdemichoacan.com.mx\/lasnoticias\/#website","url":"https:\/\/diarioabcdemichoacan.com.mx\/lasnoticias\/","name":"Diario ABC de Michoac\u00e1n","description":"Las noticias al momento","potentialAction":[{"@type":"SearchAction","target":{"@type":"EntryPoint","urlTemplate":"https:\/\/diarioabcdemichoacan.com.mx\/lasnoticias\/?s={search_term_string}"},"query-input":{"@type":"PropertyValueSpecification","valueRequired":true,"valueName":"search_term_string"}}],"inLanguage":"es"},{"@type":"Person","@id":"https:\/\/diarioabcdemichoacan.com.mx\/lasnoticias\/#\/schema\/person\/19ae376040f6cbc489682ebdd8524852","name":"AR","image":{"@type":"ImageObject","inLanguage":"es","@id":"https:\/\/diarioabcdemichoacan.com.mx\/lasnoticias\/#\/schema\/person\/image\/","url":"https:\/\/secure.gravatar.com\/avatar\/44eca2ff970262234e20e1e082872af0?s=96&d=mm&r=g","contentUrl":"https:\/\/secure.gravatar.com\/avatar\/44eca2ff970262234e20e1e082872af0?s=96&d=mm&r=g","caption":"AR"},"url":"https:\/\/diarioabcdemichoacan.com.mx\/lasnoticias\/author\/adrian\/"}]}},"_links":{"self":[{"href":"https:\/\/diarioabcdemichoacan.com.mx\/lasnoticias\/wp-json\/wp\/v2\/posts\/11285","targetHints":{"allow":["GET"]}}],"collection":[{"href":"https:\/\/diarioabcdemichoacan.com.mx\/lasnoticias\/wp-json\/wp\/v2\/posts"}],"about":[{"href":"https:\/\/diarioabcdemichoacan.com.mx\/lasnoticias\/wp-json\/wp\/v2\/types\/post"}],"author":[{"embeddable":true,"href":"https:\/\/diarioabcdemichoacan.com.mx\/lasnoticias\/wp-json\/wp\/v2\/users\/9"}],"replies":[{"embeddable":true,"href":"https:\/\/diarioabcdemichoacan.com.mx\/lasnoticias\/wp-json\/wp\/v2\/comments?post=11285"}],"version-history":[{"count":1,"href":"https:\/\/diarioabcdemichoacan.com.mx\/lasnoticias\/wp-json\/wp\/v2\/posts\/11285\/revisions"}],"predecessor-version":[{"id":11306,"href":"https:\/\/diarioabcdemichoacan.com.mx\/lasnoticias\/wp-json\/wp\/v2\/posts\/11285\/revisions\/11306"}],"wp:featuredmedia":[{"embeddable":true,"href":"https:\/\/diarioabcdemichoacan.com.mx\/lasnoticias\/wp-json\/wp\/v2\/media\/11297"}],"wp:attachment":[{"href":"https:\/\/diarioabcdemichoacan.com.mx\/lasnoticias\/wp-json\/wp\/v2\/media?parent=11285"}],"wp:term":[{"taxonomy":"category","embeddable":true,"href":"https:\/\/diarioabcdemichoacan.com.mx\/lasnoticias\/wp-json\/wp\/v2\/categories?post=11285"},{"taxonomy":"post_tag","embeddable":true,"href":"https:\/\/diarioabcdemichoacan.com.mx\/lasnoticias\/wp-json\/wp\/v2\/tags?post=11285"}],"curies":[{"name":"wp","href":"https:\/\/api.w.org\/{rel}","templated":true}]}}