{"id":12029,"date":"2024-06-21T20:37:43","date_gmt":"2024-06-22T02:37:43","guid":{"rendered":"https:\/\/diarioabcdemichoacan.com.mx\/lasnoticias\/?p=12029"},"modified":"2024-06-21T20:37:43","modified_gmt":"2024-06-22T02:37:43","slug":"destaca-bedolla-avances-para-reanudar-exportaciones-de-aguacate-y-mango-a-eu","status":"publish","type":"post","link":"https:\/\/diarioabcdemichoacan.com.mx\/lasnoticias\/destaca-bedolla-avances-para-reanudar-exportaciones-de-aguacate-y-mango-a-eu\/","title":{"rendered":"Destaca Bedolla avances para reanudar exportaciones de aguacate y mango a EU"},"content":{"rendered":"<h2>Declaraci\u00f3n positiva del embajador Ken Salazar.<\/h2>\n<h6>POR REDACCI\u00d3N, DIARIO ABC DE MICHOAC\u00c1N, 21 DE JUNIO DE 2024<\/h6>\n<hr \/>\n<p>Morelia, Michoac\u00e1n, 21 de junio de 2024.-* Luego de que el embajador de Estados Unidos en M\u00e9xico, Ken Salazar, informara que los empleados del Servicio de Inspecci\u00f3n de Sanidad Animal y Vegetal (APHIS) del Departamento de Agricultura de Estados Unidos, comenzar\u00e1n gradualmente a regresar a las plantas empacadoras del estado, el gobernador Alfredo Ram\u00edrez Bedolla destac\u00f3 el avance para reanudar las exportaciones de aguacate y mango.<\/p>\n<p>El mandatario refiri\u00f3 que este avance permitir\u00e1 que de manera pronta se restablezca el env\u00edo de los frutos michoacanos a Estados Unidos.<\/p>\n<p>Ram\u00edrez Bedolla agradeci\u00f3 la disposici\u00f3n de las autoridades norteamericanas y de la Embajada de Estados Unidos en M\u00e9xico, a fin de continuar trabajando por el bien del sector productivo de la entidad.<\/p>\n<p>Dijo que se espera que se contin\u00fae avanzando y pronto haya noticias positivas para reactivar las exportaciones hacia Estados Unidos.<\/p>\n<p>Asimismo, el gobernador recalc\u00f3 que la reuni\u00f3n que est\u00e1 programada para la semana que entra con el embajador, as\u00ed como con autoridades federales y estatales, permita dar pasos importantes en este proceso.<\/p>\n","protected":false},"excerpt":{"rendered":"<p>Declaraci\u00f3n positiva del embajador Ken Salazar. POR REDACCI\u00d3N, DIARIO ABC DE MICHOAC\u00c1N, 21 DE JUNIO DE 2024 Morelia, Michoac\u00e1n, 21 de junio de 2024.-* Luego de que el embajador de Estados Unidos en M\u00e9xico, Ken Salazar, informara que los empleados del Servicio de Inspecci\u00f3n de Sanidad Animal y Vegetal (APHIS) del Departamento de Agricultura de [&hellip;]<\/p>\n","protected":false},"author":8,"featured_media":12030,"comment_status":"closed","ping_status":"closed","sticky":false,"template":"","format":"standard","meta":{"footnotes":""},"categories":[10,17,27],"tags":[],"class_list":{"0":"post-12029","1":"post","2":"type-post","3":"status-publish","4":"format-standard","5":"has-post-thumbnail","7":"category-estado","8":"category-gobierno-de-michoacan","9":"category-slider"},"yoast_head":"<!-- This site is optimized with the Yoast SEO plugin v24.0 - https:\/\/yoast.com\/wordpress\/plugins\/seo\/ -->\n<title>Destaca Bedolla avances para reanudar exportaciones de aguacate y mango a EU - Diario ABC de Michoac\u00e1n<\/title>\n<meta name=\"robots\" content=\"index, follow, max-snippet:-1, max-image-preview:large, max-video-preview:-1\" \/>\n<link rel=\"canonical\" href=\"https:\/\/diarioabcdemichoacan.com.mx\/lasnoticias\/destaca-bedolla-avances-para-reanudar-exportaciones-de-aguacate-y-mango-a-eu\/\" \/>\n<meta property=\"og:locale\" content=\"es_ES\" \/>\n<meta property=\"og:type\" content=\"article\" \/>\n<meta property=\"og:title\" content=\"Destaca Bedolla avances para reanudar exportaciones de aguacate y mango a EU - Diario ABC de Michoac\u00e1n\" \/>\n<meta property=\"og:description\" content=\"Declaraci\u00f3n positiva del embajador Ken Salazar. POR REDACCI\u00d3N, DIARIO ABC DE MICHOAC\u00c1N, 21 DE JUNIO DE 2024 Morelia, Michoac\u00e1n, 21 de junio de 2024.-* Luego de que el embajador de Estados Unidos en M\u00e9xico, Ken Salazar, informara que los empleados del Servicio de Inspecci\u00f3n de Sanidad Animal y Vegetal (APHIS) del Departamento de Agricultura de [&hellip;]\" \/>\n<meta property=\"og:url\" content=\"https:\/\/diarioabcdemichoacan.com.mx\/lasnoticias\/destaca-bedolla-avances-para-reanudar-exportaciones-de-aguacate-y-mango-a-eu\/\" \/>\n<meta property=\"og:site_name\" content=\"Diario ABC de Michoac\u00e1n\" \/>\n<meta property=\"article:published_time\" content=\"2024-06-22T02:37:43+00:00\" \/>\n<meta property=\"og:image\" content=\"https:\/\/diarioabcdemichoacan.com.mx\/lasnoticias\/wp-content\/uploads\/2024\/06\/IMG-20240621-WA0056.jpg\" \/>\n\t<meta property=\"og:image:width\" content=\"1600\" \/>\n\t<meta property=\"og:image:height\" content=\"1066\" \/>\n\t<meta property=\"og:image:type\" content=\"image\/jpeg\" \/>\n<meta name=\"author\" content=\"MD\" \/>\n<meta name=\"twitter:card\" content=\"summary_large_image\" \/>\n<meta name=\"twitter:label1\" content=\"Escrito por\" \/>\n\t<meta name=\"twitter:data1\" content=\"MD\" \/>\n\t<meta name=\"twitter:label2\" content=\"Tiempo de lectura\" \/>\n\t<meta name=\"twitter:data2\" content=\"1 minuto\" \/>\n<script type=\"application\/ld+json\" class=\"yoast-schema-graph\">{\"@context\":\"https:\/\/schema.org\",\"@graph\":[{\"@type\":\"WebPage\",\"@id\":\"https:\/\/diarioabcdemichoacan.com.mx\/lasnoticias\/destaca-bedolla-avances-para-reanudar-exportaciones-de-aguacate-y-mango-a-eu\/\",\"url\":\"https:\/\/diarioabcdemichoacan.com.mx\/lasnoticias\/destaca-bedolla-avances-para-reanudar-exportaciones-de-aguacate-y-mango-a-eu\/\",\"name\":\"Destaca Bedolla avances para reanudar exportaciones de aguacate y mango a EU - Diario ABC de Michoac\u00e1n\",\"isPartOf\":{\"@id\":\"https:\/\/diarioabcdemichoacan.com.mx\/lasnoticias\/#website\"},\"primaryImageOfPage\":{\"@id\":\"https:\/\/diarioabcdemichoacan.com.mx\/lasnoticias\/destaca-bedolla-avances-para-reanudar-exportaciones-de-aguacate-y-mango-a-eu\/#primaryimage\"},\"image\":{\"@id\":\"https:\/\/diarioabcdemichoacan.com.mx\/lasnoticias\/destaca-bedolla-avances-para-reanudar-exportaciones-de-aguacate-y-mango-a-eu\/#primaryimage\"},\"thumbnailUrl\":\"https:\/\/diarioabcdemichoacan.com.mx\/lasnoticias\/wp-content\/uploads\/2024\/06\/IMG-20240621-WA0056.jpg\",\"datePublished\":\"2024-06-22T02:37:43+00:00\",\"dateModified\":\"2024-06-22T02:37:43+00:00\",\"author\":{\"@id\":\"https:\/\/diarioabcdemichoacan.com.mx\/lasnoticias\/#\/schema\/person\/657e7c20ff5297f317664d985712e8e8\"},\"breadcrumb\":{\"@id\":\"https:\/\/diarioabcdemichoacan.com.mx\/lasnoticias\/destaca-bedolla-avances-para-reanudar-exportaciones-de-aguacate-y-mango-a-eu\/#breadcrumb\"},\"inLanguage\":\"es\",\"potentialAction\":[{\"@type\":\"ReadAction\",\"target\":[\"https:\/\/diarioabcdemichoacan.com.mx\/lasnoticias\/destaca-bedolla-avances-para-reanudar-exportaciones-de-aguacate-y-mango-a-eu\/\"]}]},{\"@type\":\"ImageObject\",\"inLanguage\":\"es\",\"@id\":\"https:\/\/diarioabcdemichoacan.com.mx\/lasnoticias\/destaca-bedolla-avances-para-reanudar-exportaciones-de-aguacate-y-mango-a-eu\/#primaryimage\",\"url\":\"https:\/\/diarioabcdemichoacan.com.mx\/lasnoticias\/wp-content\/uploads\/2024\/06\/IMG-20240621-WA0056.jpg\",\"contentUrl\":\"https:\/\/diarioabcdemichoacan.com.mx\/lasnoticias\/wp-content\/uploads\/2024\/06\/IMG-20240621-WA0056.jpg\",\"width\":1600,\"height\":1066},{\"@type\":\"BreadcrumbList\",\"@id\":\"https:\/\/diarioabcdemichoacan.com.mx\/lasnoticias\/destaca-bedolla-avances-para-reanudar-exportaciones-de-aguacate-y-mango-a-eu\/#breadcrumb\",\"itemListElement\":[{\"@type\":\"ListItem\",\"position\":1,\"name\":\"Portada\",\"item\":\"https:\/\/diarioabcdemichoacan.com.mx\/lasnoticias\/\"},{\"@type\":\"ListItem\",\"position\":2,\"name\":\"Destaca Bedolla avances para reanudar exportaciones de aguacate y mango a EU\"}]},{\"@type\":\"WebSite\",\"@id\":\"https:\/\/diarioabcdemichoacan.com.mx\/lasnoticias\/#website\",\"url\":\"https:\/\/diarioabcdemichoacan.com.mx\/lasnoticias\/\",\"name\":\"Diario ABC de Michoac\u00e1n\",\"description\":\"Las noticias al momento\",\"potentialAction\":[{\"@type\":\"SearchAction\",\"target\":{\"@type\":\"EntryPoint\",\"urlTemplate\":\"https:\/\/diarioabcdemichoacan.com.mx\/lasnoticias\/?s={search_term_string}\"},\"query-input\":{\"@type\":\"PropertyValueSpecification\",\"valueRequired\":true,\"valueName\":\"search_term_string\"}}],\"inLanguage\":\"es\"},{\"@type\":\"Person\",\"@id\":\"https:\/\/diarioabcdemichoacan.com.mx\/lasnoticias\/#\/schema\/person\/657e7c20ff5297f317664d985712e8e8\",\"name\":\"MD\",\"image\":{\"@type\":\"ImageObject\",\"inLanguage\":\"es\",\"@id\":\"https:\/\/diarioabcdemichoacan.com.mx\/lasnoticias\/#\/schema\/person\/image\/\",\"url\":\"https:\/\/secure.gravatar.com\/avatar\/a769375eedc94419a5b67bc5d63567af?s=96&d=mm&r=g\",\"contentUrl\":\"https:\/\/secure.gravatar.com\/avatar\/a769375eedc94419a5b67bc5d63567af?s=96&d=mm&r=g\",\"caption\":\"MD\"},\"url\":\"https:\/\/diarioabcdemichoacan.com.mx\/lasnoticias\/author\/merelydpa\/\"}]}<\/script>\n<!-- \/ Yoast SEO plugin. -->","yoast_head_json":{"title":"Destaca Bedolla avances para reanudar exportaciones de aguacate y mango a EU - Diario ABC de Michoac\u00e1n","robots":{"index":"index","follow":"follow","max-snippet":"max-snippet:-1","max-image-preview":"max-image-preview:large","max-video-preview":"max-video-preview:-1"},"canonical":"https:\/\/diarioabcdemichoacan.com.mx\/lasnoticias\/destaca-bedolla-avances-para-reanudar-exportaciones-de-aguacate-y-mango-a-eu\/","og_locale":"es_ES","og_type":"article","og_title":"Destaca Bedolla avances para reanudar exportaciones de aguacate y mango a EU - Diario ABC de Michoac\u00e1n","og_description":"Declaraci\u00f3n positiva del embajador Ken Salazar. POR REDACCI\u00d3N, DIARIO ABC DE MICHOAC\u00c1N, 21 DE JUNIO DE 2024 Morelia, Michoac\u00e1n, 21 de junio de 2024.-* Luego de que el embajador de Estados Unidos en M\u00e9xico, Ken Salazar, informara que los empleados del Servicio de Inspecci\u00f3n de Sanidad Animal y Vegetal (APHIS) del Departamento de Agricultura de [&hellip;]","og_url":"https:\/\/diarioabcdemichoacan.com.mx\/lasnoticias\/destaca-bedolla-avances-para-reanudar-exportaciones-de-aguacate-y-mango-a-eu\/","og_site_name":"Diario ABC de Michoac\u00e1n","article_published_time":"2024-06-22T02:37:43+00:00","og_image":[{"width":1600,"height":1066,"url":"https:\/\/diarioabcdemichoacan.com.mx\/lasnoticias\/wp-content\/uploads\/2024\/06\/IMG-20240621-WA0056.jpg","type":"image\/jpeg"}],"author":"MD","twitter_card":"summary_large_image","twitter_misc":{"Escrito por":"MD","Tiempo de lectura":"1 minuto"},"schema":{"@context":"https:\/\/schema.org","@graph":[{"@type":"WebPage","@id":"https:\/\/diarioabcdemichoacan.com.mx\/lasnoticias\/destaca-bedolla-avances-para-reanudar-exportaciones-de-aguacate-y-mango-a-eu\/","url":"https:\/\/diarioabcdemichoacan.com.mx\/lasnoticias\/destaca-bedolla-avances-para-reanudar-exportaciones-de-aguacate-y-mango-a-eu\/","name":"Destaca Bedolla avances para reanudar exportaciones de aguacate y mango a EU - Diario ABC de Michoac\u00e1n","isPartOf":{"@id":"https:\/\/diarioabcdemichoacan.com.mx\/lasnoticias\/#website"},"primaryImageOfPage":{"@id":"https:\/\/diarioabcdemichoacan.com.mx\/lasnoticias\/destaca-bedolla-avances-para-reanudar-exportaciones-de-aguacate-y-mango-a-eu\/#primaryimage"},"image":{"@id":"https:\/\/diarioabcdemichoacan.com.mx\/lasnoticias\/destaca-bedolla-avances-para-reanudar-exportaciones-de-aguacate-y-mango-a-eu\/#primaryimage"},"thumbnailUrl":"https:\/\/diarioabcdemichoacan.com.mx\/lasnoticias\/wp-content\/uploads\/2024\/06\/IMG-20240621-WA0056.jpg","datePublished":"2024-06-22T02:37:43+00:00","dateModified":"2024-06-22T02:37:43+00:00","author":{"@id":"https:\/\/diarioabcdemichoacan.com.mx\/lasnoticias\/#\/schema\/person\/657e7c20ff5297f317664d985712e8e8"},"breadcrumb":{"@id":"https:\/\/diarioabcdemichoacan.com.mx\/lasnoticias\/destaca-bedolla-avances-para-reanudar-exportaciones-de-aguacate-y-mango-a-eu\/#breadcrumb"},"inLanguage":"es","potentialAction":[{"@type":"ReadAction","target":["https:\/\/diarioabcdemichoacan.com.mx\/lasnoticias\/destaca-bedolla-avances-para-reanudar-exportaciones-de-aguacate-y-mango-a-eu\/"]}]},{"@type":"ImageObject","inLanguage":"es","@id":"https:\/\/diarioabcdemichoacan.com.mx\/lasnoticias\/destaca-bedolla-avances-para-reanudar-exportaciones-de-aguacate-y-mango-a-eu\/#primaryimage","url":"https:\/\/diarioabcdemichoacan.com.mx\/lasnoticias\/wp-content\/uploads\/2024\/06\/IMG-20240621-WA0056.jpg","contentUrl":"https:\/\/diarioabcdemichoacan.com.mx\/lasnoticias\/wp-content\/uploads\/2024\/06\/IMG-20240621-WA0056.jpg","width":1600,"height":1066},{"@type":"BreadcrumbList","@id":"https:\/\/diarioabcdemichoacan.com.mx\/lasnoticias\/destaca-bedolla-avances-para-reanudar-exportaciones-de-aguacate-y-mango-a-eu\/#breadcrumb","itemListElement":[{"@type":"ListItem","position":1,"name":"Portada","item":"https:\/\/diarioabcdemichoacan.com.mx\/lasnoticias\/"},{"@type":"ListItem","position":2,"name":"Destaca Bedolla avances para reanudar exportaciones de aguacate y mango a EU"}]},{"@type":"WebSite","@id":"https:\/\/diarioabcdemichoacan.com.mx\/lasnoticias\/#website","url":"https:\/\/diarioabcdemichoacan.com.mx\/lasnoticias\/","name":"Diario ABC de Michoac\u00e1n","description":"Las noticias al momento","potentialAction":[{"@type":"SearchAction","target":{"@type":"EntryPoint","urlTemplate":"https:\/\/diarioabcdemichoacan.com.mx\/lasnoticias\/?s={search_term_string}"},"query-input":{"@type":"PropertyValueSpecification","valueRequired":true,"valueName":"search_term_string"}}],"inLanguage":"es"},{"@type":"Person","@id":"https:\/\/diarioabcdemichoacan.com.mx\/lasnoticias\/#\/schema\/person\/657e7c20ff5297f317664d985712e8e8","name":"MD","image":{"@type":"ImageObject","inLanguage":"es","@id":"https:\/\/diarioabcdemichoacan.com.mx\/lasnoticias\/#\/schema\/person\/image\/","url":"https:\/\/secure.gravatar.com\/avatar\/a769375eedc94419a5b67bc5d63567af?s=96&d=mm&r=g","contentUrl":"https:\/\/secure.gravatar.com\/avatar\/a769375eedc94419a5b67bc5d63567af?s=96&d=mm&r=g","caption":"MD"},"url":"https:\/\/diarioabcdemichoacan.com.mx\/lasnoticias\/author\/merelydpa\/"}]}},"_links":{"self":[{"href":"https:\/\/diarioabcdemichoacan.com.mx\/lasnoticias\/wp-json\/wp\/v2\/posts\/12029","targetHints":{"allow":["GET"]}}],"collection":[{"href":"https:\/\/diarioabcdemichoacan.com.mx\/lasnoticias\/wp-json\/wp\/v2\/posts"}],"about":[{"href":"https:\/\/diarioabcdemichoacan.com.mx\/lasnoticias\/wp-json\/wp\/v2\/types\/post"}],"author":[{"embeddable":true,"href":"https:\/\/diarioabcdemichoacan.com.mx\/lasnoticias\/wp-json\/wp\/v2\/users\/8"}],"replies":[{"embeddable":true,"href":"https:\/\/diarioabcdemichoacan.com.mx\/lasnoticias\/wp-json\/wp\/v2\/comments?post=12029"}],"version-history":[{"count":1,"href":"https:\/\/diarioabcdemichoacan.com.mx\/lasnoticias\/wp-json\/wp\/v2\/posts\/12029\/revisions"}],"predecessor-version":[{"id":12031,"href":"https:\/\/diarioabcdemichoacan.com.mx\/lasnoticias\/wp-json\/wp\/v2\/posts\/12029\/revisions\/12031"}],"wp:featuredmedia":[{"embeddable":true,"href":"https:\/\/diarioabcdemichoacan.com.mx\/lasnoticias\/wp-json\/wp\/v2\/media\/12030"}],"wp:attachment":[{"href":"https:\/\/diarioabcdemichoacan.com.mx\/lasnoticias\/wp-json\/wp\/v2\/media?parent=12029"}],"wp:term":[{"taxonomy":"category","embeddable":true,"href":"https:\/\/diarioabcdemichoacan.com.mx\/lasnoticias\/wp-json\/wp\/v2\/categories?post=12029"},{"taxonomy":"post_tag","embeddable":true,"href":"https:\/\/diarioabcdemichoacan.com.mx\/lasnoticias\/wp-json\/wp\/v2\/tags?post=12029"}],"curies":[{"name":"wp","href":"https:\/\/api.w.org\/{rel}","templated":true}]}}