{"id":12323,"date":"2024-06-24T17:34:05","date_gmt":"2024-06-24T23:34:05","guid":{"rendered":"https:\/\/diarioabcdemichoacan.com.mx\/lasnoticias\/?p=12323"},"modified":"2024-06-24T17:34:05","modified_gmt":"2024-06-24T23:34:05","slug":"el-centro-administrativo-de-morelia-cam-sera-un-espacio-moderno-y-funcional-destaca-alfonso-martinez","status":"publish","type":"post","link":"https:\/\/diarioabcdemichoacan.com.mx\/lasnoticias\/el-centro-administrativo-de-morelia-cam-sera-un-espacio-moderno-y-funcional-destaca-alfonso-martinez\/","title":{"rendered":"El Centro Administrativo de Morelia CAM, ser\u00e1 un espacio moderno y funcional, destaca Alfonso Mart\u00ednez"},"content":{"rendered":"<h2>Supervisa Alcalde los \u00faltimos detalles<\/h2>\n<ul>\n<li>\u00a0El m\u00e1s grande a nivel nacional y el \u00fanico que se construye sin deuda<\/li>\n<\/ul>\n<h6>POR REDACCI\u00d3N, DIARIO ABC DE MICHOAC\u00c1N, 24 DE JUNIO DE 2024.<\/h6>\n<hr \/>\n<p>Morelia, Michoac\u00e1n; 24 de junio de 2024.- Muy pronto quedar\u00e1 listo el Centro Administrativo de Morelia, un espacio moderno y funcional que permitir\u00e1 a las y los morelianos realizar sus tr\u00e1mites, sin tener que cambiar de oficinas, anunci\u00f3 el Presidente Municipal, Alfonso Mart\u00ednez Alc\u00e1zar, durante un recorrido por este inmueble.<\/p>\n<p>Mediante una transmisi\u00f3n en vivo a trav\u00e9s de sus redes sociales, Alfonso Mart\u00ednez mostr\u00f3 parte de las oficinas en las que muy pronto se estar\u00e1 brindando atenci\u00f3n a la ciudadan\u00eda. Explic\u00f3 que los trabajos de adecuaci\u00f3n avanzan a buen ritmo, por lo que en algunos casos solamente falta la colocaci\u00f3n de muebles y detalles m\u00ednimos.<\/p>\n<p>Agreg\u00f3 que en las \u00e1reas comunes, habr\u00e1 jardineras y \u00e1rboles de gran tama\u00f1o para generar sombra a los trabajadores y usuarios, pues se pretende que sea un inmueble verde y amigable con el medio ambiente.<\/p>\n<p>Alfonso Mart\u00ednez inform\u00f3 que el CAM consta de 3 edificios con 3 niveles cada uno; asimismo, destac\u00f3 que es el m\u00e1s grande a nivel nacional y el \u00fanico que se construy\u00f3 sin la contrataci\u00f3n de deuda.<\/p>\n<p>El Alcalde, Alfonso Mart\u00ednez, coment\u00f3 que muy pronto comenzar\u00e1 a tener vida el Centro Administrativo de Morelia, ya que se pretende que el cambio de oficinas sea gradual hasta que la totalidad de las dependencias, que estar\u00e1n en el CAM, est\u00e9n listas para recibir a las y los morelianos.<\/p>\n","protected":false},"excerpt":{"rendered":"<p>Supervisa Alcalde los \u00faltimos detalles \u00a0El m\u00e1s grande a nivel nacional y el \u00fanico que se construye sin deuda POR REDACCI\u00d3N, DIARIO ABC DE MICHOAC\u00c1N, 24 DE JUNIO DE 2024. Morelia, Michoac\u00e1n; 24 de junio de 2024.- Muy pronto quedar\u00e1 listo el Centro Administrativo de Morelia, un espacio moderno y funcional que permitir\u00e1 a las [&hellip;]<\/p>\n","protected":false},"author":8,"featured_media":12324,"comment_status":"closed","ping_status":"closed","sticky":false,"template":"","format":"standard","meta":{"footnotes":""},"categories":[18,7,27],"tags":[],"class_list":{"0":"post-12323","1":"post","2":"type-post","3":"status-publish","4":"format-standard","5":"has-post-thumbnail","7":"category-ayuntamiento-de-morelia","8":"category-morelia","9":"category-slider"},"yoast_head":"<!-- This site is optimized with the Yoast SEO plugin v24.0 - https:\/\/yoast.com\/wordpress\/plugins\/seo\/ -->\n<title>El Centro Administrativo de Morelia CAM, ser\u00e1 un espacio moderno y funcional, destaca Alfonso Mart\u00ednez - Diario ABC de Michoac\u00e1n<\/title>\n<meta name=\"robots\" content=\"index, follow, max-snippet:-1, max-image-preview:large, max-video-preview:-1\" \/>\n<link rel=\"canonical\" href=\"https:\/\/diarioabcdemichoacan.com.mx\/lasnoticias\/el-centro-administrativo-de-morelia-cam-sera-un-espacio-moderno-y-funcional-destaca-alfonso-martinez\/\" \/>\n<meta property=\"og:locale\" content=\"es_ES\" \/>\n<meta property=\"og:type\" content=\"article\" \/>\n<meta property=\"og:title\" content=\"El Centro Administrativo de Morelia CAM, ser\u00e1 un espacio moderno y funcional, destaca Alfonso Mart\u00ednez - Diario ABC de Michoac\u00e1n\" \/>\n<meta property=\"og:description\" content=\"Supervisa Alcalde los \u00faltimos detalles \u00a0El m\u00e1s grande a nivel nacional y el \u00fanico que se construye sin deuda POR REDACCI\u00d3N, DIARIO ABC DE MICHOAC\u00c1N, 24 DE JUNIO DE 2024. Morelia, Michoac\u00e1n; 24 de junio de 2024.- Muy pronto quedar\u00e1 listo el Centro Administrativo de Morelia, un espacio moderno y funcional que permitir\u00e1 a las [&hellip;]\" \/>\n<meta property=\"og:url\" content=\"https:\/\/diarioabcdemichoacan.com.mx\/lasnoticias\/el-centro-administrativo-de-morelia-cam-sera-un-espacio-moderno-y-funcional-destaca-alfonso-martinez\/\" \/>\n<meta property=\"og:site_name\" content=\"Diario ABC de Michoac\u00e1n\" \/>\n<meta property=\"article:published_time\" content=\"2024-06-24T23:34:05+00:00\" \/>\n<meta property=\"og:image\" content=\"https:\/\/diarioabcdemichoacan.com.mx\/lasnoticias\/wp-content\/uploads\/2024\/06\/IMG-20240624-WA0025.jpg\" \/>\n\t<meta property=\"og:image:width\" content=\"1280\" \/>\n\t<meta property=\"og:image:height\" content=\"845\" \/>\n\t<meta property=\"og:image:type\" content=\"image\/jpeg\" \/>\n<meta name=\"author\" content=\"MD\" \/>\n<meta name=\"twitter:card\" content=\"summary_large_image\" \/>\n<meta name=\"twitter:label1\" content=\"Escrito por\" \/>\n\t<meta name=\"twitter:data1\" content=\"MD\" \/>\n\t<meta name=\"twitter:label2\" content=\"Tiempo de lectura\" \/>\n\t<meta name=\"twitter:data2\" content=\"2 minutos\" \/>\n<script type=\"application\/ld+json\" class=\"yoast-schema-graph\">{\"@context\":\"https:\/\/schema.org\",\"@graph\":[{\"@type\":\"WebPage\",\"@id\":\"https:\/\/diarioabcdemichoacan.com.mx\/lasnoticias\/el-centro-administrativo-de-morelia-cam-sera-un-espacio-moderno-y-funcional-destaca-alfonso-martinez\/\",\"url\":\"https:\/\/diarioabcdemichoacan.com.mx\/lasnoticias\/el-centro-administrativo-de-morelia-cam-sera-un-espacio-moderno-y-funcional-destaca-alfonso-martinez\/\",\"name\":\"El Centro Administrativo de Morelia CAM, ser\u00e1 un espacio moderno y funcional, destaca Alfonso Mart\u00ednez - Diario ABC de Michoac\u00e1n\",\"isPartOf\":{\"@id\":\"https:\/\/diarioabcdemichoacan.com.mx\/lasnoticias\/#website\"},\"primaryImageOfPage\":{\"@id\":\"https:\/\/diarioabcdemichoacan.com.mx\/lasnoticias\/el-centro-administrativo-de-morelia-cam-sera-un-espacio-moderno-y-funcional-destaca-alfonso-martinez\/#primaryimage\"},\"image\":{\"@id\":\"https:\/\/diarioabcdemichoacan.com.mx\/lasnoticias\/el-centro-administrativo-de-morelia-cam-sera-un-espacio-moderno-y-funcional-destaca-alfonso-martinez\/#primaryimage\"},\"thumbnailUrl\":\"https:\/\/diarioabcdemichoacan.com.mx\/lasnoticias\/wp-content\/uploads\/2024\/06\/IMG-20240624-WA0025.jpg\",\"datePublished\":\"2024-06-24T23:34:05+00:00\",\"dateModified\":\"2024-06-24T23:34:05+00:00\",\"author\":{\"@id\":\"https:\/\/diarioabcdemichoacan.com.mx\/lasnoticias\/#\/schema\/person\/657e7c20ff5297f317664d985712e8e8\"},\"breadcrumb\":{\"@id\":\"https:\/\/diarioabcdemichoacan.com.mx\/lasnoticias\/el-centro-administrativo-de-morelia-cam-sera-un-espacio-moderno-y-funcional-destaca-alfonso-martinez\/#breadcrumb\"},\"inLanguage\":\"es\",\"potentialAction\":[{\"@type\":\"ReadAction\",\"target\":[\"https:\/\/diarioabcdemichoacan.com.mx\/lasnoticias\/el-centro-administrativo-de-morelia-cam-sera-un-espacio-moderno-y-funcional-destaca-alfonso-martinez\/\"]}]},{\"@type\":\"ImageObject\",\"inLanguage\":\"es\",\"@id\":\"https:\/\/diarioabcdemichoacan.com.mx\/lasnoticias\/el-centro-administrativo-de-morelia-cam-sera-un-espacio-moderno-y-funcional-destaca-alfonso-martinez\/#primaryimage\",\"url\":\"https:\/\/diarioabcdemichoacan.com.mx\/lasnoticias\/wp-content\/uploads\/2024\/06\/IMG-20240624-WA0025.jpg\",\"contentUrl\":\"https:\/\/diarioabcdemichoacan.com.mx\/lasnoticias\/wp-content\/uploads\/2024\/06\/IMG-20240624-WA0025.jpg\",\"width\":1280,\"height\":845},{\"@type\":\"BreadcrumbList\",\"@id\":\"https:\/\/diarioabcdemichoacan.com.mx\/lasnoticias\/el-centro-administrativo-de-morelia-cam-sera-un-espacio-moderno-y-funcional-destaca-alfonso-martinez\/#breadcrumb\",\"itemListElement\":[{\"@type\":\"ListItem\",\"position\":1,\"name\":\"Portada\",\"item\":\"https:\/\/diarioabcdemichoacan.com.mx\/lasnoticias\/\"},{\"@type\":\"ListItem\",\"position\":2,\"name\":\"El Centro Administrativo de Morelia CAM, ser\u00e1 un espacio moderno y funcional, destaca Alfonso Mart\u00ednez\"}]},{\"@type\":\"WebSite\",\"@id\":\"https:\/\/diarioabcdemichoacan.com.mx\/lasnoticias\/#website\",\"url\":\"https:\/\/diarioabcdemichoacan.com.mx\/lasnoticias\/\",\"name\":\"Diario ABC de Michoac\u00e1n\",\"description\":\"Las noticias al momento\",\"potentialAction\":[{\"@type\":\"SearchAction\",\"target\":{\"@type\":\"EntryPoint\",\"urlTemplate\":\"https:\/\/diarioabcdemichoacan.com.mx\/lasnoticias\/?s={search_term_string}\"},\"query-input\":{\"@type\":\"PropertyValueSpecification\",\"valueRequired\":true,\"valueName\":\"search_term_string\"}}],\"inLanguage\":\"es\"},{\"@type\":\"Person\",\"@id\":\"https:\/\/diarioabcdemichoacan.com.mx\/lasnoticias\/#\/schema\/person\/657e7c20ff5297f317664d985712e8e8\",\"name\":\"MD\",\"image\":{\"@type\":\"ImageObject\",\"inLanguage\":\"es\",\"@id\":\"https:\/\/diarioabcdemichoacan.com.mx\/lasnoticias\/#\/schema\/person\/image\/\",\"url\":\"https:\/\/secure.gravatar.com\/avatar\/a769375eedc94419a5b67bc5d63567af?s=96&d=mm&r=g\",\"contentUrl\":\"https:\/\/secure.gravatar.com\/avatar\/a769375eedc94419a5b67bc5d63567af?s=96&d=mm&r=g\",\"caption\":\"MD\"},\"url\":\"https:\/\/diarioabcdemichoacan.com.mx\/lasnoticias\/author\/merelydpa\/\"}]}<\/script>\n<!-- \/ Yoast SEO plugin. -->","yoast_head_json":{"title":"El Centro Administrativo de Morelia CAM, ser\u00e1 un espacio moderno y funcional, destaca Alfonso Mart\u00ednez - Diario ABC de Michoac\u00e1n","robots":{"index":"index","follow":"follow","max-snippet":"max-snippet:-1","max-image-preview":"max-image-preview:large","max-video-preview":"max-video-preview:-1"},"canonical":"https:\/\/diarioabcdemichoacan.com.mx\/lasnoticias\/el-centro-administrativo-de-morelia-cam-sera-un-espacio-moderno-y-funcional-destaca-alfonso-martinez\/","og_locale":"es_ES","og_type":"article","og_title":"El Centro Administrativo de Morelia CAM, ser\u00e1 un espacio moderno y funcional, destaca Alfonso Mart\u00ednez - Diario ABC de Michoac\u00e1n","og_description":"Supervisa Alcalde los \u00faltimos detalles \u00a0El m\u00e1s grande a nivel nacional y el \u00fanico que se construye sin deuda POR REDACCI\u00d3N, DIARIO ABC DE MICHOAC\u00c1N, 24 DE JUNIO DE 2024. Morelia, Michoac\u00e1n; 24 de junio de 2024.- Muy pronto quedar\u00e1 listo el Centro Administrativo de Morelia, un espacio moderno y funcional que permitir\u00e1 a las [&hellip;]","og_url":"https:\/\/diarioabcdemichoacan.com.mx\/lasnoticias\/el-centro-administrativo-de-morelia-cam-sera-un-espacio-moderno-y-funcional-destaca-alfonso-martinez\/","og_site_name":"Diario ABC de Michoac\u00e1n","article_published_time":"2024-06-24T23:34:05+00:00","og_image":[{"width":1280,"height":845,"url":"https:\/\/diarioabcdemichoacan.com.mx\/lasnoticias\/wp-content\/uploads\/2024\/06\/IMG-20240624-WA0025.jpg","type":"image\/jpeg"}],"author":"MD","twitter_card":"summary_large_image","twitter_misc":{"Escrito por":"MD","Tiempo de lectura":"2 minutos"},"schema":{"@context":"https:\/\/schema.org","@graph":[{"@type":"WebPage","@id":"https:\/\/diarioabcdemichoacan.com.mx\/lasnoticias\/el-centro-administrativo-de-morelia-cam-sera-un-espacio-moderno-y-funcional-destaca-alfonso-martinez\/","url":"https:\/\/diarioabcdemichoacan.com.mx\/lasnoticias\/el-centro-administrativo-de-morelia-cam-sera-un-espacio-moderno-y-funcional-destaca-alfonso-martinez\/","name":"El Centro Administrativo de Morelia CAM, ser\u00e1 un espacio moderno y funcional, destaca Alfonso Mart\u00ednez - Diario ABC de Michoac\u00e1n","isPartOf":{"@id":"https:\/\/diarioabcdemichoacan.com.mx\/lasnoticias\/#website"},"primaryImageOfPage":{"@id":"https:\/\/diarioabcdemichoacan.com.mx\/lasnoticias\/el-centro-administrativo-de-morelia-cam-sera-un-espacio-moderno-y-funcional-destaca-alfonso-martinez\/#primaryimage"},"image":{"@id":"https:\/\/diarioabcdemichoacan.com.mx\/lasnoticias\/el-centro-administrativo-de-morelia-cam-sera-un-espacio-moderno-y-funcional-destaca-alfonso-martinez\/#primaryimage"},"thumbnailUrl":"https:\/\/diarioabcdemichoacan.com.mx\/lasnoticias\/wp-content\/uploads\/2024\/06\/IMG-20240624-WA0025.jpg","datePublished":"2024-06-24T23:34:05+00:00","dateModified":"2024-06-24T23:34:05+00:00","author":{"@id":"https:\/\/diarioabcdemichoacan.com.mx\/lasnoticias\/#\/schema\/person\/657e7c20ff5297f317664d985712e8e8"},"breadcrumb":{"@id":"https:\/\/diarioabcdemichoacan.com.mx\/lasnoticias\/el-centro-administrativo-de-morelia-cam-sera-un-espacio-moderno-y-funcional-destaca-alfonso-martinez\/#breadcrumb"},"inLanguage":"es","potentialAction":[{"@type":"ReadAction","target":["https:\/\/diarioabcdemichoacan.com.mx\/lasnoticias\/el-centro-administrativo-de-morelia-cam-sera-un-espacio-moderno-y-funcional-destaca-alfonso-martinez\/"]}]},{"@type":"ImageObject","inLanguage":"es","@id":"https:\/\/diarioabcdemichoacan.com.mx\/lasnoticias\/el-centro-administrativo-de-morelia-cam-sera-un-espacio-moderno-y-funcional-destaca-alfonso-martinez\/#primaryimage","url":"https:\/\/diarioabcdemichoacan.com.mx\/lasnoticias\/wp-content\/uploads\/2024\/06\/IMG-20240624-WA0025.jpg","contentUrl":"https:\/\/diarioabcdemichoacan.com.mx\/lasnoticias\/wp-content\/uploads\/2024\/06\/IMG-20240624-WA0025.jpg","width":1280,"height":845},{"@type":"BreadcrumbList","@id":"https:\/\/diarioabcdemichoacan.com.mx\/lasnoticias\/el-centro-administrativo-de-morelia-cam-sera-un-espacio-moderno-y-funcional-destaca-alfonso-martinez\/#breadcrumb","itemListElement":[{"@type":"ListItem","position":1,"name":"Portada","item":"https:\/\/diarioabcdemichoacan.com.mx\/lasnoticias\/"},{"@type":"ListItem","position":2,"name":"El Centro Administrativo de Morelia CAM, ser\u00e1 un espacio moderno y funcional, destaca Alfonso Mart\u00ednez"}]},{"@type":"WebSite","@id":"https:\/\/diarioabcdemichoacan.com.mx\/lasnoticias\/#website","url":"https:\/\/diarioabcdemichoacan.com.mx\/lasnoticias\/","name":"Diario ABC de Michoac\u00e1n","description":"Las noticias al momento","potentialAction":[{"@type":"SearchAction","target":{"@type":"EntryPoint","urlTemplate":"https:\/\/diarioabcdemichoacan.com.mx\/lasnoticias\/?s={search_term_string}"},"query-input":{"@type":"PropertyValueSpecification","valueRequired":true,"valueName":"search_term_string"}}],"inLanguage":"es"},{"@type":"Person","@id":"https:\/\/diarioabcdemichoacan.com.mx\/lasnoticias\/#\/schema\/person\/657e7c20ff5297f317664d985712e8e8","name":"MD","image":{"@type":"ImageObject","inLanguage":"es","@id":"https:\/\/diarioabcdemichoacan.com.mx\/lasnoticias\/#\/schema\/person\/image\/","url":"https:\/\/secure.gravatar.com\/avatar\/a769375eedc94419a5b67bc5d63567af?s=96&d=mm&r=g","contentUrl":"https:\/\/secure.gravatar.com\/avatar\/a769375eedc94419a5b67bc5d63567af?s=96&d=mm&r=g","caption":"MD"},"url":"https:\/\/diarioabcdemichoacan.com.mx\/lasnoticias\/author\/merelydpa\/"}]}},"_links":{"self":[{"href":"https:\/\/diarioabcdemichoacan.com.mx\/lasnoticias\/wp-json\/wp\/v2\/posts\/12323","targetHints":{"allow":["GET"]}}],"collection":[{"href":"https:\/\/diarioabcdemichoacan.com.mx\/lasnoticias\/wp-json\/wp\/v2\/posts"}],"about":[{"href":"https:\/\/diarioabcdemichoacan.com.mx\/lasnoticias\/wp-json\/wp\/v2\/types\/post"}],"author":[{"embeddable":true,"href":"https:\/\/diarioabcdemichoacan.com.mx\/lasnoticias\/wp-json\/wp\/v2\/users\/8"}],"replies":[{"embeddable":true,"href":"https:\/\/diarioabcdemichoacan.com.mx\/lasnoticias\/wp-json\/wp\/v2\/comments?post=12323"}],"version-history":[{"count":1,"href":"https:\/\/diarioabcdemichoacan.com.mx\/lasnoticias\/wp-json\/wp\/v2\/posts\/12323\/revisions"}],"predecessor-version":[{"id":12325,"href":"https:\/\/diarioabcdemichoacan.com.mx\/lasnoticias\/wp-json\/wp\/v2\/posts\/12323\/revisions\/12325"}],"wp:featuredmedia":[{"embeddable":true,"href":"https:\/\/diarioabcdemichoacan.com.mx\/lasnoticias\/wp-json\/wp\/v2\/media\/12324"}],"wp:attachment":[{"href":"https:\/\/diarioabcdemichoacan.com.mx\/lasnoticias\/wp-json\/wp\/v2\/media?parent=12323"}],"wp:term":[{"taxonomy":"category","embeddable":true,"href":"https:\/\/diarioabcdemichoacan.com.mx\/lasnoticias\/wp-json\/wp\/v2\/categories?post=12323"},{"taxonomy":"post_tag","embeddable":true,"href":"https:\/\/diarioabcdemichoacan.com.mx\/lasnoticias\/wp-json\/wp\/v2\/tags?post=12323"}],"curies":[{"name":"wp","href":"https:\/\/api.w.org\/{rel}","templated":true}]}}