{"id":13229,"date":"2024-06-30T14:45:21","date_gmt":"2024-06-30T20:45:21","guid":{"rendered":"https:\/\/diarioabcdemichoacan.com.mx\/lasnoticias\/?p=13229"},"modified":"2024-06-30T14:45:21","modified_gmt":"2024-06-30T20:45:21","slug":"designa-bedolla-a-martha-rendon-como-titular-de-la-cofom","status":"publish","type":"post","link":"https:\/\/diarioabcdemichoacan.com.mx\/lasnoticias\/designa-bedolla-a-martha-rendon-como-titular-de-la-cofom\/","title":{"rendered":"Designa Bedolla a Martha Rend\u00f3n como titular de la Cofom"},"content":{"rendered":"<h3>Rend\u00f3n L\u00f3pez recibi\u00f3 la instrucci\u00f3n de enfocarse de forma inmediata en los trabajos relacionados con la reforestaci\u00f3n en todo el estado.<\/h3>\n<h6>POR REDACCI\u00d3N, DIARIO ABC DE MICHOAC\u00c1N, 30 DE JUNIO DE 2024.<\/h6>\n<hr \/>\n<p>Morelia, Michoac\u00e1n, 30 de junio de 2024.-* El gobernador Alfredo Ram\u00edrez Bedolla design\u00f3 a Martha Rend\u00f3n L\u00f3pez como titular de la Comisi\u00f3n Forestal de Michoac\u00e1n (Cofom) en sustituci\u00f3n de Rosendo Antonio Caro G\u00f3mez.<\/p>\n<p>Rend\u00f3n L\u00f3pez recibi\u00f3 la instrucci\u00f3n de enfocarse de forma inmediata en los trabajos relacionados con la reforestaci\u00f3n en todo el estado, as\u00ed como involucrarse en las acciones multidisciplinarias de combate a la sequ\u00eda que lleva a cabo la administraci\u00f3n estatal.<\/p>\n<p>Ram\u00edrez Bedolla expres\u00f3 su confianza en que la ambientalista har\u00e1 todo su esfuerzo para concretar una reforestaci\u00f3n estatal exitosa, a la altura de las necesidades y circunstancias por las que atraviesa Michoac\u00e1n.<\/p>\n<p>La titular de la Cofom es doctora en Tecnolog\u00eda, Administraci\u00f3n y Gesti\u00f3n del Agua por la Universidad de Murcia, Espa\u00f1a; maestra en Limnolog\u00eda por la Universidad de Baylor, Texas, Estados Unidos y licenciada en Biolog\u00eda por la Universidad Michoacana de San Nicol\u00e1s de Hidalgo UMSNH.<\/p>\n<p>Fungi\u00f3 como coordinadora general del Programa Institucional de Ingenier\u00eda Ambiental en la UMSNH, trabaj\u00f3 como coordinadora Nacional de la Organizaci\u00f3n de las Naciones Unidas para la Alimentaci\u00f3n y la Agricultura (FAO), en materia de Ordenamiento, Consultor\u00eda, Presas, Manejo y Desarrollo de Planes de Manejo, adem\u00e1s, labor\u00f3 como secretaria Acad\u00e9mica del Instituto de Investigaciones sobre los Recursos Naturales.<\/p>\n<p>El gobernador agradeci\u00f3 el trabajo que realiz\u00f3 Caro G\u00f3mez al frente de la Cofom, al desarrollar acciones y programas para fortalecer, restaurar y cuidar los bosques de la entidad.<\/p>\n","protected":false},"excerpt":{"rendered":"<p>Rend\u00f3n L\u00f3pez recibi\u00f3 la instrucci\u00f3n de enfocarse de forma inmediata en los trabajos relacionados con la reforestaci\u00f3n en todo el estado. POR REDACCI\u00d3N, DIARIO ABC DE MICHOAC\u00c1N, 30 DE JUNIO DE 2024. Morelia, Michoac\u00e1n, 30 de junio de 2024.-* El gobernador Alfredo Ram\u00edrez Bedolla design\u00f3 a Martha Rend\u00f3n L\u00f3pez como titular de la Comisi\u00f3n Forestal [&hellip;]<\/p>\n","protected":false},"author":8,"featured_media":13230,"comment_status":"closed","ping_status":"closed","sticky":false,"template":"","format":"standard","meta":{"footnotes":""},"categories":[10,17,27],"tags":[],"class_list":{"0":"post-13229","1":"post","2":"type-post","3":"status-publish","4":"format-standard","5":"has-post-thumbnail","7":"category-estado","8":"category-gobierno-de-michoacan","9":"category-slider"},"yoast_head":"<!-- This site is optimized with the Yoast SEO plugin v24.0 - https:\/\/yoast.com\/wordpress\/plugins\/seo\/ -->\n<title>Designa Bedolla a Martha Rend\u00f3n como titular de la Cofom - Diario ABC de Michoac\u00e1n<\/title>\n<meta name=\"robots\" content=\"index, follow, max-snippet:-1, max-image-preview:large, max-video-preview:-1\" \/>\n<link rel=\"canonical\" href=\"https:\/\/diarioabcdemichoacan.com.mx\/lasnoticias\/designa-bedolla-a-martha-rendon-como-titular-de-la-cofom\/\" \/>\n<meta property=\"og:locale\" content=\"es_ES\" \/>\n<meta property=\"og:type\" content=\"article\" \/>\n<meta property=\"og:title\" content=\"Designa Bedolla a Martha Rend\u00f3n como titular de la Cofom - Diario ABC de Michoac\u00e1n\" \/>\n<meta property=\"og:description\" content=\"Rend\u00f3n L\u00f3pez recibi\u00f3 la instrucci\u00f3n de enfocarse de forma inmediata en los trabajos relacionados con la reforestaci\u00f3n en todo el estado. POR REDACCI\u00d3N, DIARIO ABC DE MICHOAC\u00c1N, 30 DE JUNIO DE 2024. Morelia, Michoac\u00e1n, 30 de junio de 2024.-* El gobernador Alfredo Ram\u00edrez Bedolla design\u00f3 a Martha Rend\u00f3n L\u00f3pez como titular de la Comisi\u00f3n Forestal [&hellip;]\" \/>\n<meta property=\"og:url\" content=\"https:\/\/diarioabcdemichoacan.com.mx\/lasnoticias\/designa-bedolla-a-martha-rendon-como-titular-de-la-cofom\/\" \/>\n<meta property=\"og:site_name\" content=\"Diario ABC de Michoac\u00e1n\" \/>\n<meta property=\"article:published_time\" content=\"2024-06-30T20:45:21+00:00\" \/>\n<meta property=\"og:image\" content=\"https:\/\/diarioabcdemichoacan.com.mx\/lasnoticias\/wp-content\/uploads\/2024\/06\/IMG-20240630-WA0102.jpg\" \/>\n\t<meta property=\"og:image:width\" content=\"1600\" \/>\n\t<meta property=\"og:image:height\" content=\"1066\" \/>\n\t<meta property=\"og:image:type\" content=\"image\/jpeg\" \/>\n<meta name=\"author\" content=\"MD\" \/>\n<meta name=\"twitter:card\" content=\"summary_large_image\" \/>\n<meta name=\"twitter:label1\" content=\"Escrito por\" \/>\n\t<meta name=\"twitter:data1\" content=\"MD\" \/>\n\t<meta name=\"twitter:label2\" content=\"Tiempo de lectura\" \/>\n\t<meta name=\"twitter:data2\" content=\"2 minutos\" \/>\n<script type=\"application\/ld+json\" class=\"yoast-schema-graph\">{\"@context\":\"https:\/\/schema.org\",\"@graph\":[{\"@type\":\"WebPage\",\"@id\":\"https:\/\/diarioabcdemichoacan.com.mx\/lasnoticias\/designa-bedolla-a-martha-rendon-como-titular-de-la-cofom\/\",\"url\":\"https:\/\/diarioabcdemichoacan.com.mx\/lasnoticias\/designa-bedolla-a-martha-rendon-como-titular-de-la-cofom\/\",\"name\":\"Designa Bedolla a Martha Rend\u00f3n como titular de la Cofom - Diario ABC de Michoac\u00e1n\",\"isPartOf\":{\"@id\":\"https:\/\/diarioabcdemichoacan.com.mx\/lasnoticias\/#website\"},\"primaryImageOfPage\":{\"@id\":\"https:\/\/diarioabcdemichoacan.com.mx\/lasnoticias\/designa-bedolla-a-martha-rendon-como-titular-de-la-cofom\/#primaryimage\"},\"image\":{\"@id\":\"https:\/\/diarioabcdemichoacan.com.mx\/lasnoticias\/designa-bedolla-a-martha-rendon-como-titular-de-la-cofom\/#primaryimage\"},\"thumbnailUrl\":\"https:\/\/diarioabcdemichoacan.com.mx\/lasnoticias\/wp-content\/uploads\/2024\/06\/IMG-20240630-WA0102.jpg\",\"datePublished\":\"2024-06-30T20:45:21+00:00\",\"dateModified\":\"2024-06-30T20:45:21+00:00\",\"author\":{\"@id\":\"https:\/\/diarioabcdemichoacan.com.mx\/lasnoticias\/#\/schema\/person\/657e7c20ff5297f317664d985712e8e8\"},\"breadcrumb\":{\"@id\":\"https:\/\/diarioabcdemichoacan.com.mx\/lasnoticias\/designa-bedolla-a-martha-rendon-como-titular-de-la-cofom\/#breadcrumb\"},\"inLanguage\":\"es\",\"potentialAction\":[{\"@type\":\"ReadAction\",\"target\":[\"https:\/\/diarioabcdemichoacan.com.mx\/lasnoticias\/designa-bedolla-a-martha-rendon-como-titular-de-la-cofom\/\"]}]},{\"@type\":\"ImageObject\",\"inLanguage\":\"es\",\"@id\":\"https:\/\/diarioabcdemichoacan.com.mx\/lasnoticias\/designa-bedolla-a-martha-rendon-como-titular-de-la-cofom\/#primaryimage\",\"url\":\"https:\/\/diarioabcdemichoacan.com.mx\/lasnoticias\/wp-content\/uploads\/2024\/06\/IMG-20240630-WA0102.jpg\",\"contentUrl\":\"https:\/\/diarioabcdemichoacan.com.mx\/lasnoticias\/wp-content\/uploads\/2024\/06\/IMG-20240630-WA0102.jpg\",\"width\":1600,\"height\":1066},{\"@type\":\"BreadcrumbList\",\"@id\":\"https:\/\/diarioabcdemichoacan.com.mx\/lasnoticias\/designa-bedolla-a-martha-rendon-como-titular-de-la-cofom\/#breadcrumb\",\"itemListElement\":[{\"@type\":\"ListItem\",\"position\":1,\"name\":\"Portada\",\"item\":\"https:\/\/diarioabcdemichoacan.com.mx\/lasnoticias\/\"},{\"@type\":\"ListItem\",\"position\":2,\"name\":\"Designa Bedolla a Martha Rend\u00f3n como titular de la Cofom\"}]},{\"@type\":\"WebSite\",\"@id\":\"https:\/\/diarioabcdemichoacan.com.mx\/lasnoticias\/#website\",\"url\":\"https:\/\/diarioabcdemichoacan.com.mx\/lasnoticias\/\",\"name\":\"Diario ABC de Michoac\u00e1n\",\"description\":\"Las noticias al momento\",\"potentialAction\":[{\"@type\":\"SearchAction\",\"target\":{\"@type\":\"EntryPoint\",\"urlTemplate\":\"https:\/\/diarioabcdemichoacan.com.mx\/lasnoticias\/?s={search_term_string}\"},\"query-input\":{\"@type\":\"PropertyValueSpecification\",\"valueRequired\":true,\"valueName\":\"search_term_string\"}}],\"inLanguage\":\"es\"},{\"@type\":\"Person\",\"@id\":\"https:\/\/diarioabcdemichoacan.com.mx\/lasnoticias\/#\/schema\/person\/657e7c20ff5297f317664d985712e8e8\",\"name\":\"MD\",\"image\":{\"@type\":\"ImageObject\",\"inLanguage\":\"es\",\"@id\":\"https:\/\/diarioabcdemichoacan.com.mx\/lasnoticias\/#\/schema\/person\/image\/\",\"url\":\"https:\/\/secure.gravatar.com\/avatar\/a769375eedc94419a5b67bc5d63567af?s=96&d=mm&r=g\",\"contentUrl\":\"https:\/\/secure.gravatar.com\/avatar\/a769375eedc94419a5b67bc5d63567af?s=96&d=mm&r=g\",\"caption\":\"MD\"},\"url\":\"https:\/\/diarioabcdemichoacan.com.mx\/lasnoticias\/author\/merelydpa\/\"}]}<\/script>\n<!-- \/ Yoast SEO plugin. -->","yoast_head_json":{"title":"Designa Bedolla a Martha Rend\u00f3n como titular de la Cofom - Diario ABC de Michoac\u00e1n","robots":{"index":"index","follow":"follow","max-snippet":"max-snippet:-1","max-image-preview":"max-image-preview:large","max-video-preview":"max-video-preview:-1"},"canonical":"https:\/\/diarioabcdemichoacan.com.mx\/lasnoticias\/designa-bedolla-a-martha-rendon-como-titular-de-la-cofom\/","og_locale":"es_ES","og_type":"article","og_title":"Designa Bedolla a Martha Rend\u00f3n como titular de la Cofom - Diario ABC de Michoac\u00e1n","og_description":"Rend\u00f3n L\u00f3pez recibi\u00f3 la instrucci\u00f3n de enfocarse de forma inmediata en los trabajos relacionados con la reforestaci\u00f3n en todo el estado. POR REDACCI\u00d3N, DIARIO ABC DE MICHOAC\u00c1N, 30 DE JUNIO DE 2024. Morelia, Michoac\u00e1n, 30 de junio de 2024.-* El gobernador Alfredo Ram\u00edrez Bedolla design\u00f3 a Martha Rend\u00f3n L\u00f3pez como titular de la Comisi\u00f3n Forestal [&hellip;]","og_url":"https:\/\/diarioabcdemichoacan.com.mx\/lasnoticias\/designa-bedolla-a-martha-rendon-como-titular-de-la-cofom\/","og_site_name":"Diario ABC de Michoac\u00e1n","article_published_time":"2024-06-30T20:45:21+00:00","og_image":[{"width":1600,"height":1066,"url":"https:\/\/diarioabcdemichoacan.com.mx\/lasnoticias\/wp-content\/uploads\/2024\/06\/IMG-20240630-WA0102.jpg","type":"image\/jpeg"}],"author":"MD","twitter_card":"summary_large_image","twitter_misc":{"Escrito por":"MD","Tiempo de lectura":"2 minutos"},"schema":{"@context":"https:\/\/schema.org","@graph":[{"@type":"WebPage","@id":"https:\/\/diarioabcdemichoacan.com.mx\/lasnoticias\/designa-bedolla-a-martha-rendon-como-titular-de-la-cofom\/","url":"https:\/\/diarioabcdemichoacan.com.mx\/lasnoticias\/designa-bedolla-a-martha-rendon-como-titular-de-la-cofom\/","name":"Designa Bedolla a Martha Rend\u00f3n como titular de la Cofom - Diario ABC de Michoac\u00e1n","isPartOf":{"@id":"https:\/\/diarioabcdemichoacan.com.mx\/lasnoticias\/#website"},"primaryImageOfPage":{"@id":"https:\/\/diarioabcdemichoacan.com.mx\/lasnoticias\/designa-bedolla-a-martha-rendon-como-titular-de-la-cofom\/#primaryimage"},"image":{"@id":"https:\/\/diarioabcdemichoacan.com.mx\/lasnoticias\/designa-bedolla-a-martha-rendon-como-titular-de-la-cofom\/#primaryimage"},"thumbnailUrl":"https:\/\/diarioabcdemichoacan.com.mx\/lasnoticias\/wp-content\/uploads\/2024\/06\/IMG-20240630-WA0102.jpg","datePublished":"2024-06-30T20:45:21+00:00","dateModified":"2024-06-30T20:45:21+00:00","author":{"@id":"https:\/\/diarioabcdemichoacan.com.mx\/lasnoticias\/#\/schema\/person\/657e7c20ff5297f317664d985712e8e8"},"breadcrumb":{"@id":"https:\/\/diarioabcdemichoacan.com.mx\/lasnoticias\/designa-bedolla-a-martha-rendon-como-titular-de-la-cofom\/#breadcrumb"},"inLanguage":"es","potentialAction":[{"@type":"ReadAction","target":["https:\/\/diarioabcdemichoacan.com.mx\/lasnoticias\/designa-bedolla-a-martha-rendon-como-titular-de-la-cofom\/"]}]},{"@type":"ImageObject","inLanguage":"es","@id":"https:\/\/diarioabcdemichoacan.com.mx\/lasnoticias\/designa-bedolla-a-martha-rendon-como-titular-de-la-cofom\/#primaryimage","url":"https:\/\/diarioabcdemichoacan.com.mx\/lasnoticias\/wp-content\/uploads\/2024\/06\/IMG-20240630-WA0102.jpg","contentUrl":"https:\/\/diarioabcdemichoacan.com.mx\/lasnoticias\/wp-content\/uploads\/2024\/06\/IMG-20240630-WA0102.jpg","width":1600,"height":1066},{"@type":"BreadcrumbList","@id":"https:\/\/diarioabcdemichoacan.com.mx\/lasnoticias\/designa-bedolla-a-martha-rendon-como-titular-de-la-cofom\/#breadcrumb","itemListElement":[{"@type":"ListItem","position":1,"name":"Portada","item":"https:\/\/diarioabcdemichoacan.com.mx\/lasnoticias\/"},{"@type":"ListItem","position":2,"name":"Designa Bedolla a Martha Rend\u00f3n como titular de la Cofom"}]},{"@type":"WebSite","@id":"https:\/\/diarioabcdemichoacan.com.mx\/lasnoticias\/#website","url":"https:\/\/diarioabcdemichoacan.com.mx\/lasnoticias\/","name":"Diario ABC de Michoac\u00e1n","description":"Las noticias al momento","potentialAction":[{"@type":"SearchAction","target":{"@type":"EntryPoint","urlTemplate":"https:\/\/diarioabcdemichoacan.com.mx\/lasnoticias\/?s={search_term_string}"},"query-input":{"@type":"PropertyValueSpecification","valueRequired":true,"valueName":"search_term_string"}}],"inLanguage":"es"},{"@type":"Person","@id":"https:\/\/diarioabcdemichoacan.com.mx\/lasnoticias\/#\/schema\/person\/657e7c20ff5297f317664d985712e8e8","name":"MD","image":{"@type":"ImageObject","inLanguage":"es","@id":"https:\/\/diarioabcdemichoacan.com.mx\/lasnoticias\/#\/schema\/person\/image\/","url":"https:\/\/secure.gravatar.com\/avatar\/a769375eedc94419a5b67bc5d63567af?s=96&d=mm&r=g","contentUrl":"https:\/\/secure.gravatar.com\/avatar\/a769375eedc94419a5b67bc5d63567af?s=96&d=mm&r=g","caption":"MD"},"url":"https:\/\/diarioabcdemichoacan.com.mx\/lasnoticias\/author\/merelydpa\/"}]}},"_links":{"self":[{"href":"https:\/\/diarioabcdemichoacan.com.mx\/lasnoticias\/wp-json\/wp\/v2\/posts\/13229","targetHints":{"allow":["GET"]}}],"collection":[{"href":"https:\/\/diarioabcdemichoacan.com.mx\/lasnoticias\/wp-json\/wp\/v2\/posts"}],"about":[{"href":"https:\/\/diarioabcdemichoacan.com.mx\/lasnoticias\/wp-json\/wp\/v2\/types\/post"}],"author":[{"embeddable":true,"href":"https:\/\/diarioabcdemichoacan.com.mx\/lasnoticias\/wp-json\/wp\/v2\/users\/8"}],"replies":[{"embeddable":true,"href":"https:\/\/diarioabcdemichoacan.com.mx\/lasnoticias\/wp-json\/wp\/v2\/comments?post=13229"}],"version-history":[{"count":1,"href":"https:\/\/diarioabcdemichoacan.com.mx\/lasnoticias\/wp-json\/wp\/v2\/posts\/13229\/revisions"}],"predecessor-version":[{"id":13231,"href":"https:\/\/diarioabcdemichoacan.com.mx\/lasnoticias\/wp-json\/wp\/v2\/posts\/13229\/revisions\/13231"}],"wp:featuredmedia":[{"embeddable":true,"href":"https:\/\/diarioabcdemichoacan.com.mx\/lasnoticias\/wp-json\/wp\/v2\/media\/13230"}],"wp:attachment":[{"href":"https:\/\/diarioabcdemichoacan.com.mx\/lasnoticias\/wp-json\/wp\/v2\/media?parent=13229"}],"wp:term":[{"taxonomy":"category","embeddable":true,"href":"https:\/\/diarioabcdemichoacan.com.mx\/lasnoticias\/wp-json\/wp\/v2\/categories?post=13229"},{"taxonomy":"post_tag","embeddable":true,"href":"https:\/\/diarioabcdemichoacan.com.mx\/lasnoticias\/wp-json\/wp\/v2\/tags?post=13229"}],"curies":[{"name":"wp","href":"https:\/\/api.w.org\/{rel}","templated":true}]}}