{"id":13237,"date":"2024-06-30T14:58:40","date_gmt":"2024-06-30T20:58:40","guid":{"rendered":"https:\/\/diarioabcdemichoacan.com.mx\/lasnoticias\/?p=13237"},"modified":"2024-06-30T14:58:40","modified_gmt":"2024-06-30T20:58:40","slug":"patalean-los-priistas-que-piden-su-renuncia-asegura-guillermo-valencia","status":"publish","type":"post","link":"https:\/\/diarioabcdemichoacan.com.mx\/lasnoticias\/patalean-los-priistas-que-piden-su-renuncia-asegura-guillermo-valencia\/","title":{"rendered":"Patalean los priistas que piden su renuncia, asegura Guillermo Valencia"},"content":{"rendered":"<h2>\u200dEl l\u00edder priista se refiri\u00f3 a sus detractores al interior del partido, de qui\u00e9nes cuestion\u00f3 si ser\u00e1n los mil prisas que se fueron con Alfonso Mart\u00ednez.<\/h2>\n<h6>POR AM\u00c9RICA JU\u00c1REZ NAVARRO, DIARIO ABC DE MICHOAC\u00c1N, 30 DE JUNIO DE 2024.<\/h6>\n<hr \/>\n<p>Morelia, Mich.- \u00abEstamos limpiando al PRI\u00bb, afirm\u00f3 el dirigente estatal de esta fuerza pol\u00edtica, Guillermo Valencia Reyes, al referirse a la carta que se escribi\u00f3 por parte de algunos militantes para exigir su renuncia de la dirigencia estatal.<\/p>\n<p>El l\u00edder priista se refiri\u00f3 a sus detractores al interior del partido, de qui\u00e9nes cuestion\u00f3 si ser\u00e1n los mil prisas que se fueron con Alfonso Mart\u00ednez, pidi\u00f3 dar su \u00abjusta\u00bb dimensi\u00f3n ya que dijo que quienes firmaron se exhiben como lo que son, \u00abyo aqu\u00ed seguir\u00e9 les guste o no a algunos, porque son muchos mas los que reconocen el trabajo que hicimos lograr mantener la votaci\u00f3n, a diferencia de otros partidos\u00bb, a\u00f1adi\u00f3.<\/p>\n<p>Dijo que lamenta mucho que quienes tuvieron algunos privilegios durante muchos a\u00f1os, y que ahora ya los perdieron, sean quienes est\u00e1n hablando al sostener que se trata de un \u00abpataleo y es parte de la limpieza del PRI\u00bb.<\/p>\n<p>Se\u00f1al\u00f3 que no les van a dar el gusto que se vayan como v\u00edctimas, al sostener que \u00abno les van a engordar el caldo\u00bb, ya que buscan atenci\u00f3n, \u00abno se las voy a dar porque no no la merecen, hay que ponerlos en su justa dimensi\u00f3n\u00bb, expuso.<\/p>\n<p>Afirm\u00f3 que no conoce el documento porque est\u00e1 ocupado en otras cosas m\u00e1s importantes que hace. \u00abLe voy a dar una hojeada voy a ver qu\u00e9 dice, he le\u00eddo algunas publicaciones de los medios de comunicaci\u00f3n, pero no he podido y he tenido cosas m\u00e1s importantes que hacer que leer ese documento y le voy a dar una hojeada y el martes te diga y checo cu\u00e1ntos son y cu\u00e1ntos est\u00e1n afiliados y cu\u00e1nto ya no\u00bb, manifest\u00f3.<\/p>\n<p>Reiter\u00f3 que su periodo es de 4 a\u00f1os y los va a cumplir, por lo tanto no hay forma de que el presidente nacional lo quite porque incluso aunque lo hiciera acudir\u00eda ante los tribunales, por lo que insisti\u00f3 en que no existe manera de que \u00e9l deje la dirigencia estatal.<\/p>\n","protected":false},"excerpt":{"rendered":"<p>\u200dEl l\u00edder priista se refiri\u00f3 a sus detractores al interior del partido, de qui\u00e9nes cuestion\u00f3 si ser\u00e1n los mil prisas que se fueron con Alfonso Mart\u00ednez. POR AM\u00c9RICA JU\u00c1REZ NAVARRO, DIARIO ABC DE MICHOAC\u00c1N, 30 DE JUNIO DE 2024. Morelia, Mich.- \u00abEstamos limpiando al PRI\u00bb, afirm\u00f3 el dirigente estatal de esta fuerza pol\u00edtica, Guillermo Valencia [&hellip;]<\/p>\n","protected":false},"author":8,"featured_media":13238,"comment_status":"closed","ping_status":"closed","sticky":false,"template":"","format":"standard","meta":{"footnotes":""},"categories":[28,27],"tags":[],"class_list":{"0":"post-13237","1":"post","2":"type-post","3":"status-publish","4":"format-standard","5":"has-post-thumbnail","7":"category-politica","8":"category-slider"},"yoast_head":"<!-- This site is optimized with the Yoast SEO plugin v24.0 - https:\/\/yoast.com\/wordpress\/plugins\/seo\/ -->\n<title>Patalean los priistas que piden su renuncia, asegura Guillermo Valencia - Diario ABC de Michoac\u00e1n<\/title>\n<meta name=\"robots\" content=\"index, follow, max-snippet:-1, max-image-preview:large, max-video-preview:-1\" \/>\n<link rel=\"canonical\" href=\"https:\/\/diarioabcdemichoacan.com.mx\/lasnoticias\/patalean-los-priistas-que-piden-su-renuncia-asegura-guillermo-valencia\/\" \/>\n<meta property=\"og:locale\" content=\"es_ES\" \/>\n<meta property=\"og:type\" content=\"article\" \/>\n<meta property=\"og:title\" content=\"Patalean los priistas que piden su renuncia, asegura Guillermo Valencia - Diario ABC de Michoac\u00e1n\" \/>\n<meta property=\"og:description\" content=\"\u200dEl l\u00edder priista se refiri\u00f3 a sus detractores al interior del partido, de qui\u00e9nes cuestion\u00f3 si ser\u00e1n los mil prisas que se fueron con Alfonso Mart\u00ednez. POR AM\u00c9RICA JU\u00c1REZ NAVARRO, DIARIO ABC DE MICHOAC\u00c1N, 30 DE JUNIO DE 2024. Morelia, Mich.- \u00abEstamos limpiando al PRI\u00bb, afirm\u00f3 el dirigente estatal de esta fuerza pol\u00edtica, Guillermo Valencia [&hellip;]\" \/>\n<meta property=\"og:url\" content=\"https:\/\/diarioabcdemichoacan.com.mx\/lasnoticias\/patalean-los-priistas-que-piden-su-renuncia-asegura-guillermo-valencia\/\" \/>\n<meta property=\"og:site_name\" content=\"Diario ABC de Michoac\u00e1n\" \/>\n<meta property=\"article:published_time\" content=\"2024-06-30T20:58:40+00:00\" \/>\n<meta property=\"og:image\" content=\"https:\/\/diarioabcdemichoacan.com.mx\/lasnoticias\/wp-content\/uploads\/2024\/06\/Screenshot_20240312-165552-269-1.png\" \/>\n\t<meta property=\"og:image:width\" content=\"1080\" \/>\n\t<meta property=\"og:image:height\" content=\"804\" \/>\n\t<meta property=\"og:image:type\" content=\"image\/png\" \/>\n<meta name=\"author\" content=\"MD\" \/>\n<meta name=\"twitter:card\" content=\"summary_large_image\" \/>\n<meta name=\"twitter:label1\" content=\"Escrito por\" \/>\n\t<meta name=\"twitter:data1\" content=\"MD\" \/>\n\t<meta name=\"twitter:label2\" content=\"Tiempo de lectura\" \/>\n\t<meta name=\"twitter:data2\" content=\"2 minutos\" \/>\n<script type=\"application\/ld+json\" class=\"yoast-schema-graph\">{\"@context\":\"https:\/\/schema.org\",\"@graph\":[{\"@type\":\"WebPage\",\"@id\":\"https:\/\/diarioabcdemichoacan.com.mx\/lasnoticias\/patalean-los-priistas-que-piden-su-renuncia-asegura-guillermo-valencia\/\",\"url\":\"https:\/\/diarioabcdemichoacan.com.mx\/lasnoticias\/patalean-los-priistas-que-piden-su-renuncia-asegura-guillermo-valencia\/\",\"name\":\"Patalean los priistas que piden su renuncia, asegura Guillermo Valencia - Diario ABC de Michoac\u00e1n\",\"isPartOf\":{\"@id\":\"https:\/\/diarioabcdemichoacan.com.mx\/lasnoticias\/#website\"},\"primaryImageOfPage\":{\"@id\":\"https:\/\/diarioabcdemichoacan.com.mx\/lasnoticias\/patalean-los-priistas-que-piden-su-renuncia-asegura-guillermo-valencia\/#primaryimage\"},\"image\":{\"@id\":\"https:\/\/diarioabcdemichoacan.com.mx\/lasnoticias\/patalean-los-priistas-que-piden-su-renuncia-asegura-guillermo-valencia\/#primaryimage\"},\"thumbnailUrl\":\"https:\/\/diarioabcdemichoacan.com.mx\/lasnoticias\/wp-content\/uploads\/2024\/06\/Screenshot_20240312-165552-269-1.png\",\"datePublished\":\"2024-06-30T20:58:40+00:00\",\"dateModified\":\"2024-06-30T20:58:40+00:00\",\"author\":{\"@id\":\"https:\/\/diarioabcdemichoacan.com.mx\/lasnoticias\/#\/schema\/person\/657e7c20ff5297f317664d985712e8e8\"},\"breadcrumb\":{\"@id\":\"https:\/\/diarioabcdemichoacan.com.mx\/lasnoticias\/patalean-los-priistas-que-piden-su-renuncia-asegura-guillermo-valencia\/#breadcrumb\"},\"inLanguage\":\"es\",\"potentialAction\":[{\"@type\":\"ReadAction\",\"target\":[\"https:\/\/diarioabcdemichoacan.com.mx\/lasnoticias\/patalean-los-priistas-que-piden-su-renuncia-asegura-guillermo-valencia\/\"]}]},{\"@type\":\"ImageObject\",\"inLanguage\":\"es\",\"@id\":\"https:\/\/diarioabcdemichoacan.com.mx\/lasnoticias\/patalean-los-priistas-que-piden-su-renuncia-asegura-guillermo-valencia\/#primaryimage\",\"url\":\"https:\/\/diarioabcdemichoacan.com.mx\/lasnoticias\/wp-content\/uploads\/2024\/06\/Screenshot_20240312-165552-269-1.png\",\"contentUrl\":\"https:\/\/diarioabcdemichoacan.com.mx\/lasnoticias\/wp-content\/uploads\/2024\/06\/Screenshot_20240312-165552-269-1.png\",\"width\":1080,\"height\":804},{\"@type\":\"BreadcrumbList\",\"@id\":\"https:\/\/diarioabcdemichoacan.com.mx\/lasnoticias\/patalean-los-priistas-que-piden-su-renuncia-asegura-guillermo-valencia\/#breadcrumb\",\"itemListElement\":[{\"@type\":\"ListItem\",\"position\":1,\"name\":\"Portada\",\"item\":\"https:\/\/diarioabcdemichoacan.com.mx\/lasnoticias\/\"},{\"@type\":\"ListItem\",\"position\":2,\"name\":\"Patalean los priistas que piden su renuncia, asegura Guillermo Valencia\"}]},{\"@type\":\"WebSite\",\"@id\":\"https:\/\/diarioabcdemichoacan.com.mx\/lasnoticias\/#website\",\"url\":\"https:\/\/diarioabcdemichoacan.com.mx\/lasnoticias\/\",\"name\":\"Diario ABC de Michoac\u00e1n\",\"description\":\"Las noticias al momento\",\"potentialAction\":[{\"@type\":\"SearchAction\",\"target\":{\"@type\":\"EntryPoint\",\"urlTemplate\":\"https:\/\/diarioabcdemichoacan.com.mx\/lasnoticias\/?s={search_term_string}\"},\"query-input\":{\"@type\":\"PropertyValueSpecification\",\"valueRequired\":true,\"valueName\":\"search_term_string\"}}],\"inLanguage\":\"es\"},{\"@type\":\"Person\",\"@id\":\"https:\/\/diarioabcdemichoacan.com.mx\/lasnoticias\/#\/schema\/person\/657e7c20ff5297f317664d985712e8e8\",\"name\":\"MD\",\"image\":{\"@type\":\"ImageObject\",\"inLanguage\":\"es\",\"@id\":\"https:\/\/diarioabcdemichoacan.com.mx\/lasnoticias\/#\/schema\/person\/image\/\",\"url\":\"https:\/\/secure.gravatar.com\/avatar\/a769375eedc94419a5b67bc5d63567af?s=96&d=mm&r=g\",\"contentUrl\":\"https:\/\/secure.gravatar.com\/avatar\/a769375eedc94419a5b67bc5d63567af?s=96&d=mm&r=g\",\"caption\":\"MD\"},\"url\":\"https:\/\/diarioabcdemichoacan.com.mx\/lasnoticias\/author\/merelydpa\/\"}]}<\/script>\n<!-- \/ Yoast SEO plugin. -->","yoast_head_json":{"title":"Patalean los priistas que piden su renuncia, asegura Guillermo Valencia - Diario ABC de Michoac\u00e1n","robots":{"index":"index","follow":"follow","max-snippet":"max-snippet:-1","max-image-preview":"max-image-preview:large","max-video-preview":"max-video-preview:-1"},"canonical":"https:\/\/diarioabcdemichoacan.com.mx\/lasnoticias\/patalean-los-priistas-que-piden-su-renuncia-asegura-guillermo-valencia\/","og_locale":"es_ES","og_type":"article","og_title":"Patalean los priistas que piden su renuncia, asegura Guillermo Valencia - Diario ABC de Michoac\u00e1n","og_description":"\u200dEl l\u00edder priista se refiri\u00f3 a sus detractores al interior del partido, de qui\u00e9nes cuestion\u00f3 si ser\u00e1n los mil prisas que se fueron con Alfonso Mart\u00ednez. POR AM\u00c9RICA JU\u00c1REZ NAVARRO, DIARIO ABC DE MICHOAC\u00c1N, 30 DE JUNIO DE 2024. Morelia, Mich.- \u00abEstamos limpiando al PRI\u00bb, afirm\u00f3 el dirigente estatal de esta fuerza pol\u00edtica, Guillermo Valencia [&hellip;]","og_url":"https:\/\/diarioabcdemichoacan.com.mx\/lasnoticias\/patalean-los-priistas-que-piden-su-renuncia-asegura-guillermo-valencia\/","og_site_name":"Diario ABC de Michoac\u00e1n","article_published_time":"2024-06-30T20:58:40+00:00","og_image":[{"width":1080,"height":804,"url":"https:\/\/diarioabcdemichoacan.com.mx\/lasnoticias\/wp-content\/uploads\/2024\/06\/Screenshot_20240312-165552-269-1.png","type":"image\/png"}],"author":"MD","twitter_card":"summary_large_image","twitter_misc":{"Escrito por":"MD","Tiempo de lectura":"2 minutos"},"schema":{"@context":"https:\/\/schema.org","@graph":[{"@type":"WebPage","@id":"https:\/\/diarioabcdemichoacan.com.mx\/lasnoticias\/patalean-los-priistas-que-piden-su-renuncia-asegura-guillermo-valencia\/","url":"https:\/\/diarioabcdemichoacan.com.mx\/lasnoticias\/patalean-los-priistas-que-piden-su-renuncia-asegura-guillermo-valencia\/","name":"Patalean los priistas que piden su renuncia, asegura Guillermo Valencia - Diario ABC de Michoac\u00e1n","isPartOf":{"@id":"https:\/\/diarioabcdemichoacan.com.mx\/lasnoticias\/#website"},"primaryImageOfPage":{"@id":"https:\/\/diarioabcdemichoacan.com.mx\/lasnoticias\/patalean-los-priistas-que-piden-su-renuncia-asegura-guillermo-valencia\/#primaryimage"},"image":{"@id":"https:\/\/diarioabcdemichoacan.com.mx\/lasnoticias\/patalean-los-priistas-que-piden-su-renuncia-asegura-guillermo-valencia\/#primaryimage"},"thumbnailUrl":"https:\/\/diarioabcdemichoacan.com.mx\/lasnoticias\/wp-content\/uploads\/2024\/06\/Screenshot_20240312-165552-269-1.png","datePublished":"2024-06-30T20:58:40+00:00","dateModified":"2024-06-30T20:58:40+00:00","author":{"@id":"https:\/\/diarioabcdemichoacan.com.mx\/lasnoticias\/#\/schema\/person\/657e7c20ff5297f317664d985712e8e8"},"breadcrumb":{"@id":"https:\/\/diarioabcdemichoacan.com.mx\/lasnoticias\/patalean-los-priistas-que-piden-su-renuncia-asegura-guillermo-valencia\/#breadcrumb"},"inLanguage":"es","potentialAction":[{"@type":"ReadAction","target":["https:\/\/diarioabcdemichoacan.com.mx\/lasnoticias\/patalean-los-priistas-que-piden-su-renuncia-asegura-guillermo-valencia\/"]}]},{"@type":"ImageObject","inLanguage":"es","@id":"https:\/\/diarioabcdemichoacan.com.mx\/lasnoticias\/patalean-los-priistas-que-piden-su-renuncia-asegura-guillermo-valencia\/#primaryimage","url":"https:\/\/diarioabcdemichoacan.com.mx\/lasnoticias\/wp-content\/uploads\/2024\/06\/Screenshot_20240312-165552-269-1.png","contentUrl":"https:\/\/diarioabcdemichoacan.com.mx\/lasnoticias\/wp-content\/uploads\/2024\/06\/Screenshot_20240312-165552-269-1.png","width":1080,"height":804},{"@type":"BreadcrumbList","@id":"https:\/\/diarioabcdemichoacan.com.mx\/lasnoticias\/patalean-los-priistas-que-piden-su-renuncia-asegura-guillermo-valencia\/#breadcrumb","itemListElement":[{"@type":"ListItem","position":1,"name":"Portada","item":"https:\/\/diarioabcdemichoacan.com.mx\/lasnoticias\/"},{"@type":"ListItem","position":2,"name":"Patalean los priistas que piden su renuncia, asegura Guillermo Valencia"}]},{"@type":"WebSite","@id":"https:\/\/diarioabcdemichoacan.com.mx\/lasnoticias\/#website","url":"https:\/\/diarioabcdemichoacan.com.mx\/lasnoticias\/","name":"Diario ABC de Michoac\u00e1n","description":"Las noticias al momento","potentialAction":[{"@type":"SearchAction","target":{"@type":"EntryPoint","urlTemplate":"https:\/\/diarioabcdemichoacan.com.mx\/lasnoticias\/?s={search_term_string}"},"query-input":{"@type":"PropertyValueSpecification","valueRequired":true,"valueName":"search_term_string"}}],"inLanguage":"es"},{"@type":"Person","@id":"https:\/\/diarioabcdemichoacan.com.mx\/lasnoticias\/#\/schema\/person\/657e7c20ff5297f317664d985712e8e8","name":"MD","image":{"@type":"ImageObject","inLanguage":"es","@id":"https:\/\/diarioabcdemichoacan.com.mx\/lasnoticias\/#\/schema\/person\/image\/","url":"https:\/\/secure.gravatar.com\/avatar\/a769375eedc94419a5b67bc5d63567af?s=96&d=mm&r=g","contentUrl":"https:\/\/secure.gravatar.com\/avatar\/a769375eedc94419a5b67bc5d63567af?s=96&d=mm&r=g","caption":"MD"},"url":"https:\/\/diarioabcdemichoacan.com.mx\/lasnoticias\/author\/merelydpa\/"}]}},"_links":{"self":[{"href":"https:\/\/diarioabcdemichoacan.com.mx\/lasnoticias\/wp-json\/wp\/v2\/posts\/13237","targetHints":{"allow":["GET"]}}],"collection":[{"href":"https:\/\/diarioabcdemichoacan.com.mx\/lasnoticias\/wp-json\/wp\/v2\/posts"}],"about":[{"href":"https:\/\/diarioabcdemichoacan.com.mx\/lasnoticias\/wp-json\/wp\/v2\/types\/post"}],"author":[{"embeddable":true,"href":"https:\/\/diarioabcdemichoacan.com.mx\/lasnoticias\/wp-json\/wp\/v2\/users\/8"}],"replies":[{"embeddable":true,"href":"https:\/\/diarioabcdemichoacan.com.mx\/lasnoticias\/wp-json\/wp\/v2\/comments?post=13237"}],"version-history":[{"count":1,"href":"https:\/\/diarioabcdemichoacan.com.mx\/lasnoticias\/wp-json\/wp\/v2\/posts\/13237\/revisions"}],"predecessor-version":[{"id":13239,"href":"https:\/\/diarioabcdemichoacan.com.mx\/lasnoticias\/wp-json\/wp\/v2\/posts\/13237\/revisions\/13239"}],"wp:featuredmedia":[{"embeddable":true,"href":"https:\/\/diarioabcdemichoacan.com.mx\/lasnoticias\/wp-json\/wp\/v2\/media\/13238"}],"wp:attachment":[{"href":"https:\/\/diarioabcdemichoacan.com.mx\/lasnoticias\/wp-json\/wp\/v2\/media?parent=13237"}],"wp:term":[{"taxonomy":"category","embeddable":true,"href":"https:\/\/diarioabcdemichoacan.com.mx\/lasnoticias\/wp-json\/wp\/v2\/categories?post=13237"},{"taxonomy":"post_tag","embeddable":true,"href":"https:\/\/diarioabcdemichoacan.com.mx\/lasnoticias\/wp-json\/wp\/v2\/tags?post=13237"}],"curies":[{"name":"wp","href":"https:\/\/api.w.org\/{rel}","templated":true}]}}