{"id":13251,"date":"2024-06-30T16:14:05","date_gmt":"2024-06-30T22:14:05","guid":{"rendered":"https:\/\/diarioabcdemichoacan.com.mx\/lasnoticias\/?p=13251"},"modified":"2024-06-30T16:14:05","modified_gmt":"2024-06-30T22:14:05","slug":"el-1-de-septiembre-inicia-nuestro-periodo-de-gobierno-en-uruapan-carlos-manzo","status":"publish","type":"post","link":"https:\/\/diarioabcdemichoacan.com.mx\/lasnoticias\/el-1-de-septiembre-inicia-nuestro-periodo-de-gobierno-en-uruapan-carlos-manzo\/","title":{"rendered":"El 1 de septiembre inicia nuestro periodo de gobierno en Uruapan: Carlos Manzo"},"content":{"rendered":"<h2>Carlos manzo dedica el siguiente mensaje a los uruapenses.<\/h2>\n<h6>POR REDACCI\u00d3N, DIARIO ABC DE MICHOAC\u00c1N, 30 DE JUNIO DE 2024.<\/h6>\n<hr \/>\n<p>Les comparto que acud\u00ed a la invitaci\u00f3n del Gobernador Alfredo Ram\u00edrez Bedolla para platicar sobre los proyectos de inversi\u00f3n p\u00fablica para el desarrollo de Uruapan, tambi\u00e9n aproveche esta reuni\u00f3n para analizar las finanzas del Municipio de Uruapan, la seguridad p\u00fablica, el combate a la corrupci\u00f3n policiaca, las estrategias para mejorar los servicios p\u00fablicos municipales, solicit\u00e9 que sean escuchadas y atendidas las demandas o inconformidades sobre el Telef\u00e9rico para lograr un Uruapan con gobernabilidad y sin conflictos sociales que frenen su desarrollo.<\/p>\n<p>Mi periodo de gobierno inicia el 1 de Septiembre sin embargo mi deber como Presidente Electo es ir construyendo una buena relaci\u00f3n institucional con el Gobierno del Estado y el Gobierno Federal para que le vaya bien al Municipio de Uruapan.<\/p>\n<p>Como Presidente Electo de Uruapan dej\u00e9 claro que nuestra posici\u00f3n como autoridad ser\u00e1 que se entreguen cuentas claras de los recursos p\u00fablicos manejados por la actual administraci\u00f3n municipal de Uruapan de lo contrario al encontrar irregularidades iniciaremos una persecuci\u00f3n legal, pol\u00edtica y social para castigar a los funcionarios que se les encuentre enriquecimiento il\u00edcito y desv\u00edo de los recursos p\u00fablicos del Municipio de Uruapan.<\/p>\n","protected":false},"excerpt":{"rendered":"<p>Carlos manzo dedica el siguiente mensaje a los uruapenses. POR REDACCI\u00d3N, DIARIO ABC DE MICHOAC\u00c1N, 30 DE JUNIO DE 2024. Les comparto que acud\u00ed a la invitaci\u00f3n del Gobernador Alfredo Ram\u00edrez Bedolla para platicar sobre los proyectos de inversi\u00f3n p\u00fablica para el desarrollo de Uruapan, tambi\u00e9n aproveche esta reuni\u00f3n para analizar las finanzas del Municipio [&hellip;]<\/p>\n","protected":false},"author":8,"featured_media":13234,"comment_status":"closed","ping_status":"closed","sticky":false,"template":"","format":"standard","meta":{"footnotes":""},"categories":[27,3],"tags":[],"class_list":{"0":"post-13251","1":"post","2":"type-post","3":"status-publish","4":"format-standard","5":"has-post-thumbnail","7":"category-slider","8":"category-uruapan"},"yoast_head":"<!-- This site is optimized with the Yoast SEO plugin v24.0 - https:\/\/yoast.com\/wordpress\/plugins\/seo\/ -->\n<title>El 1 de septiembre inicia nuestro periodo de gobierno en Uruapan: Carlos Manzo - Diario ABC de Michoac\u00e1n<\/title>\n<meta name=\"robots\" content=\"index, follow, max-snippet:-1, max-image-preview:large, max-video-preview:-1\" \/>\n<link rel=\"canonical\" href=\"https:\/\/diarioabcdemichoacan.com.mx\/lasnoticias\/el-1-de-septiembre-inicia-nuestro-periodo-de-gobierno-en-uruapan-carlos-manzo\/\" \/>\n<meta property=\"og:locale\" content=\"es_ES\" \/>\n<meta property=\"og:type\" content=\"article\" \/>\n<meta property=\"og:title\" content=\"El 1 de septiembre inicia nuestro periodo de gobierno en Uruapan: Carlos Manzo - Diario ABC de Michoac\u00e1n\" \/>\n<meta property=\"og:description\" content=\"Carlos manzo dedica el siguiente mensaje a los uruapenses. POR REDACCI\u00d3N, DIARIO ABC DE MICHOAC\u00c1N, 30 DE JUNIO DE 2024. Les comparto que acud\u00ed a la invitaci\u00f3n del Gobernador Alfredo Ram\u00edrez Bedolla para platicar sobre los proyectos de inversi\u00f3n p\u00fablica para el desarrollo de Uruapan, tambi\u00e9n aproveche esta reuni\u00f3n para analizar las finanzas del Municipio [&hellip;]\" \/>\n<meta property=\"og:url\" content=\"https:\/\/diarioabcdemichoacan.com.mx\/lasnoticias\/el-1-de-septiembre-inicia-nuestro-periodo-de-gobierno-en-uruapan-carlos-manzo\/\" \/>\n<meta property=\"og:site_name\" content=\"Diario ABC de Michoac\u00e1n\" \/>\n<meta property=\"article:published_time\" content=\"2024-06-30T22:14:05+00:00\" \/>\n<meta property=\"og:image\" content=\"https:\/\/diarioabcdemichoacan.com.mx\/lasnoticias\/wp-content\/uploads\/2024\/06\/IMG-20240630-WA0105.jpg\" \/>\n\t<meta property=\"og:image:width\" content=\"720\" \/>\n\t<meta property=\"og:image:height\" content=\"429\" \/>\n\t<meta property=\"og:image:type\" content=\"image\/jpeg\" \/>\n<meta name=\"author\" content=\"MD\" \/>\n<meta name=\"twitter:card\" content=\"summary_large_image\" \/>\n<meta name=\"twitter:label1\" content=\"Escrito por\" \/>\n\t<meta name=\"twitter:data1\" content=\"MD\" \/>\n\t<meta name=\"twitter:label2\" content=\"Tiempo de lectura\" \/>\n\t<meta name=\"twitter:data2\" content=\"1 minuto\" \/>\n<script type=\"application\/ld+json\" class=\"yoast-schema-graph\">{\"@context\":\"https:\/\/schema.org\",\"@graph\":[{\"@type\":\"WebPage\",\"@id\":\"https:\/\/diarioabcdemichoacan.com.mx\/lasnoticias\/el-1-de-septiembre-inicia-nuestro-periodo-de-gobierno-en-uruapan-carlos-manzo\/\",\"url\":\"https:\/\/diarioabcdemichoacan.com.mx\/lasnoticias\/el-1-de-septiembre-inicia-nuestro-periodo-de-gobierno-en-uruapan-carlos-manzo\/\",\"name\":\"El 1 de septiembre inicia nuestro periodo de gobierno en Uruapan: Carlos Manzo - Diario ABC de Michoac\u00e1n\",\"isPartOf\":{\"@id\":\"https:\/\/diarioabcdemichoacan.com.mx\/lasnoticias\/#website\"},\"primaryImageOfPage\":{\"@id\":\"https:\/\/diarioabcdemichoacan.com.mx\/lasnoticias\/el-1-de-septiembre-inicia-nuestro-periodo-de-gobierno-en-uruapan-carlos-manzo\/#primaryimage\"},\"image\":{\"@id\":\"https:\/\/diarioabcdemichoacan.com.mx\/lasnoticias\/el-1-de-septiembre-inicia-nuestro-periodo-de-gobierno-en-uruapan-carlos-manzo\/#primaryimage\"},\"thumbnailUrl\":\"https:\/\/diarioabcdemichoacan.com.mx\/lasnoticias\/wp-content\/uploads\/2024\/06\/IMG-20240630-WA0105.jpg\",\"datePublished\":\"2024-06-30T22:14:05+00:00\",\"dateModified\":\"2024-06-30T22:14:05+00:00\",\"author\":{\"@id\":\"https:\/\/diarioabcdemichoacan.com.mx\/lasnoticias\/#\/schema\/person\/657e7c20ff5297f317664d985712e8e8\"},\"breadcrumb\":{\"@id\":\"https:\/\/diarioabcdemichoacan.com.mx\/lasnoticias\/el-1-de-septiembre-inicia-nuestro-periodo-de-gobierno-en-uruapan-carlos-manzo\/#breadcrumb\"},\"inLanguage\":\"es\",\"potentialAction\":[{\"@type\":\"ReadAction\",\"target\":[\"https:\/\/diarioabcdemichoacan.com.mx\/lasnoticias\/el-1-de-septiembre-inicia-nuestro-periodo-de-gobierno-en-uruapan-carlos-manzo\/\"]}]},{\"@type\":\"ImageObject\",\"inLanguage\":\"es\",\"@id\":\"https:\/\/diarioabcdemichoacan.com.mx\/lasnoticias\/el-1-de-septiembre-inicia-nuestro-periodo-de-gobierno-en-uruapan-carlos-manzo\/#primaryimage\",\"url\":\"https:\/\/diarioabcdemichoacan.com.mx\/lasnoticias\/wp-content\/uploads\/2024\/06\/IMG-20240630-WA0105.jpg\",\"contentUrl\":\"https:\/\/diarioabcdemichoacan.com.mx\/lasnoticias\/wp-content\/uploads\/2024\/06\/IMG-20240630-WA0105.jpg\",\"width\":720,\"height\":429},{\"@type\":\"BreadcrumbList\",\"@id\":\"https:\/\/diarioabcdemichoacan.com.mx\/lasnoticias\/el-1-de-septiembre-inicia-nuestro-periodo-de-gobierno-en-uruapan-carlos-manzo\/#breadcrumb\",\"itemListElement\":[{\"@type\":\"ListItem\",\"position\":1,\"name\":\"Portada\",\"item\":\"https:\/\/diarioabcdemichoacan.com.mx\/lasnoticias\/\"},{\"@type\":\"ListItem\",\"position\":2,\"name\":\"El 1 de septiembre inicia nuestro periodo de gobierno en Uruapan: Carlos Manzo\"}]},{\"@type\":\"WebSite\",\"@id\":\"https:\/\/diarioabcdemichoacan.com.mx\/lasnoticias\/#website\",\"url\":\"https:\/\/diarioabcdemichoacan.com.mx\/lasnoticias\/\",\"name\":\"Diario ABC de Michoac\u00e1n\",\"description\":\"Las noticias al momento\",\"potentialAction\":[{\"@type\":\"SearchAction\",\"target\":{\"@type\":\"EntryPoint\",\"urlTemplate\":\"https:\/\/diarioabcdemichoacan.com.mx\/lasnoticias\/?s={search_term_string}\"},\"query-input\":{\"@type\":\"PropertyValueSpecification\",\"valueRequired\":true,\"valueName\":\"search_term_string\"}}],\"inLanguage\":\"es\"},{\"@type\":\"Person\",\"@id\":\"https:\/\/diarioabcdemichoacan.com.mx\/lasnoticias\/#\/schema\/person\/657e7c20ff5297f317664d985712e8e8\",\"name\":\"MD\",\"image\":{\"@type\":\"ImageObject\",\"inLanguage\":\"es\",\"@id\":\"https:\/\/diarioabcdemichoacan.com.mx\/lasnoticias\/#\/schema\/person\/image\/\",\"url\":\"https:\/\/secure.gravatar.com\/avatar\/a769375eedc94419a5b67bc5d63567af?s=96&d=mm&r=g\",\"contentUrl\":\"https:\/\/secure.gravatar.com\/avatar\/a769375eedc94419a5b67bc5d63567af?s=96&d=mm&r=g\",\"caption\":\"MD\"},\"url\":\"https:\/\/diarioabcdemichoacan.com.mx\/lasnoticias\/author\/merelydpa\/\"}]}<\/script>\n<!-- \/ Yoast SEO plugin. -->","yoast_head_json":{"title":"El 1 de septiembre inicia nuestro periodo de gobierno en Uruapan: Carlos Manzo - Diario ABC de Michoac\u00e1n","robots":{"index":"index","follow":"follow","max-snippet":"max-snippet:-1","max-image-preview":"max-image-preview:large","max-video-preview":"max-video-preview:-1"},"canonical":"https:\/\/diarioabcdemichoacan.com.mx\/lasnoticias\/el-1-de-septiembre-inicia-nuestro-periodo-de-gobierno-en-uruapan-carlos-manzo\/","og_locale":"es_ES","og_type":"article","og_title":"El 1 de septiembre inicia nuestro periodo de gobierno en Uruapan: Carlos Manzo - Diario ABC de Michoac\u00e1n","og_description":"Carlos manzo dedica el siguiente mensaje a los uruapenses. POR REDACCI\u00d3N, DIARIO ABC DE MICHOAC\u00c1N, 30 DE JUNIO DE 2024. Les comparto que acud\u00ed a la invitaci\u00f3n del Gobernador Alfredo Ram\u00edrez Bedolla para platicar sobre los proyectos de inversi\u00f3n p\u00fablica para el desarrollo de Uruapan, tambi\u00e9n aproveche esta reuni\u00f3n para analizar las finanzas del Municipio [&hellip;]","og_url":"https:\/\/diarioabcdemichoacan.com.mx\/lasnoticias\/el-1-de-septiembre-inicia-nuestro-periodo-de-gobierno-en-uruapan-carlos-manzo\/","og_site_name":"Diario ABC de Michoac\u00e1n","article_published_time":"2024-06-30T22:14:05+00:00","og_image":[{"width":720,"height":429,"url":"https:\/\/diarioabcdemichoacan.com.mx\/lasnoticias\/wp-content\/uploads\/2024\/06\/IMG-20240630-WA0105.jpg","type":"image\/jpeg"}],"author":"MD","twitter_card":"summary_large_image","twitter_misc":{"Escrito por":"MD","Tiempo de lectura":"1 minuto"},"schema":{"@context":"https:\/\/schema.org","@graph":[{"@type":"WebPage","@id":"https:\/\/diarioabcdemichoacan.com.mx\/lasnoticias\/el-1-de-septiembre-inicia-nuestro-periodo-de-gobierno-en-uruapan-carlos-manzo\/","url":"https:\/\/diarioabcdemichoacan.com.mx\/lasnoticias\/el-1-de-septiembre-inicia-nuestro-periodo-de-gobierno-en-uruapan-carlos-manzo\/","name":"El 1 de septiembre inicia nuestro periodo de gobierno en Uruapan: Carlos Manzo - Diario ABC de Michoac\u00e1n","isPartOf":{"@id":"https:\/\/diarioabcdemichoacan.com.mx\/lasnoticias\/#website"},"primaryImageOfPage":{"@id":"https:\/\/diarioabcdemichoacan.com.mx\/lasnoticias\/el-1-de-septiembre-inicia-nuestro-periodo-de-gobierno-en-uruapan-carlos-manzo\/#primaryimage"},"image":{"@id":"https:\/\/diarioabcdemichoacan.com.mx\/lasnoticias\/el-1-de-septiembre-inicia-nuestro-periodo-de-gobierno-en-uruapan-carlos-manzo\/#primaryimage"},"thumbnailUrl":"https:\/\/diarioabcdemichoacan.com.mx\/lasnoticias\/wp-content\/uploads\/2024\/06\/IMG-20240630-WA0105.jpg","datePublished":"2024-06-30T22:14:05+00:00","dateModified":"2024-06-30T22:14:05+00:00","author":{"@id":"https:\/\/diarioabcdemichoacan.com.mx\/lasnoticias\/#\/schema\/person\/657e7c20ff5297f317664d985712e8e8"},"breadcrumb":{"@id":"https:\/\/diarioabcdemichoacan.com.mx\/lasnoticias\/el-1-de-septiembre-inicia-nuestro-periodo-de-gobierno-en-uruapan-carlos-manzo\/#breadcrumb"},"inLanguage":"es","potentialAction":[{"@type":"ReadAction","target":["https:\/\/diarioabcdemichoacan.com.mx\/lasnoticias\/el-1-de-septiembre-inicia-nuestro-periodo-de-gobierno-en-uruapan-carlos-manzo\/"]}]},{"@type":"ImageObject","inLanguage":"es","@id":"https:\/\/diarioabcdemichoacan.com.mx\/lasnoticias\/el-1-de-septiembre-inicia-nuestro-periodo-de-gobierno-en-uruapan-carlos-manzo\/#primaryimage","url":"https:\/\/diarioabcdemichoacan.com.mx\/lasnoticias\/wp-content\/uploads\/2024\/06\/IMG-20240630-WA0105.jpg","contentUrl":"https:\/\/diarioabcdemichoacan.com.mx\/lasnoticias\/wp-content\/uploads\/2024\/06\/IMG-20240630-WA0105.jpg","width":720,"height":429},{"@type":"BreadcrumbList","@id":"https:\/\/diarioabcdemichoacan.com.mx\/lasnoticias\/el-1-de-septiembre-inicia-nuestro-periodo-de-gobierno-en-uruapan-carlos-manzo\/#breadcrumb","itemListElement":[{"@type":"ListItem","position":1,"name":"Portada","item":"https:\/\/diarioabcdemichoacan.com.mx\/lasnoticias\/"},{"@type":"ListItem","position":2,"name":"El 1 de septiembre inicia nuestro periodo de gobierno en Uruapan: Carlos Manzo"}]},{"@type":"WebSite","@id":"https:\/\/diarioabcdemichoacan.com.mx\/lasnoticias\/#website","url":"https:\/\/diarioabcdemichoacan.com.mx\/lasnoticias\/","name":"Diario ABC de Michoac\u00e1n","description":"Las noticias al momento","potentialAction":[{"@type":"SearchAction","target":{"@type":"EntryPoint","urlTemplate":"https:\/\/diarioabcdemichoacan.com.mx\/lasnoticias\/?s={search_term_string}"},"query-input":{"@type":"PropertyValueSpecification","valueRequired":true,"valueName":"search_term_string"}}],"inLanguage":"es"},{"@type":"Person","@id":"https:\/\/diarioabcdemichoacan.com.mx\/lasnoticias\/#\/schema\/person\/657e7c20ff5297f317664d985712e8e8","name":"MD","image":{"@type":"ImageObject","inLanguage":"es","@id":"https:\/\/diarioabcdemichoacan.com.mx\/lasnoticias\/#\/schema\/person\/image\/","url":"https:\/\/secure.gravatar.com\/avatar\/a769375eedc94419a5b67bc5d63567af?s=96&d=mm&r=g","contentUrl":"https:\/\/secure.gravatar.com\/avatar\/a769375eedc94419a5b67bc5d63567af?s=96&d=mm&r=g","caption":"MD"},"url":"https:\/\/diarioabcdemichoacan.com.mx\/lasnoticias\/author\/merelydpa\/"}]}},"_links":{"self":[{"href":"https:\/\/diarioabcdemichoacan.com.mx\/lasnoticias\/wp-json\/wp\/v2\/posts\/13251","targetHints":{"allow":["GET"]}}],"collection":[{"href":"https:\/\/diarioabcdemichoacan.com.mx\/lasnoticias\/wp-json\/wp\/v2\/posts"}],"about":[{"href":"https:\/\/diarioabcdemichoacan.com.mx\/lasnoticias\/wp-json\/wp\/v2\/types\/post"}],"author":[{"embeddable":true,"href":"https:\/\/diarioabcdemichoacan.com.mx\/lasnoticias\/wp-json\/wp\/v2\/users\/8"}],"replies":[{"embeddable":true,"href":"https:\/\/diarioabcdemichoacan.com.mx\/lasnoticias\/wp-json\/wp\/v2\/comments?post=13251"}],"version-history":[{"count":1,"href":"https:\/\/diarioabcdemichoacan.com.mx\/lasnoticias\/wp-json\/wp\/v2\/posts\/13251\/revisions"}],"predecessor-version":[{"id":13252,"href":"https:\/\/diarioabcdemichoacan.com.mx\/lasnoticias\/wp-json\/wp\/v2\/posts\/13251\/revisions\/13252"}],"wp:featuredmedia":[{"embeddable":true,"href":"https:\/\/diarioabcdemichoacan.com.mx\/lasnoticias\/wp-json\/wp\/v2\/media\/13234"}],"wp:attachment":[{"href":"https:\/\/diarioabcdemichoacan.com.mx\/lasnoticias\/wp-json\/wp\/v2\/media?parent=13251"}],"wp:term":[{"taxonomy":"category","embeddable":true,"href":"https:\/\/diarioabcdemichoacan.com.mx\/lasnoticias\/wp-json\/wp\/v2\/categories?post=13251"},{"taxonomy":"post_tag","embeddable":true,"href":"https:\/\/diarioabcdemichoacan.com.mx\/lasnoticias\/wp-json\/wp\/v2\/tags?post=13251"}],"curies":[{"name":"wp","href":"https:\/\/api.w.org\/{rel}","templated":true}]}}