{"id":15187,"date":"2024-07-12T17:54:38","date_gmt":"2024-07-12T23:54:38","guid":{"rendered":"https:\/\/diarioabcdemichoacan.com.mx\/lasnoticias\/?p=15187"},"modified":"2024-07-12T17:54:38","modified_gmt":"2024-07-12T23:54:38","slug":"llegan-a-los-pinos-obras-literarias-de-michoacan","status":"publish","type":"post","link":"https:\/\/diarioabcdemichoacan.com.mx\/lasnoticias\/llegan-a-los-pinos-obras-literarias-de-michoacan\/","title":{"rendered":"Llegan a Los Pinos obras literarias de Michoac\u00e1n"},"content":{"rendered":"<h2>De la colecci\u00f3n Palabras de Colibr\u00ed, de la Secum.<\/h2>\n<h6>POR REDACCI\u00d3N, DIARIO ABC DE MICHOAC\u00c1N, 12 DE JULIO DE 2024.<\/h6>\n<hr \/>\n<p>Ciudad de M\u00e9xico, 12 de julio de 2024.-* Obras literarias ganadoras de la convocatoria Palabras de Colibr\u00ed 2023, a cargo de la Secretar\u00eda de Cultura de Michoac\u00e1n (Secum) llegaron al Complejo Cultural Los Pinos, en la Ciudad de M\u00e9xico, para su presentaci\u00f3n, en voz de sus autoras y autores: Carolina Herrej\u00f3n, Gustavo Gargallo, Alfredo Garcidue\u00f1as y Guillermina Murillo.<\/p>\n<p>La escritora Carolina Herrej\u00f3n habl\u00f3 sobre su obra, que se distingue por su fuerza po\u00e9tica y profundo trabajo con la oralidad. Se trata de El paladar de Mila, donde la voz po\u00e9tica hace un recorrido geneal\u00f3gico en el que reconstruye la memoria de las mujeres que la antecedieron y reconoce a su entorno actual de mujeres que hablan y comparten su palabra de manera libre.<\/p>\n<p>Sobre el libro Fui noche en la memoria de la lluvia, su autor Gustavo Gargallo comparti\u00f3 que se divide en dos partes: la primera, con el mismo t\u00edtulo de la obra, presenta cuentos que exploran situaciones humanas con gran profundidad. La segunda parte, \u00abBrev\u00edsima humanidad de la historia\u00bb, es una serie de mini ficciones que satirizan diversos episodios y aspectos de la vida humana, emulando extensos tratados hist\u00f3ricos.<\/p>\n<p>De la obra literaria S\u00f3lo de tromb\u00f3n y otros p\u00e1jaros heridos, el m\u00fasico y poeta Alfredo Garcidue\u00f1as comparti\u00f3 que se trata de un ensayo que reflexiona sobre los vasos comunicantes entre la literatura y la m\u00fasica, argumentando que ambas artes comparten ra\u00edces profundas y entrelazadas. La obra apuesta por el canto, la libertad y la vida, invitando al poeta a abarcar el extenso cielo-mundo-lenguaje que habita.<\/p>\n<p>Desde un estilo intimista y confesional, Guillermina Murillo Barriga coment\u00f3 sobre Mu\u00f1eca, una obra que aborda la maternidad sin romanticismos ni idealizaciones, mediante una narraci\u00f3n en segunda persona. La historia inicia a partir de una fotograf\u00eda de mam\u00e1, quien no tiene voz y ha muerto, reconstruyendo su vida con una gran sensibilidad.<\/p>\n","protected":false},"excerpt":{"rendered":"<p>De la colecci\u00f3n Palabras de Colibr\u00ed, de la Secum. POR REDACCI\u00d3N, DIARIO ABC DE MICHOAC\u00c1N, 12 DE JULIO DE 2024. Ciudad de M\u00e9xico, 12 de julio de 2024.-* Obras literarias ganadoras de la convocatoria Palabras de Colibr\u00ed 2023, a cargo de la Secretar\u00eda de Cultura de Michoac\u00e1n (Secum) llegaron al Complejo Cultural Los Pinos, en [&hellip;]<\/p>\n","protected":false},"author":8,"featured_media":15188,"comment_status":"closed","ping_status":"closed","sticky":false,"template":"","format":"standard","meta":{"footnotes":""},"categories":[8,10,17,27],"tags":[],"class_list":{"0":"post-15187","1":"post","2":"type-post","3":"status-publish","4":"format-standard","5":"has-post-thumbnail","7":"category-cultura","8":"category-estado","9":"category-gobierno-de-michoacan","10":"category-slider"},"yoast_head":"<!-- This site is optimized with the Yoast SEO plugin v24.0 - https:\/\/yoast.com\/wordpress\/plugins\/seo\/ -->\n<title>Llegan a Los Pinos obras literarias de Michoac\u00e1n - Diario ABC de Michoac\u00e1n<\/title>\n<meta name=\"robots\" content=\"index, follow, max-snippet:-1, max-image-preview:large, max-video-preview:-1\" \/>\n<link rel=\"canonical\" href=\"https:\/\/diarioabcdemichoacan.com.mx\/lasnoticias\/llegan-a-los-pinos-obras-literarias-de-michoacan\/\" \/>\n<meta property=\"og:locale\" content=\"es_ES\" \/>\n<meta property=\"og:type\" content=\"article\" \/>\n<meta property=\"og:title\" content=\"Llegan a Los Pinos obras literarias de Michoac\u00e1n - Diario ABC de Michoac\u00e1n\" \/>\n<meta property=\"og:description\" content=\"De la colecci\u00f3n Palabras de Colibr\u00ed, de la Secum. POR REDACCI\u00d3N, DIARIO ABC DE MICHOAC\u00c1N, 12 DE JULIO DE 2024. Ciudad de M\u00e9xico, 12 de julio de 2024.-* Obras literarias ganadoras de la convocatoria Palabras de Colibr\u00ed 2023, a cargo de la Secretar\u00eda de Cultura de Michoac\u00e1n (Secum) llegaron al Complejo Cultural Los Pinos, en [&hellip;]\" \/>\n<meta property=\"og:url\" content=\"https:\/\/diarioabcdemichoacan.com.mx\/lasnoticias\/llegan-a-los-pinos-obras-literarias-de-michoacan\/\" \/>\n<meta property=\"og:site_name\" content=\"Diario ABC de Michoac\u00e1n\" \/>\n<meta property=\"article:published_time\" content=\"2024-07-12T23:54:38+00:00\" \/>\n<meta property=\"og:image\" content=\"https:\/\/diarioabcdemichoacan.com.mx\/lasnoticias\/wp-content\/uploads\/2024\/07\/IMG-20240712-WA0074.jpg\" \/>\n\t<meta property=\"og:image:width\" content=\"1280\" \/>\n\t<meta property=\"og:image:height\" content=\"853\" \/>\n\t<meta property=\"og:image:type\" content=\"image\/jpeg\" \/>\n<meta name=\"author\" content=\"MD\" \/>\n<meta name=\"twitter:card\" content=\"summary_large_image\" \/>\n<meta name=\"twitter:label1\" content=\"Escrito por\" \/>\n\t<meta name=\"twitter:data1\" content=\"MD\" \/>\n\t<meta name=\"twitter:label2\" content=\"Tiempo de lectura\" \/>\n\t<meta name=\"twitter:data2\" content=\"2 minutos\" \/>\n<script type=\"application\/ld+json\" class=\"yoast-schema-graph\">{\"@context\":\"https:\/\/schema.org\",\"@graph\":[{\"@type\":\"WebPage\",\"@id\":\"https:\/\/diarioabcdemichoacan.com.mx\/lasnoticias\/llegan-a-los-pinos-obras-literarias-de-michoacan\/\",\"url\":\"https:\/\/diarioabcdemichoacan.com.mx\/lasnoticias\/llegan-a-los-pinos-obras-literarias-de-michoacan\/\",\"name\":\"Llegan a Los Pinos obras literarias de Michoac\u00e1n - Diario ABC de Michoac\u00e1n\",\"isPartOf\":{\"@id\":\"https:\/\/diarioabcdemichoacan.com.mx\/lasnoticias\/#website\"},\"primaryImageOfPage\":{\"@id\":\"https:\/\/diarioabcdemichoacan.com.mx\/lasnoticias\/llegan-a-los-pinos-obras-literarias-de-michoacan\/#primaryimage\"},\"image\":{\"@id\":\"https:\/\/diarioabcdemichoacan.com.mx\/lasnoticias\/llegan-a-los-pinos-obras-literarias-de-michoacan\/#primaryimage\"},\"thumbnailUrl\":\"https:\/\/diarioabcdemichoacan.com.mx\/lasnoticias\/wp-content\/uploads\/2024\/07\/IMG-20240712-WA0074.jpg\",\"datePublished\":\"2024-07-12T23:54:38+00:00\",\"dateModified\":\"2024-07-12T23:54:38+00:00\",\"author\":{\"@id\":\"https:\/\/diarioabcdemichoacan.com.mx\/lasnoticias\/#\/schema\/person\/657e7c20ff5297f317664d985712e8e8\"},\"breadcrumb\":{\"@id\":\"https:\/\/diarioabcdemichoacan.com.mx\/lasnoticias\/llegan-a-los-pinos-obras-literarias-de-michoacan\/#breadcrumb\"},\"inLanguage\":\"es\",\"potentialAction\":[{\"@type\":\"ReadAction\",\"target\":[\"https:\/\/diarioabcdemichoacan.com.mx\/lasnoticias\/llegan-a-los-pinos-obras-literarias-de-michoacan\/\"]}]},{\"@type\":\"ImageObject\",\"inLanguage\":\"es\",\"@id\":\"https:\/\/diarioabcdemichoacan.com.mx\/lasnoticias\/llegan-a-los-pinos-obras-literarias-de-michoacan\/#primaryimage\",\"url\":\"https:\/\/diarioabcdemichoacan.com.mx\/lasnoticias\/wp-content\/uploads\/2024\/07\/IMG-20240712-WA0074.jpg\",\"contentUrl\":\"https:\/\/diarioabcdemichoacan.com.mx\/lasnoticias\/wp-content\/uploads\/2024\/07\/IMG-20240712-WA0074.jpg\",\"width\":1280,\"height\":853},{\"@type\":\"BreadcrumbList\",\"@id\":\"https:\/\/diarioabcdemichoacan.com.mx\/lasnoticias\/llegan-a-los-pinos-obras-literarias-de-michoacan\/#breadcrumb\",\"itemListElement\":[{\"@type\":\"ListItem\",\"position\":1,\"name\":\"Portada\",\"item\":\"https:\/\/diarioabcdemichoacan.com.mx\/lasnoticias\/\"},{\"@type\":\"ListItem\",\"position\":2,\"name\":\"Llegan a Los Pinos obras literarias de Michoac\u00e1n\"}]},{\"@type\":\"WebSite\",\"@id\":\"https:\/\/diarioabcdemichoacan.com.mx\/lasnoticias\/#website\",\"url\":\"https:\/\/diarioabcdemichoacan.com.mx\/lasnoticias\/\",\"name\":\"Diario ABC de Michoac\u00e1n\",\"description\":\"Las noticias al momento\",\"potentialAction\":[{\"@type\":\"SearchAction\",\"target\":{\"@type\":\"EntryPoint\",\"urlTemplate\":\"https:\/\/diarioabcdemichoacan.com.mx\/lasnoticias\/?s={search_term_string}\"},\"query-input\":{\"@type\":\"PropertyValueSpecification\",\"valueRequired\":true,\"valueName\":\"search_term_string\"}}],\"inLanguage\":\"es\"},{\"@type\":\"Person\",\"@id\":\"https:\/\/diarioabcdemichoacan.com.mx\/lasnoticias\/#\/schema\/person\/657e7c20ff5297f317664d985712e8e8\",\"name\":\"MD\",\"image\":{\"@type\":\"ImageObject\",\"inLanguage\":\"es\",\"@id\":\"https:\/\/diarioabcdemichoacan.com.mx\/lasnoticias\/#\/schema\/person\/image\/\",\"url\":\"https:\/\/secure.gravatar.com\/avatar\/a769375eedc94419a5b67bc5d63567af?s=96&d=mm&r=g\",\"contentUrl\":\"https:\/\/secure.gravatar.com\/avatar\/a769375eedc94419a5b67bc5d63567af?s=96&d=mm&r=g\",\"caption\":\"MD\"},\"url\":\"https:\/\/diarioabcdemichoacan.com.mx\/lasnoticias\/author\/merelydpa\/\"}]}<\/script>\n<!-- \/ Yoast SEO plugin. -->","yoast_head_json":{"title":"Llegan a Los Pinos obras literarias de Michoac\u00e1n - Diario ABC de Michoac\u00e1n","robots":{"index":"index","follow":"follow","max-snippet":"max-snippet:-1","max-image-preview":"max-image-preview:large","max-video-preview":"max-video-preview:-1"},"canonical":"https:\/\/diarioabcdemichoacan.com.mx\/lasnoticias\/llegan-a-los-pinos-obras-literarias-de-michoacan\/","og_locale":"es_ES","og_type":"article","og_title":"Llegan a Los Pinos obras literarias de Michoac\u00e1n - Diario ABC de Michoac\u00e1n","og_description":"De la colecci\u00f3n Palabras de Colibr\u00ed, de la Secum. POR REDACCI\u00d3N, DIARIO ABC DE MICHOAC\u00c1N, 12 DE JULIO DE 2024. Ciudad de M\u00e9xico, 12 de julio de 2024.-* Obras literarias ganadoras de la convocatoria Palabras de Colibr\u00ed 2023, a cargo de la Secretar\u00eda de Cultura de Michoac\u00e1n (Secum) llegaron al Complejo Cultural Los Pinos, en [&hellip;]","og_url":"https:\/\/diarioabcdemichoacan.com.mx\/lasnoticias\/llegan-a-los-pinos-obras-literarias-de-michoacan\/","og_site_name":"Diario ABC de Michoac\u00e1n","article_published_time":"2024-07-12T23:54:38+00:00","og_image":[{"width":1280,"height":853,"url":"https:\/\/diarioabcdemichoacan.com.mx\/lasnoticias\/wp-content\/uploads\/2024\/07\/IMG-20240712-WA0074.jpg","type":"image\/jpeg"}],"author":"MD","twitter_card":"summary_large_image","twitter_misc":{"Escrito por":"MD","Tiempo de lectura":"2 minutos"},"schema":{"@context":"https:\/\/schema.org","@graph":[{"@type":"WebPage","@id":"https:\/\/diarioabcdemichoacan.com.mx\/lasnoticias\/llegan-a-los-pinos-obras-literarias-de-michoacan\/","url":"https:\/\/diarioabcdemichoacan.com.mx\/lasnoticias\/llegan-a-los-pinos-obras-literarias-de-michoacan\/","name":"Llegan a Los Pinos obras literarias de Michoac\u00e1n - Diario ABC de Michoac\u00e1n","isPartOf":{"@id":"https:\/\/diarioabcdemichoacan.com.mx\/lasnoticias\/#website"},"primaryImageOfPage":{"@id":"https:\/\/diarioabcdemichoacan.com.mx\/lasnoticias\/llegan-a-los-pinos-obras-literarias-de-michoacan\/#primaryimage"},"image":{"@id":"https:\/\/diarioabcdemichoacan.com.mx\/lasnoticias\/llegan-a-los-pinos-obras-literarias-de-michoacan\/#primaryimage"},"thumbnailUrl":"https:\/\/diarioabcdemichoacan.com.mx\/lasnoticias\/wp-content\/uploads\/2024\/07\/IMG-20240712-WA0074.jpg","datePublished":"2024-07-12T23:54:38+00:00","dateModified":"2024-07-12T23:54:38+00:00","author":{"@id":"https:\/\/diarioabcdemichoacan.com.mx\/lasnoticias\/#\/schema\/person\/657e7c20ff5297f317664d985712e8e8"},"breadcrumb":{"@id":"https:\/\/diarioabcdemichoacan.com.mx\/lasnoticias\/llegan-a-los-pinos-obras-literarias-de-michoacan\/#breadcrumb"},"inLanguage":"es","potentialAction":[{"@type":"ReadAction","target":["https:\/\/diarioabcdemichoacan.com.mx\/lasnoticias\/llegan-a-los-pinos-obras-literarias-de-michoacan\/"]}]},{"@type":"ImageObject","inLanguage":"es","@id":"https:\/\/diarioabcdemichoacan.com.mx\/lasnoticias\/llegan-a-los-pinos-obras-literarias-de-michoacan\/#primaryimage","url":"https:\/\/diarioabcdemichoacan.com.mx\/lasnoticias\/wp-content\/uploads\/2024\/07\/IMG-20240712-WA0074.jpg","contentUrl":"https:\/\/diarioabcdemichoacan.com.mx\/lasnoticias\/wp-content\/uploads\/2024\/07\/IMG-20240712-WA0074.jpg","width":1280,"height":853},{"@type":"BreadcrumbList","@id":"https:\/\/diarioabcdemichoacan.com.mx\/lasnoticias\/llegan-a-los-pinos-obras-literarias-de-michoacan\/#breadcrumb","itemListElement":[{"@type":"ListItem","position":1,"name":"Portada","item":"https:\/\/diarioabcdemichoacan.com.mx\/lasnoticias\/"},{"@type":"ListItem","position":2,"name":"Llegan a Los Pinos obras literarias de Michoac\u00e1n"}]},{"@type":"WebSite","@id":"https:\/\/diarioabcdemichoacan.com.mx\/lasnoticias\/#website","url":"https:\/\/diarioabcdemichoacan.com.mx\/lasnoticias\/","name":"Diario ABC de Michoac\u00e1n","description":"Las noticias al momento","potentialAction":[{"@type":"SearchAction","target":{"@type":"EntryPoint","urlTemplate":"https:\/\/diarioabcdemichoacan.com.mx\/lasnoticias\/?s={search_term_string}"},"query-input":{"@type":"PropertyValueSpecification","valueRequired":true,"valueName":"search_term_string"}}],"inLanguage":"es"},{"@type":"Person","@id":"https:\/\/diarioabcdemichoacan.com.mx\/lasnoticias\/#\/schema\/person\/657e7c20ff5297f317664d985712e8e8","name":"MD","image":{"@type":"ImageObject","inLanguage":"es","@id":"https:\/\/diarioabcdemichoacan.com.mx\/lasnoticias\/#\/schema\/person\/image\/","url":"https:\/\/secure.gravatar.com\/avatar\/a769375eedc94419a5b67bc5d63567af?s=96&d=mm&r=g","contentUrl":"https:\/\/secure.gravatar.com\/avatar\/a769375eedc94419a5b67bc5d63567af?s=96&d=mm&r=g","caption":"MD"},"url":"https:\/\/diarioabcdemichoacan.com.mx\/lasnoticias\/author\/merelydpa\/"}]}},"_links":{"self":[{"href":"https:\/\/diarioabcdemichoacan.com.mx\/lasnoticias\/wp-json\/wp\/v2\/posts\/15187","targetHints":{"allow":["GET"]}}],"collection":[{"href":"https:\/\/diarioabcdemichoacan.com.mx\/lasnoticias\/wp-json\/wp\/v2\/posts"}],"about":[{"href":"https:\/\/diarioabcdemichoacan.com.mx\/lasnoticias\/wp-json\/wp\/v2\/types\/post"}],"author":[{"embeddable":true,"href":"https:\/\/diarioabcdemichoacan.com.mx\/lasnoticias\/wp-json\/wp\/v2\/users\/8"}],"replies":[{"embeddable":true,"href":"https:\/\/diarioabcdemichoacan.com.mx\/lasnoticias\/wp-json\/wp\/v2\/comments?post=15187"}],"version-history":[{"count":1,"href":"https:\/\/diarioabcdemichoacan.com.mx\/lasnoticias\/wp-json\/wp\/v2\/posts\/15187\/revisions"}],"predecessor-version":[{"id":15189,"href":"https:\/\/diarioabcdemichoacan.com.mx\/lasnoticias\/wp-json\/wp\/v2\/posts\/15187\/revisions\/15189"}],"wp:featuredmedia":[{"embeddable":true,"href":"https:\/\/diarioabcdemichoacan.com.mx\/lasnoticias\/wp-json\/wp\/v2\/media\/15188"}],"wp:attachment":[{"href":"https:\/\/diarioabcdemichoacan.com.mx\/lasnoticias\/wp-json\/wp\/v2\/media?parent=15187"}],"wp:term":[{"taxonomy":"category","embeddable":true,"href":"https:\/\/diarioabcdemichoacan.com.mx\/lasnoticias\/wp-json\/wp\/v2\/categories?post=15187"},{"taxonomy":"post_tag","embeddable":true,"href":"https:\/\/diarioabcdemichoacan.com.mx\/lasnoticias\/wp-json\/wp\/v2\/tags?post=15187"}],"curies":[{"name":"wp","href":"https:\/\/api.w.org\/{rel}","templated":true}]}}