{"id":15286,"date":"2024-07-13T20:37:35","date_gmt":"2024-07-14T02:37:35","guid":{"rendered":"https:\/\/diarioabcdemichoacan.com.mx\/lasnoticias\/?p=15286"},"modified":"2024-07-13T20:37:35","modified_gmt":"2024-07-14T02:37:35","slug":"manantiales-de-uranden-en-lago-de-patzcuaro-en-franca-recuperacion-le-dan-vida-a-la-isla","status":"publish","type":"post","link":"https:\/\/diarioabcdemichoacan.com.mx\/lasnoticias\/manantiales-de-uranden-en-lago-de-patzcuaro-en-franca-recuperacion-le-dan-vida-a-la-isla\/","title":{"rendered":"Manantiales de Urand\u00e9n en lago de P\u00e1tzcuaro, en franca recuperaci\u00f3n; le dan vida a la isla"},"content":{"rendered":"<h2>Asimismo, en una visita a la isla de Urand\u00e9n, la restauraci\u00f3n de 15 manantiales ubicados en los canales.<\/h2>\n<p>&nbsp;<\/p>\n<p>POR REDACCI\u00d3N, DIARIO ABC DE MICHOAC\u00c1N, 13 DE JULIO DE 2024.<\/p>\n<hr \/>\n<p>P\u00e1tzcuaro, Mich. &#8211; Con el objetivo de conocer los trabajos de conservaci\u00f3n y desasolve del lago de P\u00e1tzcuaro y los canales de la Isla de Urand\u00e9n, autoridades estatales realizaron un recorrido donde supervisaron las acciones realizadas.<\/p>\n<p>&nbsp;<\/p>\n<p>Se pudo conocer el trabajo realizado por maquinaria terrestre de la Secretar\u00eda de Comunicaciones y Obras P\u00fablicas y maquinaria acu\u00e1tica de la Comisi\u00f3n de Pesca, lo que permiti\u00f3 que el nivel del agua haya incrementado y de esa forma permitir el traslado hacia la Isla de Janitzio, incrementando el turismo en la regi\u00f3n.<\/p>\n<p><img loading=\"lazy\" decoding=\"async\" class=\"alignnone size-medium wp-image-15289\" src=\"https:\/\/diarioabcdemichoacan.com.mx\/lasnoticias\/wp-content\/uploads\/2024\/07\/IMG-20240713-WA0052-500x333.jpg\" alt=\"\" width=\"500\" height=\"333\" srcset=\"https:\/\/diarioabcdemichoacan.com.mx\/lasnoticias\/wp-content\/uploads\/2024\/07\/IMG-20240713-WA0052-500x333.jpg 500w, https:\/\/diarioabcdemichoacan.com.mx\/lasnoticias\/wp-content\/uploads\/2024\/07\/IMG-20240713-WA0052-1024x682.jpg 1024w, https:\/\/diarioabcdemichoacan.com.mx\/lasnoticias\/wp-content\/uploads\/2024\/07\/IMG-20240713-WA0052-768x512.jpg 768w, https:\/\/diarioabcdemichoacan.com.mx\/lasnoticias\/wp-content\/uploads\/2024\/07\/IMG-20240713-WA0052-1536x1023.jpg 1536w, https:\/\/diarioabcdemichoacan.com.mx\/lasnoticias\/wp-content\/uploads\/2024\/07\/IMG-20240713-WA0052-150x100.jpg 150w, https:\/\/diarioabcdemichoacan.com.mx\/lasnoticias\/wp-content\/uploads\/2024\/07\/IMG-20240713-WA0052-300x200.jpg 300w, https:\/\/diarioabcdemichoacan.com.mx\/lasnoticias\/wp-content\/uploads\/2024\/07\/IMG-20240713-WA0052-696x464.jpg 696w, https:\/\/diarioabcdemichoacan.com.mx\/lasnoticias\/wp-content\/uploads\/2024\/07\/IMG-20240713-WA0052-1068x712.jpg 1068w, https:\/\/diarioabcdemichoacan.com.mx\/lasnoticias\/wp-content\/uploads\/2024\/07\/IMG-20240713-WA0052.jpg 1600w\" sizes=\"auto, (max-width: 500px) 100vw, 500px\" \/><\/p>\n<p>Asimismo, en una visita a la isla de Urand\u00e9n, la restauraci\u00f3n de 15 manantiales ubicados en los canales permiti\u00f3 que la navegaci\u00f3n retomara sus actividades tanto de comercio, tur\u00edsticas y deportivas, al tener nuevamente actividad la escuela de canotaje, de donde han surgido diversos campeones, siendo un semillero para diversos equipos nacionales que intervienen en competencias internacionales de canotaje.<\/p>\n<p>&nbsp;<\/p>\n<p>Un atractivo m\u00e1s con el que cuenta Urand\u00e9n es la rehabilitaci\u00f3n de 15 manantiales, los cuales, por lo cristalino de sus aguas, permiten ver un azul turquesa en los mismos, convirti\u00e9ndose en una atracci\u00f3n para el turismo estatal y nacional.<\/p>\n<p><img loading=\"lazy\" decoding=\"async\" class=\"alignnone size-medium wp-image-15292\" src=\"https:\/\/diarioabcdemichoacan.com.mx\/lasnoticias\/wp-content\/uploads\/2024\/07\/IMG-20240713-WA0050-500x333.jpg\" alt=\"\" width=\"500\" height=\"333\" srcset=\"https:\/\/diarioabcdemichoacan.com.mx\/lasnoticias\/wp-content\/uploads\/2024\/07\/IMG-20240713-WA0050-500x333.jpg 500w, https:\/\/diarioabcdemichoacan.com.mx\/lasnoticias\/wp-content\/uploads\/2024\/07\/IMG-20240713-WA0050-1024x683.jpg 1024w, https:\/\/diarioabcdemichoacan.com.mx\/lasnoticias\/wp-content\/uploads\/2024\/07\/IMG-20240713-WA0050-768x512.jpg 768w, https:\/\/diarioabcdemichoacan.com.mx\/lasnoticias\/wp-content\/uploads\/2024\/07\/IMG-20240713-WA0050-1536x1024.jpg 1536w, https:\/\/diarioabcdemichoacan.com.mx\/lasnoticias\/wp-content\/uploads\/2024\/07\/IMG-20240713-WA0050-150x100.jpg 150w, https:\/\/diarioabcdemichoacan.com.mx\/lasnoticias\/wp-content\/uploads\/2024\/07\/IMG-20240713-WA0050-300x200.jpg 300w, https:\/\/diarioabcdemichoacan.com.mx\/lasnoticias\/wp-content\/uploads\/2024\/07\/IMG-20240713-WA0050-696x464.jpg 696w, https:\/\/diarioabcdemichoacan.com.mx\/lasnoticias\/wp-content\/uploads\/2024\/07\/IMG-20240713-WA0050-1068x712.jpg 1068w, https:\/\/diarioabcdemichoacan.com.mx\/lasnoticias\/wp-content\/uploads\/2024\/07\/IMG-20240713-WA0050.jpg 1599w\" sizes=\"auto, (max-width: 500px) 100vw, 500px\" \/><\/p>\n<p>Los habitantes de la Isla de Urand\u00e9n agradecieron las diversas acciones realiza el Gobierno estatal e hicieron el compromiso de seguir trabajando de manera coordinada, logrando el crecimiento de la comunidad, tanto econ\u00f3mica como en el tema tur\u00edstico.<\/p>\n<p>&nbsp;<\/p>\n<p>La participaci\u00f3n de la comunidad ha sido fundamental en estos logros. Trabajando de la mano con el gobierno, los habitantes han demostrado una iniciativa admirable para rescatar el lago, un compromiso heredado de generaci\u00f3n en generaci\u00f3n que ha permitido la recuperaci\u00f3n del cuerpo de agua y el fortalecimiento de la identidad comunitaria.<\/p>\n","protected":false},"excerpt":{"rendered":"<p>Asimismo, en una visita a la isla de Urand\u00e9n, la restauraci\u00f3n de 15 manantiales ubicados en los canales. &nbsp; POR REDACCI\u00d3N, DIARIO ABC DE MICHOAC\u00c1N, 13 DE JULIO DE 2024. P\u00e1tzcuaro, Mich. &#8211; Con el objetivo de conocer los trabajos de conservaci\u00f3n y desasolve del lago de P\u00e1tzcuaro y los canales de la Isla de [&hellip;]<\/p>\n","protected":false},"author":9,"featured_media":0,"comment_status":"closed","ping_status":"closed","sticky":false,"template":"","format":"standard","meta":{"footnotes":""},"categories":[10,17,27],"tags":[],"class_list":{"0":"post-15286","1":"post","2":"type-post","3":"status-publish","4":"format-standard","6":"category-estado","7":"category-gobierno-de-michoacan","8":"category-slider"},"yoast_head":"<!-- This site is optimized with the Yoast SEO plugin v24.0 - https:\/\/yoast.com\/wordpress\/plugins\/seo\/ -->\n<title>Manantiales de Urand\u00e9n en lago de P\u00e1tzcuaro, en franca recuperaci\u00f3n; le dan vida a la isla - Diario ABC de Michoac\u00e1n<\/title>\n<meta name=\"robots\" content=\"index, follow, max-snippet:-1, max-image-preview:large, max-video-preview:-1\" \/>\n<link rel=\"canonical\" href=\"https:\/\/diarioabcdemichoacan.com.mx\/lasnoticias\/manantiales-de-uranden-en-lago-de-patzcuaro-en-franca-recuperacion-le-dan-vida-a-la-isla\/\" \/>\n<meta property=\"og:locale\" content=\"es_ES\" \/>\n<meta property=\"og:type\" content=\"article\" \/>\n<meta property=\"og:title\" content=\"Manantiales de Urand\u00e9n en lago de P\u00e1tzcuaro, en franca recuperaci\u00f3n; le dan vida a la isla - Diario ABC de Michoac\u00e1n\" \/>\n<meta property=\"og:description\" content=\"Asimismo, en una visita a la isla de Urand\u00e9n, la restauraci\u00f3n de 15 manantiales ubicados en los canales. &nbsp; POR REDACCI\u00d3N, DIARIO ABC DE MICHOAC\u00c1N, 13 DE JULIO DE 2024. P\u00e1tzcuaro, Mich. &#8211; Con el objetivo de conocer los trabajos de conservaci\u00f3n y desasolve del lago de P\u00e1tzcuaro y los canales de la Isla de [&hellip;]\" \/>\n<meta property=\"og:url\" content=\"https:\/\/diarioabcdemichoacan.com.mx\/lasnoticias\/manantiales-de-uranden-en-lago-de-patzcuaro-en-franca-recuperacion-le-dan-vida-a-la-isla\/\" \/>\n<meta property=\"og:site_name\" content=\"Diario ABC de Michoac\u00e1n\" \/>\n<meta property=\"article:published_time\" content=\"2024-07-14T02:37:35+00:00\" \/>\n<meta property=\"og:image\" content=\"https:\/\/diarioabcdemichoacan.com.mx\/lasnoticias\/wp-content\/uploads\/2024\/07\/IMG-20240713-WA0052-500x333.jpg\" \/>\n<meta name=\"author\" content=\"AR\" \/>\n<meta name=\"twitter:card\" content=\"summary_large_image\" \/>\n<meta name=\"twitter:label1\" content=\"Escrito por\" \/>\n\t<meta name=\"twitter:data1\" content=\"AR\" \/>\n\t<meta name=\"twitter:label2\" content=\"Tiempo de lectura\" \/>\n\t<meta name=\"twitter:data2\" content=\"2 minutos\" \/>\n<script type=\"application\/ld+json\" class=\"yoast-schema-graph\">{\"@context\":\"https:\/\/schema.org\",\"@graph\":[{\"@type\":\"WebPage\",\"@id\":\"https:\/\/diarioabcdemichoacan.com.mx\/lasnoticias\/manantiales-de-uranden-en-lago-de-patzcuaro-en-franca-recuperacion-le-dan-vida-a-la-isla\/\",\"url\":\"https:\/\/diarioabcdemichoacan.com.mx\/lasnoticias\/manantiales-de-uranden-en-lago-de-patzcuaro-en-franca-recuperacion-le-dan-vida-a-la-isla\/\",\"name\":\"Manantiales de Urand\u00e9n en lago de P\u00e1tzcuaro, en franca recuperaci\u00f3n; le dan vida a la isla - Diario ABC de Michoac\u00e1n\",\"isPartOf\":{\"@id\":\"https:\/\/diarioabcdemichoacan.com.mx\/lasnoticias\/#website\"},\"primaryImageOfPage\":{\"@id\":\"https:\/\/diarioabcdemichoacan.com.mx\/lasnoticias\/manantiales-de-uranden-en-lago-de-patzcuaro-en-franca-recuperacion-le-dan-vida-a-la-isla\/#primaryimage\"},\"image\":{\"@id\":\"https:\/\/diarioabcdemichoacan.com.mx\/lasnoticias\/manantiales-de-uranden-en-lago-de-patzcuaro-en-franca-recuperacion-le-dan-vida-a-la-isla\/#primaryimage\"},\"thumbnailUrl\":\"https:\/\/diarioabcdemichoacan.com.mx\/lasnoticias\/wp-content\/uploads\/2024\/07\/IMG-20240713-WA0052-500x333.jpg\",\"datePublished\":\"2024-07-14T02:37:35+00:00\",\"dateModified\":\"2024-07-14T02:37:35+00:00\",\"author\":{\"@id\":\"https:\/\/diarioabcdemichoacan.com.mx\/lasnoticias\/#\/schema\/person\/19ae376040f6cbc489682ebdd8524852\"},\"breadcrumb\":{\"@id\":\"https:\/\/diarioabcdemichoacan.com.mx\/lasnoticias\/manantiales-de-uranden-en-lago-de-patzcuaro-en-franca-recuperacion-le-dan-vida-a-la-isla\/#breadcrumb\"},\"inLanguage\":\"es\",\"potentialAction\":[{\"@type\":\"ReadAction\",\"target\":[\"https:\/\/diarioabcdemichoacan.com.mx\/lasnoticias\/manantiales-de-uranden-en-lago-de-patzcuaro-en-franca-recuperacion-le-dan-vida-a-la-isla\/\"]}]},{\"@type\":\"ImageObject\",\"inLanguage\":\"es\",\"@id\":\"https:\/\/diarioabcdemichoacan.com.mx\/lasnoticias\/manantiales-de-uranden-en-lago-de-patzcuaro-en-franca-recuperacion-le-dan-vida-a-la-isla\/#primaryimage\",\"url\":\"https:\/\/diarioabcdemichoacan.com.mx\/lasnoticias\/wp-content\/uploads\/2024\/07\/IMG-20240713-WA0052.jpg\",\"contentUrl\":\"https:\/\/diarioabcdemichoacan.com.mx\/lasnoticias\/wp-content\/uploads\/2024\/07\/IMG-20240713-WA0052.jpg\",\"width\":1600,\"height\":1066},{\"@type\":\"BreadcrumbList\",\"@id\":\"https:\/\/diarioabcdemichoacan.com.mx\/lasnoticias\/manantiales-de-uranden-en-lago-de-patzcuaro-en-franca-recuperacion-le-dan-vida-a-la-isla\/#breadcrumb\",\"itemListElement\":[{\"@type\":\"ListItem\",\"position\":1,\"name\":\"Portada\",\"item\":\"https:\/\/diarioabcdemichoacan.com.mx\/lasnoticias\/\"},{\"@type\":\"ListItem\",\"position\":2,\"name\":\"Manantiales de Urand\u00e9n en lago de P\u00e1tzcuaro, en franca recuperaci\u00f3n; le dan vida a la isla\"}]},{\"@type\":\"WebSite\",\"@id\":\"https:\/\/diarioabcdemichoacan.com.mx\/lasnoticias\/#website\",\"url\":\"https:\/\/diarioabcdemichoacan.com.mx\/lasnoticias\/\",\"name\":\"Diario ABC de Michoac\u00e1n\",\"description\":\"Las noticias al momento\",\"potentialAction\":[{\"@type\":\"SearchAction\",\"target\":{\"@type\":\"EntryPoint\",\"urlTemplate\":\"https:\/\/diarioabcdemichoacan.com.mx\/lasnoticias\/?s={search_term_string}\"},\"query-input\":{\"@type\":\"PropertyValueSpecification\",\"valueRequired\":true,\"valueName\":\"search_term_string\"}}],\"inLanguage\":\"es\"},{\"@type\":\"Person\",\"@id\":\"https:\/\/diarioabcdemichoacan.com.mx\/lasnoticias\/#\/schema\/person\/19ae376040f6cbc489682ebdd8524852\",\"name\":\"AR\",\"image\":{\"@type\":\"ImageObject\",\"inLanguage\":\"es\",\"@id\":\"https:\/\/diarioabcdemichoacan.com.mx\/lasnoticias\/#\/schema\/person\/image\/\",\"url\":\"https:\/\/secure.gravatar.com\/avatar\/44eca2ff970262234e20e1e082872af0?s=96&d=mm&r=g\",\"contentUrl\":\"https:\/\/secure.gravatar.com\/avatar\/44eca2ff970262234e20e1e082872af0?s=96&d=mm&r=g\",\"caption\":\"AR\"},\"url\":\"https:\/\/diarioabcdemichoacan.com.mx\/lasnoticias\/author\/adrian\/\"}]}<\/script>\n<!-- \/ Yoast SEO plugin. -->","yoast_head_json":{"title":"Manantiales de Urand\u00e9n en lago de P\u00e1tzcuaro, en franca recuperaci\u00f3n; le dan vida a la isla - Diario ABC de Michoac\u00e1n","robots":{"index":"index","follow":"follow","max-snippet":"max-snippet:-1","max-image-preview":"max-image-preview:large","max-video-preview":"max-video-preview:-1"},"canonical":"https:\/\/diarioabcdemichoacan.com.mx\/lasnoticias\/manantiales-de-uranden-en-lago-de-patzcuaro-en-franca-recuperacion-le-dan-vida-a-la-isla\/","og_locale":"es_ES","og_type":"article","og_title":"Manantiales de Urand\u00e9n en lago de P\u00e1tzcuaro, en franca recuperaci\u00f3n; le dan vida a la isla - Diario ABC de Michoac\u00e1n","og_description":"Asimismo, en una visita a la isla de Urand\u00e9n, la restauraci\u00f3n de 15 manantiales ubicados en los canales. &nbsp; POR REDACCI\u00d3N, DIARIO ABC DE MICHOAC\u00c1N, 13 DE JULIO DE 2024. P\u00e1tzcuaro, Mich. &#8211; Con el objetivo de conocer los trabajos de conservaci\u00f3n y desasolve del lago de P\u00e1tzcuaro y los canales de la Isla de [&hellip;]","og_url":"https:\/\/diarioabcdemichoacan.com.mx\/lasnoticias\/manantiales-de-uranden-en-lago-de-patzcuaro-en-franca-recuperacion-le-dan-vida-a-la-isla\/","og_site_name":"Diario ABC de Michoac\u00e1n","article_published_time":"2024-07-14T02:37:35+00:00","og_image":[{"url":"https:\/\/diarioabcdemichoacan.com.mx\/lasnoticias\/wp-content\/uploads\/2024\/07\/IMG-20240713-WA0052-500x333.jpg","type":"","width":"","height":""}],"author":"AR","twitter_card":"summary_large_image","twitter_misc":{"Escrito por":"AR","Tiempo de lectura":"2 minutos"},"schema":{"@context":"https:\/\/schema.org","@graph":[{"@type":"WebPage","@id":"https:\/\/diarioabcdemichoacan.com.mx\/lasnoticias\/manantiales-de-uranden-en-lago-de-patzcuaro-en-franca-recuperacion-le-dan-vida-a-la-isla\/","url":"https:\/\/diarioabcdemichoacan.com.mx\/lasnoticias\/manantiales-de-uranden-en-lago-de-patzcuaro-en-franca-recuperacion-le-dan-vida-a-la-isla\/","name":"Manantiales de Urand\u00e9n en lago de P\u00e1tzcuaro, en franca recuperaci\u00f3n; le dan vida a la isla - Diario ABC de Michoac\u00e1n","isPartOf":{"@id":"https:\/\/diarioabcdemichoacan.com.mx\/lasnoticias\/#website"},"primaryImageOfPage":{"@id":"https:\/\/diarioabcdemichoacan.com.mx\/lasnoticias\/manantiales-de-uranden-en-lago-de-patzcuaro-en-franca-recuperacion-le-dan-vida-a-la-isla\/#primaryimage"},"image":{"@id":"https:\/\/diarioabcdemichoacan.com.mx\/lasnoticias\/manantiales-de-uranden-en-lago-de-patzcuaro-en-franca-recuperacion-le-dan-vida-a-la-isla\/#primaryimage"},"thumbnailUrl":"https:\/\/diarioabcdemichoacan.com.mx\/lasnoticias\/wp-content\/uploads\/2024\/07\/IMG-20240713-WA0052-500x333.jpg","datePublished":"2024-07-14T02:37:35+00:00","dateModified":"2024-07-14T02:37:35+00:00","author":{"@id":"https:\/\/diarioabcdemichoacan.com.mx\/lasnoticias\/#\/schema\/person\/19ae376040f6cbc489682ebdd8524852"},"breadcrumb":{"@id":"https:\/\/diarioabcdemichoacan.com.mx\/lasnoticias\/manantiales-de-uranden-en-lago-de-patzcuaro-en-franca-recuperacion-le-dan-vida-a-la-isla\/#breadcrumb"},"inLanguage":"es","potentialAction":[{"@type":"ReadAction","target":["https:\/\/diarioabcdemichoacan.com.mx\/lasnoticias\/manantiales-de-uranden-en-lago-de-patzcuaro-en-franca-recuperacion-le-dan-vida-a-la-isla\/"]}]},{"@type":"ImageObject","inLanguage":"es","@id":"https:\/\/diarioabcdemichoacan.com.mx\/lasnoticias\/manantiales-de-uranden-en-lago-de-patzcuaro-en-franca-recuperacion-le-dan-vida-a-la-isla\/#primaryimage","url":"https:\/\/diarioabcdemichoacan.com.mx\/lasnoticias\/wp-content\/uploads\/2024\/07\/IMG-20240713-WA0052.jpg","contentUrl":"https:\/\/diarioabcdemichoacan.com.mx\/lasnoticias\/wp-content\/uploads\/2024\/07\/IMG-20240713-WA0052.jpg","width":1600,"height":1066},{"@type":"BreadcrumbList","@id":"https:\/\/diarioabcdemichoacan.com.mx\/lasnoticias\/manantiales-de-uranden-en-lago-de-patzcuaro-en-franca-recuperacion-le-dan-vida-a-la-isla\/#breadcrumb","itemListElement":[{"@type":"ListItem","position":1,"name":"Portada","item":"https:\/\/diarioabcdemichoacan.com.mx\/lasnoticias\/"},{"@type":"ListItem","position":2,"name":"Manantiales de Urand\u00e9n en lago de P\u00e1tzcuaro, en franca recuperaci\u00f3n; le dan vida a la isla"}]},{"@type":"WebSite","@id":"https:\/\/diarioabcdemichoacan.com.mx\/lasnoticias\/#website","url":"https:\/\/diarioabcdemichoacan.com.mx\/lasnoticias\/","name":"Diario ABC de Michoac\u00e1n","description":"Las noticias al momento","potentialAction":[{"@type":"SearchAction","target":{"@type":"EntryPoint","urlTemplate":"https:\/\/diarioabcdemichoacan.com.mx\/lasnoticias\/?s={search_term_string}"},"query-input":{"@type":"PropertyValueSpecification","valueRequired":true,"valueName":"search_term_string"}}],"inLanguage":"es"},{"@type":"Person","@id":"https:\/\/diarioabcdemichoacan.com.mx\/lasnoticias\/#\/schema\/person\/19ae376040f6cbc489682ebdd8524852","name":"AR","image":{"@type":"ImageObject","inLanguage":"es","@id":"https:\/\/diarioabcdemichoacan.com.mx\/lasnoticias\/#\/schema\/person\/image\/","url":"https:\/\/secure.gravatar.com\/avatar\/44eca2ff970262234e20e1e082872af0?s=96&d=mm&r=g","contentUrl":"https:\/\/secure.gravatar.com\/avatar\/44eca2ff970262234e20e1e082872af0?s=96&d=mm&r=g","caption":"AR"},"url":"https:\/\/diarioabcdemichoacan.com.mx\/lasnoticias\/author\/adrian\/"}]}},"_links":{"self":[{"href":"https:\/\/diarioabcdemichoacan.com.mx\/lasnoticias\/wp-json\/wp\/v2\/posts\/15286","targetHints":{"allow":["GET"]}}],"collection":[{"href":"https:\/\/diarioabcdemichoacan.com.mx\/lasnoticias\/wp-json\/wp\/v2\/posts"}],"about":[{"href":"https:\/\/diarioabcdemichoacan.com.mx\/lasnoticias\/wp-json\/wp\/v2\/types\/post"}],"author":[{"embeddable":true,"href":"https:\/\/diarioabcdemichoacan.com.mx\/lasnoticias\/wp-json\/wp\/v2\/users\/9"}],"replies":[{"embeddable":true,"href":"https:\/\/diarioabcdemichoacan.com.mx\/lasnoticias\/wp-json\/wp\/v2\/comments?post=15286"}],"version-history":[{"count":1,"href":"https:\/\/diarioabcdemichoacan.com.mx\/lasnoticias\/wp-json\/wp\/v2\/posts\/15286\/revisions"}],"predecessor-version":[{"id":15293,"href":"https:\/\/diarioabcdemichoacan.com.mx\/lasnoticias\/wp-json\/wp\/v2\/posts\/15286\/revisions\/15293"}],"wp:attachment":[{"href":"https:\/\/diarioabcdemichoacan.com.mx\/lasnoticias\/wp-json\/wp\/v2\/media?parent=15286"}],"wp:term":[{"taxonomy":"category","embeddable":true,"href":"https:\/\/diarioabcdemichoacan.com.mx\/lasnoticias\/wp-json\/wp\/v2\/categories?post=15286"},{"taxonomy":"post_tag","embeddable":true,"href":"https:\/\/diarioabcdemichoacan.com.mx\/lasnoticias\/wp-json\/wp\/v2\/tags?post=15286"}],"curies":[{"name":"wp","href":"https:\/\/api.w.org\/{rel}","templated":true}]}}