{"id":15303,"date":"2024-07-14T10:19:01","date_gmt":"2024-07-14T16:19:01","guid":{"rendered":"https:\/\/diarioabcdemichoacan.com.mx\/lasnoticias\/?p=15303"},"modified":"2024-07-14T10:19:36","modified_gmt":"2024-07-14T16:19:36","slug":"devela-bedolla-maqueta-del-nuevo-mercado-de-patzcuaro","status":"publish","type":"post","link":"https:\/\/diarioabcdemichoacan.com.mx\/lasnoticias\/devela-bedolla-maqueta-del-nuevo-mercado-de-patzcuaro\/","title":{"rendered":"Devela Bedolla maqueta del nuevo mercado de P\u00e1tzcuaro."},"content":{"rendered":"<h2>Permitir\u00e1 que la poblaci\u00f3n conozca como ser\u00e1 su estructura y la fachada.<\/h2>\n<p>&nbsp;<\/p>\n<h6>POR REDACCI\u00d3N, DIARIO ABC DE MICHOAC\u00c1N, 14 DE JULIO DE 2024.<\/h6>\n<hr \/>\n<p>P\u00e1tzcuaro, Mich. &#8211; El Gobernador Alfredo Ram\u00edrez Bedolla, devel\u00f3 la maqueta del nuevo mercado de P\u00e1tzcuaro, la cual permitir\u00e1 que la poblaci\u00f3n conozca la estructura y fechada de este proyecto que cuenta con 16 mil metros cuadrados, dos plantas arquitect\u00f3nicas, estacionamiento y la Plaza del Volador, siendo un referente en materia econ\u00f3mica y tur\u00edstica.<\/p>\n<p>&nbsp;<\/p>\n<p>El Gobernador indic\u00f3 que aunque los trabajos de remodelaci\u00f3n ya llevan algunos meses en ejecuci\u00f3n, fue hasta que el Instituto Nacional de Antropolog\u00eda e Historia (INAH) aprob\u00f3 el dise\u00f1o de la fachada, que se pudo tener lista dicha maqueta.<\/p>\n<p>&nbsp;<\/p>\n<p><img loading=\"lazy\" decoding=\"async\" class=\"alignnone size-medium wp-image-15306\" src=\"https:\/\/diarioabcdemichoacan.com.mx\/lasnoticias\/wp-content\/uploads\/2024\/07\/WhatsApp-Image-2024-07-14-at-10.05.57-AM-1-500x333.jpeg\" alt=\"\" width=\"500\" height=\"333\" srcset=\"https:\/\/diarioabcdemichoacan.com.mx\/lasnoticias\/wp-content\/uploads\/2024\/07\/WhatsApp-Image-2024-07-14-at-10.05.57-AM-1-500x333.jpeg 500w, https:\/\/diarioabcdemichoacan.com.mx\/lasnoticias\/wp-content\/uploads\/2024\/07\/WhatsApp-Image-2024-07-14-at-10.05.57-AM-1-1024x682.jpeg 1024w, https:\/\/diarioabcdemichoacan.com.mx\/lasnoticias\/wp-content\/uploads\/2024\/07\/WhatsApp-Image-2024-07-14-at-10.05.57-AM-1-768x511.jpeg 768w, https:\/\/diarioabcdemichoacan.com.mx\/lasnoticias\/wp-content\/uploads\/2024\/07\/WhatsApp-Image-2024-07-14-at-10.05.57-AM-1-150x100.jpeg 150w, https:\/\/diarioabcdemichoacan.com.mx\/lasnoticias\/wp-content\/uploads\/2024\/07\/WhatsApp-Image-2024-07-14-at-10.05.57-AM-1-300x200.jpeg 300w, https:\/\/diarioabcdemichoacan.com.mx\/lasnoticias\/wp-content\/uploads\/2024\/07\/WhatsApp-Image-2024-07-14-at-10.05.57-AM-1-696x463.jpeg 696w, https:\/\/diarioabcdemichoacan.com.mx\/lasnoticias\/wp-content\/uploads\/2024\/07\/WhatsApp-Image-2024-07-14-at-10.05.57-AM-1-1068x711.jpeg 1068w, https:\/\/diarioabcdemichoacan.com.mx\/lasnoticias\/wp-content\/uploads\/2024\/07\/WhatsApp-Image-2024-07-14-at-10.05.57-AM-1.jpeg 1280w\" sizes=\"auto, (max-width: 500px) 100vw, 500px\" \/><\/p>\n<p>&nbsp;<\/p>\n<p>Ram\u00edrez Bedolla, refiri\u00f3 que ser\u00e1 una arquitectura que coincida con los alrededores, al formar parte del pol\u00edgono que se present\u00f3 ante la Unesco, para decretar a P\u00e1tzcuaro como Patrimonio Mundial de la Humanidad.<\/p>\n<p>&nbsp;<\/p>\n<p>Gladyz Butanda Mac\u00edas, secretaria de Desarrollo Urbano y Movilidad, destac\u00f3 la importancia de contar con la maqueta del nuevo mercado, con lo que se da continuidad a los trabajos para ubicar a P\u00e1tzcuaro en otro nivel con estrategias de ordenamiento y el Programa del Centro Hist\u00f3rico.<\/p>\n<p>&nbsp;<\/p>\n<p><img loading=\"lazy\" decoding=\"async\" class=\"alignnone size-medium wp-image-15304\" src=\"https:\/\/diarioabcdemichoacan.com.mx\/lasnoticias\/wp-content\/uploads\/2024\/07\/WhatsApp-Image-2024-07-14-at-10.05.57-AM-3-500x333.jpeg\" alt=\"\" width=\"500\" height=\"333\" srcset=\"https:\/\/diarioabcdemichoacan.com.mx\/lasnoticias\/wp-content\/uploads\/2024\/07\/WhatsApp-Image-2024-07-14-at-10.05.57-AM-3-500x333.jpeg 500w, https:\/\/diarioabcdemichoacan.com.mx\/lasnoticias\/wp-content\/uploads\/2024\/07\/WhatsApp-Image-2024-07-14-at-10.05.57-AM-3-1024x682.jpeg 1024w, https:\/\/diarioabcdemichoacan.com.mx\/lasnoticias\/wp-content\/uploads\/2024\/07\/WhatsApp-Image-2024-07-14-at-10.05.57-AM-3-768x511.jpeg 768w, https:\/\/diarioabcdemichoacan.com.mx\/lasnoticias\/wp-content\/uploads\/2024\/07\/WhatsApp-Image-2024-07-14-at-10.05.57-AM-3-150x100.jpeg 150w, https:\/\/diarioabcdemichoacan.com.mx\/lasnoticias\/wp-content\/uploads\/2024\/07\/WhatsApp-Image-2024-07-14-at-10.05.57-AM-3-300x200.jpeg 300w, https:\/\/diarioabcdemichoacan.com.mx\/lasnoticias\/wp-content\/uploads\/2024\/07\/WhatsApp-Image-2024-07-14-at-10.05.57-AM-3-696x463.jpeg 696w, https:\/\/diarioabcdemichoacan.com.mx\/lasnoticias\/wp-content\/uploads\/2024\/07\/WhatsApp-Image-2024-07-14-at-10.05.57-AM-3-1068x711.jpeg 1068w, https:\/\/diarioabcdemichoacan.com.mx\/lasnoticias\/wp-content\/uploads\/2024\/07\/WhatsApp-Image-2024-07-14-at-10.05.57-AM-3.jpeg 1280w\" sizes=\"auto, (max-width: 500px) 100vw, 500px\" \/><\/p>\n<p>&nbsp;<\/p>\n<p>\u00abEn el mercado se ten\u00edan dos retos, el primero era dise\u00f1arlo en base a las necesidades de los usuarios y demandas de la ciudadan\u00eda, y segundo, lograr una integraci\u00f3n arm\u00f3nica al entorno inmediato hist\u00f3rico y para ello, se tuvieron diversas mesas de trabajo para la integraci\u00f3n completa con el entorno existente\u00bb, indic\u00f3.<\/p>\n<p>&nbsp;<\/p>\n<p>El presidente municipal, Julio Arreola V\u00e1zquez, agradeci\u00f3 al gobernador el inter\u00e9s y disposici\u00f3n para que a trav\u00e9s de estas acciones como la construcci\u00f3n del nuevo mercado, se pueda ubicar a P\u00e1tzcuaro como Patrimonio Mundial de la Humanidad.<\/p>\n<p>&nbsp;<\/p>\n<p><img loading=\"lazy\" decoding=\"async\" class=\"alignnone size-medium wp-image-15305\" src=\"https:\/\/diarioabcdemichoacan.com.mx\/lasnoticias\/wp-content\/uploads\/2024\/07\/WhatsApp-Image-2024-07-14-at-10.05.57-AM-2-500x333.jpeg\" alt=\"\" width=\"500\" height=\"333\" srcset=\"https:\/\/diarioabcdemichoacan.com.mx\/lasnoticias\/wp-content\/uploads\/2024\/07\/WhatsApp-Image-2024-07-14-at-10.05.57-AM-2-500x333.jpeg 500w, https:\/\/diarioabcdemichoacan.com.mx\/lasnoticias\/wp-content\/uploads\/2024\/07\/WhatsApp-Image-2024-07-14-at-10.05.57-AM-2-1024x682.jpeg 1024w, https:\/\/diarioabcdemichoacan.com.mx\/lasnoticias\/wp-content\/uploads\/2024\/07\/WhatsApp-Image-2024-07-14-at-10.05.57-AM-2-768x511.jpeg 768w, https:\/\/diarioabcdemichoacan.com.mx\/lasnoticias\/wp-content\/uploads\/2024\/07\/WhatsApp-Image-2024-07-14-at-10.05.57-AM-2-150x100.jpeg 150w, https:\/\/diarioabcdemichoacan.com.mx\/lasnoticias\/wp-content\/uploads\/2024\/07\/WhatsApp-Image-2024-07-14-at-10.05.57-AM-2-300x200.jpeg 300w, https:\/\/diarioabcdemichoacan.com.mx\/lasnoticias\/wp-content\/uploads\/2024\/07\/WhatsApp-Image-2024-07-14-at-10.05.57-AM-2-696x463.jpeg 696w, https:\/\/diarioabcdemichoacan.com.mx\/lasnoticias\/wp-content\/uploads\/2024\/07\/WhatsApp-Image-2024-07-14-at-10.05.57-AM-2-1068x711.jpeg 1068w, https:\/\/diarioabcdemichoacan.com.mx\/lasnoticias\/wp-content\/uploads\/2024\/07\/WhatsApp-Image-2024-07-14-at-10.05.57-AM-2.jpeg 1280w\" sizes=\"auto, (max-width: 500px) 100vw, 500px\" \/><\/p>\n<p>&nbsp;<\/p>\n<p>En el marco de este evento, el mandatario estatal realiz\u00f3 un recorrido por la obra, misma que presenta un 50 por ciento de avance y que para diciembre pr\u00f3ximo estar\u00eda concluida.<\/p>\n<p>&nbsp;<\/p>\n<p>Acompa\u00f1aron al Gobernador, el secretario de Turismo, Roberto Monroy Garc\u00eda, Marco Antonio Rodr\u00edguez Espinoza, director general del INAH Michoac\u00e1n, funcionarios estatales, municipales y habitantes de P\u00e1tzcuaro.<\/p>\n","protected":false},"excerpt":{"rendered":"<p>Permitir\u00e1 que la poblaci\u00f3n conozca como ser\u00e1 su estructura y la fachada. &nbsp; POR REDACCI\u00d3N, DIARIO ABC DE MICHOAC\u00c1N, 14 DE JULIO DE 2024. P\u00e1tzcuaro, Mich. &#8211; El Gobernador Alfredo Ram\u00edrez Bedolla, devel\u00f3 la maqueta del nuevo mercado de P\u00e1tzcuaro, la cual permitir\u00e1 que la poblaci\u00f3n conozca la estructura y fechada de este proyecto que [&hellip;]<\/p>\n","protected":false},"author":9,"featured_media":15307,"comment_status":"closed","ping_status":"closed","sticky":false,"template":"","format":"standard","meta":{"footnotes":""},"categories":[10,17,27],"tags":[],"class_list":{"0":"post-15303","1":"post","2":"type-post","3":"status-publish","4":"format-standard","5":"has-post-thumbnail","7":"category-estado","8":"category-gobierno-de-michoacan","9":"category-slider"},"yoast_head":"<!-- This site is optimized with the Yoast SEO plugin v24.0 - https:\/\/yoast.com\/wordpress\/plugins\/seo\/ -->\n<title>Devela Bedolla maqueta del nuevo mercado de P\u00e1tzcuaro. - Diario ABC de Michoac\u00e1n<\/title>\n<meta name=\"robots\" content=\"index, follow, max-snippet:-1, max-image-preview:large, max-video-preview:-1\" \/>\n<link rel=\"canonical\" href=\"https:\/\/diarioabcdemichoacan.com.mx\/lasnoticias\/devela-bedolla-maqueta-del-nuevo-mercado-de-patzcuaro\/\" \/>\n<meta property=\"og:locale\" content=\"es_ES\" \/>\n<meta property=\"og:type\" content=\"article\" \/>\n<meta property=\"og:title\" content=\"Devela Bedolla maqueta del nuevo mercado de P\u00e1tzcuaro. - Diario ABC de Michoac\u00e1n\" \/>\n<meta property=\"og:description\" content=\"Permitir\u00e1 que la poblaci\u00f3n conozca como ser\u00e1 su estructura y la fachada. &nbsp; POR REDACCI\u00d3N, DIARIO ABC DE MICHOAC\u00c1N, 14 DE JULIO DE 2024. P\u00e1tzcuaro, Mich. &#8211; El Gobernador Alfredo Ram\u00edrez Bedolla, devel\u00f3 la maqueta del nuevo mercado de P\u00e1tzcuaro, la cual permitir\u00e1 que la poblaci\u00f3n conozca la estructura y fechada de este proyecto que [&hellip;]\" \/>\n<meta property=\"og:url\" content=\"https:\/\/diarioabcdemichoacan.com.mx\/lasnoticias\/devela-bedolla-maqueta-del-nuevo-mercado-de-patzcuaro\/\" \/>\n<meta property=\"og:site_name\" content=\"Diario ABC de Michoac\u00e1n\" \/>\n<meta property=\"article:published_time\" content=\"2024-07-14T16:19:01+00:00\" \/>\n<meta property=\"article:modified_time\" content=\"2024-07-14T16:19:36+00:00\" \/>\n<meta property=\"og:image\" content=\"https:\/\/diarioabcdemichoacan.com.mx\/lasnoticias\/wp-content\/uploads\/2024\/07\/WhatsApp-Image-2024-07-14-at-10.05.57-AM.jpeg\" \/>\n\t<meta property=\"og:image:width\" content=\"1280\" \/>\n\t<meta property=\"og:image:height\" content=\"852\" \/>\n\t<meta property=\"og:image:type\" content=\"image\/jpeg\" \/>\n<meta name=\"author\" content=\"AR\" \/>\n<meta name=\"twitter:card\" content=\"summary_large_image\" \/>\n<meta name=\"twitter:label1\" content=\"Escrito por\" \/>\n\t<meta name=\"twitter:data1\" content=\"AR\" \/>\n\t<meta name=\"twitter:label2\" content=\"Tiempo de lectura\" \/>\n\t<meta name=\"twitter:data2\" content=\"3 minutos\" \/>\n<script type=\"application\/ld+json\" class=\"yoast-schema-graph\">{\"@context\":\"https:\/\/schema.org\",\"@graph\":[{\"@type\":\"WebPage\",\"@id\":\"https:\/\/diarioabcdemichoacan.com.mx\/lasnoticias\/devela-bedolla-maqueta-del-nuevo-mercado-de-patzcuaro\/\",\"url\":\"https:\/\/diarioabcdemichoacan.com.mx\/lasnoticias\/devela-bedolla-maqueta-del-nuevo-mercado-de-patzcuaro\/\",\"name\":\"Devela Bedolla maqueta del nuevo mercado de P\u00e1tzcuaro. - Diario ABC de Michoac\u00e1n\",\"isPartOf\":{\"@id\":\"https:\/\/diarioabcdemichoacan.com.mx\/lasnoticias\/#website\"},\"primaryImageOfPage\":{\"@id\":\"https:\/\/diarioabcdemichoacan.com.mx\/lasnoticias\/devela-bedolla-maqueta-del-nuevo-mercado-de-patzcuaro\/#primaryimage\"},\"image\":{\"@id\":\"https:\/\/diarioabcdemichoacan.com.mx\/lasnoticias\/devela-bedolla-maqueta-del-nuevo-mercado-de-patzcuaro\/#primaryimage\"},\"thumbnailUrl\":\"https:\/\/diarioabcdemichoacan.com.mx\/lasnoticias\/wp-content\/uploads\/2024\/07\/WhatsApp-Image-2024-07-14-at-10.05.57-AM.jpeg\",\"datePublished\":\"2024-07-14T16:19:01+00:00\",\"dateModified\":\"2024-07-14T16:19:36+00:00\",\"author\":{\"@id\":\"https:\/\/diarioabcdemichoacan.com.mx\/lasnoticias\/#\/schema\/person\/19ae376040f6cbc489682ebdd8524852\"},\"breadcrumb\":{\"@id\":\"https:\/\/diarioabcdemichoacan.com.mx\/lasnoticias\/devela-bedolla-maqueta-del-nuevo-mercado-de-patzcuaro\/#breadcrumb\"},\"inLanguage\":\"es\",\"potentialAction\":[{\"@type\":\"ReadAction\",\"target\":[\"https:\/\/diarioabcdemichoacan.com.mx\/lasnoticias\/devela-bedolla-maqueta-del-nuevo-mercado-de-patzcuaro\/\"]}]},{\"@type\":\"ImageObject\",\"inLanguage\":\"es\",\"@id\":\"https:\/\/diarioabcdemichoacan.com.mx\/lasnoticias\/devela-bedolla-maqueta-del-nuevo-mercado-de-patzcuaro\/#primaryimage\",\"url\":\"https:\/\/diarioabcdemichoacan.com.mx\/lasnoticias\/wp-content\/uploads\/2024\/07\/WhatsApp-Image-2024-07-14-at-10.05.57-AM.jpeg\",\"contentUrl\":\"https:\/\/diarioabcdemichoacan.com.mx\/lasnoticias\/wp-content\/uploads\/2024\/07\/WhatsApp-Image-2024-07-14-at-10.05.57-AM.jpeg\",\"width\":1280,\"height\":852},{\"@type\":\"BreadcrumbList\",\"@id\":\"https:\/\/diarioabcdemichoacan.com.mx\/lasnoticias\/devela-bedolla-maqueta-del-nuevo-mercado-de-patzcuaro\/#breadcrumb\",\"itemListElement\":[{\"@type\":\"ListItem\",\"position\":1,\"name\":\"Portada\",\"item\":\"https:\/\/diarioabcdemichoacan.com.mx\/lasnoticias\/\"},{\"@type\":\"ListItem\",\"position\":2,\"name\":\"Devela Bedolla maqueta del nuevo mercado de P\u00e1tzcuaro.\"}]},{\"@type\":\"WebSite\",\"@id\":\"https:\/\/diarioabcdemichoacan.com.mx\/lasnoticias\/#website\",\"url\":\"https:\/\/diarioabcdemichoacan.com.mx\/lasnoticias\/\",\"name\":\"Diario ABC de Michoac\u00e1n\",\"description\":\"Las noticias al momento\",\"potentialAction\":[{\"@type\":\"SearchAction\",\"target\":{\"@type\":\"EntryPoint\",\"urlTemplate\":\"https:\/\/diarioabcdemichoacan.com.mx\/lasnoticias\/?s={search_term_string}\"},\"query-input\":{\"@type\":\"PropertyValueSpecification\",\"valueRequired\":true,\"valueName\":\"search_term_string\"}}],\"inLanguage\":\"es\"},{\"@type\":\"Person\",\"@id\":\"https:\/\/diarioabcdemichoacan.com.mx\/lasnoticias\/#\/schema\/person\/19ae376040f6cbc489682ebdd8524852\",\"name\":\"AR\",\"image\":{\"@type\":\"ImageObject\",\"inLanguage\":\"es\",\"@id\":\"https:\/\/diarioabcdemichoacan.com.mx\/lasnoticias\/#\/schema\/person\/image\/\",\"url\":\"https:\/\/secure.gravatar.com\/avatar\/44eca2ff970262234e20e1e082872af0?s=96&d=mm&r=g\",\"contentUrl\":\"https:\/\/secure.gravatar.com\/avatar\/44eca2ff970262234e20e1e082872af0?s=96&d=mm&r=g\",\"caption\":\"AR\"},\"url\":\"https:\/\/diarioabcdemichoacan.com.mx\/lasnoticias\/author\/adrian\/\"}]}<\/script>\n<!-- \/ Yoast SEO plugin. -->","yoast_head_json":{"title":"Devela Bedolla maqueta del nuevo mercado de P\u00e1tzcuaro. - Diario ABC de Michoac\u00e1n","robots":{"index":"index","follow":"follow","max-snippet":"max-snippet:-1","max-image-preview":"max-image-preview:large","max-video-preview":"max-video-preview:-1"},"canonical":"https:\/\/diarioabcdemichoacan.com.mx\/lasnoticias\/devela-bedolla-maqueta-del-nuevo-mercado-de-patzcuaro\/","og_locale":"es_ES","og_type":"article","og_title":"Devela Bedolla maqueta del nuevo mercado de P\u00e1tzcuaro. - Diario ABC de Michoac\u00e1n","og_description":"Permitir\u00e1 que la poblaci\u00f3n conozca como ser\u00e1 su estructura y la fachada. &nbsp; POR REDACCI\u00d3N, DIARIO ABC DE MICHOAC\u00c1N, 14 DE JULIO DE 2024. P\u00e1tzcuaro, Mich. &#8211; El Gobernador Alfredo Ram\u00edrez Bedolla, devel\u00f3 la maqueta del nuevo mercado de P\u00e1tzcuaro, la cual permitir\u00e1 que la poblaci\u00f3n conozca la estructura y fechada de este proyecto que [&hellip;]","og_url":"https:\/\/diarioabcdemichoacan.com.mx\/lasnoticias\/devela-bedolla-maqueta-del-nuevo-mercado-de-patzcuaro\/","og_site_name":"Diario ABC de Michoac\u00e1n","article_published_time":"2024-07-14T16:19:01+00:00","article_modified_time":"2024-07-14T16:19:36+00:00","og_image":[{"width":1280,"height":852,"url":"https:\/\/diarioabcdemichoacan.com.mx\/lasnoticias\/wp-content\/uploads\/2024\/07\/WhatsApp-Image-2024-07-14-at-10.05.57-AM.jpeg","type":"image\/jpeg"}],"author":"AR","twitter_card":"summary_large_image","twitter_misc":{"Escrito por":"AR","Tiempo de lectura":"3 minutos"},"schema":{"@context":"https:\/\/schema.org","@graph":[{"@type":"WebPage","@id":"https:\/\/diarioabcdemichoacan.com.mx\/lasnoticias\/devela-bedolla-maqueta-del-nuevo-mercado-de-patzcuaro\/","url":"https:\/\/diarioabcdemichoacan.com.mx\/lasnoticias\/devela-bedolla-maqueta-del-nuevo-mercado-de-patzcuaro\/","name":"Devela Bedolla maqueta del nuevo mercado de P\u00e1tzcuaro. - Diario ABC de Michoac\u00e1n","isPartOf":{"@id":"https:\/\/diarioabcdemichoacan.com.mx\/lasnoticias\/#website"},"primaryImageOfPage":{"@id":"https:\/\/diarioabcdemichoacan.com.mx\/lasnoticias\/devela-bedolla-maqueta-del-nuevo-mercado-de-patzcuaro\/#primaryimage"},"image":{"@id":"https:\/\/diarioabcdemichoacan.com.mx\/lasnoticias\/devela-bedolla-maqueta-del-nuevo-mercado-de-patzcuaro\/#primaryimage"},"thumbnailUrl":"https:\/\/diarioabcdemichoacan.com.mx\/lasnoticias\/wp-content\/uploads\/2024\/07\/WhatsApp-Image-2024-07-14-at-10.05.57-AM.jpeg","datePublished":"2024-07-14T16:19:01+00:00","dateModified":"2024-07-14T16:19:36+00:00","author":{"@id":"https:\/\/diarioabcdemichoacan.com.mx\/lasnoticias\/#\/schema\/person\/19ae376040f6cbc489682ebdd8524852"},"breadcrumb":{"@id":"https:\/\/diarioabcdemichoacan.com.mx\/lasnoticias\/devela-bedolla-maqueta-del-nuevo-mercado-de-patzcuaro\/#breadcrumb"},"inLanguage":"es","potentialAction":[{"@type":"ReadAction","target":["https:\/\/diarioabcdemichoacan.com.mx\/lasnoticias\/devela-bedolla-maqueta-del-nuevo-mercado-de-patzcuaro\/"]}]},{"@type":"ImageObject","inLanguage":"es","@id":"https:\/\/diarioabcdemichoacan.com.mx\/lasnoticias\/devela-bedolla-maqueta-del-nuevo-mercado-de-patzcuaro\/#primaryimage","url":"https:\/\/diarioabcdemichoacan.com.mx\/lasnoticias\/wp-content\/uploads\/2024\/07\/WhatsApp-Image-2024-07-14-at-10.05.57-AM.jpeg","contentUrl":"https:\/\/diarioabcdemichoacan.com.mx\/lasnoticias\/wp-content\/uploads\/2024\/07\/WhatsApp-Image-2024-07-14-at-10.05.57-AM.jpeg","width":1280,"height":852},{"@type":"BreadcrumbList","@id":"https:\/\/diarioabcdemichoacan.com.mx\/lasnoticias\/devela-bedolla-maqueta-del-nuevo-mercado-de-patzcuaro\/#breadcrumb","itemListElement":[{"@type":"ListItem","position":1,"name":"Portada","item":"https:\/\/diarioabcdemichoacan.com.mx\/lasnoticias\/"},{"@type":"ListItem","position":2,"name":"Devela Bedolla maqueta del nuevo mercado de P\u00e1tzcuaro."}]},{"@type":"WebSite","@id":"https:\/\/diarioabcdemichoacan.com.mx\/lasnoticias\/#website","url":"https:\/\/diarioabcdemichoacan.com.mx\/lasnoticias\/","name":"Diario ABC de Michoac\u00e1n","description":"Las noticias al momento","potentialAction":[{"@type":"SearchAction","target":{"@type":"EntryPoint","urlTemplate":"https:\/\/diarioabcdemichoacan.com.mx\/lasnoticias\/?s={search_term_string}"},"query-input":{"@type":"PropertyValueSpecification","valueRequired":true,"valueName":"search_term_string"}}],"inLanguage":"es"},{"@type":"Person","@id":"https:\/\/diarioabcdemichoacan.com.mx\/lasnoticias\/#\/schema\/person\/19ae376040f6cbc489682ebdd8524852","name":"AR","image":{"@type":"ImageObject","inLanguage":"es","@id":"https:\/\/diarioabcdemichoacan.com.mx\/lasnoticias\/#\/schema\/person\/image\/","url":"https:\/\/secure.gravatar.com\/avatar\/44eca2ff970262234e20e1e082872af0?s=96&d=mm&r=g","contentUrl":"https:\/\/secure.gravatar.com\/avatar\/44eca2ff970262234e20e1e082872af0?s=96&d=mm&r=g","caption":"AR"},"url":"https:\/\/diarioabcdemichoacan.com.mx\/lasnoticias\/author\/adrian\/"}]}},"_links":{"self":[{"href":"https:\/\/diarioabcdemichoacan.com.mx\/lasnoticias\/wp-json\/wp\/v2\/posts\/15303","targetHints":{"allow":["GET"]}}],"collection":[{"href":"https:\/\/diarioabcdemichoacan.com.mx\/lasnoticias\/wp-json\/wp\/v2\/posts"}],"about":[{"href":"https:\/\/diarioabcdemichoacan.com.mx\/lasnoticias\/wp-json\/wp\/v2\/types\/post"}],"author":[{"embeddable":true,"href":"https:\/\/diarioabcdemichoacan.com.mx\/lasnoticias\/wp-json\/wp\/v2\/users\/9"}],"replies":[{"embeddable":true,"href":"https:\/\/diarioabcdemichoacan.com.mx\/lasnoticias\/wp-json\/wp\/v2\/comments?post=15303"}],"version-history":[{"count":1,"href":"https:\/\/diarioabcdemichoacan.com.mx\/lasnoticias\/wp-json\/wp\/v2\/posts\/15303\/revisions"}],"predecessor-version":[{"id":15308,"href":"https:\/\/diarioabcdemichoacan.com.mx\/lasnoticias\/wp-json\/wp\/v2\/posts\/15303\/revisions\/15308"}],"wp:featuredmedia":[{"embeddable":true,"href":"https:\/\/diarioabcdemichoacan.com.mx\/lasnoticias\/wp-json\/wp\/v2\/media\/15307"}],"wp:attachment":[{"href":"https:\/\/diarioabcdemichoacan.com.mx\/lasnoticias\/wp-json\/wp\/v2\/media?parent=15303"}],"wp:term":[{"taxonomy":"category","embeddable":true,"href":"https:\/\/diarioabcdemichoacan.com.mx\/lasnoticias\/wp-json\/wp\/v2\/categories?post=15303"},{"taxonomy":"post_tag","embeddable":true,"href":"https:\/\/diarioabcdemichoacan.com.mx\/lasnoticias\/wp-json\/wp\/v2\/tags?post=15303"}],"curies":[{"name":"wp","href":"https:\/\/api.w.org\/{rel}","templated":true}]}}