{"id":15351,"date":"2024-07-14T15:42:56","date_gmt":"2024-07-14T21:42:56","guid":{"rendered":"https:\/\/diarioabcdemichoacan.com.mx\/lasnoticias\/?p=15351"},"modified":"2024-07-14T15:55:06","modified_gmt":"2024-07-14T21:55:06","slug":"invita-ssm-a-padres-y-madres-de-familia-prevenir-caries-desde-recien-nacidos","status":"publish","type":"post","link":"https:\/\/diarioabcdemichoacan.com.mx\/lasnoticias\/invita-ssm-a-padres-y-madres-de-familia-prevenir-caries-desde-recien-nacidos\/","title":{"rendered":"Invita SSM a padres y madres de familia prevenir caries desde reci\u00e9n nacidos."},"content":{"rendered":"<h2>Pone a disposici\u00f3n de la poblaci\u00f3n la cl\u00ednica de salud bucal para el beb\u00e9, ubicada en el Hospital Infantil.<\/h2>\n<p>&nbsp;<\/p>\n<h6>POR REDACCI\u00d3N, DIARIO ABC DE MICHOAC\u00c1N, 14 DE JULIO DE 2024.<\/h6>\n<hr \/>\n<p>Morelia, Mich. &#8211; La Secretar\u00eda de Salud de Michoac\u00e1n (SSM), invita a padres y madres de familia a cuidar la salud bucal de ni\u00f1as, ni\u00f1os y reci\u00e9n nacidos, lo que ayudar\u00e1 a prevenir las caries.<\/p>\n<p>&nbsp;<\/p>\n<p>Para ello, pone a disposici\u00f3n la cl\u00ednica de salud bucal para beb\u00e9 del Hospital Infantil, Eva S\u00e1mano de L\u00f3pez Mateos, donde se brinda atenci\u00f3n gratuita y preventiva desde el nacimiento.<\/p>\n<p>&nbsp;<\/p>\n<p><img loading=\"lazy\" decoding=\"async\" class=\"alignnone size-medium wp-image-15359\" src=\"https:\/\/diarioabcdemichoacan.com.mx\/lasnoticias\/wp-content\/uploads\/2024\/07\/WhatsApp-Image-2024-07-14-at-3.09.49-PM-1-375x500.jpeg\" alt=\"\" width=\"375\" height=\"500\" srcset=\"https:\/\/diarioabcdemichoacan.com.mx\/lasnoticias\/wp-content\/uploads\/2024\/07\/WhatsApp-Image-2024-07-14-at-3.09.49-PM-1-375x500.jpeg 375w, https:\/\/diarioabcdemichoacan.com.mx\/lasnoticias\/wp-content\/uploads\/2024\/07\/WhatsApp-Image-2024-07-14-at-3.09.49-PM-1-768x1024.jpeg 768w, https:\/\/diarioabcdemichoacan.com.mx\/lasnoticias\/wp-content\/uploads\/2024\/07\/WhatsApp-Image-2024-07-14-at-3.09.49-PM-1-1152x1536.jpeg 1152w, https:\/\/diarioabcdemichoacan.com.mx\/lasnoticias\/wp-content\/uploads\/2024\/07\/WhatsApp-Image-2024-07-14-at-3.09.49-PM-1-150x200.jpeg 150w, https:\/\/diarioabcdemichoacan.com.mx\/lasnoticias\/wp-content\/uploads\/2024\/07\/WhatsApp-Image-2024-07-14-at-3.09.49-PM-1-300x400.jpeg 300w, https:\/\/diarioabcdemichoacan.com.mx\/lasnoticias\/wp-content\/uploads\/2024\/07\/WhatsApp-Image-2024-07-14-at-3.09.49-PM-1-696x928.jpeg 696w, https:\/\/diarioabcdemichoacan.com.mx\/lasnoticias\/wp-content\/uploads\/2024\/07\/WhatsApp-Image-2024-07-14-at-3.09.49-PM-1-1068x1424.jpeg 1068w, https:\/\/diarioabcdemichoacan.com.mx\/lasnoticias\/wp-content\/uploads\/2024\/07\/WhatsApp-Image-2024-07-14-at-3.09.49-PM-1.jpeg 1200w\" sizes=\"auto, (max-width: 375px) 100vw, 375px\" \/><\/p>\n<p>&nbsp;<\/p>\n<p>Se recomienda mantener siempre limpia la boca del beb\u00e9 pas\u00e1ndole suavemente un pa\u00f1o limpio por las enc\u00edas con un fin meramente educativo, adem\u00e1s una vez que observe los primeros dientes, cepillar suavemente con agua y un cepillo de dientes suave para beb\u00e9s.<\/p>\n<p>&nbsp;<\/p>\n<p>Se recomienda ense\u00f1ar al menor a beber de un vaso regular, preferentemente entre los 12 y 15 meses, con lo cual, tiene menos probabilidades de que se le junte l\u00edquido alrededor de los dientes.<\/p>\n<p>&nbsp;<\/p>\n<p>A partir de que brotan los dientes a los 6 meses, es importante cepillar los dientes de su ni\u00f1o dos veces al d\u00eda, usando una peque\u00f1a cantidad de pasta dental con fluoruro, nunca acostar a su hijo con un biber\u00f3n o con alimentos.<\/p>\n","protected":false},"excerpt":{"rendered":"<p>Pone a disposici\u00f3n de la poblaci\u00f3n la cl\u00ednica de salud bucal para el beb\u00e9, ubicada en el Hospital Infantil. &nbsp; POR REDACCI\u00d3N, DIARIO ABC DE MICHOAC\u00c1N, 14 DE JULIO DE 2024. Morelia, Mich. &#8211; La Secretar\u00eda de Salud de Michoac\u00e1n (SSM), invita a padres y madres de familia a cuidar la salud bucal de ni\u00f1as, [&hellip;]<\/p>\n","protected":false},"author":9,"featured_media":15360,"comment_status":"closed","ping_status":"closed","sticky":false,"template":"","format":"standard","meta":{"footnotes":""},"categories":[10,17,27],"tags":[],"class_list":{"0":"post-15351","1":"post","2":"type-post","3":"status-publish","4":"format-standard","5":"has-post-thumbnail","7":"category-estado","8":"category-gobierno-de-michoacan","9":"category-slider"},"yoast_head":"<!-- This site is optimized with the Yoast SEO plugin v24.0 - https:\/\/yoast.com\/wordpress\/plugins\/seo\/ -->\n<title>Invita SSM a padres y madres de familia prevenir caries desde reci\u00e9n nacidos. - Diario ABC de Michoac\u00e1n<\/title>\n<meta name=\"robots\" content=\"index, follow, max-snippet:-1, max-image-preview:large, max-video-preview:-1\" \/>\n<link rel=\"canonical\" href=\"https:\/\/diarioabcdemichoacan.com.mx\/lasnoticias\/invita-ssm-a-padres-y-madres-de-familia-prevenir-caries-desde-recien-nacidos\/\" \/>\n<meta property=\"og:locale\" content=\"es_ES\" \/>\n<meta property=\"og:type\" content=\"article\" \/>\n<meta property=\"og:title\" content=\"Invita SSM a padres y madres de familia prevenir caries desde reci\u00e9n nacidos. - Diario ABC de Michoac\u00e1n\" \/>\n<meta property=\"og:description\" content=\"Pone a disposici\u00f3n de la poblaci\u00f3n la cl\u00ednica de salud bucal para el beb\u00e9, ubicada en el Hospital Infantil. &nbsp; POR REDACCI\u00d3N, DIARIO ABC DE MICHOAC\u00c1N, 14 DE JULIO DE 2024. Morelia, Mich. &#8211; La Secretar\u00eda de Salud de Michoac\u00e1n (SSM), invita a padres y madres de familia a cuidar la salud bucal de ni\u00f1as, [&hellip;]\" \/>\n<meta property=\"og:url\" content=\"https:\/\/diarioabcdemichoacan.com.mx\/lasnoticias\/invita-ssm-a-padres-y-madres-de-familia-prevenir-caries-desde-recien-nacidos\/\" \/>\n<meta property=\"og:site_name\" content=\"Diario ABC de Michoac\u00e1n\" \/>\n<meta property=\"article:published_time\" content=\"2024-07-14T21:42:56+00:00\" \/>\n<meta property=\"article:modified_time\" content=\"2024-07-14T21:55:06+00:00\" \/>\n<meta property=\"og:image\" content=\"https:\/\/diarioabcdemichoacan.com.mx\/lasnoticias\/wp-content\/uploads\/2024\/07\/WhatsApp-Image-2024-07-14-at-3.09.49-PM.jpeg\" \/>\n\t<meta property=\"og:image:width\" content=\"1280\" \/>\n\t<meta property=\"og:image:height\" content=\"853\" \/>\n\t<meta property=\"og:image:type\" content=\"image\/jpeg\" \/>\n<meta name=\"author\" content=\"AR\" \/>\n<meta name=\"twitter:card\" content=\"summary_large_image\" \/>\n<meta name=\"twitter:label1\" content=\"Escrito por\" \/>\n\t<meta name=\"twitter:data1\" content=\"AR\" \/>\n\t<meta name=\"twitter:label2\" content=\"Tiempo de lectura\" \/>\n\t<meta name=\"twitter:data2\" content=\"2 minutos\" \/>\n<script type=\"application\/ld+json\" class=\"yoast-schema-graph\">{\"@context\":\"https:\/\/schema.org\",\"@graph\":[{\"@type\":\"WebPage\",\"@id\":\"https:\/\/diarioabcdemichoacan.com.mx\/lasnoticias\/invita-ssm-a-padres-y-madres-de-familia-prevenir-caries-desde-recien-nacidos\/\",\"url\":\"https:\/\/diarioabcdemichoacan.com.mx\/lasnoticias\/invita-ssm-a-padres-y-madres-de-familia-prevenir-caries-desde-recien-nacidos\/\",\"name\":\"Invita SSM a padres y madres de familia prevenir caries desde reci\u00e9n nacidos. - Diario ABC de Michoac\u00e1n\",\"isPartOf\":{\"@id\":\"https:\/\/diarioabcdemichoacan.com.mx\/lasnoticias\/#website\"},\"primaryImageOfPage\":{\"@id\":\"https:\/\/diarioabcdemichoacan.com.mx\/lasnoticias\/invita-ssm-a-padres-y-madres-de-familia-prevenir-caries-desde-recien-nacidos\/#primaryimage\"},\"image\":{\"@id\":\"https:\/\/diarioabcdemichoacan.com.mx\/lasnoticias\/invita-ssm-a-padres-y-madres-de-familia-prevenir-caries-desde-recien-nacidos\/#primaryimage\"},\"thumbnailUrl\":\"https:\/\/diarioabcdemichoacan.com.mx\/lasnoticias\/wp-content\/uploads\/2024\/07\/WhatsApp-Image-2024-07-14-at-3.09.49-PM.jpeg\",\"datePublished\":\"2024-07-14T21:42:56+00:00\",\"dateModified\":\"2024-07-14T21:55:06+00:00\",\"author\":{\"@id\":\"https:\/\/diarioabcdemichoacan.com.mx\/lasnoticias\/#\/schema\/person\/19ae376040f6cbc489682ebdd8524852\"},\"breadcrumb\":{\"@id\":\"https:\/\/diarioabcdemichoacan.com.mx\/lasnoticias\/invita-ssm-a-padres-y-madres-de-familia-prevenir-caries-desde-recien-nacidos\/#breadcrumb\"},\"inLanguage\":\"es\",\"potentialAction\":[{\"@type\":\"ReadAction\",\"target\":[\"https:\/\/diarioabcdemichoacan.com.mx\/lasnoticias\/invita-ssm-a-padres-y-madres-de-familia-prevenir-caries-desde-recien-nacidos\/\"]}]},{\"@type\":\"ImageObject\",\"inLanguage\":\"es\",\"@id\":\"https:\/\/diarioabcdemichoacan.com.mx\/lasnoticias\/invita-ssm-a-padres-y-madres-de-familia-prevenir-caries-desde-recien-nacidos\/#primaryimage\",\"url\":\"https:\/\/diarioabcdemichoacan.com.mx\/lasnoticias\/wp-content\/uploads\/2024\/07\/WhatsApp-Image-2024-07-14-at-3.09.49-PM.jpeg\",\"contentUrl\":\"https:\/\/diarioabcdemichoacan.com.mx\/lasnoticias\/wp-content\/uploads\/2024\/07\/WhatsApp-Image-2024-07-14-at-3.09.49-PM.jpeg\",\"width\":1280,\"height\":853},{\"@type\":\"BreadcrumbList\",\"@id\":\"https:\/\/diarioabcdemichoacan.com.mx\/lasnoticias\/invita-ssm-a-padres-y-madres-de-familia-prevenir-caries-desde-recien-nacidos\/#breadcrumb\",\"itemListElement\":[{\"@type\":\"ListItem\",\"position\":1,\"name\":\"Portada\",\"item\":\"https:\/\/diarioabcdemichoacan.com.mx\/lasnoticias\/\"},{\"@type\":\"ListItem\",\"position\":2,\"name\":\"Invita SSM a padres y madres de familia prevenir caries desde reci\u00e9n nacidos.\"}]},{\"@type\":\"WebSite\",\"@id\":\"https:\/\/diarioabcdemichoacan.com.mx\/lasnoticias\/#website\",\"url\":\"https:\/\/diarioabcdemichoacan.com.mx\/lasnoticias\/\",\"name\":\"Diario ABC de Michoac\u00e1n\",\"description\":\"Las noticias al momento\",\"potentialAction\":[{\"@type\":\"SearchAction\",\"target\":{\"@type\":\"EntryPoint\",\"urlTemplate\":\"https:\/\/diarioabcdemichoacan.com.mx\/lasnoticias\/?s={search_term_string}\"},\"query-input\":{\"@type\":\"PropertyValueSpecification\",\"valueRequired\":true,\"valueName\":\"search_term_string\"}}],\"inLanguage\":\"es\"},{\"@type\":\"Person\",\"@id\":\"https:\/\/diarioabcdemichoacan.com.mx\/lasnoticias\/#\/schema\/person\/19ae376040f6cbc489682ebdd8524852\",\"name\":\"AR\",\"image\":{\"@type\":\"ImageObject\",\"inLanguage\":\"es\",\"@id\":\"https:\/\/diarioabcdemichoacan.com.mx\/lasnoticias\/#\/schema\/person\/image\/\",\"url\":\"https:\/\/secure.gravatar.com\/avatar\/44eca2ff970262234e20e1e082872af0?s=96&d=mm&r=g\",\"contentUrl\":\"https:\/\/secure.gravatar.com\/avatar\/44eca2ff970262234e20e1e082872af0?s=96&d=mm&r=g\",\"caption\":\"AR\"},\"url\":\"https:\/\/diarioabcdemichoacan.com.mx\/lasnoticias\/author\/adrian\/\"}]}<\/script>\n<!-- \/ Yoast SEO plugin. -->","yoast_head_json":{"title":"Invita SSM a padres y madres de familia prevenir caries desde reci\u00e9n nacidos. - Diario ABC de Michoac\u00e1n","robots":{"index":"index","follow":"follow","max-snippet":"max-snippet:-1","max-image-preview":"max-image-preview:large","max-video-preview":"max-video-preview:-1"},"canonical":"https:\/\/diarioabcdemichoacan.com.mx\/lasnoticias\/invita-ssm-a-padres-y-madres-de-familia-prevenir-caries-desde-recien-nacidos\/","og_locale":"es_ES","og_type":"article","og_title":"Invita SSM a padres y madres de familia prevenir caries desde reci\u00e9n nacidos. - Diario ABC de Michoac\u00e1n","og_description":"Pone a disposici\u00f3n de la poblaci\u00f3n la cl\u00ednica de salud bucal para el beb\u00e9, ubicada en el Hospital Infantil. &nbsp; POR REDACCI\u00d3N, DIARIO ABC DE MICHOAC\u00c1N, 14 DE JULIO DE 2024. Morelia, Mich. &#8211; La Secretar\u00eda de Salud de Michoac\u00e1n (SSM), invita a padres y madres de familia a cuidar la salud bucal de ni\u00f1as, [&hellip;]","og_url":"https:\/\/diarioabcdemichoacan.com.mx\/lasnoticias\/invita-ssm-a-padres-y-madres-de-familia-prevenir-caries-desde-recien-nacidos\/","og_site_name":"Diario ABC de Michoac\u00e1n","article_published_time":"2024-07-14T21:42:56+00:00","article_modified_time":"2024-07-14T21:55:06+00:00","og_image":[{"width":1280,"height":853,"url":"https:\/\/diarioabcdemichoacan.com.mx\/lasnoticias\/wp-content\/uploads\/2024\/07\/WhatsApp-Image-2024-07-14-at-3.09.49-PM.jpeg","type":"image\/jpeg"}],"author":"AR","twitter_card":"summary_large_image","twitter_misc":{"Escrito por":"AR","Tiempo de lectura":"2 minutos"},"schema":{"@context":"https:\/\/schema.org","@graph":[{"@type":"WebPage","@id":"https:\/\/diarioabcdemichoacan.com.mx\/lasnoticias\/invita-ssm-a-padres-y-madres-de-familia-prevenir-caries-desde-recien-nacidos\/","url":"https:\/\/diarioabcdemichoacan.com.mx\/lasnoticias\/invita-ssm-a-padres-y-madres-de-familia-prevenir-caries-desde-recien-nacidos\/","name":"Invita SSM a padres y madres de familia prevenir caries desde reci\u00e9n nacidos. - Diario ABC de Michoac\u00e1n","isPartOf":{"@id":"https:\/\/diarioabcdemichoacan.com.mx\/lasnoticias\/#website"},"primaryImageOfPage":{"@id":"https:\/\/diarioabcdemichoacan.com.mx\/lasnoticias\/invita-ssm-a-padres-y-madres-de-familia-prevenir-caries-desde-recien-nacidos\/#primaryimage"},"image":{"@id":"https:\/\/diarioabcdemichoacan.com.mx\/lasnoticias\/invita-ssm-a-padres-y-madres-de-familia-prevenir-caries-desde-recien-nacidos\/#primaryimage"},"thumbnailUrl":"https:\/\/diarioabcdemichoacan.com.mx\/lasnoticias\/wp-content\/uploads\/2024\/07\/WhatsApp-Image-2024-07-14-at-3.09.49-PM.jpeg","datePublished":"2024-07-14T21:42:56+00:00","dateModified":"2024-07-14T21:55:06+00:00","author":{"@id":"https:\/\/diarioabcdemichoacan.com.mx\/lasnoticias\/#\/schema\/person\/19ae376040f6cbc489682ebdd8524852"},"breadcrumb":{"@id":"https:\/\/diarioabcdemichoacan.com.mx\/lasnoticias\/invita-ssm-a-padres-y-madres-de-familia-prevenir-caries-desde-recien-nacidos\/#breadcrumb"},"inLanguage":"es","potentialAction":[{"@type":"ReadAction","target":["https:\/\/diarioabcdemichoacan.com.mx\/lasnoticias\/invita-ssm-a-padres-y-madres-de-familia-prevenir-caries-desde-recien-nacidos\/"]}]},{"@type":"ImageObject","inLanguage":"es","@id":"https:\/\/diarioabcdemichoacan.com.mx\/lasnoticias\/invita-ssm-a-padres-y-madres-de-familia-prevenir-caries-desde-recien-nacidos\/#primaryimage","url":"https:\/\/diarioabcdemichoacan.com.mx\/lasnoticias\/wp-content\/uploads\/2024\/07\/WhatsApp-Image-2024-07-14-at-3.09.49-PM.jpeg","contentUrl":"https:\/\/diarioabcdemichoacan.com.mx\/lasnoticias\/wp-content\/uploads\/2024\/07\/WhatsApp-Image-2024-07-14-at-3.09.49-PM.jpeg","width":1280,"height":853},{"@type":"BreadcrumbList","@id":"https:\/\/diarioabcdemichoacan.com.mx\/lasnoticias\/invita-ssm-a-padres-y-madres-de-familia-prevenir-caries-desde-recien-nacidos\/#breadcrumb","itemListElement":[{"@type":"ListItem","position":1,"name":"Portada","item":"https:\/\/diarioabcdemichoacan.com.mx\/lasnoticias\/"},{"@type":"ListItem","position":2,"name":"Invita SSM a padres y madres de familia prevenir caries desde reci\u00e9n nacidos."}]},{"@type":"WebSite","@id":"https:\/\/diarioabcdemichoacan.com.mx\/lasnoticias\/#website","url":"https:\/\/diarioabcdemichoacan.com.mx\/lasnoticias\/","name":"Diario ABC de Michoac\u00e1n","description":"Las noticias al momento","potentialAction":[{"@type":"SearchAction","target":{"@type":"EntryPoint","urlTemplate":"https:\/\/diarioabcdemichoacan.com.mx\/lasnoticias\/?s={search_term_string}"},"query-input":{"@type":"PropertyValueSpecification","valueRequired":true,"valueName":"search_term_string"}}],"inLanguage":"es"},{"@type":"Person","@id":"https:\/\/diarioabcdemichoacan.com.mx\/lasnoticias\/#\/schema\/person\/19ae376040f6cbc489682ebdd8524852","name":"AR","image":{"@type":"ImageObject","inLanguage":"es","@id":"https:\/\/diarioabcdemichoacan.com.mx\/lasnoticias\/#\/schema\/person\/image\/","url":"https:\/\/secure.gravatar.com\/avatar\/44eca2ff970262234e20e1e082872af0?s=96&d=mm&r=g","contentUrl":"https:\/\/secure.gravatar.com\/avatar\/44eca2ff970262234e20e1e082872af0?s=96&d=mm&r=g","caption":"AR"},"url":"https:\/\/diarioabcdemichoacan.com.mx\/lasnoticias\/author\/adrian\/"}]}},"_links":{"self":[{"href":"https:\/\/diarioabcdemichoacan.com.mx\/lasnoticias\/wp-json\/wp\/v2\/posts\/15351","targetHints":{"allow":["GET"]}}],"collection":[{"href":"https:\/\/diarioabcdemichoacan.com.mx\/lasnoticias\/wp-json\/wp\/v2\/posts"}],"about":[{"href":"https:\/\/diarioabcdemichoacan.com.mx\/lasnoticias\/wp-json\/wp\/v2\/types\/post"}],"author":[{"embeddable":true,"href":"https:\/\/diarioabcdemichoacan.com.mx\/lasnoticias\/wp-json\/wp\/v2\/users\/9"}],"replies":[{"embeddable":true,"href":"https:\/\/diarioabcdemichoacan.com.mx\/lasnoticias\/wp-json\/wp\/v2\/comments?post=15351"}],"version-history":[{"count":1,"href":"https:\/\/diarioabcdemichoacan.com.mx\/lasnoticias\/wp-json\/wp\/v2\/posts\/15351\/revisions"}],"predecessor-version":[{"id":15371,"href":"https:\/\/diarioabcdemichoacan.com.mx\/lasnoticias\/wp-json\/wp\/v2\/posts\/15351\/revisions\/15371"}],"wp:featuredmedia":[{"embeddable":true,"href":"https:\/\/diarioabcdemichoacan.com.mx\/lasnoticias\/wp-json\/wp\/v2\/media\/15360"}],"wp:attachment":[{"href":"https:\/\/diarioabcdemichoacan.com.mx\/lasnoticias\/wp-json\/wp\/v2\/media?parent=15351"}],"wp:term":[{"taxonomy":"category","embeddable":true,"href":"https:\/\/diarioabcdemichoacan.com.mx\/lasnoticias\/wp-json\/wp\/v2\/categories?post=15351"},{"taxonomy":"post_tag","embeddable":true,"href":"https:\/\/diarioabcdemichoacan.com.mx\/lasnoticias\/wp-json\/wp\/v2\/tags?post=15351"}],"curies":[{"name":"wp","href":"https:\/\/api.w.org\/{rel}","templated":true}]}}