{"id":15416,"date":"2024-07-14T19:10:48","date_gmt":"2024-07-15T01:10:48","guid":{"rendered":"https:\/\/diarioabcdemichoacan.com.mx\/lasnoticias\/?p=15416"},"modified":"2024-07-14T19:42:53","modified_gmt":"2024-07-15T01:42:53","slug":"se-descarrilan-12-vagones-del-tren-en-caltzontzin","status":"publish","type":"post","link":"https:\/\/diarioabcdemichoacan.com.mx\/lasnoticias\/se-descarrilan-12-vagones-del-tren-en-caltzontzin\/","title":{"rendered":"Se descarrilan 12 vagones del tren en Caltzontzin."},"content":{"rendered":"<h2>La empresa ferroviaria Kansas City trabaja para reparar los desperfectos en las v\u00edas.<\/h2>\n<p>&nbsp;<\/p>\n<h6>POR REDACCI\u00d3N, DIARIO ABC DE MICHOAC\u00c1N, 14 DE JULIO DE 2024.<\/h6>\n<hr \/>\n<p>Uruapan, Mich. &#8211; La ma\u00f1ana de este domingo se registr\u00f3 el descarrilamiento de 12 vagones del tren en la comunidad de Caltzontzin. Personal de la empresa ferroviaria Kansas City trabaja para reparar los desperfectos en las v\u00edas.<\/p>\n<p>&nbsp;<\/p>\n<p>En el sitio no se reportaron v\u00edctimas, aunque se afect\u00f3 el acceso a la comunidad, debido a las maniobras que se realizaron para la reparaci\u00f3n de las v\u00edas.<\/p>\n<p>&nbsp;<\/p>\n<p>Cabe se\u00f1alar que ni la empresa ni autoridades estatal o federal emitieron alg\u00fan comunicado al respecto, ni mucho menos dieron a conocer las causas del descarrilamiento.<\/p>\n","protected":false},"excerpt":{"rendered":"<p>La empresa ferroviaria Kansas City trabaja para reparar los desperfectos en las v\u00edas. &nbsp; POR REDACCI\u00d3N, DIARIO ABC DE MICHOAC\u00c1N, 14 DE JULIO DE 2024. Uruapan, Mich. &#8211; La ma\u00f1ana de este domingo se registr\u00f3 el descarrilamiento de 12 vagones del tren en la comunidad de Caltzontzin. Personal de la empresa ferroviaria Kansas City trabaja [&hellip;]<\/p>\n","protected":false},"author":9,"featured_media":15456,"comment_status":"closed","ping_status":"closed","sticky":false,"template":"","format":"standard","meta":{"footnotes":""},"categories":[27,3],"tags":[],"class_list":{"0":"post-15416","1":"post","2":"type-post","3":"status-publish","4":"format-standard","5":"has-post-thumbnail","7":"category-slider","8":"category-uruapan"},"yoast_head":"<!-- This site is optimized with the Yoast SEO plugin v24.0 - https:\/\/yoast.com\/wordpress\/plugins\/seo\/ -->\n<title>Se descarrilan 12 vagones del tren en Caltzontzin. - Diario ABC de Michoac\u00e1n<\/title>\n<meta name=\"robots\" content=\"index, follow, max-snippet:-1, max-image-preview:large, max-video-preview:-1\" \/>\n<link rel=\"canonical\" href=\"https:\/\/diarioabcdemichoacan.com.mx\/lasnoticias\/se-descarrilan-12-vagones-del-tren-en-caltzontzin\/\" \/>\n<meta property=\"og:locale\" content=\"es_ES\" \/>\n<meta property=\"og:type\" content=\"article\" \/>\n<meta property=\"og:title\" content=\"Se descarrilan 12 vagones del tren en Caltzontzin. - Diario ABC de Michoac\u00e1n\" \/>\n<meta property=\"og:description\" content=\"La empresa ferroviaria Kansas City trabaja para reparar los desperfectos en las v\u00edas. &nbsp; POR REDACCI\u00d3N, DIARIO ABC DE MICHOAC\u00c1N, 14 DE JULIO DE 2024. Uruapan, Mich. &#8211; La ma\u00f1ana de este domingo se registr\u00f3 el descarrilamiento de 12 vagones del tren en la comunidad de Caltzontzin. Personal de la empresa ferroviaria Kansas City trabaja [&hellip;]\" \/>\n<meta property=\"og:url\" content=\"https:\/\/diarioabcdemichoacan.com.mx\/lasnoticias\/se-descarrilan-12-vagones-del-tren-en-caltzontzin\/\" \/>\n<meta property=\"og:site_name\" content=\"Diario ABC de Michoac\u00e1n\" \/>\n<meta property=\"article:published_time\" content=\"2024-07-15T01:10:48+00:00\" \/>\n<meta property=\"article:modified_time\" content=\"2024-07-15T01:42:53+00:00\" \/>\n<meta property=\"og:image\" content=\"https:\/\/diarioabcdemichoacan.com.mx\/lasnoticias\/wp-content\/uploads\/2024\/07\/IMG_3709-1160x700-1.jpeg\" \/>\n\t<meta property=\"og:image:width\" content=\"1160\" \/>\n\t<meta property=\"og:image:height\" content=\"700\" \/>\n\t<meta property=\"og:image:type\" content=\"image\/jpeg\" \/>\n<meta name=\"author\" content=\"AR\" \/>\n<meta name=\"twitter:card\" content=\"summary_large_image\" \/>\n<meta name=\"twitter:label1\" content=\"Escrito por\" \/>\n\t<meta name=\"twitter:data1\" content=\"AR\" \/>\n\t<meta name=\"twitter:label2\" content=\"Tiempo de lectura\" \/>\n\t<meta name=\"twitter:data2\" content=\"1 minuto\" \/>\n<script type=\"application\/ld+json\" class=\"yoast-schema-graph\">{\"@context\":\"https:\/\/schema.org\",\"@graph\":[{\"@type\":\"WebPage\",\"@id\":\"https:\/\/diarioabcdemichoacan.com.mx\/lasnoticias\/se-descarrilan-12-vagones-del-tren-en-caltzontzin\/\",\"url\":\"https:\/\/diarioabcdemichoacan.com.mx\/lasnoticias\/se-descarrilan-12-vagones-del-tren-en-caltzontzin\/\",\"name\":\"Se descarrilan 12 vagones del tren en Caltzontzin. - Diario ABC de Michoac\u00e1n\",\"isPartOf\":{\"@id\":\"https:\/\/diarioabcdemichoacan.com.mx\/lasnoticias\/#website\"},\"primaryImageOfPage\":{\"@id\":\"https:\/\/diarioabcdemichoacan.com.mx\/lasnoticias\/se-descarrilan-12-vagones-del-tren-en-caltzontzin\/#primaryimage\"},\"image\":{\"@id\":\"https:\/\/diarioabcdemichoacan.com.mx\/lasnoticias\/se-descarrilan-12-vagones-del-tren-en-caltzontzin\/#primaryimage\"},\"thumbnailUrl\":\"https:\/\/diarioabcdemichoacan.com.mx\/lasnoticias\/wp-content\/uploads\/2024\/07\/IMG_3709-1160x700-1.jpeg\",\"datePublished\":\"2024-07-15T01:10:48+00:00\",\"dateModified\":\"2024-07-15T01:42:53+00:00\",\"author\":{\"@id\":\"https:\/\/diarioabcdemichoacan.com.mx\/lasnoticias\/#\/schema\/person\/19ae376040f6cbc489682ebdd8524852\"},\"breadcrumb\":{\"@id\":\"https:\/\/diarioabcdemichoacan.com.mx\/lasnoticias\/se-descarrilan-12-vagones-del-tren-en-caltzontzin\/#breadcrumb\"},\"inLanguage\":\"es\",\"potentialAction\":[{\"@type\":\"ReadAction\",\"target\":[\"https:\/\/diarioabcdemichoacan.com.mx\/lasnoticias\/se-descarrilan-12-vagones-del-tren-en-caltzontzin\/\"]}]},{\"@type\":\"ImageObject\",\"inLanguage\":\"es\",\"@id\":\"https:\/\/diarioabcdemichoacan.com.mx\/lasnoticias\/se-descarrilan-12-vagones-del-tren-en-caltzontzin\/#primaryimage\",\"url\":\"https:\/\/diarioabcdemichoacan.com.mx\/lasnoticias\/wp-content\/uploads\/2024\/07\/IMG_3709-1160x700-1.jpeg\",\"contentUrl\":\"https:\/\/diarioabcdemichoacan.com.mx\/lasnoticias\/wp-content\/uploads\/2024\/07\/IMG_3709-1160x700-1.jpeg\",\"width\":1160,\"height\":700},{\"@type\":\"BreadcrumbList\",\"@id\":\"https:\/\/diarioabcdemichoacan.com.mx\/lasnoticias\/se-descarrilan-12-vagones-del-tren-en-caltzontzin\/#breadcrumb\",\"itemListElement\":[{\"@type\":\"ListItem\",\"position\":1,\"name\":\"Portada\",\"item\":\"https:\/\/diarioabcdemichoacan.com.mx\/lasnoticias\/\"},{\"@type\":\"ListItem\",\"position\":2,\"name\":\"Se descarrilan 12 vagones del tren en Caltzontzin.\"}]},{\"@type\":\"WebSite\",\"@id\":\"https:\/\/diarioabcdemichoacan.com.mx\/lasnoticias\/#website\",\"url\":\"https:\/\/diarioabcdemichoacan.com.mx\/lasnoticias\/\",\"name\":\"Diario ABC de Michoac\u00e1n\",\"description\":\"Las noticias al momento\",\"potentialAction\":[{\"@type\":\"SearchAction\",\"target\":{\"@type\":\"EntryPoint\",\"urlTemplate\":\"https:\/\/diarioabcdemichoacan.com.mx\/lasnoticias\/?s={search_term_string}\"},\"query-input\":{\"@type\":\"PropertyValueSpecification\",\"valueRequired\":true,\"valueName\":\"search_term_string\"}}],\"inLanguage\":\"es\"},{\"@type\":\"Person\",\"@id\":\"https:\/\/diarioabcdemichoacan.com.mx\/lasnoticias\/#\/schema\/person\/19ae376040f6cbc489682ebdd8524852\",\"name\":\"AR\",\"image\":{\"@type\":\"ImageObject\",\"inLanguage\":\"es\",\"@id\":\"https:\/\/diarioabcdemichoacan.com.mx\/lasnoticias\/#\/schema\/person\/image\/\",\"url\":\"https:\/\/secure.gravatar.com\/avatar\/44eca2ff970262234e20e1e082872af0?s=96&d=mm&r=g\",\"contentUrl\":\"https:\/\/secure.gravatar.com\/avatar\/44eca2ff970262234e20e1e082872af0?s=96&d=mm&r=g\",\"caption\":\"AR\"},\"url\":\"https:\/\/diarioabcdemichoacan.com.mx\/lasnoticias\/author\/adrian\/\"}]}<\/script>\n<!-- \/ Yoast SEO plugin. -->","yoast_head_json":{"title":"Se descarrilan 12 vagones del tren en Caltzontzin. - Diario ABC de Michoac\u00e1n","robots":{"index":"index","follow":"follow","max-snippet":"max-snippet:-1","max-image-preview":"max-image-preview:large","max-video-preview":"max-video-preview:-1"},"canonical":"https:\/\/diarioabcdemichoacan.com.mx\/lasnoticias\/se-descarrilan-12-vagones-del-tren-en-caltzontzin\/","og_locale":"es_ES","og_type":"article","og_title":"Se descarrilan 12 vagones del tren en Caltzontzin. - Diario ABC de Michoac\u00e1n","og_description":"La empresa ferroviaria Kansas City trabaja para reparar los desperfectos en las v\u00edas. &nbsp; POR REDACCI\u00d3N, DIARIO ABC DE MICHOAC\u00c1N, 14 DE JULIO DE 2024. Uruapan, Mich. &#8211; La ma\u00f1ana de este domingo se registr\u00f3 el descarrilamiento de 12 vagones del tren en la comunidad de Caltzontzin. Personal de la empresa ferroviaria Kansas City trabaja [&hellip;]","og_url":"https:\/\/diarioabcdemichoacan.com.mx\/lasnoticias\/se-descarrilan-12-vagones-del-tren-en-caltzontzin\/","og_site_name":"Diario ABC de Michoac\u00e1n","article_published_time":"2024-07-15T01:10:48+00:00","article_modified_time":"2024-07-15T01:42:53+00:00","og_image":[{"width":1160,"height":700,"url":"https:\/\/diarioabcdemichoacan.com.mx\/lasnoticias\/wp-content\/uploads\/2024\/07\/IMG_3709-1160x700-1.jpeg","type":"image\/jpeg"}],"author":"AR","twitter_card":"summary_large_image","twitter_misc":{"Escrito por":"AR","Tiempo de lectura":"1 minuto"},"schema":{"@context":"https:\/\/schema.org","@graph":[{"@type":"WebPage","@id":"https:\/\/diarioabcdemichoacan.com.mx\/lasnoticias\/se-descarrilan-12-vagones-del-tren-en-caltzontzin\/","url":"https:\/\/diarioabcdemichoacan.com.mx\/lasnoticias\/se-descarrilan-12-vagones-del-tren-en-caltzontzin\/","name":"Se descarrilan 12 vagones del tren en Caltzontzin. - Diario ABC de Michoac\u00e1n","isPartOf":{"@id":"https:\/\/diarioabcdemichoacan.com.mx\/lasnoticias\/#website"},"primaryImageOfPage":{"@id":"https:\/\/diarioabcdemichoacan.com.mx\/lasnoticias\/se-descarrilan-12-vagones-del-tren-en-caltzontzin\/#primaryimage"},"image":{"@id":"https:\/\/diarioabcdemichoacan.com.mx\/lasnoticias\/se-descarrilan-12-vagones-del-tren-en-caltzontzin\/#primaryimage"},"thumbnailUrl":"https:\/\/diarioabcdemichoacan.com.mx\/lasnoticias\/wp-content\/uploads\/2024\/07\/IMG_3709-1160x700-1.jpeg","datePublished":"2024-07-15T01:10:48+00:00","dateModified":"2024-07-15T01:42:53+00:00","author":{"@id":"https:\/\/diarioabcdemichoacan.com.mx\/lasnoticias\/#\/schema\/person\/19ae376040f6cbc489682ebdd8524852"},"breadcrumb":{"@id":"https:\/\/diarioabcdemichoacan.com.mx\/lasnoticias\/se-descarrilan-12-vagones-del-tren-en-caltzontzin\/#breadcrumb"},"inLanguage":"es","potentialAction":[{"@type":"ReadAction","target":["https:\/\/diarioabcdemichoacan.com.mx\/lasnoticias\/se-descarrilan-12-vagones-del-tren-en-caltzontzin\/"]}]},{"@type":"ImageObject","inLanguage":"es","@id":"https:\/\/diarioabcdemichoacan.com.mx\/lasnoticias\/se-descarrilan-12-vagones-del-tren-en-caltzontzin\/#primaryimage","url":"https:\/\/diarioabcdemichoacan.com.mx\/lasnoticias\/wp-content\/uploads\/2024\/07\/IMG_3709-1160x700-1.jpeg","contentUrl":"https:\/\/diarioabcdemichoacan.com.mx\/lasnoticias\/wp-content\/uploads\/2024\/07\/IMG_3709-1160x700-1.jpeg","width":1160,"height":700},{"@type":"BreadcrumbList","@id":"https:\/\/diarioabcdemichoacan.com.mx\/lasnoticias\/se-descarrilan-12-vagones-del-tren-en-caltzontzin\/#breadcrumb","itemListElement":[{"@type":"ListItem","position":1,"name":"Portada","item":"https:\/\/diarioabcdemichoacan.com.mx\/lasnoticias\/"},{"@type":"ListItem","position":2,"name":"Se descarrilan 12 vagones del tren en Caltzontzin."}]},{"@type":"WebSite","@id":"https:\/\/diarioabcdemichoacan.com.mx\/lasnoticias\/#website","url":"https:\/\/diarioabcdemichoacan.com.mx\/lasnoticias\/","name":"Diario ABC de Michoac\u00e1n","description":"Las noticias al momento","potentialAction":[{"@type":"SearchAction","target":{"@type":"EntryPoint","urlTemplate":"https:\/\/diarioabcdemichoacan.com.mx\/lasnoticias\/?s={search_term_string}"},"query-input":{"@type":"PropertyValueSpecification","valueRequired":true,"valueName":"search_term_string"}}],"inLanguage":"es"},{"@type":"Person","@id":"https:\/\/diarioabcdemichoacan.com.mx\/lasnoticias\/#\/schema\/person\/19ae376040f6cbc489682ebdd8524852","name":"AR","image":{"@type":"ImageObject","inLanguage":"es","@id":"https:\/\/diarioabcdemichoacan.com.mx\/lasnoticias\/#\/schema\/person\/image\/","url":"https:\/\/secure.gravatar.com\/avatar\/44eca2ff970262234e20e1e082872af0?s=96&d=mm&r=g","contentUrl":"https:\/\/secure.gravatar.com\/avatar\/44eca2ff970262234e20e1e082872af0?s=96&d=mm&r=g","caption":"AR"},"url":"https:\/\/diarioabcdemichoacan.com.mx\/lasnoticias\/author\/adrian\/"}]}},"_links":{"self":[{"href":"https:\/\/diarioabcdemichoacan.com.mx\/lasnoticias\/wp-json\/wp\/v2\/posts\/15416","targetHints":{"allow":["GET"]}}],"collection":[{"href":"https:\/\/diarioabcdemichoacan.com.mx\/lasnoticias\/wp-json\/wp\/v2\/posts"}],"about":[{"href":"https:\/\/diarioabcdemichoacan.com.mx\/lasnoticias\/wp-json\/wp\/v2\/types\/post"}],"author":[{"embeddable":true,"href":"https:\/\/diarioabcdemichoacan.com.mx\/lasnoticias\/wp-json\/wp\/v2\/users\/9"}],"replies":[{"embeddable":true,"href":"https:\/\/diarioabcdemichoacan.com.mx\/lasnoticias\/wp-json\/wp\/v2\/comments?post=15416"}],"version-history":[{"count":2,"href":"https:\/\/diarioabcdemichoacan.com.mx\/lasnoticias\/wp-json\/wp\/v2\/posts\/15416\/revisions"}],"predecessor-version":[{"id":15487,"href":"https:\/\/diarioabcdemichoacan.com.mx\/lasnoticias\/wp-json\/wp\/v2\/posts\/15416\/revisions\/15487"}],"wp:featuredmedia":[{"embeddable":true,"href":"https:\/\/diarioabcdemichoacan.com.mx\/lasnoticias\/wp-json\/wp\/v2\/media\/15456"}],"wp:attachment":[{"href":"https:\/\/diarioabcdemichoacan.com.mx\/lasnoticias\/wp-json\/wp\/v2\/media?parent=15416"}],"wp:term":[{"taxonomy":"category","embeddable":true,"href":"https:\/\/diarioabcdemichoacan.com.mx\/lasnoticias\/wp-json\/wp\/v2\/categories?post=15416"},{"taxonomy":"post_tag","embeddable":true,"href":"https:\/\/diarioabcdemichoacan.com.mx\/lasnoticias\/wp-json\/wp\/v2\/tags?post=15416"}],"curies":[{"name":"wp","href":"https:\/\/api.w.org\/{rel}","templated":true}]}}