{"id":19382,"date":"2024-08-11T19:49:40","date_gmt":"2024-08-12T01:49:40","guid":{"rendered":"https:\/\/diarioabcdemichoacan.com.mx\/lasnoticias\/?p=19382"},"modified":"2024-08-11T19:52:18","modified_gmt":"2024-08-12T01:52:18","slug":"marchan-por-el-agua","status":"publish","type":"post","link":"https:\/\/diarioabcdemichoacan.com.mx\/lasnoticias\/marchan-por-el-agua\/","title":{"rendered":"Marchan por el agua."},"content":{"rendered":"<h2>Dos torres del telef\u00e9rico podr\u00edan afectar el nacimiento del Cupatitzio y otros manantiales.<\/h2>\n<p>&nbsp;<\/p>\n<h6>POR BLANCA SIM\u00d3N ORTIZ, DIARIO ABC DE MICHOAC\u00c1N, 11 DE AGOSTO DE 2024.<\/h6>\n<hr \/>\n<p>Uruapan, Mich. &#8211; En defensa del agua, habitantes de Uruapan se manifestaron por la protecci\u00f3n de los mantos acu\u00edferos que podr\u00edan verse afectados con la construcci\u00f3n de por lo menos dos de las 47 torres para el proyecto del telef\u00e9rico.<\/p>\n<p>&nbsp;<\/p>\n<p>Y es que de acuerdo a las se\u00f1alizaciones que se han realizado en diversas calles se detect\u00f3 que la torre 47, que es la primera que se sit\u00faa despu\u00e9s de la estaci\u00f3n del mercado poniente, sobre la calle Anillo de Circunvalaci\u00f3n, se instalar\u00e1 a escasos 100 metros del nacimiento del R\u00edo Cupatitzio, es decir, del manantial La Rodilla del Diablo; posteriormente la torre 46 ser\u00e1 instalada en la calle Lago esquina con Fray Juan de San Miguel una zona donde tambi\u00e9n hay manantiales, pero algo raro es que de que entre torre y torre hay m\u00e1s de 400 metros lineales de distancia y que de acuerdo a lo poco que se sabe y se ha visto, las estructuras que sostendr\u00e1n los cables de telef\u00e9rico no est\u00e1n a m\u00e1s de 200 metros lineales una de otra, por lo que hay incertidumbre si se construir\u00e1 otra torre en el interior del Parque Nacional Barranca del Cupatitzio.<\/p>\n<p>&nbsp;<\/p>\n<p><img loading=\"lazy\" decoding=\"async\" class=\"alignnone size-medium wp-image-19399\" src=\"https:\/\/diarioabcdemichoacan.com.mx\/lasnoticias\/wp-content\/uploads\/2024\/08\/WhatsApp-Image-2024-08-11-at-7.42.19-PM-2-500x281.jpeg\" alt=\"\" width=\"500\" height=\"281\" srcset=\"https:\/\/diarioabcdemichoacan.com.mx\/lasnoticias\/wp-content\/uploads\/2024\/08\/WhatsApp-Image-2024-08-11-at-7.42.19-PM-2-500x281.jpeg 500w, https:\/\/diarioabcdemichoacan.com.mx\/lasnoticias\/wp-content\/uploads\/2024\/08\/WhatsApp-Image-2024-08-11-at-7.42.19-PM-2-1024x576.jpeg 1024w, https:\/\/diarioabcdemichoacan.com.mx\/lasnoticias\/wp-content\/uploads\/2024\/08\/WhatsApp-Image-2024-08-11-at-7.42.19-PM-2-768x432.jpeg 768w, https:\/\/diarioabcdemichoacan.com.mx\/lasnoticias\/wp-content\/uploads\/2024\/08\/WhatsApp-Image-2024-08-11-at-7.42.19-PM-2-1536x864.jpeg 1536w, https:\/\/diarioabcdemichoacan.com.mx\/lasnoticias\/wp-content\/uploads\/2024\/08\/WhatsApp-Image-2024-08-11-at-7.42.19-PM-2-150x84.jpeg 150w, https:\/\/diarioabcdemichoacan.com.mx\/lasnoticias\/wp-content\/uploads\/2024\/08\/WhatsApp-Image-2024-08-11-at-7.42.19-PM-2-300x169.jpeg 300w, https:\/\/diarioabcdemichoacan.com.mx\/lasnoticias\/wp-content\/uploads\/2024\/08\/WhatsApp-Image-2024-08-11-at-7.42.19-PM-2-696x392.jpeg 696w, https:\/\/diarioabcdemichoacan.com.mx\/lasnoticias\/wp-content\/uploads\/2024\/08\/WhatsApp-Image-2024-08-11-at-7.42.19-PM-2-1068x601.jpeg 1068w, https:\/\/diarioabcdemichoacan.com.mx\/lasnoticias\/wp-content\/uploads\/2024\/08\/WhatsApp-Image-2024-08-11-at-7.42.19-PM-2.jpeg 1600w\" sizes=\"auto, (max-width: 500px) 100vw, 500px\" \/><\/p>\n<p>&nbsp;<\/p>\n<p>Ante est\u00e1 situaci\u00f3n es por ello que algunos de las personas que se han visto afectadas por la construcci\u00f3n de torres, convocaron a esta marcha pac\u00edfica que parti\u00f3 de la explanada del Parque Nacional hacia el centro de la ciudad, donde con cartulinas y voces que exigen que haya una informaci\u00f3n certera, se manifestaron en defensa del agua y los mantos acu\u00edferos ya que recordaron el Cupatitzio no solo da vida a Uruapan sino a toda la regi\u00f3n.<\/p>\n<p>&nbsp;<\/p>\n<p>Posteriormente se congregaron en la explanada de la plaza Morelos y La P\u00e9rgola municipal d\u00f3nde quienes tomaron el micr\u00f3fono enfatizaron que es una marcha pac\u00edfica, sin filiaci\u00f3n partidista y que esperan que el gobierno del estado presente los estudios de impacto ambiental, el proyecto total, la viabilidad y factibilidad de un proyecto como el telef\u00e9rico, acentuando que no es que est\u00e9n en contra de la modernidad como se les ha acusado sino que se necesita conocer a fondo ese proyecto que inclusive afectar\u00e1 a viviendas particulares como ya se ha conocido, calles y en este caso el agua .<\/p>\n<p>&nbsp;<\/p>\n<p><img loading=\"lazy\" decoding=\"async\" class=\"alignnone size-medium wp-image-19401\" src=\"https:\/\/diarioabcdemichoacan.com.mx\/lasnoticias\/wp-content\/uploads\/2024\/08\/WhatsApp-Image-2024-08-11-at-7.42.19-PM-281x500.jpeg\" alt=\"\" width=\"281\" height=\"500\" srcset=\"https:\/\/diarioabcdemichoacan.com.mx\/lasnoticias\/wp-content\/uploads\/2024\/08\/WhatsApp-Image-2024-08-11-at-7.42.19-PM-281x500.jpeg 281w, https:\/\/diarioabcdemichoacan.com.mx\/lasnoticias\/wp-content\/uploads\/2024\/08\/WhatsApp-Image-2024-08-11-at-7.42.19-PM-576x1024.jpeg 576w, https:\/\/diarioabcdemichoacan.com.mx\/lasnoticias\/wp-content\/uploads\/2024\/08\/WhatsApp-Image-2024-08-11-at-7.42.19-PM-768x1365.jpeg 768w, https:\/\/diarioabcdemichoacan.com.mx\/lasnoticias\/wp-content\/uploads\/2024\/08\/WhatsApp-Image-2024-08-11-at-7.42.19-PM-864x1536.jpeg 864w, https:\/\/diarioabcdemichoacan.com.mx\/lasnoticias\/wp-content\/uploads\/2024\/08\/WhatsApp-Image-2024-08-11-at-7.42.19-PM-150x267.jpeg 150w, https:\/\/diarioabcdemichoacan.com.mx\/lasnoticias\/wp-content\/uploads\/2024\/08\/WhatsApp-Image-2024-08-11-at-7.42.19-PM-300x533.jpeg 300w, https:\/\/diarioabcdemichoacan.com.mx\/lasnoticias\/wp-content\/uploads\/2024\/08\/WhatsApp-Image-2024-08-11-at-7.42.19-PM-696x1237.jpeg 696w, https:\/\/diarioabcdemichoacan.com.mx\/lasnoticias\/wp-content\/uploads\/2024\/08\/WhatsApp-Image-2024-08-11-at-7.42.19-PM.jpeg 900w\" sizes=\"auto, (max-width: 281px) 100vw, 281px\" \/><\/p>\n<p>&nbsp;<\/p>\n<p>Finalmente exhortaron a la ciudadan\u00eda a tomar conciencia de la importancia de la preservaci\u00f3n del vital l\u00edquido, informarse debidamente c\u00f3mo afectar\u00e1 la instalaci\u00f3n de torres en cada uno de los espacios en donde se construir\u00e1n y las consecuencias que se tendr\u00e1n antes, durante y despu\u00e9s de la construcci\u00f3n de dicho proyecto estatal.<\/p>\n","protected":false},"excerpt":{"rendered":"<p>Dos torres del telef\u00e9rico podr\u00edan afectar el nacimiento del Cupatitzio y otros manantiales. &nbsp; POR BLANCA SIM\u00d3N ORTIZ, DIARIO ABC DE MICHOAC\u00c1N, 11 DE AGOSTO DE 2024. Uruapan, Mich. &#8211; En defensa del agua, habitantes de Uruapan se manifestaron por la protecci\u00f3n de los mantos acu\u00edferos que podr\u00edan verse afectados con la construcci\u00f3n de por [&hellip;]<\/p>\n","protected":false},"author":9,"featured_media":19402,"comment_status":"closed","ping_status":"closed","sticky":false,"template":"","format":"standard","meta":{"footnotes":""},"categories":[27,3],"tags":[],"class_list":{"0":"post-19382","1":"post","2":"type-post","3":"status-publish","4":"format-standard","5":"has-post-thumbnail","7":"category-slider","8":"category-uruapan"},"yoast_head":"<!-- This site is optimized with the Yoast SEO plugin v24.0 - https:\/\/yoast.com\/wordpress\/plugins\/seo\/ -->\n<title>Marchan por el agua. - Diario ABC de Michoac\u00e1n<\/title>\n<meta name=\"robots\" content=\"index, follow, max-snippet:-1, max-image-preview:large, max-video-preview:-1\" \/>\n<link rel=\"canonical\" href=\"https:\/\/diarioabcdemichoacan.com.mx\/lasnoticias\/marchan-por-el-agua\/\" \/>\n<meta property=\"og:locale\" content=\"es_ES\" \/>\n<meta property=\"og:type\" content=\"article\" \/>\n<meta property=\"og:title\" content=\"Marchan por el agua. - Diario ABC de Michoac\u00e1n\" \/>\n<meta property=\"og:description\" content=\"Dos torres del telef\u00e9rico podr\u00edan afectar el nacimiento del Cupatitzio y otros manantiales. &nbsp; POR BLANCA SIM\u00d3N ORTIZ, DIARIO ABC DE MICHOAC\u00c1N, 11 DE AGOSTO DE 2024. Uruapan, Mich. &#8211; En defensa del agua, habitantes de Uruapan se manifestaron por la protecci\u00f3n de los mantos acu\u00edferos que podr\u00edan verse afectados con la construcci\u00f3n de por [&hellip;]\" \/>\n<meta property=\"og:url\" content=\"https:\/\/diarioabcdemichoacan.com.mx\/lasnoticias\/marchan-por-el-agua\/\" \/>\n<meta property=\"og:site_name\" content=\"Diario ABC de Michoac\u00e1n\" \/>\n<meta property=\"article:published_time\" content=\"2024-08-12T01:49:40+00:00\" \/>\n<meta property=\"article:modified_time\" content=\"2024-08-12T01:52:18+00:00\" \/>\n<meta property=\"og:image\" content=\"https:\/\/diarioabcdemichoacan.com.mx\/lasnoticias\/wp-content\/uploads\/2024\/08\/WhatsApp-Image-2024-08-11-at-7.42.18-PM.jpeg\" \/>\n\t<meta property=\"og:image:width\" content=\"1600\" \/>\n\t<meta property=\"og:image:height\" content=\"900\" \/>\n\t<meta property=\"og:image:type\" content=\"image\/jpeg\" \/>\n<meta name=\"author\" content=\"AR\" \/>\n<meta name=\"twitter:card\" content=\"summary_large_image\" \/>\n<meta name=\"twitter:label1\" content=\"Escrito por\" \/>\n\t<meta name=\"twitter:data1\" content=\"AR\" \/>\n\t<meta name=\"twitter:label2\" content=\"Tiempo de lectura\" \/>\n\t<meta name=\"twitter:data2\" content=\"3 minutos\" \/>\n<script type=\"application\/ld+json\" class=\"yoast-schema-graph\">{\"@context\":\"https:\/\/schema.org\",\"@graph\":[{\"@type\":\"WebPage\",\"@id\":\"https:\/\/diarioabcdemichoacan.com.mx\/lasnoticias\/marchan-por-el-agua\/\",\"url\":\"https:\/\/diarioabcdemichoacan.com.mx\/lasnoticias\/marchan-por-el-agua\/\",\"name\":\"Marchan por el agua. - Diario ABC de Michoac\u00e1n\",\"isPartOf\":{\"@id\":\"https:\/\/diarioabcdemichoacan.com.mx\/lasnoticias\/#website\"},\"primaryImageOfPage\":{\"@id\":\"https:\/\/diarioabcdemichoacan.com.mx\/lasnoticias\/marchan-por-el-agua\/#primaryimage\"},\"image\":{\"@id\":\"https:\/\/diarioabcdemichoacan.com.mx\/lasnoticias\/marchan-por-el-agua\/#primaryimage\"},\"thumbnailUrl\":\"https:\/\/diarioabcdemichoacan.com.mx\/lasnoticias\/wp-content\/uploads\/2024\/08\/WhatsApp-Image-2024-08-11-at-7.42.18-PM.jpeg\",\"datePublished\":\"2024-08-12T01:49:40+00:00\",\"dateModified\":\"2024-08-12T01:52:18+00:00\",\"author\":{\"@id\":\"https:\/\/diarioabcdemichoacan.com.mx\/lasnoticias\/#\/schema\/person\/19ae376040f6cbc489682ebdd8524852\"},\"breadcrumb\":{\"@id\":\"https:\/\/diarioabcdemichoacan.com.mx\/lasnoticias\/marchan-por-el-agua\/#breadcrumb\"},\"inLanguage\":\"es\",\"potentialAction\":[{\"@type\":\"ReadAction\",\"target\":[\"https:\/\/diarioabcdemichoacan.com.mx\/lasnoticias\/marchan-por-el-agua\/\"]}]},{\"@type\":\"ImageObject\",\"inLanguage\":\"es\",\"@id\":\"https:\/\/diarioabcdemichoacan.com.mx\/lasnoticias\/marchan-por-el-agua\/#primaryimage\",\"url\":\"https:\/\/diarioabcdemichoacan.com.mx\/lasnoticias\/wp-content\/uploads\/2024\/08\/WhatsApp-Image-2024-08-11-at-7.42.18-PM.jpeg\",\"contentUrl\":\"https:\/\/diarioabcdemichoacan.com.mx\/lasnoticias\/wp-content\/uploads\/2024\/08\/WhatsApp-Image-2024-08-11-at-7.42.18-PM.jpeg\",\"width\":1600,\"height\":900},{\"@type\":\"BreadcrumbList\",\"@id\":\"https:\/\/diarioabcdemichoacan.com.mx\/lasnoticias\/marchan-por-el-agua\/#breadcrumb\",\"itemListElement\":[{\"@type\":\"ListItem\",\"position\":1,\"name\":\"Portada\",\"item\":\"https:\/\/diarioabcdemichoacan.com.mx\/lasnoticias\/\"},{\"@type\":\"ListItem\",\"position\":2,\"name\":\"Marchan por el agua.\"}]},{\"@type\":\"WebSite\",\"@id\":\"https:\/\/diarioabcdemichoacan.com.mx\/lasnoticias\/#website\",\"url\":\"https:\/\/diarioabcdemichoacan.com.mx\/lasnoticias\/\",\"name\":\"Diario ABC de Michoac\u00e1n\",\"description\":\"Las noticias al momento\",\"potentialAction\":[{\"@type\":\"SearchAction\",\"target\":{\"@type\":\"EntryPoint\",\"urlTemplate\":\"https:\/\/diarioabcdemichoacan.com.mx\/lasnoticias\/?s={search_term_string}\"},\"query-input\":{\"@type\":\"PropertyValueSpecification\",\"valueRequired\":true,\"valueName\":\"search_term_string\"}}],\"inLanguage\":\"es\"},{\"@type\":\"Person\",\"@id\":\"https:\/\/diarioabcdemichoacan.com.mx\/lasnoticias\/#\/schema\/person\/19ae376040f6cbc489682ebdd8524852\",\"name\":\"AR\",\"image\":{\"@type\":\"ImageObject\",\"inLanguage\":\"es\",\"@id\":\"https:\/\/diarioabcdemichoacan.com.mx\/lasnoticias\/#\/schema\/person\/image\/\",\"url\":\"https:\/\/secure.gravatar.com\/avatar\/44eca2ff970262234e20e1e082872af0?s=96&d=mm&r=g\",\"contentUrl\":\"https:\/\/secure.gravatar.com\/avatar\/44eca2ff970262234e20e1e082872af0?s=96&d=mm&r=g\",\"caption\":\"AR\"},\"url\":\"https:\/\/diarioabcdemichoacan.com.mx\/lasnoticias\/author\/adrian\/\"}]}<\/script>\n<!-- \/ Yoast SEO plugin. -->","yoast_head_json":{"title":"Marchan por el agua. - Diario ABC de Michoac\u00e1n","robots":{"index":"index","follow":"follow","max-snippet":"max-snippet:-1","max-image-preview":"max-image-preview:large","max-video-preview":"max-video-preview:-1"},"canonical":"https:\/\/diarioabcdemichoacan.com.mx\/lasnoticias\/marchan-por-el-agua\/","og_locale":"es_ES","og_type":"article","og_title":"Marchan por el agua. - Diario ABC de Michoac\u00e1n","og_description":"Dos torres del telef\u00e9rico podr\u00edan afectar el nacimiento del Cupatitzio y otros manantiales. &nbsp; POR BLANCA SIM\u00d3N ORTIZ, DIARIO ABC DE MICHOAC\u00c1N, 11 DE AGOSTO DE 2024. Uruapan, Mich. &#8211; En defensa del agua, habitantes de Uruapan se manifestaron por la protecci\u00f3n de los mantos acu\u00edferos que podr\u00edan verse afectados con la construcci\u00f3n de por [&hellip;]","og_url":"https:\/\/diarioabcdemichoacan.com.mx\/lasnoticias\/marchan-por-el-agua\/","og_site_name":"Diario ABC de Michoac\u00e1n","article_published_time":"2024-08-12T01:49:40+00:00","article_modified_time":"2024-08-12T01:52:18+00:00","og_image":[{"width":1600,"height":900,"url":"https:\/\/diarioabcdemichoacan.com.mx\/lasnoticias\/wp-content\/uploads\/2024\/08\/WhatsApp-Image-2024-08-11-at-7.42.18-PM.jpeg","type":"image\/jpeg"}],"author":"AR","twitter_card":"summary_large_image","twitter_misc":{"Escrito por":"AR","Tiempo de lectura":"3 minutos"},"schema":{"@context":"https:\/\/schema.org","@graph":[{"@type":"WebPage","@id":"https:\/\/diarioabcdemichoacan.com.mx\/lasnoticias\/marchan-por-el-agua\/","url":"https:\/\/diarioabcdemichoacan.com.mx\/lasnoticias\/marchan-por-el-agua\/","name":"Marchan por el agua. - Diario ABC de Michoac\u00e1n","isPartOf":{"@id":"https:\/\/diarioabcdemichoacan.com.mx\/lasnoticias\/#website"},"primaryImageOfPage":{"@id":"https:\/\/diarioabcdemichoacan.com.mx\/lasnoticias\/marchan-por-el-agua\/#primaryimage"},"image":{"@id":"https:\/\/diarioabcdemichoacan.com.mx\/lasnoticias\/marchan-por-el-agua\/#primaryimage"},"thumbnailUrl":"https:\/\/diarioabcdemichoacan.com.mx\/lasnoticias\/wp-content\/uploads\/2024\/08\/WhatsApp-Image-2024-08-11-at-7.42.18-PM.jpeg","datePublished":"2024-08-12T01:49:40+00:00","dateModified":"2024-08-12T01:52:18+00:00","author":{"@id":"https:\/\/diarioabcdemichoacan.com.mx\/lasnoticias\/#\/schema\/person\/19ae376040f6cbc489682ebdd8524852"},"breadcrumb":{"@id":"https:\/\/diarioabcdemichoacan.com.mx\/lasnoticias\/marchan-por-el-agua\/#breadcrumb"},"inLanguage":"es","potentialAction":[{"@type":"ReadAction","target":["https:\/\/diarioabcdemichoacan.com.mx\/lasnoticias\/marchan-por-el-agua\/"]}]},{"@type":"ImageObject","inLanguage":"es","@id":"https:\/\/diarioabcdemichoacan.com.mx\/lasnoticias\/marchan-por-el-agua\/#primaryimage","url":"https:\/\/diarioabcdemichoacan.com.mx\/lasnoticias\/wp-content\/uploads\/2024\/08\/WhatsApp-Image-2024-08-11-at-7.42.18-PM.jpeg","contentUrl":"https:\/\/diarioabcdemichoacan.com.mx\/lasnoticias\/wp-content\/uploads\/2024\/08\/WhatsApp-Image-2024-08-11-at-7.42.18-PM.jpeg","width":1600,"height":900},{"@type":"BreadcrumbList","@id":"https:\/\/diarioabcdemichoacan.com.mx\/lasnoticias\/marchan-por-el-agua\/#breadcrumb","itemListElement":[{"@type":"ListItem","position":1,"name":"Portada","item":"https:\/\/diarioabcdemichoacan.com.mx\/lasnoticias\/"},{"@type":"ListItem","position":2,"name":"Marchan por el agua."}]},{"@type":"WebSite","@id":"https:\/\/diarioabcdemichoacan.com.mx\/lasnoticias\/#website","url":"https:\/\/diarioabcdemichoacan.com.mx\/lasnoticias\/","name":"Diario ABC de Michoac\u00e1n","description":"Las noticias al momento","potentialAction":[{"@type":"SearchAction","target":{"@type":"EntryPoint","urlTemplate":"https:\/\/diarioabcdemichoacan.com.mx\/lasnoticias\/?s={search_term_string}"},"query-input":{"@type":"PropertyValueSpecification","valueRequired":true,"valueName":"search_term_string"}}],"inLanguage":"es"},{"@type":"Person","@id":"https:\/\/diarioabcdemichoacan.com.mx\/lasnoticias\/#\/schema\/person\/19ae376040f6cbc489682ebdd8524852","name":"AR","image":{"@type":"ImageObject","inLanguage":"es","@id":"https:\/\/diarioabcdemichoacan.com.mx\/lasnoticias\/#\/schema\/person\/image\/","url":"https:\/\/secure.gravatar.com\/avatar\/44eca2ff970262234e20e1e082872af0?s=96&d=mm&r=g","contentUrl":"https:\/\/secure.gravatar.com\/avatar\/44eca2ff970262234e20e1e082872af0?s=96&d=mm&r=g","caption":"AR"},"url":"https:\/\/diarioabcdemichoacan.com.mx\/lasnoticias\/author\/adrian\/"}]}},"_links":{"self":[{"href":"https:\/\/diarioabcdemichoacan.com.mx\/lasnoticias\/wp-json\/wp\/v2\/posts\/19382","targetHints":{"allow":["GET"]}}],"collection":[{"href":"https:\/\/diarioabcdemichoacan.com.mx\/lasnoticias\/wp-json\/wp\/v2\/posts"}],"about":[{"href":"https:\/\/diarioabcdemichoacan.com.mx\/lasnoticias\/wp-json\/wp\/v2\/types\/post"}],"author":[{"embeddable":true,"href":"https:\/\/diarioabcdemichoacan.com.mx\/lasnoticias\/wp-json\/wp\/v2\/users\/9"}],"replies":[{"embeddable":true,"href":"https:\/\/diarioabcdemichoacan.com.mx\/lasnoticias\/wp-json\/wp\/v2\/comments?post=19382"}],"version-history":[{"count":3,"href":"https:\/\/diarioabcdemichoacan.com.mx\/lasnoticias\/wp-json\/wp\/v2\/posts\/19382\/revisions"}],"predecessor-version":[{"id":19410,"href":"https:\/\/diarioabcdemichoacan.com.mx\/lasnoticias\/wp-json\/wp\/v2\/posts\/19382\/revisions\/19410"}],"wp:featuredmedia":[{"embeddable":true,"href":"https:\/\/diarioabcdemichoacan.com.mx\/lasnoticias\/wp-json\/wp\/v2\/media\/19402"}],"wp:attachment":[{"href":"https:\/\/diarioabcdemichoacan.com.mx\/lasnoticias\/wp-json\/wp\/v2\/media?parent=19382"}],"wp:term":[{"taxonomy":"category","embeddable":true,"href":"https:\/\/diarioabcdemichoacan.com.mx\/lasnoticias\/wp-json\/wp\/v2\/categories?post=19382"},{"taxonomy":"post_tag","embeddable":true,"href":"https:\/\/diarioabcdemichoacan.com.mx\/lasnoticias\/wp-json\/wp\/v2\/tags?post=19382"}],"curies":[{"name":"wp","href":"https:\/\/api.w.org\/{rel}","templated":true}]}}