{"id":19383,"date":"2024-08-11T20:36:21","date_gmt":"2024-08-12T02:36:21","guid":{"rendered":"https:\/\/diarioabcdemichoacan.com.mx\/lasnoticias\/?p=19383"},"modified":"2024-08-11T20:36:55","modified_gmt":"2024-08-12T02:36:55","slug":"la-sobre-representacion-socava-nuestra-republica-democratica","status":"publish","type":"post","link":"https:\/\/diarioabcdemichoacan.com.mx\/lasnoticias\/la-sobre-representacion-socava-nuestra-republica-democratica\/","title":{"rendered":"La sobre representaci\u00f3n socava nuestra rep\u00fablica democr\u00e1tica."},"content":{"rendered":"<h2>Exigencia de cumplimiento constitucional para la representaci\u00f3n proporcional en el Congreso de la Uni\u00f3n.<\/h2>\n<p>&nbsp;<\/p>\n<h6>POR REDACCI\u00d3N, DIARIO ABC DE MICHOAC\u00c1N, 11 DE AGOSTO DE 2024.<\/h6>\n<hr \/>\n<p>Morelia, Mich. &#8211; A los servidores p\u00fablicos de las instituciones pol\u00edticas de M\u00e9xico:<\/p>\n<p>&nbsp;<\/p>\n<p>Quienes suscribimos este manifiesto les exigimos cumplir y hacer cumplir los mandatos constitucionales que norman la representaci\u00f3n pol\u00edtica que los electores otorgamos a los partidos pol\u00edticos en la integraci\u00f3n de las C\u00e1maras en el Congreso de la Uni\u00f3n.<\/p>\n<p>&nbsp;<\/p>\n<p><img loading=\"lazy\" decoding=\"async\" class=\"alignnone size-medium wp-image-19418\" src=\"https:\/\/diarioabcdemichoacan.com.mx\/lasnoticias\/wp-content\/uploads\/2024\/08\/WhatsApp-Image-2024-08-11-at-8.20.31-PM-381x500.jpeg\" alt=\"\" width=\"381\" height=\"500\" srcset=\"https:\/\/diarioabcdemichoacan.com.mx\/lasnoticias\/wp-content\/uploads\/2024\/08\/WhatsApp-Image-2024-08-11-at-8.20.31-PM-381x500.jpeg 381w, https:\/\/diarioabcdemichoacan.com.mx\/lasnoticias\/wp-content\/uploads\/2024\/08\/WhatsApp-Image-2024-08-11-at-8.20.31-PM-780x1024.jpeg 780w, https:\/\/diarioabcdemichoacan.com.mx\/lasnoticias\/wp-content\/uploads\/2024\/08\/WhatsApp-Image-2024-08-11-at-8.20.31-PM-768x1008.jpeg 768w, https:\/\/diarioabcdemichoacan.com.mx\/lasnoticias\/wp-content\/uploads\/2024\/08\/WhatsApp-Image-2024-08-11-at-8.20.31-PM-150x197.jpeg 150w, https:\/\/diarioabcdemichoacan.com.mx\/lasnoticias\/wp-content\/uploads\/2024\/08\/WhatsApp-Image-2024-08-11-at-8.20.31-PM-300x394.jpeg 300w, https:\/\/diarioabcdemichoacan.com.mx\/lasnoticias\/wp-content\/uploads\/2024\/08\/WhatsApp-Image-2024-08-11-at-8.20.31-PM-696x914.jpeg 696w, https:\/\/diarioabcdemichoacan.com.mx\/lasnoticias\/wp-content\/uploads\/2024\/08\/WhatsApp-Image-2024-08-11-at-8.20.31-PM-1068x1402.jpeg 1068w, https:\/\/diarioabcdemichoacan.com.mx\/lasnoticias\/wp-content\/uploads\/2024\/08\/WhatsApp-Image-2024-08-11-at-8.20.31-PM.jpeg 1080w\" sizes=\"auto, (max-width: 381px) 100vw, 381px\" \/><\/p>\n<p>&nbsp;<\/p>\n<p>La Constituci\u00f3n protege los derechos de las minor\u00edas representadas en el poder legislativo.<\/p>\n<p>&nbsp;<\/p>\n<p>La piedra angular de nuestro orden pol\u00edtico fundamental es el respeto a los derechos humanos, la separaci\u00f3n de poderes, y el voto universal con igual valor.<\/p>\n<p>&nbsp;<\/p>\n<p>La asignaci\u00f3n de diputados por la f\u00f3rmula de representaci\u00f3n proporcional debe hacerse conforme al porcentaje de votos efectivos que la ciudadan\u00eda otorg\u00f3 a cada partido.<\/p>\n<p>&nbsp;<\/p>\n<p>El art\u00edculo 49 constitucional dispone que el poder pol\u00edtico de la federaci\u00f3n se divide para su ejercicio en legislativo, ejecutivo y judicial. Establece con claridad que no podr\u00e1n reunirse dos o m\u00e1s de estos poderes en una sola persona o corporaci\u00f3n. La pretensi\u00f3n de Morena y coaligados es reunir en una sola corporaci\u00f3n los poderes legislativo y ejecutivo, esto mediante su extrema sobre representaci\u00f3n en el legislativo.<\/p>\n<p>&nbsp;<\/p>\n<p>El art\u00edculo 54 de nuestra Carta Magna ordena que los 200 diputados de representaci\u00f3n proporcional deben asignarse a los partidos pol\u00edticos mediante listas regionales. Para tener derecho, cada partido debe acreditar que particip\u00f3 con candidatos de mayor\u00eda relativa en por lo menos 200 de los 300 distritos uninominales. Esto no se acredit\u00f3 por parte de los partidos integrantes de la coalici\u00f3n morenista, por tanto, no tendr\u00edan derecho a diputados plurinominales.<\/p>\n<p>&nbsp;<\/p>\n<p>Adem\u00e1s, el mismo art\u00edculo tambi\u00e9n ordena que ning\u00fan partido pol\u00edtico podr\u00e1 contar con m\u00e1s de 300 diputados por ambos principios; es decir, el 60% de la C\u00e1mara.<\/p>\n<p>&nbsp;<\/p>\n<p>A\u00f1ade que, en ning\u00fan caso, un partido pol\u00edtico podr\u00e1 contar con un n\u00famero de diputados por ambos principios que exceda en ocho puntos su porcentaje de votaci\u00f3n nacional emitida. Ese es el l\u00edmite de la sobre representaci\u00f3n.<\/p>\n<p>&nbsp;<\/p>\n<p>Denunciamos la intervenci\u00f3n ilegal, el mismo d\u00eda de la elecci\u00f3n, de la secretaria de Gobernaci\u00f3n, anunciando que Morena y sus coaligados obtendr\u00edan m\u00e1s diputados que los que les corresponden como resultado del c\u00f3mputo de votos. Pretende la funcionaria que su coalici\u00f3n, con 56.9% de la votaci\u00f3n v\u00e1lida, pueda hacerse del 74% de la C\u00e1mara, con un 17.1% de sobre representaci\u00f3n.<\/p>\n<p>&nbsp;<\/p>\n<p>El electorado dio a las oposiciones el 43.1% de los votos v\u00e1lidos. Pero el oficialismo busca que solo se les asigne el 26% de las curules. Si consideramos que la Constituci\u00f3n de la Rep\u00fablica puede ser reformada con el voto calificado del 66% de los diputados, significa que la sobre representaci\u00f3n artificial les permitir\u00eda modificarla a su capricho, sin consideraci\u00f3n a la opini\u00f3n de las minor\u00edas.<\/p>\n<p>&nbsp;<\/p>\n<p>Se llega al absurdo de pretender asignarle al Partido Verde, que logr\u00f3 el 5\u00ba lugar en la votaci\u00f3n, los diputados suficientes para convertirlo en la segunda fuerza en la C\u00e1mara de Diputados, por arriba del PAN, PRI y MC, que obtuvieron m\u00e1s votos. Esto es inconstitucional, antidemocr\u00e1tico. Tir\u00e1nico.<\/p>\n<p>&nbsp;<\/p>\n<p>Exigimos al Consejo General del INE, y en su oportunidad al TRIFE, acatar los principios y criterios de nuestra Carta Magna, que privilegia la proporcionalidad entre votos emitidos por cada partido y su representaci\u00f3n en la C\u00e1mara.<\/p>\n<p>&nbsp;<\/p>\n<p>A los dirigentes de los partidos pol\u00edticos nacionales y a los coordinadores de los grupos parlamentarios les exigimos adoptar una actitud digna y responsable ante la ciudadan\u00eda, para hacer valer los mandatos constitucionales, respetar la pluralidad del electorado, procurar una fiel representaci\u00f3n conforme a la proporci\u00f3n de votos efectivos otorgados por la ciudadan\u00eda a cada partido, y evitar acuerdos que contrar\u00eden los mandatos constitucionales y legales.<\/p>\n","protected":false},"excerpt":{"rendered":"<p>Exigencia de cumplimiento constitucional para la representaci\u00f3n proporcional en el Congreso de la Uni\u00f3n. &nbsp; POR REDACCI\u00d3N, DIARIO ABC DE MICHOAC\u00c1N, 11 DE AGOSTO DE 2024. Morelia, Mich. &#8211; A los servidores p\u00fablicos de las instituciones pol\u00edticas de M\u00e9xico: &nbsp; Quienes suscribimos este manifiesto les exigimos cumplir y hacer cumplir los mandatos constitucionales que norman [&hellip;]<\/p>\n","protected":false},"author":9,"featured_media":19417,"comment_status":"closed","ping_status":"closed","sticky":false,"template":"","format":"standard","meta":{"footnotes":""},"categories":[10,28,27],"tags":[],"class_list":{"0":"post-19383","1":"post","2":"type-post","3":"status-publish","4":"format-standard","5":"has-post-thumbnail","7":"category-estado","8":"category-politica","9":"category-slider"},"yoast_head":"<!-- This site is optimized with the Yoast SEO plugin v24.0 - https:\/\/yoast.com\/wordpress\/plugins\/seo\/ -->\n<title>La sobre representaci\u00f3n socava nuestra rep\u00fablica democr\u00e1tica. - Diario ABC de Michoac\u00e1n<\/title>\n<meta name=\"robots\" content=\"index, follow, max-snippet:-1, max-image-preview:large, max-video-preview:-1\" \/>\n<link rel=\"canonical\" href=\"https:\/\/diarioabcdemichoacan.com.mx\/lasnoticias\/la-sobre-representacion-socava-nuestra-republica-democratica\/\" \/>\n<meta property=\"og:locale\" content=\"es_ES\" \/>\n<meta property=\"og:type\" content=\"article\" \/>\n<meta property=\"og:title\" content=\"La sobre representaci\u00f3n socava nuestra rep\u00fablica democr\u00e1tica. - Diario ABC de Michoac\u00e1n\" \/>\n<meta property=\"og:description\" content=\"Exigencia de cumplimiento constitucional para la representaci\u00f3n proporcional en el Congreso de la Uni\u00f3n. &nbsp; POR REDACCI\u00d3N, DIARIO ABC DE MICHOAC\u00c1N, 11 DE AGOSTO DE 2024. Morelia, Mich. &#8211; A los servidores p\u00fablicos de las instituciones pol\u00edticas de M\u00e9xico: &nbsp; Quienes suscribimos este manifiesto les exigimos cumplir y hacer cumplir los mandatos constitucionales que norman [&hellip;]\" \/>\n<meta property=\"og:url\" content=\"https:\/\/diarioabcdemichoacan.com.mx\/lasnoticias\/la-sobre-representacion-socava-nuestra-republica-democratica\/\" \/>\n<meta property=\"og:site_name\" content=\"Diario ABC de Michoac\u00e1n\" \/>\n<meta property=\"article:published_time\" content=\"2024-08-12T02:36:21+00:00\" \/>\n<meta property=\"article:modified_time\" content=\"2024-08-12T02:36:55+00:00\" \/>\n<meta property=\"og:image\" content=\"https:\/\/diarioabcdemichoacan.com.mx\/lasnoticias\/wp-content\/uploads\/2024\/08\/WhatsApp-Image-2024-08-11-at-8.20.31-PM-1.jpeg\" \/>\n\t<meta property=\"og:image:width\" content=\"1076\" \/>\n\t<meta property=\"og:image:height\" content=\"803\" \/>\n\t<meta property=\"og:image:type\" content=\"image\/jpeg\" \/>\n<meta name=\"author\" content=\"AR\" \/>\n<meta name=\"twitter:card\" content=\"summary_large_image\" \/>\n<meta name=\"twitter:label1\" content=\"Escrito por\" \/>\n\t<meta name=\"twitter:data1\" content=\"AR\" \/>\n\t<meta name=\"twitter:label2\" content=\"Tiempo de lectura\" \/>\n\t<meta name=\"twitter:data2\" content=\"4 minutos\" \/>\n<script type=\"application\/ld+json\" class=\"yoast-schema-graph\">{\"@context\":\"https:\/\/schema.org\",\"@graph\":[{\"@type\":\"WebPage\",\"@id\":\"https:\/\/diarioabcdemichoacan.com.mx\/lasnoticias\/la-sobre-representacion-socava-nuestra-republica-democratica\/\",\"url\":\"https:\/\/diarioabcdemichoacan.com.mx\/lasnoticias\/la-sobre-representacion-socava-nuestra-republica-democratica\/\",\"name\":\"La sobre representaci\u00f3n socava nuestra rep\u00fablica democr\u00e1tica. - Diario ABC de Michoac\u00e1n\",\"isPartOf\":{\"@id\":\"https:\/\/diarioabcdemichoacan.com.mx\/lasnoticias\/#website\"},\"primaryImageOfPage\":{\"@id\":\"https:\/\/diarioabcdemichoacan.com.mx\/lasnoticias\/la-sobre-representacion-socava-nuestra-republica-democratica\/#primaryimage\"},\"image\":{\"@id\":\"https:\/\/diarioabcdemichoacan.com.mx\/lasnoticias\/la-sobre-representacion-socava-nuestra-republica-democratica\/#primaryimage\"},\"thumbnailUrl\":\"https:\/\/diarioabcdemichoacan.com.mx\/lasnoticias\/wp-content\/uploads\/2024\/08\/WhatsApp-Image-2024-08-11-at-8.20.31-PM-1.jpeg\",\"datePublished\":\"2024-08-12T02:36:21+00:00\",\"dateModified\":\"2024-08-12T02:36:55+00:00\",\"author\":{\"@id\":\"https:\/\/diarioabcdemichoacan.com.mx\/lasnoticias\/#\/schema\/person\/19ae376040f6cbc489682ebdd8524852\"},\"breadcrumb\":{\"@id\":\"https:\/\/diarioabcdemichoacan.com.mx\/lasnoticias\/la-sobre-representacion-socava-nuestra-republica-democratica\/#breadcrumb\"},\"inLanguage\":\"es\",\"potentialAction\":[{\"@type\":\"ReadAction\",\"target\":[\"https:\/\/diarioabcdemichoacan.com.mx\/lasnoticias\/la-sobre-representacion-socava-nuestra-republica-democratica\/\"]}]},{\"@type\":\"ImageObject\",\"inLanguage\":\"es\",\"@id\":\"https:\/\/diarioabcdemichoacan.com.mx\/lasnoticias\/la-sobre-representacion-socava-nuestra-republica-democratica\/#primaryimage\",\"url\":\"https:\/\/diarioabcdemichoacan.com.mx\/lasnoticias\/wp-content\/uploads\/2024\/08\/WhatsApp-Image-2024-08-11-at-8.20.31-PM-1.jpeg\",\"contentUrl\":\"https:\/\/diarioabcdemichoacan.com.mx\/lasnoticias\/wp-content\/uploads\/2024\/08\/WhatsApp-Image-2024-08-11-at-8.20.31-PM-1.jpeg\",\"width\":1076,\"height\":803},{\"@type\":\"BreadcrumbList\",\"@id\":\"https:\/\/diarioabcdemichoacan.com.mx\/lasnoticias\/la-sobre-representacion-socava-nuestra-republica-democratica\/#breadcrumb\",\"itemListElement\":[{\"@type\":\"ListItem\",\"position\":1,\"name\":\"Portada\",\"item\":\"https:\/\/diarioabcdemichoacan.com.mx\/lasnoticias\/\"},{\"@type\":\"ListItem\",\"position\":2,\"name\":\"La sobre representaci\u00f3n socava nuestra rep\u00fablica democr\u00e1tica.\"}]},{\"@type\":\"WebSite\",\"@id\":\"https:\/\/diarioabcdemichoacan.com.mx\/lasnoticias\/#website\",\"url\":\"https:\/\/diarioabcdemichoacan.com.mx\/lasnoticias\/\",\"name\":\"Diario ABC de Michoac\u00e1n\",\"description\":\"Las noticias al momento\",\"potentialAction\":[{\"@type\":\"SearchAction\",\"target\":{\"@type\":\"EntryPoint\",\"urlTemplate\":\"https:\/\/diarioabcdemichoacan.com.mx\/lasnoticias\/?s={search_term_string}\"},\"query-input\":{\"@type\":\"PropertyValueSpecification\",\"valueRequired\":true,\"valueName\":\"search_term_string\"}}],\"inLanguage\":\"es\"},{\"@type\":\"Person\",\"@id\":\"https:\/\/diarioabcdemichoacan.com.mx\/lasnoticias\/#\/schema\/person\/19ae376040f6cbc489682ebdd8524852\",\"name\":\"AR\",\"image\":{\"@type\":\"ImageObject\",\"inLanguage\":\"es\",\"@id\":\"https:\/\/diarioabcdemichoacan.com.mx\/lasnoticias\/#\/schema\/person\/image\/\",\"url\":\"https:\/\/secure.gravatar.com\/avatar\/44eca2ff970262234e20e1e082872af0?s=96&d=mm&r=g\",\"contentUrl\":\"https:\/\/secure.gravatar.com\/avatar\/44eca2ff970262234e20e1e082872af0?s=96&d=mm&r=g\",\"caption\":\"AR\"},\"url\":\"https:\/\/diarioabcdemichoacan.com.mx\/lasnoticias\/author\/adrian\/\"}]}<\/script>\n<!-- \/ Yoast SEO plugin. -->","yoast_head_json":{"title":"La sobre representaci\u00f3n socava nuestra rep\u00fablica democr\u00e1tica. - Diario ABC de Michoac\u00e1n","robots":{"index":"index","follow":"follow","max-snippet":"max-snippet:-1","max-image-preview":"max-image-preview:large","max-video-preview":"max-video-preview:-1"},"canonical":"https:\/\/diarioabcdemichoacan.com.mx\/lasnoticias\/la-sobre-representacion-socava-nuestra-republica-democratica\/","og_locale":"es_ES","og_type":"article","og_title":"La sobre representaci\u00f3n socava nuestra rep\u00fablica democr\u00e1tica. - Diario ABC de Michoac\u00e1n","og_description":"Exigencia de cumplimiento constitucional para la representaci\u00f3n proporcional en el Congreso de la Uni\u00f3n. &nbsp; POR REDACCI\u00d3N, DIARIO ABC DE MICHOAC\u00c1N, 11 DE AGOSTO DE 2024. Morelia, Mich. &#8211; A los servidores p\u00fablicos de las instituciones pol\u00edticas de M\u00e9xico: &nbsp; Quienes suscribimos este manifiesto les exigimos cumplir y hacer cumplir los mandatos constitucionales que norman [&hellip;]","og_url":"https:\/\/diarioabcdemichoacan.com.mx\/lasnoticias\/la-sobre-representacion-socava-nuestra-republica-democratica\/","og_site_name":"Diario ABC de Michoac\u00e1n","article_published_time":"2024-08-12T02:36:21+00:00","article_modified_time":"2024-08-12T02:36:55+00:00","og_image":[{"width":1076,"height":803,"url":"https:\/\/diarioabcdemichoacan.com.mx\/lasnoticias\/wp-content\/uploads\/2024\/08\/WhatsApp-Image-2024-08-11-at-8.20.31-PM-1.jpeg","type":"image\/jpeg"}],"author":"AR","twitter_card":"summary_large_image","twitter_misc":{"Escrito por":"AR","Tiempo de lectura":"4 minutos"},"schema":{"@context":"https:\/\/schema.org","@graph":[{"@type":"WebPage","@id":"https:\/\/diarioabcdemichoacan.com.mx\/lasnoticias\/la-sobre-representacion-socava-nuestra-republica-democratica\/","url":"https:\/\/diarioabcdemichoacan.com.mx\/lasnoticias\/la-sobre-representacion-socava-nuestra-republica-democratica\/","name":"La sobre representaci\u00f3n socava nuestra rep\u00fablica democr\u00e1tica. - Diario ABC de Michoac\u00e1n","isPartOf":{"@id":"https:\/\/diarioabcdemichoacan.com.mx\/lasnoticias\/#website"},"primaryImageOfPage":{"@id":"https:\/\/diarioabcdemichoacan.com.mx\/lasnoticias\/la-sobre-representacion-socava-nuestra-republica-democratica\/#primaryimage"},"image":{"@id":"https:\/\/diarioabcdemichoacan.com.mx\/lasnoticias\/la-sobre-representacion-socava-nuestra-republica-democratica\/#primaryimage"},"thumbnailUrl":"https:\/\/diarioabcdemichoacan.com.mx\/lasnoticias\/wp-content\/uploads\/2024\/08\/WhatsApp-Image-2024-08-11-at-8.20.31-PM-1.jpeg","datePublished":"2024-08-12T02:36:21+00:00","dateModified":"2024-08-12T02:36:55+00:00","author":{"@id":"https:\/\/diarioabcdemichoacan.com.mx\/lasnoticias\/#\/schema\/person\/19ae376040f6cbc489682ebdd8524852"},"breadcrumb":{"@id":"https:\/\/diarioabcdemichoacan.com.mx\/lasnoticias\/la-sobre-representacion-socava-nuestra-republica-democratica\/#breadcrumb"},"inLanguage":"es","potentialAction":[{"@type":"ReadAction","target":["https:\/\/diarioabcdemichoacan.com.mx\/lasnoticias\/la-sobre-representacion-socava-nuestra-republica-democratica\/"]}]},{"@type":"ImageObject","inLanguage":"es","@id":"https:\/\/diarioabcdemichoacan.com.mx\/lasnoticias\/la-sobre-representacion-socava-nuestra-republica-democratica\/#primaryimage","url":"https:\/\/diarioabcdemichoacan.com.mx\/lasnoticias\/wp-content\/uploads\/2024\/08\/WhatsApp-Image-2024-08-11-at-8.20.31-PM-1.jpeg","contentUrl":"https:\/\/diarioabcdemichoacan.com.mx\/lasnoticias\/wp-content\/uploads\/2024\/08\/WhatsApp-Image-2024-08-11-at-8.20.31-PM-1.jpeg","width":1076,"height":803},{"@type":"BreadcrumbList","@id":"https:\/\/diarioabcdemichoacan.com.mx\/lasnoticias\/la-sobre-representacion-socava-nuestra-republica-democratica\/#breadcrumb","itemListElement":[{"@type":"ListItem","position":1,"name":"Portada","item":"https:\/\/diarioabcdemichoacan.com.mx\/lasnoticias\/"},{"@type":"ListItem","position":2,"name":"La sobre representaci\u00f3n socava nuestra rep\u00fablica democr\u00e1tica."}]},{"@type":"WebSite","@id":"https:\/\/diarioabcdemichoacan.com.mx\/lasnoticias\/#website","url":"https:\/\/diarioabcdemichoacan.com.mx\/lasnoticias\/","name":"Diario ABC de Michoac\u00e1n","description":"Las noticias al momento","potentialAction":[{"@type":"SearchAction","target":{"@type":"EntryPoint","urlTemplate":"https:\/\/diarioabcdemichoacan.com.mx\/lasnoticias\/?s={search_term_string}"},"query-input":{"@type":"PropertyValueSpecification","valueRequired":true,"valueName":"search_term_string"}}],"inLanguage":"es"},{"@type":"Person","@id":"https:\/\/diarioabcdemichoacan.com.mx\/lasnoticias\/#\/schema\/person\/19ae376040f6cbc489682ebdd8524852","name":"AR","image":{"@type":"ImageObject","inLanguage":"es","@id":"https:\/\/diarioabcdemichoacan.com.mx\/lasnoticias\/#\/schema\/person\/image\/","url":"https:\/\/secure.gravatar.com\/avatar\/44eca2ff970262234e20e1e082872af0?s=96&d=mm&r=g","contentUrl":"https:\/\/secure.gravatar.com\/avatar\/44eca2ff970262234e20e1e082872af0?s=96&d=mm&r=g","caption":"AR"},"url":"https:\/\/diarioabcdemichoacan.com.mx\/lasnoticias\/author\/adrian\/"}]}},"_links":{"self":[{"href":"https:\/\/diarioabcdemichoacan.com.mx\/lasnoticias\/wp-json\/wp\/v2\/posts\/19383","targetHints":{"allow":["GET"]}}],"collection":[{"href":"https:\/\/diarioabcdemichoacan.com.mx\/lasnoticias\/wp-json\/wp\/v2\/posts"}],"about":[{"href":"https:\/\/diarioabcdemichoacan.com.mx\/lasnoticias\/wp-json\/wp\/v2\/types\/post"}],"author":[{"embeddable":true,"href":"https:\/\/diarioabcdemichoacan.com.mx\/lasnoticias\/wp-json\/wp\/v2\/users\/9"}],"replies":[{"embeddable":true,"href":"https:\/\/diarioabcdemichoacan.com.mx\/lasnoticias\/wp-json\/wp\/v2\/comments?post=19383"}],"version-history":[{"count":1,"href":"https:\/\/diarioabcdemichoacan.com.mx\/lasnoticias\/wp-json\/wp\/v2\/posts\/19383\/revisions"}],"predecessor-version":[{"id":19423,"href":"https:\/\/diarioabcdemichoacan.com.mx\/lasnoticias\/wp-json\/wp\/v2\/posts\/19383\/revisions\/19423"}],"wp:featuredmedia":[{"embeddable":true,"href":"https:\/\/diarioabcdemichoacan.com.mx\/lasnoticias\/wp-json\/wp\/v2\/media\/19417"}],"wp:attachment":[{"href":"https:\/\/diarioabcdemichoacan.com.mx\/lasnoticias\/wp-json\/wp\/v2\/media?parent=19383"}],"wp:term":[{"taxonomy":"category","embeddable":true,"href":"https:\/\/diarioabcdemichoacan.com.mx\/lasnoticias\/wp-json\/wp\/v2\/categories?post=19383"},{"taxonomy":"post_tag","embeddable":true,"href":"https:\/\/diarioabcdemichoacan.com.mx\/lasnoticias\/wp-json\/wp\/v2\/tags?post=19383"}],"curies":[{"name":"wp","href":"https:\/\/api.w.org\/{rel}","templated":true}]}}