{"id":19412,"date":"2024-08-11T21:17:49","date_gmt":"2024-08-12T03:17:49","guid":{"rendered":"https:\/\/diarioabcdemichoacan.com.mx\/lasnoticias\/?p=19412"},"modified":"2024-08-11T21:20:02","modified_gmt":"2024-08-12T03:20:02","slug":"proximo-titular-de-la-sct-supervisara-avances-del-teleferico-ramirez-bedolla","status":"publish","type":"post","link":"https:\/\/diarioabcdemichoacan.com.mx\/lasnoticias\/proximo-titular-de-la-sct-supervisara-avances-del-teleferico-ramirez-bedolla\/","title":{"rendered":"Pr\u00f3ximo titular de la SCT supervisar\u00e1 avances del Telef\u00e9rico: Ram\u00edrez Bedolla."},"content":{"rendered":"<h2>Se ha convenido con los propietarios de las viviendas frente a las cuales se instalar\u00e1n las torres: Gladys Butanda.<\/h2>\n<p>&nbsp;<\/p>\n<h6>POR ROBERTO MESTIZO CH\u00c1VEZ, DIARIO ABC DE MICHOAC\u00c1N, 11 DE AGOSTO DE 2024.<\/h6>\n<hr \/>\n<p>Uruapan, Mich. &#8211; Jes\u00fas Antonio Esteva Medina, quien ser\u00e1 el secretario de Comunicaciones y Transportes del Gobierno de la Rep\u00fablica, supervisar\u00e1 personalmente los avances que registre el Telef\u00e9rico de Uruapan, asegur\u00f3 el Gobernador, Alfredo Ram\u00edrez Bedolla.<\/p>\n<p>&nbsp;<\/p>\n<p>La visita que realizar\u00e1 Esteva Medina a esta entidad, en fecha por confirmar, demuestra la importancia que para la doctora Claudia Sheinbaum tiene Michoac\u00e1n, y el respaldo y apoyo que le da a las obras emprendidas por el gobierno del estado.<\/p>\n<p>&nbsp;<\/p>\n<p>En entrevista, Ram\u00edrez Bedolla inform\u00f3 que dicha visita del futuro titular de la SCT se acord\u00f3 con la doctora Claudia Sheinbaum Pardo, al terminar la reuni\u00f3n de ella con gobernadores de la Regi\u00f3n Occidente (Colima, Guanajuato, Guerrero, Michoac\u00e1n y Quer\u00e9taro), en el Hotel Courtyard Mexico City Revoluci\u00f3n, en la Ciudad de M\u00e9xico, el 7 de agosto de 2024, en la que Ram\u00edrez Bedolla\u00a0present\u00f3 todos los avances de las obras que realiza su gesti\u00f3n administrativa\u00a0a la presidenta electa del pa\u00eds.<\/p>\n<p>&nbsp;<\/p>\n<p>Afirm\u00f3 que Esteva Medina vendr\u00e1 a supervisar\u00a0las labores que se lleven a cabo en el Telef\u00e9rico de Uruapan, entre otras obras del gobierno michoacano, que no mencion\u00f3.<\/p>\n<p>&nbsp;<\/p>\n<p>Se ha convenido con los propietarios de las viviendas frente a las cuales se instalar\u00e1n las torres: Gladys Butanda<\/p>\n<p>&nbsp;<\/p>\n<p>Por otra parte, la titular de la Secretar\u00eda de Desarrollo Urbano y Movilidad (SEDUM) del Gobierno del Estado, Gladys Butanda Mac\u00edas, asegur\u00f3 que no existen problemas con los propietarios de las viviendas frente a las cuales se instalar\u00e1n las 47 torres para el Telef\u00e9rico.<\/p>\n<p>&nbsp;<\/p>\n<p>Refiri\u00f3 que al ser un transporte p\u00fablico, las torres se est\u00e1n colocando en la v\u00eda p\u00fablica, lo que ha generado cierta incertidumbre en los vecinos de la zona,; no obstante, destac\u00f3,\u00a0el gobierno de Michoac\u00e1n trabajar\u00e1 en la reparaci\u00f3n de las fachadas afectadas o en garantizar las vialidades.<\/p>\n<p>&nbsp;<\/p>\n<p>\u00abHace seis meses con cada uno de los principales afectados por cada torre se platic\u00f3, se lleg\u00f3 a un acuerdo y hay unos a los que vamos a reparar sus fachadas, otros vamos a hacerles algunas adecuaciones viales. Hemos hecho varios meses de socializaci\u00f3n y la molestia casi siempre es externa porque con las personas con quienes hemos platicado hemos estado muy en comunicaci\u00f3n\u00bb.<\/p>\n<p>&nbsp;<\/p>\n<p>Asegur\u00f3 que en general se ha tenido buena respuesta a la mega obra,\u00a0la primera de su tipo en Michoac\u00e1n.<\/p>\n<p>&nbsp;<\/p>\n<p>Por ello, agreg\u00f3, se est\u00e1 a la espera de un gran embarque proveniente de Austria con material del sistema electromec\u00e1nico de dicha obra.<\/p>\n<p>&nbsp;<\/p>\n<p>Este embarque ser\u00e1 uno de los dos que faltan para completar el sistema electromec\u00e1nico del telef\u00e9rico, el cual va al 70%,\u00a0el segundo embarque estar\u00e1 llegando en febrero del 2025.<\/p>\n<p>&nbsp;<\/p>\n<p>Si bien, la obra civil es menor en comparaci\u00f3n con el sistema, de este resalt\u00f3\u00a0el avance es del 20% enfocado en este momento a la construcci\u00f3n de las 47 torres. Ya con la obra terminada, las primeras pruebas con las cabinas en septiembre del siguiente a\u00f1o, detall\u00f3 la funcionaria.<\/p>\n<p>&nbsp;<\/p>\n<p>\u00abEn noviembre viene un gran embarque de Austria y vienen partes de las estaciones que son sistemas prefabricados, vienen las piezas ya listas de Austria y vamos a ver en diciembre un gran avance en las estaciones; vienen tambi\u00e9n varias torres en camino. Estamos pensando que si todo sale bien como hasta ahora en septiembre del siguiente a\u00f1o ya estar\u00edamos haciendo las primeras pruebas para que las cabinas est\u00e9n en funcionamiento\u00bb.<\/p>\n","protected":false},"excerpt":{"rendered":"<p>Se ha convenido con los propietarios de las viviendas frente a las cuales se instalar\u00e1n las torres: Gladys Butanda. &nbsp; POR ROBERTO MESTIZO CH\u00c1VEZ, DIARIO ABC DE MICHOAC\u00c1N, 11 DE AGOSTO DE 2024. Uruapan, Mich. &#8211; Jes\u00fas Antonio Esteva Medina, quien ser\u00e1 el secretario de Comunicaciones y Transportes del Gobierno de la Rep\u00fablica, supervisar\u00e1 personalmente [&hellip;]<\/p>\n","protected":false},"author":9,"featured_media":19425,"comment_status":"closed","ping_status":"closed","sticky":false,"template":"","format":"standard","meta":{"footnotes":""},"categories":[10,17,27,3],"tags":[],"class_list":{"0":"post-19412","1":"post","2":"type-post","3":"status-publish","4":"format-standard","5":"has-post-thumbnail","7":"category-estado","8":"category-gobierno-de-michoacan","9":"category-slider","10":"category-uruapan"},"yoast_head":"<!-- This site is optimized with the Yoast SEO plugin v24.0 - https:\/\/yoast.com\/wordpress\/plugins\/seo\/ -->\n<title>Pr\u00f3ximo titular de la SCT supervisar\u00e1 avances del Telef\u00e9rico: Ram\u00edrez Bedolla. - Diario ABC de Michoac\u00e1n<\/title>\n<meta name=\"robots\" content=\"index, follow, max-snippet:-1, max-image-preview:large, max-video-preview:-1\" \/>\n<link rel=\"canonical\" href=\"https:\/\/diarioabcdemichoacan.com.mx\/lasnoticias\/proximo-titular-de-la-sct-supervisara-avances-del-teleferico-ramirez-bedolla\/\" \/>\n<meta property=\"og:locale\" content=\"es_ES\" \/>\n<meta property=\"og:type\" content=\"article\" \/>\n<meta property=\"og:title\" content=\"Pr\u00f3ximo titular de la SCT supervisar\u00e1 avances del Telef\u00e9rico: Ram\u00edrez Bedolla. - Diario ABC de Michoac\u00e1n\" \/>\n<meta property=\"og:description\" content=\"Se ha convenido con los propietarios de las viviendas frente a las cuales se instalar\u00e1n las torres: Gladys Butanda. &nbsp; POR ROBERTO MESTIZO CH\u00c1VEZ, DIARIO ABC DE MICHOAC\u00c1N, 11 DE AGOSTO DE 2024. Uruapan, Mich. &#8211; Jes\u00fas Antonio Esteva Medina, quien ser\u00e1 el secretario de Comunicaciones y Transportes del Gobierno de la Rep\u00fablica, supervisar\u00e1 personalmente [&hellip;]\" \/>\n<meta property=\"og:url\" content=\"https:\/\/diarioabcdemichoacan.com.mx\/lasnoticias\/proximo-titular-de-la-sct-supervisara-avances-del-teleferico-ramirez-bedolla\/\" \/>\n<meta property=\"og:site_name\" content=\"Diario ABC de Michoac\u00e1n\" \/>\n<meta property=\"article:published_time\" content=\"2024-08-12T03:17:49+00:00\" \/>\n<meta property=\"article:modified_time\" content=\"2024-08-12T03:20:02+00:00\" \/>\n<meta property=\"og:image\" content=\"https:\/\/diarioabcdemichoacan.com.mx\/lasnoticias\/wp-content\/uploads\/2024\/08\/WhatsApp-Image-2024-08-11-at-9.14.44-PM.jpeg\" \/>\n\t<meta property=\"og:image:width\" content=\"919\" \/>\n\t<meta property=\"og:image:height\" content=\"523\" \/>\n\t<meta property=\"og:image:type\" content=\"image\/jpeg\" \/>\n<meta name=\"author\" content=\"AR\" \/>\n<meta name=\"twitter:card\" content=\"summary_large_image\" \/>\n<meta name=\"twitter:label1\" content=\"Escrito por\" \/>\n\t<meta name=\"twitter:data1\" content=\"AR\" \/>\n\t<meta name=\"twitter:label2\" content=\"Tiempo de lectura\" \/>\n\t<meta name=\"twitter:data2\" content=\"3 minutos\" \/>\n<script type=\"application\/ld+json\" class=\"yoast-schema-graph\">{\"@context\":\"https:\/\/schema.org\",\"@graph\":[{\"@type\":\"WebPage\",\"@id\":\"https:\/\/diarioabcdemichoacan.com.mx\/lasnoticias\/proximo-titular-de-la-sct-supervisara-avances-del-teleferico-ramirez-bedolla\/\",\"url\":\"https:\/\/diarioabcdemichoacan.com.mx\/lasnoticias\/proximo-titular-de-la-sct-supervisara-avances-del-teleferico-ramirez-bedolla\/\",\"name\":\"Pr\u00f3ximo titular de la SCT supervisar\u00e1 avances del Telef\u00e9rico: Ram\u00edrez Bedolla. - Diario ABC de Michoac\u00e1n\",\"isPartOf\":{\"@id\":\"https:\/\/diarioabcdemichoacan.com.mx\/lasnoticias\/#website\"},\"primaryImageOfPage\":{\"@id\":\"https:\/\/diarioabcdemichoacan.com.mx\/lasnoticias\/proximo-titular-de-la-sct-supervisara-avances-del-teleferico-ramirez-bedolla\/#primaryimage\"},\"image\":{\"@id\":\"https:\/\/diarioabcdemichoacan.com.mx\/lasnoticias\/proximo-titular-de-la-sct-supervisara-avances-del-teleferico-ramirez-bedolla\/#primaryimage\"},\"thumbnailUrl\":\"https:\/\/diarioabcdemichoacan.com.mx\/lasnoticias\/wp-content\/uploads\/2024\/08\/WhatsApp-Image-2024-08-11-at-9.14.44-PM.jpeg\",\"datePublished\":\"2024-08-12T03:17:49+00:00\",\"dateModified\":\"2024-08-12T03:20:02+00:00\",\"author\":{\"@id\":\"https:\/\/diarioabcdemichoacan.com.mx\/lasnoticias\/#\/schema\/person\/19ae376040f6cbc489682ebdd8524852\"},\"breadcrumb\":{\"@id\":\"https:\/\/diarioabcdemichoacan.com.mx\/lasnoticias\/proximo-titular-de-la-sct-supervisara-avances-del-teleferico-ramirez-bedolla\/#breadcrumb\"},\"inLanguage\":\"es\",\"potentialAction\":[{\"@type\":\"ReadAction\",\"target\":[\"https:\/\/diarioabcdemichoacan.com.mx\/lasnoticias\/proximo-titular-de-la-sct-supervisara-avances-del-teleferico-ramirez-bedolla\/\"]}]},{\"@type\":\"ImageObject\",\"inLanguage\":\"es\",\"@id\":\"https:\/\/diarioabcdemichoacan.com.mx\/lasnoticias\/proximo-titular-de-la-sct-supervisara-avances-del-teleferico-ramirez-bedolla\/#primaryimage\",\"url\":\"https:\/\/diarioabcdemichoacan.com.mx\/lasnoticias\/wp-content\/uploads\/2024\/08\/WhatsApp-Image-2024-08-11-at-9.14.44-PM.jpeg\",\"contentUrl\":\"https:\/\/diarioabcdemichoacan.com.mx\/lasnoticias\/wp-content\/uploads\/2024\/08\/WhatsApp-Image-2024-08-11-at-9.14.44-PM.jpeg\",\"width\":919,\"height\":523},{\"@type\":\"BreadcrumbList\",\"@id\":\"https:\/\/diarioabcdemichoacan.com.mx\/lasnoticias\/proximo-titular-de-la-sct-supervisara-avances-del-teleferico-ramirez-bedolla\/#breadcrumb\",\"itemListElement\":[{\"@type\":\"ListItem\",\"position\":1,\"name\":\"Portada\",\"item\":\"https:\/\/diarioabcdemichoacan.com.mx\/lasnoticias\/\"},{\"@type\":\"ListItem\",\"position\":2,\"name\":\"Pr\u00f3ximo titular de la SCT supervisar\u00e1 avances del Telef\u00e9rico: Ram\u00edrez Bedolla.\"}]},{\"@type\":\"WebSite\",\"@id\":\"https:\/\/diarioabcdemichoacan.com.mx\/lasnoticias\/#website\",\"url\":\"https:\/\/diarioabcdemichoacan.com.mx\/lasnoticias\/\",\"name\":\"Diario ABC de Michoac\u00e1n\",\"description\":\"Las noticias al momento\",\"potentialAction\":[{\"@type\":\"SearchAction\",\"target\":{\"@type\":\"EntryPoint\",\"urlTemplate\":\"https:\/\/diarioabcdemichoacan.com.mx\/lasnoticias\/?s={search_term_string}\"},\"query-input\":{\"@type\":\"PropertyValueSpecification\",\"valueRequired\":true,\"valueName\":\"search_term_string\"}}],\"inLanguage\":\"es\"},{\"@type\":\"Person\",\"@id\":\"https:\/\/diarioabcdemichoacan.com.mx\/lasnoticias\/#\/schema\/person\/19ae376040f6cbc489682ebdd8524852\",\"name\":\"AR\",\"image\":{\"@type\":\"ImageObject\",\"inLanguage\":\"es\",\"@id\":\"https:\/\/diarioabcdemichoacan.com.mx\/lasnoticias\/#\/schema\/person\/image\/\",\"url\":\"https:\/\/secure.gravatar.com\/avatar\/44eca2ff970262234e20e1e082872af0?s=96&d=mm&r=g\",\"contentUrl\":\"https:\/\/secure.gravatar.com\/avatar\/44eca2ff970262234e20e1e082872af0?s=96&d=mm&r=g\",\"caption\":\"AR\"},\"url\":\"https:\/\/diarioabcdemichoacan.com.mx\/lasnoticias\/author\/adrian\/\"}]}<\/script>\n<!-- \/ Yoast SEO plugin. -->","yoast_head_json":{"title":"Pr\u00f3ximo titular de la SCT supervisar\u00e1 avances del Telef\u00e9rico: Ram\u00edrez Bedolla. - Diario ABC de Michoac\u00e1n","robots":{"index":"index","follow":"follow","max-snippet":"max-snippet:-1","max-image-preview":"max-image-preview:large","max-video-preview":"max-video-preview:-1"},"canonical":"https:\/\/diarioabcdemichoacan.com.mx\/lasnoticias\/proximo-titular-de-la-sct-supervisara-avances-del-teleferico-ramirez-bedolla\/","og_locale":"es_ES","og_type":"article","og_title":"Pr\u00f3ximo titular de la SCT supervisar\u00e1 avances del Telef\u00e9rico: Ram\u00edrez Bedolla. - Diario ABC de Michoac\u00e1n","og_description":"Se ha convenido con los propietarios de las viviendas frente a las cuales se instalar\u00e1n las torres: Gladys Butanda. &nbsp; POR ROBERTO MESTIZO CH\u00c1VEZ, DIARIO ABC DE MICHOAC\u00c1N, 11 DE AGOSTO DE 2024. Uruapan, Mich. &#8211; Jes\u00fas Antonio Esteva Medina, quien ser\u00e1 el secretario de Comunicaciones y Transportes del Gobierno de la Rep\u00fablica, supervisar\u00e1 personalmente [&hellip;]","og_url":"https:\/\/diarioabcdemichoacan.com.mx\/lasnoticias\/proximo-titular-de-la-sct-supervisara-avances-del-teleferico-ramirez-bedolla\/","og_site_name":"Diario ABC de Michoac\u00e1n","article_published_time":"2024-08-12T03:17:49+00:00","article_modified_time":"2024-08-12T03:20:02+00:00","og_image":[{"width":919,"height":523,"url":"https:\/\/diarioabcdemichoacan.com.mx\/lasnoticias\/wp-content\/uploads\/2024\/08\/WhatsApp-Image-2024-08-11-at-9.14.44-PM.jpeg","type":"image\/jpeg"}],"author":"AR","twitter_card":"summary_large_image","twitter_misc":{"Escrito por":"AR","Tiempo de lectura":"3 minutos"},"schema":{"@context":"https:\/\/schema.org","@graph":[{"@type":"WebPage","@id":"https:\/\/diarioabcdemichoacan.com.mx\/lasnoticias\/proximo-titular-de-la-sct-supervisara-avances-del-teleferico-ramirez-bedolla\/","url":"https:\/\/diarioabcdemichoacan.com.mx\/lasnoticias\/proximo-titular-de-la-sct-supervisara-avances-del-teleferico-ramirez-bedolla\/","name":"Pr\u00f3ximo titular de la SCT supervisar\u00e1 avances del Telef\u00e9rico: Ram\u00edrez Bedolla. - Diario ABC de Michoac\u00e1n","isPartOf":{"@id":"https:\/\/diarioabcdemichoacan.com.mx\/lasnoticias\/#website"},"primaryImageOfPage":{"@id":"https:\/\/diarioabcdemichoacan.com.mx\/lasnoticias\/proximo-titular-de-la-sct-supervisara-avances-del-teleferico-ramirez-bedolla\/#primaryimage"},"image":{"@id":"https:\/\/diarioabcdemichoacan.com.mx\/lasnoticias\/proximo-titular-de-la-sct-supervisara-avances-del-teleferico-ramirez-bedolla\/#primaryimage"},"thumbnailUrl":"https:\/\/diarioabcdemichoacan.com.mx\/lasnoticias\/wp-content\/uploads\/2024\/08\/WhatsApp-Image-2024-08-11-at-9.14.44-PM.jpeg","datePublished":"2024-08-12T03:17:49+00:00","dateModified":"2024-08-12T03:20:02+00:00","author":{"@id":"https:\/\/diarioabcdemichoacan.com.mx\/lasnoticias\/#\/schema\/person\/19ae376040f6cbc489682ebdd8524852"},"breadcrumb":{"@id":"https:\/\/diarioabcdemichoacan.com.mx\/lasnoticias\/proximo-titular-de-la-sct-supervisara-avances-del-teleferico-ramirez-bedolla\/#breadcrumb"},"inLanguage":"es","potentialAction":[{"@type":"ReadAction","target":["https:\/\/diarioabcdemichoacan.com.mx\/lasnoticias\/proximo-titular-de-la-sct-supervisara-avances-del-teleferico-ramirez-bedolla\/"]}]},{"@type":"ImageObject","inLanguage":"es","@id":"https:\/\/diarioabcdemichoacan.com.mx\/lasnoticias\/proximo-titular-de-la-sct-supervisara-avances-del-teleferico-ramirez-bedolla\/#primaryimage","url":"https:\/\/diarioabcdemichoacan.com.mx\/lasnoticias\/wp-content\/uploads\/2024\/08\/WhatsApp-Image-2024-08-11-at-9.14.44-PM.jpeg","contentUrl":"https:\/\/diarioabcdemichoacan.com.mx\/lasnoticias\/wp-content\/uploads\/2024\/08\/WhatsApp-Image-2024-08-11-at-9.14.44-PM.jpeg","width":919,"height":523},{"@type":"BreadcrumbList","@id":"https:\/\/diarioabcdemichoacan.com.mx\/lasnoticias\/proximo-titular-de-la-sct-supervisara-avances-del-teleferico-ramirez-bedolla\/#breadcrumb","itemListElement":[{"@type":"ListItem","position":1,"name":"Portada","item":"https:\/\/diarioabcdemichoacan.com.mx\/lasnoticias\/"},{"@type":"ListItem","position":2,"name":"Pr\u00f3ximo titular de la SCT supervisar\u00e1 avances del Telef\u00e9rico: Ram\u00edrez Bedolla."}]},{"@type":"WebSite","@id":"https:\/\/diarioabcdemichoacan.com.mx\/lasnoticias\/#website","url":"https:\/\/diarioabcdemichoacan.com.mx\/lasnoticias\/","name":"Diario ABC de Michoac\u00e1n","description":"Las noticias al momento","potentialAction":[{"@type":"SearchAction","target":{"@type":"EntryPoint","urlTemplate":"https:\/\/diarioabcdemichoacan.com.mx\/lasnoticias\/?s={search_term_string}"},"query-input":{"@type":"PropertyValueSpecification","valueRequired":true,"valueName":"search_term_string"}}],"inLanguage":"es"},{"@type":"Person","@id":"https:\/\/diarioabcdemichoacan.com.mx\/lasnoticias\/#\/schema\/person\/19ae376040f6cbc489682ebdd8524852","name":"AR","image":{"@type":"ImageObject","inLanguage":"es","@id":"https:\/\/diarioabcdemichoacan.com.mx\/lasnoticias\/#\/schema\/person\/image\/","url":"https:\/\/secure.gravatar.com\/avatar\/44eca2ff970262234e20e1e082872af0?s=96&d=mm&r=g","contentUrl":"https:\/\/secure.gravatar.com\/avatar\/44eca2ff970262234e20e1e082872af0?s=96&d=mm&r=g","caption":"AR"},"url":"https:\/\/diarioabcdemichoacan.com.mx\/lasnoticias\/author\/adrian\/"}]}},"_links":{"self":[{"href":"https:\/\/diarioabcdemichoacan.com.mx\/lasnoticias\/wp-json\/wp\/v2\/posts\/19412","targetHints":{"allow":["GET"]}}],"collection":[{"href":"https:\/\/diarioabcdemichoacan.com.mx\/lasnoticias\/wp-json\/wp\/v2\/posts"}],"about":[{"href":"https:\/\/diarioabcdemichoacan.com.mx\/lasnoticias\/wp-json\/wp\/v2\/types\/post"}],"author":[{"embeddable":true,"href":"https:\/\/diarioabcdemichoacan.com.mx\/lasnoticias\/wp-json\/wp\/v2\/users\/9"}],"replies":[{"embeddable":true,"href":"https:\/\/diarioabcdemichoacan.com.mx\/lasnoticias\/wp-json\/wp\/v2\/comments?post=19412"}],"version-history":[{"count":4,"href":"https:\/\/diarioabcdemichoacan.com.mx\/lasnoticias\/wp-json\/wp\/v2\/posts\/19412\/revisions"}],"predecessor-version":[{"id":19429,"href":"https:\/\/diarioabcdemichoacan.com.mx\/lasnoticias\/wp-json\/wp\/v2\/posts\/19412\/revisions\/19429"}],"wp:featuredmedia":[{"embeddable":true,"href":"https:\/\/diarioabcdemichoacan.com.mx\/lasnoticias\/wp-json\/wp\/v2\/media\/19425"}],"wp:attachment":[{"href":"https:\/\/diarioabcdemichoacan.com.mx\/lasnoticias\/wp-json\/wp\/v2\/media?parent=19412"}],"wp:term":[{"taxonomy":"category","embeddable":true,"href":"https:\/\/diarioabcdemichoacan.com.mx\/lasnoticias\/wp-json\/wp\/v2\/categories?post=19412"},{"taxonomy":"post_tag","embeddable":true,"href":"https:\/\/diarioabcdemichoacan.com.mx\/lasnoticias\/wp-json\/wp\/v2\/tags?post=19412"}],"curies":[{"name":"wp","href":"https:\/\/api.w.org\/{rel}","templated":true}]}}