{"id":19438,"date":"2024-08-12T10:09:08","date_gmt":"2024-08-12T16:09:08","guid":{"rendered":"https:\/\/diarioabcdemichoacan.com.mx\/lasnoticias\/?p=19438"},"modified":"2024-08-12T10:10:20","modified_gmt":"2024-08-12T16:10:20","slug":"desde-el-senado-reivindicara-moron-derechos-de-las-y-los-michoacanos","status":"publish","type":"post","link":"https:\/\/diarioabcdemichoacan.com.mx\/lasnoticias\/desde-el-senado-reivindicara-moron-derechos-de-las-y-los-michoacanos\/","title":{"rendered":"Desde el Senado, reivindicar\u00e1 Mor\u00f3n derechos de las y los michoacanos."},"content":{"rendered":"<h2>Con la aprobaci\u00f3n de las reformas del Plan C y las propuestas por Claudia Sheinbaum, se volver\u00e1 a poner al pueblo como el centro de las pol\u00edticas p\u00fablicas.<\/h2>\n<p>&nbsp;<\/p>\n<h6>POR REDACCI\u00d3N, DIARIO ABC DE MICHOAC\u00c1N, 12 DE AGOSTO DE 2024.<\/h6>\n<hr \/>\n<p>Apatzing\u00e1n, Mich. &#8211; Ra\u00fal Mor\u00f3n Orozco, bajo el encargo brindado por el pueblo al convertirlo en el senador m\u00e1s votado de Michoac\u00e1n, centrar\u00e1 su trabajo legislativo en reivindicar los derechos de sus habitantes, a trav\u00e9s del impulso a la consolidaci\u00f3n del Plan C y todas las reformas planteadas por la presidenta electa de M\u00e9xico, Claudia Sheinbaum Pardo.<\/p>\n<p>&nbsp;<\/p>\n<p>As\u00ed lo explic\u00f3 ante cientos de personas de los municipios de Puru\u00e1ndiro y Apatzing\u00e1n, los cuales visit\u00f3 este fin de semana como parte de su gira de agradecimiento por la entidad, en donde celebr\u00f3 asambleas informativas, para profundizar el contenido de las reformas que construir\u00e1n la continuidad de la Cuarta Transformaci\u00f3n.<\/p>\n<p>&nbsp;<\/p>\n<p><img loading=\"lazy\" decoding=\"async\" class=\"alignnone size-medium wp-image-19443\" src=\"https:\/\/diarioabcdemichoacan.com.mx\/lasnoticias\/wp-content\/uploads\/2024\/08\/WhatsApp-Image-2024-08-12-at-9.53.35-AM-4-500x333.jpeg\" alt=\"\" width=\"500\" height=\"333\" srcset=\"https:\/\/diarioabcdemichoacan.com.mx\/lasnoticias\/wp-content\/uploads\/2024\/08\/WhatsApp-Image-2024-08-12-at-9.53.35-AM-4-500x333.jpeg 500w, https:\/\/diarioabcdemichoacan.com.mx\/lasnoticias\/wp-content\/uploads\/2024\/08\/WhatsApp-Image-2024-08-12-at-9.53.35-AM-4-1024x682.jpeg 1024w, https:\/\/diarioabcdemichoacan.com.mx\/lasnoticias\/wp-content\/uploads\/2024\/08\/WhatsApp-Image-2024-08-12-at-9.53.35-AM-4-768x512.jpeg 768w, https:\/\/diarioabcdemichoacan.com.mx\/lasnoticias\/wp-content\/uploads\/2024\/08\/WhatsApp-Image-2024-08-12-at-9.53.35-AM-4-1536x1023.jpeg 1536w, https:\/\/diarioabcdemichoacan.com.mx\/lasnoticias\/wp-content\/uploads\/2024\/08\/WhatsApp-Image-2024-08-12-at-9.53.35-AM-4-150x100.jpeg 150w, https:\/\/diarioabcdemichoacan.com.mx\/lasnoticias\/wp-content\/uploads\/2024\/08\/WhatsApp-Image-2024-08-12-at-9.53.35-AM-4-300x200.jpeg 300w, https:\/\/diarioabcdemichoacan.com.mx\/lasnoticias\/wp-content\/uploads\/2024\/08\/WhatsApp-Image-2024-08-12-at-9.53.35-AM-4-696x464.jpeg 696w, https:\/\/diarioabcdemichoacan.com.mx\/lasnoticias\/wp-content\/uploads\/2024\/08\/WhatsApp-Image-2024-08-12-at-9.53.35-AM-4-1068x712.jpeg 1068w, https:\/\/diarioabcdemichoacan.com.mx\/lasnoticias\/wp-content\/uploads\/2024\/08\/WhatsApp-Image-2024-08-12-at-9.53.35-AM-4.jpeg 1600w\" sizes=\"auto, (max-width: 500px) 100vw, 500px\" \/><\/p>\n<p>&nbsp;<\/p>\n<p>Junto a compa\u00f1eros del movimiento como los diputados locales, Juan Carlos Barrag\u00e1n, Roberto Reyes Cosari y Fidel Calder\u00f3n Torreblanca, asegur\u00f3 que la confianza manifestada por el pueblo en las pasadas elecciones, ser\u00e1 respondida con un compromiso absoluto para lograr los cambios que el pa\u00eds requiere.<\/p>\n<p>&nbsp;<\/p>\n<p>Por ello, trabaja en informar a detalle a la poblaci\u00f3n sobre el contenido de las reformas que ser\u00e1n aprobadas bajo la legislatura que iniciar\u00e1 en septiembre y as\u00ed cortar de tajo con los esfuerzos de la oposici\u00f3n por generar confusi\u00f3n, estrategia que calific\u00f3 como uno de sus \u00faltimos intentos por aferrarse a sus privilegios.<\/p>\n","protected":false},"excerpt":{"rendered":"<p>Con la aprobaci\u00f3n de las reformas del Plan C y las propuestas por Claudia Sheinbaum, se volver\u00e1 a poner al pueblo como el centro de las pol\u00edticas p\u00fablicas. &nbsp; POR REDACCI\u00d3N, DIARIO ABC DE MICHOAC\u00c1N, 12 DE AGOSTO DE 2024. Apatzing\u00e1n, Mich. &#8211; Ra\u00fal Mor\u00f3n Orozco, bajo el encargo brindado por el pueblo al convertirlo [&hellip;]<\/p>\n","protected":false},"author":9,"featured_media":19439,"comment_status":"closed","ping_status":"closed","sticky":false,"template":"","format":"standard","meta":{"footnotes":""},"categories":[10,28,27],"tags":[],"class_list":{"0":"post-19438","1":"post","2":"type-post","3":"status-publish","4":"format-standard","5":"has-post-thumbnail","7":"category-estado","8":"category-politica","9":"category-slider"},"yoast_head":"<!-- This site is optimized with the Yoast SEO plugin v24.0 - https:\/\/yoast.com\/wordpress\/plugins\/seo\/ -->\n<title>Desde el Senado, reivindicar\u00e1 Mor\u00f3n derechos de las y los michoacanos. - Diario ABC de Michoac\u00e1n<\/title>\n<meta name=\"robots\" content=\"index, follow, max-snippet:-1, max-image-preview:large, max-video-preview:-1\" \/>\n<link rel=\"canonical\" href=\"https:\/\/diarioabcdemichoacan.com.mx\/lasnoticias\/desde-el-senado-reivindicara-moron-derechos-de-las-y-los-michoacanos\/\" \/>\n<meta property=\"og:locale\" content=\"es_ES\" \/>\n<meta property=\"og:type\" content=\"article\" \/>\n<meta property=\"og:title\" content=\"Desde el Senado, reivindicar\u00e1 Mor\u00f3n derechos de las y los michoacanos. - Diario ABC de Michoac\u00e1n\" \/>\n<meta property=\"og:description\" content=\"Con la aprobaci\u00f3n de las reformas del Plan C y las propuestas por Claudia Sheinbaum, se volver\u00e1 a poner al pueblo como el centro de las pol\u00edticas p\u00fablicas. &nbsp; POR REDACCI\u00d3N, DIARIO ABC DE MICHOAC\u00c1N, 12 DE AGOSTO DE 2024. Apatzing\u00e1n, Mich. &#8211; Ra\u00fal Mor\u00f3n Orozco, bajo el encargo brindado por el pueblo al convertirlo [&hellip;]\" \/>\n<meta property=\"og:url\" content=\"https:\/\/diarioabcdemichoacan.com.mx\/lasnoticias\/desde-el-senado-reivindicara-moron-derechos-de-las-y-los-michoacanos\/\" \/>\n<meta property=\"og:site_name\" content=\"Diario ABC de Michoac\u00e1n\" \/>\n<meta property=\"article:published_time\" content=\"2024-08-12T16:09:08+00:00\" \/>\n<meta property=\"article:modified_time\" content=\"2024-08-12T16:10:20+00:00\" \/>\n<meta property=\"og:image\" content=\"https:\/\/diarioabcdemichoacan.com.mx\/lasnoticias\/wp-content\/uploads\/2024\/08\/WhatsApp-Image-2024-08-12-at-9.53.34-AM.jpeg\" \/>\n\t<meta property=\"og:image:width\" content=\"1600\" \/>\n\t<meta property=\"og:image:height\" content=\"1066\" \/>\n\t<meta property=\"og:image:type\" content=\"image\/jpeg\" \/>\n<meta name=\"author\" content=\"AR\" \/>\n<meta name=\"twitter:card\" content=\"summary_large_image\" \/>\n<meta name=\"twitter:label1\" content=\"Escrito por\" \/>\n\t<meta name=\"twitter:data1\" content=\"AR\" \/>\n\t<meta name=\"twitter:label2\" content=\"Tiempo de lectura\" \/>\n\t<meta name=\"twitter:data2\" content=\"2 minutos\" \/>\n<script type=\"application\/ld+json\" class=\"yoast-schema-graph\">{\"@context\":\"https:\/\/schema.org\",\"@graph\":[{\"@type\":\"WebPage\",\"@id\":\"https:\/\/diarioabcdemichoacan.com.mx\/lasnoticias\/desde-el-senado-reivindicara-moron-derechos-de-las-y-los-michoacanos\/\",\"url\":\"https:\/\/diarioabcdemichoacan.com.mx\/lasnoticias\/desde-el-senado-reivindicara-moron-derechos-de-las-y-los-michoacanos\/\",\"name\":\"Desde el Senado, reivindicar\u00e1 Mor\u00f3n derechos de las y los michoacanos. - Diario ABC de Michoac\u00e1n\",\"isPartOf\":{\"@id\":\"https:\/\/diarioabcdemichoacan.com.mx\/lasnoticias\/#website\"},\"primaryImageOfPage\":{\"@id\":\"https:\/\/diarioabcdemichoacan.com.mx\/lasnoticias\/desde-el-senado-reivindicara-moron-derechos-de-las-y-los-michoacanos\/#primaryimage\"},\"image\":{\"@id\":\"https:\/\/diarioabcdemichoacan.com.mx\/lasnoticias\/desde-el-senado-reivindicara-moron-derechos-de-las-y-los-michoacanos\/#primaryimage\"},\"thumbnailUrl\":\"https:\/\/diarioabcdemichoacan.com.mx\/lasnoticias\/wp-content\/uploads\/2024\/08\/WhatsApp-Image-2024-08-12-at-9.53.34-AM.jpeg\",\"datePublished\":\"2024-08-12T16:09:08+00:00\",\"dateModified\":\"2024-08-12T16:10:20+00:00\",\"author\":{\"@id\":\"https:\/\/diarioabcdemichoacan.com.mx\/lasnoticias\/#\/schema\/person\/19ae376040f6cbc489682ebdd8524852\"},\"breadcrumb\":{\"@id\":\"https:\/\/diarioabcdemichoacan.com.mx\/lasnoticias\/desde-el-senado-reivindicara-moron-derechos-de-las-y-los-michoacanos\/#breadcrumb\"},\"inLanguage\":\"es\",\"potentialAction\":[{\"@type\":\"ReadAction\",\"target\":[\"https:\/\/diarioabcdemichoacan.com.mx\/lasnoticias\/desde-el-senado-reivindicara-moron-derechos-de-las-y-los-michoacanos\/\"]}]},{\"@type\":\"ImageObject\",\"inLanguage\":\"es\",\"@id\":\"https:\/\/diarioabcdemichoacan.com.mx\/lasnoticias\/desde-el-senado-reivindicara-moron-derechos-de-las-y-los-michoacanos\/#primaryimage\",\"url\":\"https:\/\/diarioabcdemichoacan.com.mx\/lasnoticias\/wp-content\/uploads\/2024\/08\/WhatsApp-Image-2024-08-12-at-9.53.34-AM.jpeg\",\"contentUrl\":\"https:\/\/diarioabcdemichoacan.com.mx\/lasnoticias\/wp-content\/uploads\/2024\/08\/WhatsApp-Image-2024-08-12-at-9.53.34-AM.jpeg\",\"width\":1600,\"height\":1066},{\"@type\":\"BreadcrumbList\",\"@id\":\"https:\/\/diarioabcdemichoacan.com.mx\/lasnoticias\/desde-el-senado-reivindicara-moron-derechos-de-las-y-los-michoacanos\/#breadcrumb\",\"itemListElement\":[{\"@type\":\"ListItem\",\"position\":1,\"name\":\"Portada\",\"item\":\"https:\/\/diarioabcdemichoacan.com.mx\/lasnoticias\/\"},{\"@type\":\"ListItem\",\"position\":2,\"name\":\"Desde el Senado, reivindicar\u00e1 Mor\u00f3n derechos de las y los michoacanos.\"}]},{\"@type\":\"WebSite\",\"@id\":\"https:\/\/diarioabcdemichoacan.com.mx\/lasnoticias\/#website\",\"url\":\"https:\/\/diarioabcdemichoacan.com.mx\/lasnoticias\/\",\"name\":\"Diario ABC de Michoac\u00e1n\",\"description\":\"Las noticias al momento\",\"potentialAction\":[{\"@type\":\"SearchAction\",\"target\":{\"@type\":\"EntryPoint\",\"urlTemplate\":\"https:\/\/diarioabcdemichoacan.com.mx\/lasnoticias\/?s={search_term_string}\"},\"query-input\":{\"@type\":\"PropertyValueSpecification\",\"valueRequired\":true,\"valueName\":\"search_term_string\"}}],\"inLanguage\":\"es\"},{\"@type\":\"Person\",\"@id\":\"https:\/\/diarioabcdemichoacan.com.mx\/lasnoticias\/#\/schema\/person\/19ae376040f6cbc489682ebdd8524852\",\"name\":\"AR\",\"image\":{\"@type\":\"ImageObject\",\"inLanguage\":\"es\",\"@id\":\"https:\/\/diarioabcdemichoacan.com.mx\/lasnoticias\/#\/schema\/person\/image\/\",\"url\":\"https:\/\/secure.gravatar.com\/avatar\/44eca2ff970262234e20e1e082872af0?s=96&d=mm&r=g\",\"contentUrl\":\"https:\/\/secure.gravatar.com\/avatar\/44eca2ff970262234e20e1e082872af0?s=96&d=mm&r=g\",\"caption\":\"AR\"},\"url\":\"https:\/\/diarioabcdemichoacan.com.mx\/lasnoticias\/author\/adrian\/\"}]}<\/script>\n<!-- \/ Yoast SEO plugin. -->","yoast_head_json":{"title":"Desde el Senado, reivindicar\u00e1 Mor\u00f3n derechos de las y los michoacanos. - Diario ABC de Michoac\u00e1n","robots":{"index":"index","follow":"follow","max-snippet":"max-snippet:-1","max-image-preview":"max-image-preview:large","max-video-preview":"max-video-preview:-1"},"canonical":"https:\/\/diarioabcdemichoacan.com.mx\/lasnoticias\/desde-el-senado-reivindicara-moron-derechos-de-las-y-los-michoacanos\/","og_locale":"es_ES","og_type":"article","og_title":"Desde el Senado, reivindicar\u00e1 Mor\u00f3n derechos de las y los michoacanos. - Diario ABC de Michoac\u00e1n","og_description":"Con la aprobaci\u00f3n de las reformas del Plan C y las propuestas por Claudia Sheinbaum, se volver\u00e1 a poner al pueblo como el centro de las pol\u00edticas p\u00fablicas. &nbsp; POR REDACCI\u00d3N, DIARIO ABC DE MICHOAC\u00c1N, 12 DE AGOSTO DE 2024. Apatzing\u00e1n, Mich. &#8211; Ra\u00fal Mor\u00f3n Orozco, bajo el encargo brindado por el pueblo al convertirlo [&hellip;]","og_url":"https:\/\/diarioabcdemichoacan.com.mx\/lasnoticias\/desde-el-senado-reivindicara-moron-derechos-de-las-y-los-michoacanos\/","og_site_name":"Diario ABC de Michoac\u00e1n","article_published_time":"2024-08-12T16:09:08+00:00","article_modified_time":"2024-08-12T16:10:20+00:00","og_image":[{"width":1600,"height":1066,"url":"https:\/\/diarioabcdemichoacan.com.mx\/lasnoticias\/wp-content\/uploads\/2024\/08\/WhatsApp-Image-2024-08-12-at-9.53.34-AM.jpeg","type":"image\/jpeg"}],"author":"AR","twitter_card":"summary_large_image","twitter_misc":{"Escrito por":"AR","Tiempo de lectura":"2 minutos"},"schema":{"@context":"https:\/\/schema.org","@graph":[{"@type":"WebPage","@id":"https:\/\/diarioabcdemichoacan.com.mx\/lasnoticias\/desde-el-senado-reivindicara-moron-derechos-de-las-y-los-michoacanos\/","url":"https:\/\/diarioabcdemichoacan.com.mx\/lasnoticias\/desde-el-senado-reivindicara-moron-derechos-de-las-y-los-michoacanos\/","name":"Desde el Senado, reivindicar\u00e1 Mor\u00f3n derechos de las y los michoacanos. - Diario ABC de Michoac\u00e1n","isPartOf":{"@id":"https:\/\/diarioabcdemichoacan.com.mx\/lasnoticias\/#website"},"primaryImageOfPage":{"@id":"https:\/\/diarioabcdemichoacan.com.mx\/lasnoticias\/desde-el-senado-reivindicara-moron-derechos-de-las-y-los-michoacanos\/#primaryimage"},"image":{"@id":"https:\/\/diarioabcdemichoacan.com.mx\/lasnoticias\/desde-el-senado-reivindicara-moron-derechos-de-las-y-los-michoacanos\/#primaryimage"},"thumbnailUrl":"https:\/\/diarioabcdemichoacan.com.mx\/lasnoticias\/wp-content\/uploads\/2024\/08\/WhatsApp-Image-2024-08-12-at-9.53.34-AM.jpeg","datePublished":"2024-08-12T16:09:08+00:00","dateModified":"2024-08-12T16:10:20+00:00","author":{"@id":"https:\/\/diarioabcdemichoacan.com.mx\/lasnoticias\/#\/schema\/person\/19ae376040f6cbc489682ebdd8524852"},"breadcrumb":{"@id":"https:\/\/diarioabcdemichoacan.com.mx\/lasnoticias\/desde-el-senado-reivindicara-moron-derechos-de-las-y-los-michoacanos\/#breadcrumb"},"inLanguage":"es","potentialAction":[{"@type":"ReadAction","target":["https:\/\/diarioabcdemichoacan.com.mx\/lasnoticias\/desde-el-senado-reivindicara-moron-derechos-de-las-y-los-michoacanos\/"]}]},{"@type":"ImageObject","inLanguage":"es","@id":"https:\/\/diarioabcdemichoacan.com.mx\/lasnoticias\/desde-el-senado-reivindicara-moron-derechos-de-las-y-los-michoacanos\/#primaryimage","url":"https:\/\/diarioabcdemichoacan.com.mx\/lasnoticias\/wp-content\/uploads\/2024\/08\/WhatsApp-Image-2024-08-12-at-9.53.34-AM.jpeg","contentUrl":"https:\/\/diarioabcdemichoacan.com.mx\/lasnoticias\/wp-content\/uploads\/2024\/08\/WhatsApp-Image-2024-08-12-at-9.53.34-AM.jpeg","width":1600,"height":1066},{"@type":"BreadcrumbList","@id":"https:\/\/diarioabcdemichoacan.com.mx\/lasnoticias\/desde-el-senado-reivindicara-moron-derechos-de-las-y-los-michoacanos\/#breadcrumb","itemListElement":[{"@type":"ListItem","position":1,"name":"Portada","item":"https:\/\/diarioabcdemichoacan.com.mx\/lasnoticias\/"},{"@type":"ListItem","position":2,"name":"Desde el Senado, reivindicar\u00e1 Mor\u00f3n derechos de las y los michoacanos."}]},{"@type":"WebSite","@id":"https:\/\/diarioabcdemichoacan.com.mx\/lasnoticias\/#website","url":"https:\/\/diarioabcdemichoacan.com.mx\/lasnoticias\/","name":"Diario ABC de Michoac\u00e1n","description":"Las noticias al momento","potentialAction":[{"@type":"SearchAction","target":{"@type":"EntryPoint","urlTemplate":"https:\/\/diarioabcdemichoacan.com.mx\/lasnoticias\/?s={search_term_string}"},"query-input":{"@type":"PropertyValueSpecification","valueRequired":true,"valueName":"search_term_string"}}],"inLanguage":"es"},{"@type":"Person","@id":"https:\/\/diarioabcdemichoacan.com.mx\/lasnoticias\/#\/schema\/person\/19ae376040f6cbc489682ebdd8524852","name":"AR","image":{"@type":"ImageObject","inLanguage":"es","@id":"https:\/\/diarioabcdemichoacan.com.mx\/lasnoticias\/#\/schema\/person\/image\/","url":"https:\/\/secure.gravatar.com\/avatar\/44eca2ff970262234e20e1e082872af0?s=96&d=mm&r=g","contentUrl":"https:\/\/secure.gravatar.com\/avatar\/44eca2ff970262234e20e1e082872af0?s=96&d=mm&r=g","caption":"AR"},"url":"https:\/\/diarioabcdemichoacan.com.mx\/lasnoticias\/author\/adrian\/"}]}},"_links":{"self":[{"href":"https:\/\/diarioabcdemichoacan.com.mx\/lasnoticias\/wp-json\/wp\/v2\/posts\/19438","targetHints":{"allow":["GET"]}}],"collection":[{"href":"https:\/\/diarioabcdemichoacan.com.mx\/lasnoticias\/wp-json\/wp\/v2\/posts"}],"about":[{"href":"https:\/\/diarioabcdemichoacan.com.mx\/lasnoticias\/wp-json\/wp\/v2\/types\/post"}],"author":[{"embeddable":true,"href":"https:\/\/diarioabcdemichoacan.com.mx\/lasnoticias\/wp-json\/wp\/v2\/users\/9"}],"replies":[{"embeddable":true,"href":"https:\/\/diarioabcdemichoacan.com.mx\/lasnoticias\/wp-json\/wp\/v2\/comments?post=19438"}],"version-history":[{"count":1,"href":"https:\/\/diarioabcdemichoacan.com.mx\/lasnoticias\/wp-json\/wp\/v2\/posts\/19438\/revisions"}],"predecessor-version":[{"id":19444,"href":"https:\/\/diarioabcdemichoacan.com.mx\/lasnoticias\/wp-json\/wp\/v2\/posts\/19438\/revisions\/19444"}],"wp:featuredmedia":[{"embeddable":true,"href":"https:\/\/diarioabcdemichoacan.com.mx\/lasnoticias\/wp-json\/wp\/v2\/media\/19439"}],"wp:attachment":[{"href":"https:\/\/diarioabcdemichoacan.com.mx\/lasnoticias\/wp-json\/wp\/v2\/media?parent=19438"}],"wp:term":[{"taxonomy":"category","embeddable":true,"href":"https:\/\/diarioabcdemichoacan.com.mx\/lasnoticias\/wp-json\/wp\/v2\/categories?post=19438"},{"taxonomy":"post_tag","embeddable":true,"href":"https:\/\/diarioabcdemichoacan.com.mx\/lasnoticias\/wp-json\/wp\/v2\/tags?post=19438"}],"curies":[{"name":"wp","href":"https:\/\/api.w.org\/{rel}","templated":true}]}}