{"id":19452,"date":"2024-08-12T11:06:55","date_gmt":"2024-08-12T17:06:55","guid":{"rendered":"https:\/\/diarioabcdemichoacan.com.mx\/lasnoticias\/?p=19452"},"modified":"2024-08-12T11:07:45","modified_gmt":"2024-08-12T17:07:45","slug":"exdiputados-federales-boicotean-teleferico-de-uruapan-por-cuestiones-politicas-bedolla","status":"publish","type":"post","link":"https:\/\/diarioabcdemichoacan.com.mx\/lasnoticias\/exdiputados-federales-boicotean-teleferico-de-uruapan-por-cuestiones-politicas-bedolla\/","title":{"rendered":"Exdiputados federales boicotean telef\u00e9rico de Uruapan por cuestiones pol\u00edticas: Bedolla."},"content":{"rendered":"<h2>Tratan de confundir a la poblaci\u00f3n, ya que no hay obras dentro del parque.<\/h2>\n<p>&nbsp;<\/p>\n<h6>POR REDACCI\u00d3N, DIARIO ABC DE MICHOAC\u00c1N, 12 DE AGOSTO DE 2024.<\/h6>\n<hr \/>\n<p>Morelia, Mich. &#8211; Exdiputados federales del PAN y PRD y partidos se oponen a la construcci\u00f3n del telef\u00e9rico en Uruapan por cuestiones pol\u00edticas; por lo mismo, desinforman y tratan de confundir a la poblaci\u00f3n, se\u00f1al\u00f3 el gobernador Alfredo Ram\u00edrez Bedolla, tras puntualizar que ninguna torre del proyecto est\u00e1 planeada dentro del Parque Nacional Barranca del Cupatitzio.<\/p>\n<p>&nbsp;<\/p>\n<p>El mandatario refiri\u00f3 que exdiputados federales son los que tratan de frenar los proyectos y politizar el tema, ya que ninguna torre est\u00e1 planeada ni estar\u00e1 colocada dentro del Parque Nacional.<\/p>\n<p>&nbsp;<\/p>\n<p><img loading=\"lazy\" decoding=\"async\" class=\"alignnone size-medium wp-image-19461\" src=\"https:\/\/diarioabcdemichoacan.com.mx\/lasnoticias\/wp-content\/uploads\/2024\/08\/WhatsApp-Image-2024-08-12-at-10.56.21-AM-500x333.jpeg\" alt=\"\" width=\"500\" height=\"333\" srcset=\"https:\/\/diarioabcdemichoacan.com.mx\/lasnoticias\/wp-content\/uploads\/2024\/08\/WhatsApp-Image-2024-08-12-at-10.56.21-AM-500x333.jpeg 500w, https:\/\/diarioabcdemichoacan.com.mx\/lasnoticias\/wp-content\/uploads\/2024\/08\/WhatsApp-Image-2024-08-12-at-10.56.21-AM-1024x682.jpeg 1024w, https:\/\/diarioabcdemichoacan.com.mx\/lasnoticias\/wp-content\/uploads\/2024\/08\/WhatsApp-Image-2024-08-12-at-10.56.21-AM-768x512.jpeg 768w, https:\/\/diarioabcdemichoacan.com.mx\/lasnoticias\/wp-content\/uploads\/2024\/08\/WhatsApp-Image-2024-08-12-at-10.56.21-AM-150x100.jpeg 150w, https:\/\/diarioabcdemichoacan.com.mx\/lasnoticias\/wp-content\/uploads\/2024\/08\/WhatsApp-Image-2024-08-12-at-10.56.21-AM-300x200.jpeg 300w, https:\/\/diarioabcdemichoacan.com.mx\/lasnoticias\/wp-content\/uploads\/2024\/08\/WhatsApp-Image-2024-08-12-at-10.56.21-AM-696x464.jpeg 696w, https:\/\/diarioabcdemichoacan.com.mx\/lasnoticias\/wp-content\/uploads\/2024\/08\/WhatsApp-Image-2024-08-12-at-10.56.21-AM-1068x712.jpeg 1068w, https:\/\/diarioabcdemichoacan.com.mx\/lasnoticias\/wp-content\/uploads\/2024\/08\/WhatsApp-Image-2024-08-12-at-10.56.21-AM.jpeg 1280w\" sizes=\"auto, (max-width: 500px) 100vw, 500px\" \/><\/p>\n<p>&nbsp;<\/p>\n<p>Explic\u00f3 que el proyecto va avanzado y que la presidenta electa Claudia Sheinbaum est\u00e1 muy contenta con el proyecto y le pareci\u00f3 muy bien que un estado del pa\u00eds construya con sus propios recursos una obra en beneficio de la poblaci\u00f3n.<\/p>\n<p>&nbsp;<\/p>\n<p>Ram\u00edrez Bedolla expuso que se ha detectado tr\u00e1fico de influencias en un fraccionamiento, ya que uno de los secretarios de acuerdos de un juzgado federal, trata de manipular los amparos, situaci\u00f3n que ya se le inform\u00f3 a jueza correspondiente.<\/p>\n","protected":false},"excerpt":{"rendered":"<p>Tratan de confundir a la poblaci\u00f3n, ya que no hay obras dentro del parque. &nbsp; POR REDACCI\u00d3N, DIARIO ABC DE MICHOAC\u00c1N, 12 DE AGOSTO DE 2024. Morelia, Mich. &#8211; Exdiputados federales del PAN y PRD y partidos se oponen a la construcci\u00f3n del telef\u00e9rico en Uruapan por cuestiones pol\u00edticas; por lo mismo, desinforman y tratan [&hellip;]<\/p>\n","protected":false},"author":9,"featured_media":19460,"comment_status":"closed","ping_status":"closed","sticky":false,"template":"","format":"standard","meta":{"footnotes":""},"categories":[10,17,27,3],"tags":[],"class_list":{"0":"post-19452","1":"post","2":"type-post","3":"status-publish","4":"format-standard","5":"has-post-thumbnail","7":"category-estado","8":"category-gobierno-de-michoacan","9":"category-slider","10":"category-uruapan"},"yoast_head":"<!-- This site is optimized with the Yoast SEO plugin v24.0 - https:\/\/yoast.com\/wordpress\/plugins\/seo\/ -->\n<title>Exdiputados federales boicotean telef\u00e9rico de Uruapan por cuestiones pol\u00edticas: Bedolla. - Diario ABC de Michoac\u00e1n<\/title>\n<meta name=\"robots\" content=\"index, follow, max-snippet:-1, max-image-preview:large, max-video-preview:-1\" \/>\n<link rel=\"canonical\" href=\"https:\/\/diarioabcdemichoacan.com.mx\/lasnoticias\/exdiputados-federales-boicotean-teleferico-de-uruapan-por-cuestiones-politicas-bedolla\/\" \/>\n<meta property=\"og:locale\" content=\"es_ES\" \/>\n<meta property=\"og:type\" content=\"article\" \/>\n<meta property=\"og:title\" content=\"Exdiputados federales boicotean telef\u00e9rico de Uruapan por cuestiones pol\u00edticas: Bedolla. - Diario ABC de Michoac\u00e1n\" \/>\n<meta property=\"og:description\" content=\"Tratan de confundir a la poblaci\u00f3n, ya que no hay obras dentro del parque. &nbsp; POR REDACCI\u00d3N, DIARIO ABC DE MICHOAC\u00c1N, 12 DE AGOSTO DE 2024. Morelia, Mich. &#8211; Exdiputados federales del PAN y PRD y partidos se oponen a la construcci\u00f3n del telef\u00e9rico en Uruapan por cuestiones pol\u00edticas; por lo mismo, desinforman y tratan [&hellip;]\" \/>\n<meta property=\"og:url\" content=\"https:\/\/diarioabcdemichoacan.com.mx\/lasnoticias\/exdiputados-federales-boicotean-teleferico-de-uruapan-por-cuestiones-politicas-bedolla\/\" \/>\n<meta property=\"og:site_name\" content=\"Diario ABC de Michoac\u00e1n\" \/>\n<meta property=\"article:published_time\" content=\"2024-08-12T17:06:55+00:00\" \/>\n<meta property=\"article:modified_time\" content=\"2024-08-12T17:07:45+00:00\" \/>\n<meta property=\"og:image\" content=\"https:\/\/diarioabcdemichoacan.com.mx\/lasnoticias\/wp-content\/uploads\/2024\/08\/WhatsApp-Image-2024-08-12-at-10.56.21-AM-1.jpeg\" \/>\n\t<meta property=\"og:image:width\" content=\"1280\" \/>\n\t<meta property=\"og:image:height\" content=\"853\" \/>\n\t<meta property=\"og:image:type\" content=\"image\/jpeg\" \/>\n<meta name=\"author\" content=\"AR\" \/>\n<meta name=\"twitter:card\" content=\"summary_large_image\" \/>\n<meta name=\"twitter:label1\" content=\"Escrito por\" \/>\n\t<meta name=\"twitter:data1\" content=\"AR\" \/>\n\t<meta name=\"twitter:label2\" content=\"Tiempo de lectura\" \/>\n\t<meta name=\"twitter:data2\" content=\"2 minutos\" \/>\n<script type=\"application\/ld+json\" class=\"yoast-schema-graph\">{\"@context\":\"https:\/\/schema.org\",\"@graph\":[{\"@type\":\"WebPage\",\"@id\":\"https:\/\/diarioabcdemichoacan.com.mx\/lasnoticias\/exdiputados-federales-boicotean-teleferico-de-uruapan-por-cuestiones-politicas-bedolla\/\",\"url\":\"https:\/\/diarioabcdemichoacan.com.mx\/lasnoticias\/exdiputados-federales-boicotean-teleferico-de-uruapan-por-cuestiones-politicas-bedolla\/\",\"name\":\"Exdiputados federales boicotean telef\u00e9rico de Uruapan por cuestiones pol\u00edticas: Bedolla. - Diario ABC de Michoac\u00e1n\",\"isPartOf\":{\"@id\":\"https:\/\/diarioabcdemichoacan.com.mx\/lasnoticias\/#website\"},\"primaryImageOfPage\":{\"@id\":\"https:\/\/diarioabcdemichoacan.com.mx\/lasnoticias\/exdiputados-federales-boicotean-teleferico-de-uruapan-por-cuestiones-politicas-bedolla\/#primaryimage\"},\"image\":{\"@id\":\"https:\/\/diarioabcdemichoacan.com.mx\/lasnoticias\/exdiputados-federales-boicotean-teleferico-de-uruapan-por-cuestiones-politicas-bedolla\/#primaryimage\"},\"thumbnailUrl\":\"https:\/\/diarioabcdemichoacan.com.mx\/lasnoticias\/wp-content\/uploads\/2024\/08\/WhatsApp-Image-2024-08-12-at-10.56.21-AM-1.jpeg\",\"datePublished\":\"2024-08-12T17:06:55+00:00\",\"dateModified\":\"2024-08-12T17:07:45+00:00\",\"author\":{\"@id\":\"https:\/\/diarioabcdemichoacan.com.mx\/lasnoticias\/#\/schema\/person\/19ae376040f6cbc489682ebdd8524852\"},\"breadcrumb\":{\"@id\":\"https:\/\/diarioabcdemichoacan.com.mx\/lasnoticias\/exdiputados-federales-boicotean-teleferico-de-uruapan-por-cuestiones-politicas-bedolla\/#breadcrumb\"},\"inLanguage\":\"es\",\"potentialAction\":[{\"@type\":\"ReadAction\",\"target\":[\"https:\/\/diarioabcdemichoacan.com.mx\/lasnoticias\/exdiputados-federales-boicotean-teleferico-de-uruapan-por-cuestiones-politicas-bedolla\/\"]}]},{\"@type\":\"ImageObject\",\"inLanguage\":\"es\",\"@id\":\"https:\/\/diarioabcdemichoacan.com.mx\/lasnoticias\/exdiputados-federales-boicotean-teleferico-de-uruapan-por-cuestiones-politicas-bedolla\/#primaryimage\",\"url\":\"https:\/\/diarioabcdemichoacan.com.mx\/lasnoticias\/wp-content\/uploads\/2024\/08\/WhatsApp-Image-2024-08-12-at-10.56.21-AM-1.jpeg\",\"contentUrl\":\"https:\/\/diarioabcdemichoacan.com.mx\/lasnoticias\/wp-content\/uploads\/2024\/08\/WhatsApp-Image-2024-08-12-at-10.56.21-AM-1.jpeg\",\"width\":1280,\"height\":853},{\"@type\":\"BreadcrumbList\",\"@id\":\"https:\/\/diarioabcdemichoacan.com.mx\/lasnoticias\/exdiputados-federales-boicotean-teleferico-de-uruapan-por-cuestiones-politicas-bedolla\/#breadcrumb\",\"itemListElement\":[{\"@type\":\"ListItem\",\"position\":1,\"name\":\"Portada\",\"item\":\"https:\/\/diarioabcdemichoacan.com.mx\/lasnoticias\/\"},{\"@type\":\"ListItem\",\"position\":2,\"name\":\"Exdiputados federales boicotean telef\u00e9rico de Uruapan por cuestiones pol\u00edticas: Bedolla.\"}]},{\"@type\":\"WebSite\",\"@id\":\"https:\/\/diarioabcdemichoacan.com.mx\/lasnoticias\/#website\",\"url\":\"https:\/\/diarioabcdemichoacan.com.mx\/lasnoticias\/\",\"name\":\"Diario ABC de Michoac\u00e1n\",\"description\":\"Las noticias al momento\",\"potentialAction\":[{\"@type\":\"SearchAction\",\"target\":{\"@type\":\"EntryPoint\",\"urlTemplate\":\"https:\/\/diarioabcdemichoacan.com.mx\/lasnoticias\/?s={search_term_string}\"},\"query-input\":{\"@type\":\"PropertyValueSpecification\",\"valueRequired\":true,\"valueName\":\"search_term_string\"}}],\"inLanguage\":\"es\"},{\"@type\":\"Person\",\"@id\":\"https:\/\/diarioabcdemichoacan.com.mx\/lasnoticias\/#\/schema\/person\/19ae376040f6cbc489682ebdd8524852\",\"name\":\"AR\",\"image\":{\"@type\":\"ImageObject\",\"inLanguage\":\"es\",\"@id\":\"https:\/\/diarioabcdemichoacan.com.mx\/lasnoticias\/#\/schema\/person\/image\/\",\"url\":\"https:\/\/secure.gravatar.com\/avatar\/44eca2ff970262234e20e1e082872af0?s=96&d=mm&r=g\",\"contentUrl\":\"https:\/\/secure.gravatar.com\/avatar\/44eca2ff970262234e20e1e082872af0?s=96&d=mm&r=g\",\"caption\":\"AR\"},\"url\":\"https:\/\/diarioabcdemichoacan.com.mx\/lasnoticias\/author\/adrian\/\"}]}<\/script>\n<!-- \/ Yoast SEO plugin. -->","yoast_head_json":{"title":"Exdiputados federales boicotean telef\u00e9rico de Uruapan por cuestiones pol\u00edticas: Bedolla. - Diario ABC de Michoac\u00e1n","robots":{"index":"index","follow":"follow","max-snippet":"max-snippet:-1","max-image-preview":"max-image-preview:large","max-video-preview":"max-video-preview:-1"},"canonical":"https:\/\/diarioabcdemichoacan.com.mx\/lasnoticias\/exdiputados-federales-boicotean-teleferico-de-uruapan-por-cuestiones-politicas-bedolla\/","og_locale":"es_ES","og_type":"article","og_title":"Exdiputados federales boicotean telef\u00e9rico de Uruapan por cuestiones pol\u00edticas: Bedolla. - Diario ABC de Michoac\u00e1n","og_description":"Tratan de confundir a la poblaci\u00f3n, ya que no hay obras dentro del parque. &nbsp; POR REDACCI\u00d3N, DIARIO ABC DE MICHOAC\u00c1N, 12 DE AGOSTO DE 2024. Morelia, Mich. &#8211; Exdiputados federales del PAN y PRD y partidos se oponen a la construcci\u00f3n del telef\u00e9rico en Uruapan por cuestiones pol\u00edticas; por lo mismo, desinforman y tratan [&hellip;]","og_url":"https:\/\/diarioabcdemichoacan.com.mx\/lasnoticias\/exdiputados-federales-boicotean-teleferico-de-uruapan-por-cuestiones-politicas-bedolla\/","og_site_name":"Diario ABC de Michoac\u00e1n","article_published_time":"2024-08-12T17:06:55+00:00","article_modified_time":"2024-08-12T17:07:45+00:00","og_image":[{"width":1280,"height":853,"url":"https:\/\/diarioabcdemichoacan.com.mx\/lasnoticias\/wp-content\/uploads\/2024\/08\/WhatsApp-Image-2024-08-12-at-10.56.21-AM-1.jpeg","type":"image\/jpeg"}],"author":"AR","twitter_card":"summary_large_image","twitter_misc":{"Escrito por":"AR","Tiempo de lectura":"2 minutos"},"schema":{"@context":"https:\/\/schema.org","@graph":[{"@type":"WebPage","@id":"https:\/\/diarioabcdemichoacan.com.mx\/lasnoticias\/exdiputados-federales-boicotean-teleferico-de-uruapan-por-cuestiones-politicas-bedolla\/","url":"https:\/\/diarioabcdemichoacan.com.mx\/lasnoticias\/exdiputados-federales-boicotean-teleferico-de-uruapan-por-cuestiones-politicas-bedolla\/","name":"Exdiputados federales boicotean telef\u00e9rico de Uruapan por cuestiones pol\u00edticas: Bedolla. - Diario ABC de Michoac\u00e1n","isPartOf":{"@id":"https:\/\/diarioabcdemichoacan.com.mx\/lasnoticias\/#website"},"primaryImageOfPage":{"@id":"https:\/\/diarioabcdemichoacan.com.mx\/lasnoticias\/exdiputados-federales-boicotean-teleferico-de-uruapan-por-cuestiones-politicas-bedolla\/#primaryimage"},"image":{"@id":"https:\/\/diarioabcdemichoacan.com.mx\/lasnoticias\/exdiputados-federales-boicotean-teleferico-de-uruapan-por-cuestiones-politicas-bedolla\/#primaryimage"},"thumbnailUrl":"https:\/\/diarioabcdemichoacan.com.mx\/lasnoticias\/wp-content\/uploads\/2024\/08\/WhatsApp-Image-2024-08-12-at-10.56.21-AM-1.jpeg","datePublished":"2024-08-12T17:06:55+00:00","dateModified":"2024-08-12T17:07:45+00:00","author":{"@id":"https:\/\/diarioabcdemichoacan.com.mx\/lasnoticias\/#\/schema\/person\/19ae376040f6cbc489682ebdd8524852"},"breadcrumb":{"@id":"https:\/\/diarioabcdemichoacan.com.mx\/lasnoticias\/exdiputados-federales-boicotean-teleferico-de-uruapan-por-cuestiones-politicas-bedolla\/#breadcrumb"},"inLanguage":"es","potentialAction":[{"@type":"ReadAction","target":["https:\/\/diarioabcdemichoacan.com.mx\/lasnoticias\/exdiputados-federales-boicotean-teleferico-de-uruapan-por-cuestiones-politicas-bedolla\/"]}]},{"@type":"ImageObject","inLanguage":"es","@id":"https:\/\/diarioabcdemichoacan.com.mx\/lasnoticias\/exdiputados-federales-boicotean-teleferico-de-uruapan-por-cuestiones-politicas-bedolla\/#primaryimage","url":"https:\/\/diarioabcdemichoacan.com.mx\/lasnoticias\/wp-content\/uploads\/2024\/08\/WhatsApp-Image-2024-08-12-at-10.56.21-AM-1.jpeg","contentUrl":"https:\/\/diarioabcdemichoacan.com.mx\/lasnoticias\/wp-content\/uploads\/2024\/08\/WhatsApp-Image-2024-08-12-at-10.56.21-AM-1.jpeg","width":1280,"height":853},{"@type":"BreadcrumbList","@id":"https:\/\/diarioabcdemichoacan.com.mx\/lasnoticias\/exdiputados-federales-boicotean-teleferico-de-uruapan-por-cuestiones-politicas-bedolla\/#breadcrumb","itemListElement":[{"@type":"ListItem","position":1,"name":"Portada","item":"https:\/\/diarioabcdemichoacan.com.mx\/lasnoticias\/"},{"@type":"ListItem","position":2,"name":"Exdiputados federales boicotean telef\u00e9rico de Uruapan por cuestiones pol\u00edticas: Bedolla."}]},{"@type":"WebSite","@id":"https:\/\/diarioabcdemichoacan.com.mx\/lasnoticias\/#website","url":"https:\/\/diarioabcdemichoacan.com.mx\/lasnoticias\/","name":"Diario ABC de Michoac\u00e1n","description":"Las noticias al momento","potentialAction":[{"@type":"SearchAction","target":{"@type":"EntryPoint","urlTemplate":"https:\/\/diarioabcdemichoacan.com.mx\/lasnoticias\/?s={search_term_string}"},"query-input":{"@type":"PropertyValueSpecification","valueRequired":true,"valueName":"search_term_string"}}],"inLanguage":"es"},{"@type":"Person","@id":"https:\/\/diarioabcdemichoacan.com.mx\/lasnoticias\/#\/schema\/person\/19ae376040f6cbc489682ebdd8524852","name":"AR","image":{"@type":"ImageObject","inLanguage":"es","@id":"https:\/\/diarioabcdemichoacan.com.mx\/lasnoticias\/#\/schema\/person\/image\/","url":"https:\/\/secure.gravatar.com\/avatar\/44eca2ff970262234e20e1e082872af0?s=96&d=mm&r=g","contentUrl":"https:\/\/secure.gravatar.com\/avatar\/44eca2ff970262234e20e1e082872af0?s=96&d=mm&r=g","caption":"AR"},"url":"https:\/\/diarioabcdemichoacan.com.mx\/lasnoticias\/author\/adrian\/"}]}},"_links":{"self":[{"href":"https:\/\/diarioabcdemichoacan.com.mx\/lasnoticias\/wp-json\/wp\/v2\/posts\/19452","targetHints":{"allow":["GET"]}}],"collection":[{"href":"https:\/\/diarioabcdemichoacan.com.mx\/lasnoticias\/wp-json\/wp\/v2\/posts"}],"about":[{"href":"https:\/\/diarioabcdemichoacan.com.mx\/lasnoticias\/wp-json\/wp\/v2\/types\/post"}],"author":[{"embeddable":true,"href":"https:\/\/diarioabcdemichoacan.com.mx\/lasnoticias\/wp-json\/wp\/v2\/users\/9"}],"replies":[{"embeddable":true,"href":"https:\/\/diarioabcdemichoacan.com.mx\/lasnoticias\/wp-json\/wp\/v2\/comments?post=19452"}],"version-history":[{"count":1,"href":"https:\/\/diarioabcdemichoacan.com.mx\/lasnoticias\/wp-json\/wp\/v2\/posts\/19452\/revisions"}],"predecessor-version":[{"id":19465,"href":"https:\/\/diarioabcdemichoacan.com.mx\/lasnoticias\/wp-json\/wp\/v2\/posts\/19452\/revisions\/19465"}],"wp:featuredmedia":[{"embeddable":true,"href":"https:\/\/diarioabcdemichoacan.com.mx\/lasnoticias\/wp-json\/wp\/v2\/media\/19460"}],"wp:attachment":[{"href":"https:\/\/diarioabcdemichoacan.com.mx\/lasnoticias\/wp-json\/wp\/v2\/media?parent=19452"}],"wp:term":[{"taxonomy":"category","embeddable":true,"href":"https:\/\/diarioabcdemichoacan.com.mx\/lasnoticias\/wp-json\/wp\/v2\/categories?post=19452"},{"taxonomy":"post_tag","embeddable":true,"href":"https:\/\/diarioabcdemichoacan.com.mx\/lasnoticias\/wp-json\/wp\/v2\/tags?post=19452"}],"curies":[{"name":"wp","href":"https:\/\/api.w.org\/{rel}","templated":true}]}}