{"id":19458,"date":"2024-08-12T12:10:59","date_gmt":"2024-08-12T18:10:59","guid":{"rendered":"https:\/\/diarioabcdemichoacan.com.mx\/lasnoticias\/?p=19458"},"modified":"2024-08-12T12:15:22","modified_gmt":"2024-08-12T18:15:22","slug":"bedolla-proyecta-metrobus-para-morelia-con-2-mil-295-mdp","status":"publish","type":"post","link":"https:\/\/diarioabcdemichoacan.com.mx\/lasnoticias\/bedolla-proyecta-metrobus-para-morelia-con-2-mil-295-mdp\/","title":{"rendered":"Bedolla proyecta metrob\u00fas para Morelia con 2 mil 295 MDP."},"content":{"rendered":"<h2>Primera etapa ir\u00e1 de Villas del Pedregal al monumento a L\u00e1zaro C\u00e1rdenas.<\/h2>\n<p>&nbsp;<\/p>\n<h6>POR REDACCI\u00d3N, DIARIO ABC DE MICHOAC\u00c1N, 12 DE AGOSTO DE 2024.<\/h6>\n<hr \/>\n<p>Morelia, Mich. &#8211; El Gobernador Alfredo Ram\u00edrez Bedolla anunci\u00f3 que se proyectan las obras de construcci\u00f3n para el metrob\u00fas de Morelia, que atender\u00e1 la demanda de transporte para m\u00e1s de 130 mil personas al d\u00eda.<\/p>\n<p>&nbsp;<\/p>\n<p>En conferencia de prensa inform\u00f3 que, con una inversi\u00f3n de 2 mil 295 millones de pesos, los trabajos de la primera etapa, que ir\u00e1 de Villas del Pedregal en el poniente de la ciudad, al monumento a L\u00e1zaro C\u00e1rdenas, se pretenden iniciar en julio de 2025 para concluir en diciembre de 2026.<\/p>\n<p>&nbsp;<\/p>\n<p><img loading=\"lazy\" decoding=\"async\" class=\"alignnone size-medium wp-image-19473\" src=\"https:\/\/diarioabcdemichoacan.com.mx\/lasnoticias\/wp-content\/uploads\/2024\/08\/WhatsApp-Image-2024-08-12-at-11.50.39-AM-1-500x333.jpeg\" alt=\"\" width=\"500\" height=\"333\" srcset=\"https:\/\/diarioabcdemichoacan.com.mx\/lasnoticias\/wp-content\/uploads\/2024\/08\/WhatsApp-Image-2024-08-12-at-11.50.39-AM-1-500x333.jpeg 500w, https:\/\/diarioabcdemichoacan.com.mx\/lasnoticias\/wp-content\/uploads\/2024\/08\/WhatsApp-Image-2024-08-12-at-11.50.39-AM-1-1024x682.jpeg 1024w, https:\/\/diarioabcdemichoacan.com.mx\/lasnoticias\/wp-content\/uploads\/2024\/08\/WhatsApp-Image-2024-08-12-at-11.50.39-AM-1-768x512.jpeg 768w, https:\/\/diarioabcdemichoacan.com.mx\/lasnoticias\/wp-content\/uploads\/2024\/08\/WhatsApp-Image-2024-08-12-at-11.50.39-AM-1-1536x1023.jpeg 1536w, https:\/\/diarioabcdemichoacan.com.mx\/lasnoticias\/wp-content\/uploads\/2024\/08\/WhatsApp-Image-2024-08-12-at-11.50.39-AM-1-150x100.jpeg 150w, https:\/\/diarioabcdemichoacan.com.mx\/lasnoticias\/wp-content\/uploads\/2024\/08\/WhatsApp-Image-2024-08-12-at-11.50.39-AM-1-300x200.jpeg 300w, https:\/\/diarioabcdemichoacan.com.mx\/lasnoticias\/wp-content\/uploads\/2024\/08\/WhatsApp-Image-2024-08-12-at-11.50.39-AM-1-696x464.jpeg 696w, https:\/\/diarioabcdemichoacan.com.mx\/lasnoticias\/wp-content\/uploads\/2024\/08\/WhatsApp-Image-2024-08-12-at-11.50.39-AM-1-1068x712.jpeg 1068w, https:\/\/diarioabcdemichoacan.com.mx\/lasnoticias\/wp-content\/uploads\/2024\/08\/WhatsApp-Image-2024-08-12-at-11.50.39-AM-1.jpeg 1600w\" sizes=\"auto, (max-width: 500px) 100vw, 500px\" \/><\/p>\n<p>&nbsp;<\/p>\n<p>Por su parte, la secretaria de Desarrollo Urbano y Movilidad, Gladyz Butanda Mac\u00edas, detall\u00f3 que la longitud total de esta obra, que llegar\u00e1 hasta Ciudad Salud, ser\u00e1 de 28 kil\u00f3metros, recorrido que se realizar\u00e1 en un tiempo de 33 minutos.<\/p>\n<p>&nbsp;<\/p>\n<p>Indic\u00f3 que se construir\u00e1n tres terminales y 71 estaciones, adem\u00e1s que contar\u00e1 con cuatro rutas troncales y 10 rutas alimentadoras, con lo que se garantiza el acceso desde zonas poco comunicadas a la ruta principal del metrob\u00fas.<\/p>\n<p>&nbsp;<\/p>\n<p><img loading=\"lazy\" decoding=\"async\" class=\"alignnone size-medium wp-image-19472\" src=\"https:\/\/diarioabcdemichoacan.com.mx\/lasnoticias\/wp-content\/uploads\/2024\/08\/WhatsApp-Image-2024-08-12-at-11.50.39-AM-2-500x334.jpeg\" alt=\"\" width=\"500\" height=\"334\" srcset=\"https:\/\/diarioabcdemichoacan.com.mx\/lasnoticias\/wp-content\/uploads\/2024\/08\/WhatsApp-Image-2024-08-12-at-11.50.39-AM-2-500x334.jpeg 500w, https:\/\/diarioabcdemichoacan.com.mx\/lasnoticias\/wp-content\/uploads\/2024\/08\/WhatsApp-Image-2024-08-12-at-11.50.39-AM-2-1024x684.jpeg 1024w, https:\/\/diarioabcdemichoacan.com.mx\/lasnoticias\/wp-content\/uploads\/2024\/08\/WhatsApp-Image-2024-08-12-at-11.50.39-AM-2-768x513.jpeg 768w, https:\/\/diarioabcdemichoacan.com.mx\/lasnoticias\/wp-content\/uploads\/2024\/08\/WhatsApp-Image-2024-08-12-at-11.50.39-AM-2-1536x1025.jpeg 1536w, https:\/\/diarioabcdemichoacan.com.mx\/lasnoticias\/wp-content\/uploads\/2024\/08\/WhatsApp-Image-2024-08-12-at-11.50.39-AM-2-150x100.jpeg 150w, https:\/\/diarioabcdemichoacan.com.mx\/lasnoticias\/wp-content\/uploads\/2024\/08\/WhatsApp-Image-2024-08-12-at-11.50.39-AM-2-300x200.jpeg 300w, https:\/\/diarioabcdemichoacan.com.mx\/lasnoticias\/wp-content\/uploads\/2024\/08\/WhatsApp-Image-2024-08-12-at-11.50.39-AM-2-696x465.jpeg 696w, https:\/\/diarioabcdemichoacan.com.mx\/lasnoticias\/wp-content\/uploads\/2024\/08\/WhatsApp-Image-2024-08-12-at-11.50.39-AM-2-1068x713.jpeg 1068w, https:\/\/diarioabcdemichoacan.com.mx\/lasnoticias\/wp-content\/uploads\/2024\/08\/WhatsApp-Image-2024-08-12-at-11.50.39-AM-2.jpeg 1600w\" sizes=\"auto, (max-width: 500px) 100vw, 500px\" \/><\/p>\n<p>&nbsp;<\/p>\n<p>Esta obra, que forma parte de los proyectos para la transformaci\u00f3n 2024-2027, cubrir\u00e1 la demanda de transporte p\u00fablico de una manera eficiente, r\u00e1pida y amigable con el ambiente, pues se cuidar\u00e1 que tanto en su construcci\u00f3n como en su operaci\u00f3n se sigan los lineamientos en la materia y se preserve el ecosistema.<\/p>\n","protected":false},"excerpt":{"rendered":"<p>Primera etapa ir\u00e1 de Villas del Pedregal al monumento a L\u00e1zaro C\u00e1rdenas. &nbsp; POR REDACCI\u00d3N, DIARIO ABC DE MICHOAC\u00c1N, 12 DE AGOSTO DE 2024. Morelia, Mich. &#8211; El Gobernador Alfredo Ram\u00edrez Bedolla anunci\u00f3 que se proyectan las obras de construcci\u00f3n para el metrob\u00fas de Morelia, que atender\u00e1 la demanda de transporte para m\u00e1s de 130 [&hellip;]<\/p>\n","protected":false},"author":9,"featured_media":19474,"comment_status":"closed","ping_status":"closed","sticky":false,"template":"","format":"standard","meta":{"footnotes":""},"categories":[10,17,27],"tags":[],"class_list":{"0":"post-19458","1":"post","2":"type-post","3":"status-publish","4":"format-standard","5":"has-post-thumbnail","7":"category-estado","8":"category-gobierno-de-michoacan","9":"category-slider"},"yoast_head":"<!-- This site is optimized with the Yoast SEO plugin v24.0 - https:\/\/yoast.com\/wordpress\/plugins\/seo\/ -->\n<title>Bedolla proyecta metrob\u00fas para Morelia con 2 mil 295 MDP. - Diario ABC de Michoac\u00e1n<\/title>\n<meta name=\"robots\" content=\"index, follow, max-snippet:-1, max-image-preview:large, max-video-preview:-1\" \/>\n<link rel=\"canonical\" href=\"https:\/\/diarioabcdemichoacan.com.mx\/lasnoticias\/bedolla-proyecta-metrobus-para-morelia-con-2-mil-295-mdp\/\" \/>\n<meta property=\"og:locale\" content=\"es_ES\" \/>\n<meta property=\"og:type\" content=\"article\" \/>\n<meta property=\"og:title\" content=\"Bedolla proyecta metrob\u00fas para Morelia con 2 mil 295 MDP. - Diario ABC de Michoac\u00e1n\" \/>\n<meta property=\"og:description\" content=\"Primera etapa ir\u00e1 de Villas del Pedregal al monumento a L\u00e1zaro C\u00e1rdenas. &nbsp; POR REDACCI\u00d3N, DIARIO ABC DE MICHOAC\u00c1N, 12 DE AGOSTO DE 2024. Morelia, Mich. &#8211; El Gobernador Alfredo Ram\u00edrez Bedolla anunci\u00f3 que se proyectan las obras de construcci\u00f3n para el metrob\u00fas de Morelia, que atender\u00e1 la demanda de transporte para m\u00e1s de 130 [&hellip;]\" \/>\n<meta property=\"og:url\" content=\"https:\/\/diarioabcdemichoacan.com.mx\/lasnoticias\/bedolla-proyecta-metrobus-para-morelia-con-2-mil-295-mdp\/\" \/>\n<meta property=\"og:site_name\" content=\"Diario ABC de Michoac\u00e1n\" \/>\n<meta property=\"article:published_time\" content=\"2024-08-12T18:10:59+00:00\" \/>\n<meta property=\"article:modified_time\" content=\"2024-08-12T18:15:22+00:00\" \/>\n<meta property=\"og:image\" content=\"https:\/\/diarioabcdemichoacan.com.mx\/lasnoticias\/wp-content\/uploads\/2024\/08\/WhatsApp-Image-2024-08-12-at-11.50.39-AM.jpeg\" \/>\n\t<meta property=\"og:image:width\" content=\"1600\" \/>\n\t<meta property=\"og:image:height\" content=\"1066\" \/>\n\t<meta property=\"og:image:type\" content=\"image\/jpeg\" \/>\n<meta name=\"author\" content=\"AR\" \/>\n<meta name=\"twitter:card\" content=\"summary_large_image\" \/>\n<meta name=\"twitter:label1\" content=\"Escrito por\" \/>\n\t<meta name=\"twitter:data1\" content=\"AR\" \/>\n\t<meta name=\"twitter:label2\" content=\"Tiempo de lectura\" \/>\n\t<meta name=\"twitter:data2\" content=\"2 minutos\" \/>\n<script type=\"application\/ld+json\" class=\"yoast-schema-graph\">{\"@context\":\"https:\/\/schema.org\",\"@graph\":[{\"@type\":\"WebPage\",\"@id\":\"https:\/\/diarioabcdemichoacan.com.mx\/lasnoticias\/bedolla-proyecta-metrobus-para-morelia-con-2-mil-295-mdp\/\",\"url\":\"https:\/\/diarioabcdemichoacan.com.mx\/lasnoticias\/bedolla-proyecta-metrobus-para-morelia-con-2-mil-295-mdp\/\",\"name\":\"Bedolla proyecta metrob\u00fas para Morelia con 2 mil 295 MDP. - Diario ABC de Michoac\u00e1n\",\"isPartOf\":{\"@id\":\"https:\/\/diarioabcdemichoacan.com.mx\/lasnoticias\/#website\"},\"primaryImageOfPage\":{\"@id\":\"https:\/\/diarioabcdemichoacan.com.mx\/lasnoticias\/bedolla-proyecta-metrobus-para-morelia-con-2-mil-295-mdp\/#primaryimage\"},\"image\":{\"@id\":\"https:\/\/diarioabcdemichoacan.com.mx\/lasnoticias\/bedolla-proyecta-metrobus-para-morelia-con-2-mil-295-mdp\/#primaryimage\"},\"thumbnailUrl\":\"https:\/\/diarioabcdemichoacan.com.mx\/lasnoticias\/wp-content\/uploads\/2024\/08\/WhatsApp-Image-2024-08-12-at-11.50.39-AM.jpeg\",\"datePublished\":\"2024-08-12T18:10:59+00:00\",\"dateModified\":\"2024-08-12T18:15:22+00:00\",\"author\":{\"@id\":\"https:\/\/diarioabcdemichoacan.com.mx\/lasnoticias\/#\/schema\/person\/19ae376040f6cbc489682ebdd8524852\"},\"breadcrumb\":{\"@id\":\"https:\/\/diarioabcdemichoacan.com.mx\/lasnoticias\/bedolla-proyecta-metrobus-para-morelia-con-2-mil-295-mdp\/#breadcrumb\"},\"inLanguage\":\"es\",\"potentialAction\":[{\"@type\":\"ReadAction\",\"target\":[\"https:\/\/diarioabcdemichoacan.com.mx\/lasnoticias\/bedolla-proyecta-metrobus-para-morelia-con-2-mil-295-mdp\/\"]}]},{\"@type\":\"ImageObject\",\"inLanguage\":\"es\",\"@id\":\"https:\/\/diarioabcdemichoacan.com.mx\/lasnoticias\/bedolla-proyecta-metrobus-para-morelia-con-2-mil-295-mdp\/#primaryimage\",\"url\":\"https:\/\/diarioabcdemichoacan.com.mx\/lasnoticias\/wp-content\/uploads\/2024\/08\/WhatsApp-Image-2024-08-12-at-11.50.39-AM.jpeg\",\"contentUrl\":\"https:\/\/diarioabcdemichoacan.com.mx\/lasnoticias\/wp-content\/uploads\/2024\/08\/WhatsApp-Image-2024-08-12-at-11.50.39-AM.jpeg\",\"width\":1600,\"height\":1066},{\"@type\":\"BreadcrumbList\",\"@id\":\"https:\/\/diarioabcdemichoacan.com.mx\/lasnoticias\/bedolla-proyecta-metrobus-para-morelia-con-2-mil-295-mdp\/#breadcrumb\",\"itemListElement\":[{\"@type\":\"ListItem\",\"position\":1,\"name\":\"Portada\",\"item\":\"https:\/\/diarioabcdemichoacan.com.mx\/lasnoticias\/\"},{\"@type\":\"ListItem\",\"position\":2,\"name\":\"Bedolla proyecta metrob\u00fas para Morelia con 2 mil 295 MDP.\"}]},{\"@type\":\"WebSite\",\"@id\":\"https:\/\/diarioabcdemichoacan.com.mx\/lasnoticias\/#website\",\"url\":\"https:\/\/diarioabcdemichoacan.com.mx\/lasnoticias\/\",\"name\":\"Diario ABC de Michoac\u00e1n\",\"description\":\"Las noticias al momento\",\"potentialAction\":[{\"@type\":\"SearchAction\",\"target\":{\"@type\":\"EntryPoint\",\"urlTemplate\":\"https:\/\/diarioabcdemichoacan.com.mx\/lasnoticias\/?s={search_term_string}\"},\"query-input\":{\"@type\":\"PropertyValueSpecification\",\"valueRequired\":true,\"valueName\":\"search_term_string\"}}],\"inLanguage\":\"es\"},{\"@type\":\"Person\",\"@id\":\"https:\/\/diarioabcdemichoacan.com.mx\/lasnoticias\/#\/schema\/person\/19ae376040f6cbc489682ebdd8524852\",\"name\":\"AR\",\"image\":{\"@type\":\"ImageObject\",\"inLanguage\":\"es\",\"@id\":\"https:\/\/diarioabcdemichoacan.com.mx\/lasnoticias\/#\/schema\/person\/image\/\",\"url\":\"https:\/\/secure.gravatar.com\/avatar\/44eca2ff970262234e20e1e082872af0?s=96&d=mm&r=g\",\"contentUrl\":\"https:\/\/secure.gravatar.com\/avatar\/44eca2ff970262234e20e1e082872af0?s=96&d=mm&r=g\",\"caption\":\"AR\"},\"url\":\"https:\/\/diarioabcdemichoacan.com.mx\/lasnoticias\/author\/adrian\/\"}]}<\/script>\n<!-- \/ Yoast SEO plugin. -->","yoast_head_json":{"title":"Bedolla proyecta metrob\u00fas para Morelia con 2 mil 295 MDP. - Diario ABC de Michoac\u00e1n","robots":{"index":"index","follow":"follow","max-snippet":"max-snippet:-1","max-image-preview":"max-image-preview:large","max-video-preview":"max-video-preview:-1"},"canonical":"https:\/\/diarioabcdemichoacan.com.mx\/lasnoticias\/bedolla-proyecta-metrobus-para-morelia-con-2-mil-295-mdp\/","og_locale":"es_ES","og_type":"article","og_title":"Bedolla proyecta metrob\u00fas para Morelia con 2 mil 295 MDP. - Diario ABC de Michoac\u00e1n","og_description":"Primera etapa ir\u00e1 de Villas del Pedregal al monumento a L\u00e1zaro C\u00e1rdenas. &nbsp; POR REDACCI\u00d3N, DIARIO ABC DE MICHOAC\u00c1N, 12 DE AGOSTO DE 2024. Morelia, Mich. &#8211; El Gobernador Alfredo Ram\u00edrez Bedolla anunci\u00f3 que se proyectan las obras de construcci\u00f3n para el metrob\u00fas de Morelia, que atender\u00e1 la demanda de transporte para m\u00e1s de 130 [&hellip;]","og_url":"https:\/\/diarioabcdemichoacan.com.mx\/lasnoticias\/bedolla-proyecta-metrobus-para-morelia-con-2-mil-295-mdp\/","og_site_name":"Diario ABC de Michoac\u00e1n","article_published_time":"2024-08-12T18:10:59+00:00","article_modified_time":"2024-08-12T18:15:22+00:00","og_image":[{"width":1600,"height":1066,"url":"https:\/\/diarioabcdemichoacan.com.mx\/lasnoticias\/wp-content\/uploads\/2024\/08\/WhatsApp-Image-2024-08-12-at-11.50.39-AM.jpeg","type":"image\/jpeg"}],"author":"AR","twitter_card":"summary_large_image","twitter_misc":{"Escrito por":"AR","Tiempo de lectura":"2 minutos"},"schema":{"@context":"https:\/\/schema.org","@graph":[{"@type":"WebPage","@id":"https:\/\/diarioabcdemichoacan.com.mx\/lasnoticias\/bedolla-proyecta-metrobus-para-morelia-con-2-mil-295-mdp\/","url":"https:\/\/diarioabcdemichoacan.com.mx\/lasnoticias\/bedolla-proyecta-metrobus-para-morelia-con-2-mil-295-mdp\/","name":"Bedolla proyecta metrob\u00fas para Morelia con 2 mil 295 MDP. - Diario ABC de Michoac\u00e1n","isPartOf":{"@id":"https:\/\/diarioabcdemichoacan.com.mx\/lasnoticias\/#website"},"primaryImageOfPage":{"@id":"https:\/\/diarioabcdemichoacan.com.mx\/lasnoticias\/bedolla-proyecta-metrobus-para-morelia-con-2-mil-295-mdp\/#primaryimage"},"image":{"@id":"https:\/\/diarioabcdemichoacan.com.mx\/lasnoticias\/bedolla-proyecta-metrobus-para-morelia-con-2-mil-295-mdp\/#primaryimage"},"thumbnailUrl":"https:\/\/diarioabcdemichoacan.com.mx\/lasnoticias\/wp-content\/uploads\/2024\/08\/WhatsApp-Image-2024-08-12-at-11.50.39-AM.jpeg","datePublished":"2024-08-12T18:10:59+00:00","dateModified":"2024-08-12T18:15:22+00:00","author":{"@id":"https:\/\/diarioabcdemichoacan.com.mx\/lasnoticias\/#\/schema\/person\/19ae376040f6cbc489682ebdd8524852"},"breadcrumb":{"@id":"https:\/\/diarioabcdemichoacan.com.mx\/lasnoticias\/bedolla-proyecta-metrobus-para-morelia-con-2-mil-295-mdp\/#breadcrumb"},"inLanguage":"es","potentialAction":[{"@type":"ReadAction","target":["https:\/\/diarioabcdemichoacan.com.mx\/lasnoticias\/bedolla-proyecta-metrobus-para-morelia-con-2-mil-295-mdp\/"]}]},{"@type":"ImageObject","inLanguage":"es","@id":"https:\/\/diarioabcdemichoacan.com.mx\/lasnoticias\/bedolla-proyecta-metrobus-para-morelia-con-2-mil-295-mdp\/#primaryimage","url":"https:\/\/diarioabcdemichoacan.com.mx\/lasnoticias\/wp-content\/uploads\/2024\/08\/WhatsApp-Image-2024-08-12-at-11.50.39-AM.jpeg","contentUrl":"https:\/\/diarioabcdemichoacan.com.mx\/lasnoticias\/wp-content\/uploads\/2024\/08\/WhatsApp-Image-2024-08-12-at-11.50.39-AM.jpeg","width":1600,"height":1066},{"@type":"BreadcrumbList","@id":"https:\/\/diarioabcdemichoacan.com.mx\/lasnoticias\/bedolla-proyecta-metrobus-para-morelia-con-2-mil-295-mdp\/#breadcrumb","itemListElement":[{"@type":"ListItem","position":1,"name":"Portada","item":"https:\/\/diarioabcdemichoacan.com.mx\/lasnoticias\/"},{"@type":"ListItem","position":2,"name":"Bedolla proyecta metrob\u00fas para Morelia con 2 mil 295 MDP."}]},{"@type":"WebSite","@id":"https:\/\/diarioabcdemichoacan.com.mx\/lasnoticias\/#website","url":"https:\/\/diarioabcdemichoacan.com.mx\/lasnoticias\/","name":"Diario ABC de Michoac\u00e1n","description":"Las noticias al momento","potentialAction":[{"@type":"SearchAction","target":{"@type":"EntryPoint","urlTemplate":"https:\/\/diarioabcdemichoacan.com.mx\/lasnoticias\/?s={search_term_string}"},"query-input":{"@type":"PropertyValueSpecification","valueRequired":true,"valueName":"search_term_string"}}],"inLanguage":"es"},{"@type":"Person","@id":"https:\/\/diarioabcdemichoacan.com.mx\/lasnoticias\/#\/schema\/person\/19ae376040f6cbc489682ebdd8524852","name":"AR","image":{"@type":"ImageObject","inLanguage":"es","@id":"https:\/\/diarioabcdemichoacan.com.mx\/lasnoticias\/#\/schema\/person\/image\/","url":"https:\/\/secure.gravatar.com\/avatar\/44eca2ff970262234e20e1e082872af0?s=96&d=mm&r=g","contentUrl":"https:\/\/secure.gravatar.com\/avatar\/44eca2ff970262234e20e1e082872af0?s=96&d=mm&r=g","caption":"AR"},"url":"https:\/\/diarioabcdemichoacan.com.mx\/lasnoticias\/author\/adrian\/"}]}},"_links":{"self":[{"href":"https:\/\/diarioabcdemichoacan.com.mx\/lasnoticias\/wp-json\/wp\/v2\/posts\/19458","targetHints":{"allow":["GET"]}}],"collection":[{"href":"https:\/\/diarioabcdemichoacan.com.mx\/lasnoticias\/wp-json\/wp\/v2\/posts"}],"about":[{"href":"https:\/\/diarioabcdemichoacan.com.mx\/lasnoticias\/wp-json\/wp\/v2\/types\/post"}],"author":[{"embeddable":true,"href":"https:\/\/diarioabcdemichoacan.com.mx\/lasnoticias\/wp-json\/wp\/v2\/users\/9"}],"replies":[{"embeddable":true,"href":"https:\/\/diarioabcdemichoacan.com.mx\/lasnoticias\/wp-json\/wp\/v2\/comments?post=19458"}],"version-history":[{"count":1,"href":"https:\/\/diarioabcdemichoacan.com.mx\/lasnoticias\/wp-json\/wp\/v2\/posts\/19458\/revisions"}],"predecessor-version":[{"id":19475,"href":"https:\/\/diarioabcdemichoacan.com.mx\/lasnoticias\/wp-json\/wp\/v2\/posts\/19458\/revisions\/19475"}],"wp:featuredmedia":[{"embeddable":true,"href":"https:\/\/diarioabcdemichoacan.com.mx\/lasnoticias\/wp-json\/wp\/v2\/media\/19474"}],"wp:attachment":[{"href":"https:\/\/diarioabcdemichoacan.com.mx\/lasnoticias\/wp-json\/wp\/v2\/media?parent=19458"}],"wp:term":[{"taxonomy":"category","embeddable":true,"href":"https:\/\/diarioabcdemichoacan.com.mx\/lasnoticias\/wp-json\/wp\/v2\/categories?post=19458"},{"taxonomy":"post_tag","embeddable":true,"href":"https:\/\/diarioabcdemichoacan.com.mx\/lasnoticias\/wp-json\/wp\/v2\/tags?post=19458"}],"curies":[{"name":"wp","href":"https:\/\/api.w.org\/{rel}","templated":true}]}}