{"id":19459,"date":"2024-08-12T12:13:40","date_gmt":"2024-08-12T18:13:40","guid":{"rendered":"https:\/\/diarioabcdemichoacan.com.mx\/lasnoticias\/?p=19459"},"modified":"2024-08-12T12:19:12","modified_gmt":"2024-08-12T18:19:12","slug":"salud-y-prevencion-prioridades-para-el-gobierno-de-alfonso-martinez","status":"publish","type":"post","link":"https:\/\/diarioabcdemichoacan.com.mx\/lasnoticias\/salud-y-prevencion-prioridades-para-el-gobierno-de-alfonso-martinez\/","title":{"rendered":"Salud y prevenci\u00f3n, prioridades para el Gobierno de Alfonso Mart\u00ednez."},"content":{"rendered":"<h2>Arranc\u00f3 con gran afluencia Feria de la Salud Integral para la prevenci\u00f3n del C\u00e1ncer.<\/h2>\n<ul>\n<li>La Cl\u00ednica Municipal Poniente la sede<\/li>\n<li>Se trata de romper el miedo y prevenir con la campa\u00f1a \u201cSi nos amamos, vamos\u201d<\/li>\n<\/ul>\n<p>&nbsp;<\/p>\n<h6>POR REDACCI\u00d3N, DIARIO ABC DE MICHOAC\u00c1N, 12 DE AGOSTO DE 2024.<\/h6>\n<hr \/>\n<p>Morelia, Mich. &#8211; Con gran afluencia en el arranque de la Feria de la Salud Integral para la prevenci\u00f3n del C\u00e1ncer, con sede en la Cl\u00ednica Municipal Poniente, arranc\u00f3 esta actividad gratuita como parte de la campa\u00f1a \u201cSi nos Amamos, Vamos\u201d, la cual adem\u00e1s de estar enfocada a la detecci\u00f3n del c\u00e1ncer cervicoterino, c\u00e1ncer de mama y de pr\u00f3stata, es una invitaci\u00f3n de romper el miedo de ir a checarse.<\/p>\n<p>&nbsp;<\/p>\n<p>En ese sentido, el director del Instituto Municipal de Salud (IMUSA), Jos\u00e9 Murgu\u00eda Maga\u00f1a asegur\u00f3 que esta actividad a realizarse en la Cl\u00ednica antes mencionada, y en la cual se efectuar\u00e1 esta Feria de Salud este lunes de 8:00 a 15:00 horas, es parte de avanzar en materia de salud en el municipio con la prevenci\u00f3n y atenci\u00f3n.<\/p>\n<p>&nbsp;<\/p>\n<p><img loading=\"lazy\" decoding=\"async\" class=\"alignnone size-medium wp-image-19469\" src=\"https:\/\/diarioabcdemichoacan.com.mx\/lasnoticias\/wp-content\/uploads\/2024\/08\/WhatsApp-Image-2024-08-12-at-11.50.54-AM-500x333.jpeg\" alt=\"\" width=\"500\" height=\"333\" srcset=\"https:\/\/diarioabcdemichoacan.com.mx\/lasnoticias\/wp-content\/uploads\/2024\/08\/WhatsApp-Image-2024-08-12-at-11.50.54-AM-500x333.jpeg 500w, https:\/\/diarioabcdemichoacan.com.mx\/lasnoticias\/wp-content\/uploads\/2024\/08\/WhatsApp-Image-2024-08-12-at-11.50.54-AM-1024x682.jpeg 1024w, https:\/\/diarioabcdemichoacan.com.mx\/lasnoticias\/wp-content\/uploads\/2024\/08\/WhatsApp-Image-2024-08-12-at-11.50.54-AM-768x512.jpeg 768w, https:\/\/diarioabcdemichoacan.com.mx\/lasnoticias\/wp-content\/uploads\/2024\/08\/WhatsApp-Image-2024-08-12-at-11.50.54-AM-1536x1024.jpeg 1536w, https:\/\/diarioabcdemichoacan.com.mx\/lasnoticias\/wp-content\/uploads\/2024\/08\/WhatsApp-Image-2024-08-12-at-11.50.54-AM-2048x1365.jpeg 2048w, https:\/\/diarioabcdemichoacan.com.mx\/lasnoticias\/wp-content\/uploads\/2024\/08\/WhatsApp-Image-2024-08-12-at-11.50.54-AM-150x100.jpeg 150w, https:\/\/diarioabcdemichoacan.com.mx\/lasnoticias\/wp-content\/uploads\/2024\/08\/WhatsApp-Image-2024-08-12-at-11.50.54-AM-300x200.jpeg 300w, https:\/\/diarioabcdemichoacan.com.mx\/lasnoticias\/wp-content\/uploads\/2024\/08\/WhatsApp-Image-2024-08-12-at-11.50.54-AM-696x464.jpeg 696w, https:\/\/diarioabcdemichoacan.com.mx\/lasnoticias\/wp-content\/uploads\/2024\/08\/WhatsApp-Image-2024-08-12-at-11.50.54-AM-1068x712.jpeg 1068w, https:\/\/diarioabcdemichoacan.com.mx\/lasnoticias\/wp-content\/uploads\/2024\/08\/WhatsApp-Image-2024-08-12-at-11.50.54-AM-1920x1280.jpeg 1920w\" sizes=\"auto, (max-width: 500px) 100vw, 500px\" \/><\/p>\n<p>&nbsp;<\/p>\n<p>Asegur\u00f3 que el c\u00e1ncer se puede prevenir y curar cuando se detecta en tiempo y forma, de ah\u00ed que la prioridad para el Gobierno Municipal que encabeza el Presidente, Alfonso Mart\u00ednez Alc\u00e1zar, es promover estas acciones como la Feria de Salud en la que se ofrecen estudios de detecci\u00f3n en el que se dotar\u00e1 de orientaci\u00f3n, diagn\u00f3stico y tratamiento con actividades para toda la familia con: estudios de Papanicolaou, pruebas del virus del papiloma humano, exploraciones cl\u00ednicas de mamas, tomas de muestras para diagnosticar c\u00e1ncer de pr\u00f3stata, vacunaci\u00f3n, orientaci\u00f3n nutricional, t\u00e9cnicas de cepillados de dientes, detecci\u00f3n de c\u00e1ncer oral con especialistas, apoyo psicol\u00f3gico, orientaci\u00f3n legal, pruebas de ansiedad, depresi\u00f3n, acondicionamiento f\u00edsico, rehabilitaci\u00f3n f\u00edsica, rally para ni\u00f1as y ni\u00f1os, por mencionar algunas.<\/p>\n<p>&nbsp;<\/p>\n<p>Murgu\u00eda Maga\u00f1a destac\u00f3 que con estas actividades se cambiar\u00e1 la vida de muchas personas y se preservar\u00e1 la salud de las y los asistentes al referir que esta Feria de Salud se realiz\u00f3 con el apoyo del Colegio Michoacano de Nutri\u00f3logos, el Colegio de Odont\u00f3logos de Michoac\u00e1n, el Colegio de Cirujanos Dentistas, Odontolog\u00eda CEDVA, el Instituto de la Juventud Moreliana, el DIF Morelia, el Colegio de Qu\u00edmicos del estado y el Instituto de la Mujer Moreliana para la Igualdad Sustantiva.<\/p>\n<p>&nbsp;<\/p>\n<p><img loading=\"lazy\" decoding=\"async\" class=\"alignnone size-medium wp-image-19471\" src=\"https:\/\/diarioabcdemichoacan.com.mx\/lasnoticias\/wp-content\/uploads\/2024\/08\/WhatsApp-Image-2024-08-12-at-11.50.53-AM-500x333.jpeg\" alt=\"\" width=\"500\" height=\"333\" srcset=\"https:\/\/diarioabcdemichoacan.com.mx\/lasnoticias\/wp-content\/uploads\/2024\/08\/WhatsApp-Image-2024-08-12-at-11.50.53-AM-500x333.jpeg 500w, https:\/\/diarioabcdemichoacan.com.mx\/lasnoticias\/wp-content\/uploads\/2024\/08\/WhatsApp-Image-2024-08-12-at-11.50.53-AM-1024x682.jpeg 1024w, https:\/\/diarioabcdemichoacan.com.mx\/lasnoticias\/wp-content\/uploads\/2024\/08\/WhatsApp-Image-2024-08-12-at-11.50.53-AM-768x512.jpeg 768w, https:\/\/diarioabcdemichoacan.com.mx\/lasnoticias\/wp-content\/uploads\/2024\/08\/WhatsApp-Image-2024-08-12-at-11.50.53-AM-1536x1024.jpeg 1536w, https:\/\/diarioabcdemichoacan.com.mx\/lasnoticias\/wp-content\/uploads\/2024\/08\/WhatsApp-Image-2024-08-12-at-11.50.53-AM-2048x1365.jpeg 2048w, https:\/\/diarioabcdemichoacan.com.mx\/lasnoticias\/wp-content\/uploads\/2024\/08\/WhatsApp-Image-2024-08-12-at-11.50.53-AM-150x100.jpeg 150w, https:\/\/diarioabcdemichoacan.com.mx\/lasnoticias\/wp-content\/uploads\/2024\/08\/WhatsApp-Image-2024-08-12-at-11.50.53-AM-300x200.jpeg 300w, https:\/\/diarioabcdemichoacan.com.mx\/lasnoticias\/wp-content\/uploads\/2024\/08\/WhatsApp-Image-2024-08-12-at-11.50.53-AM-696x464.jpeg 696w, https:\/\/diarioabcdemichoacan.com.mx\/lasnoticias\/wp-content\/uploads\/2024\/08\/WhatsApp-Image-2024-08-12-at-11.50.53-AM-1068x712.jpeg 1068w, https:\/\/diarioabcdemichoacan.com.mx\/lasnoticias\/wp-content\/uploads\/2024\/08\/WhatsApp-Image-2024-08-12-at-11.50.53-AM-1920x1280.jpeg 1920w\" sizes=\"auto, (max-width: 500px) 100vw, 500px\" \/><\/p>\n<p>&nbsp;<\/p>\n<p>Asimismo, la directora de IMMUJERIS, Nuria Gabriela Hern\u00e1ndez Abarca, resalt\u00f3 la importancia del acompa\u00f1amiento una vez que se da el diagn\u00f3stico y detecci\u00f3n del alg\u00fan tipo de c\u00e1ncer y en este caso el Ayuntamiento de Morelia con esta acci\u00f3n como la Feria de Salud brinda parte de este camino a seguir, adem\u00e1s de que invit\u00f3 a la poblaci\u00f3n a romper el miedo de realizarse estudios y pruebas de entorno a esta enfermedad, a la par de cuidar cada uno de s\u00ed mismo.<\/p>\n","protected":false},"excerpt":{"rendered":"<p>Arranc\u00f3 con gran afluencia Feria de la Salud Integral para la prevenci\u00f3n del C\u00e1ncer. La Cl\u00ednica Municipal Poniente la sede Se trata de romper el miedo y prevenir con la campa\u00f1a \u201cSi nos amamos, vamos\u201d &nbsp; POR REDACCI\u00d3N, DIARIO ABC DE MICHOAC\u00c1N, 12 DE AGOSTO DE 2024. Morelia, Mich. &#8211; Con gran afluencia en el [&hellip;]<\/p>\n","protected":false},"author":9,"featured_media":19470,"comment_status":"closed","ping_status":"closed","sticky":false,"template":"","format":"standard","meta":{"footnotes":""},"categories":[18,7,27],"tags":[],"class_list":{"0":"post-19459","1":"post","2":"type-post","3":"status-publish","4":"format-standard","5":"has-post-thumbnail","7":"category-ayuntamiento-de-morelia","8":"category-morelia","9":"category-slider"},"yoast_head":"<!-- This site is optimized with the Yoast SEO plugin v24.0 - https:\/\/yoast.com\/wordpress\/plugins\/seo\/ -->\n<title>Salud y prevenci\u00f3n, prioridades para el Gobierno de Alfonso Mart\u00ednez. - Diario ABC de Michoac\u00e1n<\/title>\n<meta name=\"robots\" content=\"index, follow, max-snippet:-1, max-image-preview:large, max-video-preview:-1\" \/>\n<link rel=\"canonical\" href=\"https:\/\/diarioabcdemichoacan.com.mx\/lasnoticias\/salud-y-prevencion-prioridades-para-el-gobierno-de-alfonso-martinez\/\" \/>\n<meta property=\"og:locale\" content=\"es_ES\" \/>\n<meta property=\"og:type\" content=\"article\" \/>\n<meta property=\"og:title\" content=\"Salud y prevenci\u00f3n, prioridades para el Gobierno de Alfonso Mart\u00ednez. - Diario ABC de Michoac\u00e1n\" \/>\n<meta property=\"og:description\" content=\"Arranc\u00f3 con gran afluencia Feria de la Salud Integral para la prevenci\u00f3n del C\u00e1ncer. La Cl\u00ednica Municipal Poniente la sede Se trata de romper el miedo y prevenir con la campa\u00f1a \u201cSi nos amamos, vamos\u201d &nbsp; POR REDACCI\u00d3N, DIARIO ABC DE MICHOAC\u00c1N, 12 DE AGOSTO DE 2024. Morelia, Mich. &#8211; Con gran afluencia en el [&hellip;]\" \/>\n<meta property=\"og:url\" content=\"https:\/\/diarioabcdemichoacan.com.mx\/lasnoticias\/salud-y-prevencion-prioridades-para-el-gobierno-de-alfonso-martinez\/\" \/>\n<meta property=\"og:site_name\" content=\"Diario ABC de Michoac\u00e1n\" \/>\n<meta property=\"article:published_time\" content=\"2024-08-12T18:13:40+00:00\" \/>\n<meta property=\"article:modified_time\" content=\"2024-08-12T18:19:12+00:00\" \/>\n<meta property=\"og:image\" content=\"https:\/\/diarioabcdemichoacan.com.mx\/lasnoticias\/wp-content\/uploads\/2024\/08\/WhatsApp-Image-2024-08-12-at-11.50.53-AM-1.jpeg\" \/>\n\t<meta property=\"og:image:width\" content=\"2560\" \/>\n\t<meta property=\"og:image:height\" content=\"1706\" \/>\n\t<meta property=\"og:image:type\" content=\"image\/jpeg\" \/>\n<meta name=\"author\" content=\"AR\" \/>\n<meta name=\"twitter:card\" content=\"summary_large_image\" \/>\n<meta name=\"twitter:label1\" content=\"Escrito por\" \/>\n\t<meta name=\"twitter:data1\" content=\"AR\" \/>\n\t<meta name=\"twitter:label2\" content=\"Tiempo de lectura\" \/>\n\t<meta name=\"twitter:data2\" content=\"3 minutos\" \/>\n<script type=\"application\/ld+json\" class=\"yoast-schema-graph\">{\"@context\":\"https:\/\/schema.org\",\"@graph\":[{\"@type\":\"WebPage\",\"@id\":\"https:\/\/diarioabcdemichoacan.com.mx\/lasnoticias\/salud-y-prevencion-prioridades-para-el-gobierno-de-alfonso-martinez\/\",\"url\":\"https:\/\/diarioabcdemichoacan.com.mx\/lasnoticias\/salud-y-prevencion-prioridades-para-el-gobierno-de-alfonso-martinez\/\",\"name\":\"Salud y prevenci\u00f3n, prioridades para el Gobierno de Alfonso Mart\u00ednez. - Diario ABC de Michoac\u00e1n\",\"isPartOf\":{\"@id\":\"https:\/\/diarioabcdemichoacan.com.mx\/lasnoticias\/#website\"},\"primaryImageOfPage\":{\"@id\":\"https:\/\/diarioabcdemichoacan.com.mx\/lasnoticias\/salud-y-prevencion-prioridades-para-el-gobierno-de-alfonso-martinez\/#primaryimage\"},\"image\":{\"@id\":\"https:\/\/diarioabcdemichoacan.com.mx\/lasnoticias\/salud-y-prevencion-prioridades-para-el-gobierno-de-alfonso-martinez\/#primaryimage\"},\"thumbnailUrl\":\"https:\/\/diarioabcdemichoacan.com.mx\/lasnoticias\/wp-content\/uploads\/2024\/08\/WhatsApp-Image-2024-08-12-at-11.50.53-AM-1.jpeg\",\"datePublished\":\"2024-08-12T18:13:40+00:00\",\"dateModified\":\"2024-08-12T18:19:12+00:00\",\"author\":{\"@id\":\"https:\/\/diarioabcdemichoacan.com.mx\/lasnoticias\/#\/schema\/person\/19ae376040f6cbc489682ebdd8524852\"},\"breadcrumb\":{\"@id\":\"https:\/\/diarioabcdemichoacan.com.mx\/lasnoticias\/salud-y-prevencion-prioridades-para-el-gobierno-de-alfonso-martinez\/#breadcrumb\"},\"inLanguage\":\"es\",\"potentialAction\":[{\"@type\":\"ReadAction\",\"target\":[\"https:\/\/diarioabcdemichoacan.com.mx\/lasnoticias\/salud-y-prevencion-prioridades-para-el-gobierno-de-alfonso-martinez\/\"]}]},{\"@type\":\"ImageObject\",\"inLanguage\":\"es\",\"@id\":\"https:\/\/diarioabcdemichoacan.com.mx\/lasnoticias\/salud-y-prevencion-prioridades-para-el-gobierno-de-alfonso-martinez\/#primaryimage\",\"url\":\"https:\/\/diarioabcdemichoacan.com.mx\/lasnoticias\/wp-content\/uploads\/2024\/08\/WhatsApp-Image-2024-08-12-at-11.50.53-AM-1.jpeg\",\"contentUrl\":\"https:\/\/diarioabcdemichoacan.com.mx\/lasnoticias\/wp-content\/uploads\/2024\/08\/WhatsApp-Image-2024-08-12-at-11.50.53-AM-1.jpeg\",\"width\":2560,\"height\":1706},{\"@type\":\"BreadcrumbList\",\"@id\":\"https:\/\/diarioabcdemichoacan.com.mx\/lasnoticias\/salud-y-prevencion-prioridades-para-el-gobierno-de-alfonso-martinez\/#breadcrumb\",\"itemListElement\":[{\"@type\":\"ListItem\",\"position\":1,\"name\":\"Portada\",\"item\":\"https:\/\/diarioabcdemichoacan.com.mx\/lasnoticias\/\"},{\"@type\":\"ListItem\",\"position\":2,\"name\":\"Salud y prevenci\u00f3n, prioridades para el Gobierno de Alfonso Mart\u00ednez.\"}]},{\"@type\":\"WebSite\",\"@id\":\"https:\/\/diarioabcdemichoacan.com.mx\/lasnoticias\/#website\",\"url\":\"https:\/\/diarioabcdemichoacan.com.mx\/lasnoticias\/\",\"name\":\"Diario ABC de Michoac\u00e1n\",\"description\":\"Las noticias al momento\",\"potentialAction\":[{\"@type\":\"SearchAction\",\"target\":{\"@type\":\"EntryPoint\",\"urlTemplate\":\"https:\/\/diarioabcdemichoacan.com.mx\/lasnoticias\/?s={search_term_string}\"},\"query-input\":{\"@type\":\"PropertyValueSpecification\",\"valueRequired\":true,\"valueName\":\"search_term_string\"}}],\"inLanguage\":\"es\"},{\"@type\":\"Person\",\"@id\":\"https:\/\/diarioabcdemichoacan.com.mx\/lasnoticias\/#\/schema\/person\/19ae376040f6cbc489682ebdd8524852\",\"name\":\"AR\",\"image\":{\"@type\":\"ImageObject\",\"inLanguage\":\"es\",\"@id\":\"https:\/\/diarioabcdemichoacan.com.mx\/lasnoticias\/#\/schema\/person\/image\/\",\"url\":\"https:\/\/secure.gravatar.com\/avatar\/44eca2ff970262234e20e1e082872af0?s=96&d=mm&r=g\",\"contentUrl\":\"https:\/\/secure.gravatar.com\/avatar\/44eca2ff970262234e20e1e082872af0?s=96&d=mm&r=g\",\"caption\":\"AR\"},\"url\":\"https:\/\/diarioabcdemichoacan.com.mx\/lasnoticias\/author\/adrian\/\"}]}<\/script>\n<!-- \/ Yoast SEO plugin. -->","yoast_head_json":{"title":"Salud y prevenci\u00f3n, prioridades para el Gobierno de Alfonso Mart\u00ednez. - Diario ABC de Michoac\u00e1n","robots":{"index":"index","follow":"follow","max-snippet":"max-snippet:-1","max-image-preview":"max-image-preview:large","max-video-preview":"max-video-preview:-1"},"canonical":"https:\/\/diarioabcdemichoacan.com.mx\/lasnoticias\/salud-y-prevencion-prioridades-para-el-gobierno-de-alfonso-martinez\/","og_locale":"es_ES","og_type":"article","og_title":"Salud y prevenci\u00f3n, prioridades para el Gobierno de Alfonso Mart\u00ednez. - Diario ABC de Michoac\u00e1n","og_description":"Arranc\u00f3 con gran afluencia Feria de la Salud Integral para la prevenci\u00f3n del C\u00e1ncer. La Cl\u00ednica Municipal Poniente la sede Se trata de romper el miedo y prevenir con la campa\u00f1a \u201cSi nos amamos, vamos\u201d &nbsp; POR REDACCI\u00d3N, DIARIO ABC DE MICHOAC\u00c1N, 12 DE AGOSTO DE 2024. Morelia, Mich. &#8211; Con gran afluencia en el [&hellip;]","og_url":"https:\/\/diarioabcdemichoacan.com.mx\/lasnoticias\/salud-y-prevencion-prioridades-para-el-gobierno-de-alfonso-martinez\/","og_site_name":"Diario ABC de Michoac\u00e1n","article_published_time":"2024-08-12T18:13:40+00:00","article_modified_time":"2024-08-12T18:19:12+00:00","og_image":[{"width":2560,"height":1706,"url":"https:\/\/diarioabcdemichoacan.com.mx\/lasnoticias\/wp-content\/uploads\/2024\/08\/WhatsApp-Image-2024-08-12-at-11.50.53-AM-1.jpeg","type":"image\/jpeg"}],"author":"AR","twitter_card":"summary_large_image","twitter_misc":{"Escrito por":"AR","Tiempo de lectura":"3 minutos"},"schema":{"@context":"https:\/\/schema.org","@graph":[{"@type":"WebPage","@id":"https:\/\/diarioabcdemichoacan.com.mx\/lasnoticias\/salud-y-prevencion-prioridades-para-el-gobierno-de-alfonso-martinez\/","url":"https:\/\/diarioabcdemichoacan.com.mx\/lasnoticias\/salud-y-prevencion-prioridades-para-el-gobierno-de-alfonso-martinez\/","name":"Salud y prevenci\u00f3n, prioridades para el Gobierno de Alfonso Mart\u00ednez. - Diario ABC de Michoac\u00e1n","isPartOf":{"@id":"https:\/\/diarioabcdemichoacan.com.mx\/lasnoticias\/#website"},"primaryImageOfPage":{"@id":"https:\/\/diarioabcdemichoacan.com.mx\/lasnoticias\/salud-y-prevencion-prioridades-para-el-gobierno-de-alfonso-martinez\/#primaryimage"},"image":{"@id":"https:\/\/diarioabcdemichoacan.com.mx\/lasnoticias\/salud-y-prevencion-prioridades-para-el-gobierno-de-alfonso-martinez\/#primaryimage"},"thumbnailUrl":"https:\/\/diarioabcdemichoacan.com.mx\/lasnoticias\/wp-content\/uploads\/2024\/08\/WhatsApp-Image-2024-08-12-at-11.50.53-AM-1.jpeg","datePublished":"2024-08-12T18:13:40+00:00","dateModified":"2024-08-12T18:19:12+00:00","author":{"@id":"https:\/\/diarioabcdemichoacan.com.mx\/lasnoticias\/#\/schema\/person\/19ae376040f6cbc489682ebdd8524852"},"breadcrumb":{"@id":"https:\/\/diarioabcdemichoacan.com.mx\/lasnoticias\/salud-y-prevencion-prioridades-para-el-gobierno-de-alfonso-martinez\/#breadcrumb"},"inLanguage":"es","potentialAction":[{"@type":"ReadAction","target":["https:\/\/diarioabcdemichoacan.com.mx\/lasnoticias\/salud-y-prevencion-prioridades-para-el-gobierno-de-alfonso-martinez\/"]}]},{"@type":"ImageObject","inLanguage":"es","@id":"https:\/\/diarioabcdemichoacan.com.mx\/lasnoticias\/salud-y-prevencion-prioridades-para-el-gobierno-de-alfonso-martinez\/#primaryimage","url":"https:\/\/diarioabcdemichoacan.com.mx\/lasnoticias\/wp-content\/uploads\/2024\/08\/WhatsApp-Image-2024-08-12-at-11.50.53-AM-1.jpeg","contentUrl":"https:\/\/diarioabcdemichoacan.com.mx\/lasnoticias\/wp-content\/uploads\/2024\/08\/WhatsApp-Image-2024-08-12-at-11.50.53-AM-1.jpeg","width":2560,"height":1706},{"@type":"BreadcrumbList","@id":"https:\/\/diarioabcdemichoacan.com.mx\/lasnoticias\/salud-y-prevencion-prioridades-para-el-gobierno-de-alfonso-martinez\/#breadcrumb","itemListElement":[{"@type":"ListItem","position":1,"name":"Portada","item":"https:\/\/diarioabcdemichoacan.com.mx\/lasnoticias\/"},{"@type":"ListItem","position":2,"name":"Salud y prevenci\u00f3n, prioridades para el Gobierno de Alfonso Mart\u00ednez."}]},{"@type":"WebSite","@id":"https:\/\/diarioabcdemichoacan.com.mx\/lasnoticias\/#website","url":"https:\/\/diarioabcdemichoacan.com.mx\/lasnoticias\/","name":"Diario ABC de Michoac\u00e1n","description":"Las noticias al momento","potentialAction":[{"@type":"SearchAction","target":{"@type":"EntryPoint","urlTemplate":"https:\/\/diarioabcdemichoacan.com.mx\/lasnoticias\/?s={search_term_string}"},"query-input":{"@type":"PropertyValueSpecification","valueRequired":true,"valueName":"search_term_string"}}],"inLanguage":"es"},{"@type":"Person","@id":"https:\/\/diarioabcdemichoacan.com.mx\/lasnoticias\/#\/schema\/person\/19ae376040f6cbc489682ebdd8524852","name":"AR","image":{"@type":"ImageObject","inLanguage":"es","@id":"https:\/\/diarioabcdemichoacan.com.mx\/lasnoticias\/#\/schema\/person\/image\/","url":"https:\/\/secure.gravatar.com\/avatar\/44eca2ff970262234e20e1e082872af0?s=96&d=mm&r=g","contentUrl":"https:\/\/secure.gravatar.com\/avatar\/44eca2ff970262234e20e1e082872af0?s=96&d=mm&r=g","caption":"AR"},"url":"https:\/\/diarioabcdemichoacan.com.mx\/lasnoticias\/author\/adrian\/"}]}},"_links":{"self":[{"href":"https:\/\/diarioabcdemichoacan.com.mx\/lasnoticias\/wp-json\/wp\/v2\/posts\/19459","targetHints":{"allow":["GET"]}}],"collection":[{"href":"https:\/\/diarioabcdemichoacan.com.mx\/lasnoticias\/wp-json\/wp\/v2\/posts"}],"about":[{"href":"https:\/\/diarioabcdemichoacan.com.mx\/lasnoticias\/wp-json\/wp\/v2\/types\/post"}],"author":[{"embeddable":true,"href":"https:\/\/diarioabcdemichoacan.com.mx\/lasnoticias\/wp-json\/wp\/v2\/users\/9"}],"replies":[{"embeddable":true,"href":"https:\/\/diarioabcdemichoacan.com.mx\/lasnoticias\/wp-json\/wp\/v2\/comments?post=19459"}],"version-history":[{"count":1,"href":"https:\/\/diarioabcdemichoacan.com.mx\/lasnoticias\/wp-json\/wp\/v2\/posts\/19459\/revisions"}],"predecessor-version":[{"id":19479,"href":"https:\/\/diarioabcdemichoacan.com.mx\/lasnoticias\/wp-json\/wp\/v2\/posts\/19459\/revisions\/19479"}],"wp:featuredmedia":[{"embeddable":true,"href":"https:\/\/diarioabcdemichoacan.com.mx\/lasnoticias\/wp-json\/wp\/v2\/media\/19470"}],"wp:attachment":[{"href":"https:\/\/diarioabcdemichoacan.com.mx\/lasnoticias\/wp-json\/wp\/v2\/media?parent=19459"}],"wp:term":[{"taxonomy":"category","embeddable":true,"href":"https:\/\/diarioabcdemichoacan.com.mx\/lasnoticias\/wp-json\/wp\/v2\/categories?post=19459"},{"taxonomy":"post_tag","embeddable":true,"href":"https:\/\/diarioabcdemichoacan.com.mx\/lasnoticias\/wp-json\/wp\/v2\/tags?post=19459"}],"curies":[{"name":"wp","href":"https:\/\/api.w.org\/{rel}","templated":true}]}}