{"id":22325,"date":"2024-09-04T00:00:15","date_gmt":"2024-09-04T06:00:15","guid":{"rendered":"https:\/\/diarioabcdemichoacan.com.mx\/lasnoticias\/?p=22325"},"modified":"2024-09-04T00:03:29","modified_gmt":"2024-09-04T06:03:29","slug":"confirmado-luis-manuel-magana-a-la-capasu","status":"publish","type":"post","link":"https:\/\/diarioabcdemichoacan.com.mx\/lasnoticias\/confirmado-luis-manuel-magana-a-la-capasu\/","title":{"rendered":"Confirmado: Luis Manuel Maga\u00f1a a la Capasu"},"content":{"rendered":"<p>Uruapan, Michoac\u00e1n.- El presidente municipal, Carlos Alberto Manzo Rodr\u00edguez, dio a conocer la noche de este martes diez nuevos nombramientos de funcionarios municipales, y cuatro propuestas que deber\u00e1n esperar a ser aprobadas por la Junta de Gobierno de la Capasu.<\/p>\n<p>Entre esas propuestas se encuentra el que ser\u00eda el nuevo director de la Comisi\u00f3n de Agua Potable, Alcantarillado y Saneamiento de Uruapan (Capasu), Luis Manuel Maga\u00f1a Maga\u00f1a, excandidato a presidente municipal por MC, y exdirector de ese mismo organismo, por el PRD.<\/p>\n<p>Otra excandidata, pero ella a la diputaci\u00f3n local por el Distrito 14, Uruapan Norte, Gabriela C\u00e1zares Blanco, recibi\u00f3 su nombramiento como directora municipal de Atenci\u00f3n a la Mujer; \u00aben mi gobierno estar\u00e1n representados todos los sectores de la sociedad, los que votaron y los que no votaron por mi\u00bb, asent\u00f3.<\/p>\n<p>En tanto que Diego Barrag\u00e1n Hern\u00e1ndez, joven empresario, fue designado director de Gesti\u00f3n, asesor\u00eda y atracci\u00f3n de inversi\u00f3n.<\/p>\n<p>\u00abEl noventa por ciento son personas muy j\u00f3venes, pero muy inteligentes y preparados, por lo que estoy seguro dar\u00e1n buenos resultados. De lo contrario, as\u00ed como les entrego estos nombramientos, les entregar\u00eda su baja\u00bb.<\/p>\n<p>Finalmente, expres\u00f3 que a\u00fan est\u00e1n pendientes otros nombramientos, entre ellos los que corresponden al DIF municipal, que espera tenerlos acordados est\u00e1 misma semana.<\/p>\n","protected":false},"excerpt":{"rendered":"<p>Uruapan, Michoac\u00e1n.- El presidente municipal, Carlos Alberto Manzo Rodr\u00edguez, dio a conocer la noche de este martes diez nuevos nombramientos de funcionarios municipales, y cuatro propuestas que deber\u00e1n esperar a ser aprobadas por la Junta de Gobierno de la Capasu. Entre esas propuestas se encuentra el que ser\u00eda el nuevo director de la Comisi\u00f3n de [&hellip;]<\/p>\n","protected":false},"author":8,"featured_media":22330,"comment_status":"closed","ping_status":"closed","sticky":false,"template":"","format":"standard","meta":{"footnotes":""},"categories":[27,3],"tags":[],"class_list":{"0":"post-22325","1":"post","2":"type-post","3":"status-publish","4":"format-standard","5":"has-post-thumbnail","7":"category-slider","8":"category-uruapan"},"yoast_head":"<!-- This site is optimized with the Yoast SEO plugin v24.0 - https:\/\/yoast.com\/wordpress\/plugins\/seo\/ -->\n<title>Confirmado: Luis Manuel Maga\u00f1a a la Capasu - Diario ABC de Michoac\u00e1n<\/title>\n<meta name=\"robots\" content=\"index, follow, max-snippet:-1, max-image-preview:large, max-video-preview:-1\" \/>\n<link rel=\"canonical\" href=\"https:\/\/diarioabcdemichoacan.com.mx\/lasnoticias\/confirmado-luis-manuel-magana-a-la-capasu\/\" \/>\n<meta property=\"og:locale\" content=\"es_ES\" \/>\n<meta property=\"og:type\" content=\"article\" \/>\n<meta property=\"og:title\" content=\"Confirmado: Luis Manuel Maga\u00f1a a la Capasu - Diario ABC de Michoac\u00e1n\" \/>\n<meta property=\"og:description\" content=\"Uruapan, Michoac\u00e1n.- El presidente municipal, Carlos Alberto Manzo Rodr\u00edguez, dio a conocer la noche de este martes diez nuevos nombramientos de funcionarios municipales, y cuatro propuestas que deber\u00e1n esperar a ser aprobadas por la Junta de Gobierno de la Capasu. Entre esas propuestas se encuentra el que ser\u00eda el nuevo director de la Comisi\u00f3n de [&hellip;]\" \/>\n<meta property=\"og:url\" content=\"https:\/\/diarioabcdemichoacan.com.mx\/lasnoticias\/confirmado-luis-manuel-magana-a-la-capasu\/\" \/>\n<meta property=\"og:site_name\" content=\"Diario ABC de Michoac\u00e1n\" \/>\n<meta property=\"article:published_time\" content=\"2024-09-04T06:00:15+00:00\" \/>\n<meta property=\"article:modified_time\" content=\"2024-09-04T06:03:29+00:00\" \/>\n<meta property=\"og:image\" content=\"https:\/\/diarioabcdemichoacan.com.mx\/lasnoticias\/wp-content\/uploads\/2024\/09\/IMG-20240903-WA0172.jpg\" \/>\n\t<meta property=\"og:image:width\" content=\"1080\" \/>\n\t<meta property=\"og:image:height\" content=\"1128\" \/>\n\t<meta property=\"og:image:type\" content=\"image\/jpeg\" \/>\n<meta name=\"author\" content=\"MD\" \/>\n<meta name=\"twitter:card\" content=\"summary_large_image\" \/>\n<meta name=\"twitter:label1\" content=\"Escrito por\" \/>\n\t<meta name=\"twitter:data1\" content=\"MD\" \/>\n\t<meta name=\"twitter:label2\" content=\"Tiempo de lectura\" \/>\n\t<meta name=\"twitter:data2\" content=\"2 minutos\" \/>\n<script type=\"application\/ld+json\" class=\"yoast-schema-graph\">{\"@context\":\"https:\/\/schema.org\",\"@graph\":[{\"@type\":\"WebPage\",\"@id\":\"https:\/\/diarioabcdemichoacan.com.mx\/lasnoticias\/confirmado-luis-manuel-magana-a-la-capasu\/\",\"url\":\"https:\/\/diarioabcdemichoacan.com.mx\/lasnoticias\/confirmado-luis-manuel-magana-a-la-capasu\/\",\"name\":\"Confirmado: Luis Manuel Maga\u00f1a a la Capasu - Diario ABC de Michoac\u00e1n\",\"isPartOf\":{\"@id\":\"https:\/\/diarioabcdemichoacan.com.mx\/lasnoticias\/#website\"},\"primaryImageOfPage\":{\"@id\":\"https:\/\/diarioabcdemichoacan.com.mx\/lasnoticias\/confirmado-luis-manuel-magana-a-la-capasu\/#primaryimage\"},\"image\":{\"@id\":\"https:\/\/diarioabcdemichoacan.com.mx\/lasnoticias\/confirmado-luis-manuel-magana-a-la-capasu\/#primaryimage\"},\"thumbnailUrl\":\"https:\/\/diarioabcdemichoacan.com.mx\/lasnoticias\/wp-content\/uploads\/2024\/09\/IMG-20240903-WA0172.jpg\",\"datePublished\":\"2024-09-04T06:00:15+00:00\",\"dateModified\":\"2024-09-04T06:03:29+00:00\",\"author\":{\"@id\":\"https:\/\/diarioabcdemichoacan.com.mx\/lasnoticias\/#\/schema\/person\/657e7c20ff5297f317664d985712e8e8\"},\"breadcrumb\":{\"@id\":\"https:\/\/diarioabcdemichoacan.com.mx\/lasnoticias\/confirmado-luis-manuel-magana-a-la-capasu\/#breadcrumb\"},\"inLanguage\":\"es\",\"potentialAction\":[{\"@type\":\"ReadAction\",\"target\":[\"https:\/\/diarioabcdemichoacan.com.mx\/lasnoticias\/confirmado-luis-manuel-magana-a-la-capasu\/\"]}]},{\"@type\":\"ImageObject\",\"inLanguage\":\"es\",\"@id\":\"https:\/\/diarioabcdemichoacan.com.mx\/lasnoticias\/confirmado-luis-manuel-magana-a-la-capasu\/#primaryimage\",\"url\":\"https:\/\/diarioabcdemichoacan.com.mx\/lasnoticias\/wp-content\/uploads\/2024\/09\/IMG-20240903-WA0172.jpg\",\"contentUrl\":\"https:\/\/diarioabcdemichoacan.com.mx\/lasnoticias\/wp-content\/uploads\/2024\/09\/IMG-20240903-WA0172.jpg\",\"width\":1080,\"height\":1128},{\"@type\":\"BreadcrumbList\",\"@id\":\"https:\/\/diarioabcdemichoacan.com.mx\/lasnoticias\/confirmado-luis-manuel-magana-a-la-capasu\/#breadcrumb\",\"itemListElement\":[{\"@type\":\"ListItem\",\"position\":1,\"name\":\"Portada\",\"item\":\"https:\/\/diarioabcdemichoacan.com.mx\/lasnoticias\/\"},{\"@type\":\"ListItem\",\"position\":2,\"name\":\"Confirmado: Luis Manuel Maga\u00f1a a la Capasu\"}]},{\"@type\":\"WebSite\",\"@id\":\"https:\/\/diarioabcdemichoacan.com.mx\/lasnoticias\/#website\",\"url\":\"https:\/\/diarioabcdemichoacan.com.mx\/lasnoticias\/\",\"name\":\"Diario ABC de Michoac\u00e1n\",\"description\":\"Las noticias al momento\",\"potentialAction\":[{\"@type\":\"SearchAction\",\"target\":{\"@type\":\"EntryPoint\",\"urlTemplate\":\"https:\/\/diarioabcdemichoacan.com.mx\/lasnoticias\/?s={search_term_string}\"},\"query-input\":{\"@type\":\"PropertyValueSpecification\",\"valueRequired\":true,\"valueName\":\"search_term_string\"}}],\"inLanguage\":\"es\"},{\"@type\":\"Person\",\"@id\":\"https:\/\/diarioabcdemichoacan.com.mx\/lasnoticias\/#\/schema\/person\/657e7c20ff5297f317664d985712e8e8\",\"name\":\"MD\",\"image\":{\"@type\":\"ImageObject\",\"inLanguage\":\"es\",\"@id\":\"https:\/\/diarioabcdemichoacan.com.mx\/lasnoticias\/#\/schema\/person\/image\/\",\"url\":\"https:\/\/secure.gravatar.com\/avatar\/a769375eedc94419a5b67bc5d63567af?s=96&d=mm&r=g\",\"contentUrl\":\"https:\/\/secure.gravatar.com\/avatar\/a769375eedc94419a5b67bc5d63567af?s=96&d=mm&r=g\",\"caption\":\"MD\"},\"url\":\"https:\/\/diarioabcdemichoacan.com.mx\/lasnoticias\/author\/merelydpa\/\"}]}<\/script>\n<!-- \/ Yoast SEO plugin. -->","yoast_head_json":{"title":"Confirmado: Luis Manuel Maga\u00f1a a la Capasu - Diario ABC de Michoac\u00e1n","robots":{"index":"index","follow":"follow","max-snippet":"max-snippet:-1","max-image-preview":"max-image-preview:large","max-video-preview":"max-video-preview:-1"},"canonical":"https:\/\/diarioabcdemichoacan.com.mx\/lasnoticias\/confirmado-luis-manuel-magana-a-la-capasu\/","og_locale":"es_ES","og_type":"article","og_title":"Confirmado: Luis Manuel Maga\u00f1a a la Capasu - Diario ABC de Michoac\u00e1n","og_description":"Uruapan, Michoac\u00e1n.- El presidente municipal, Carlos Alberto Manzo Rodr\u00edguez, dio a conocer la noche de este martes diez nuevos nombramientos de funcionarios municipales, y cuatro propuestas que deber\u00e1n esperar a ser aprobadas por la Junta de Gobierno de la Capasu. Entre esas propuestas se encuentra el que ser\u00eda el nuevo director de la Comisi\u00f3n de [&hellip;]","og_url":"https:\/\/diarioabcdemichoacan.com.mx\/lasnoticias\/confirmado-luis-manuel-magana-a-la-capasu\/","og_site_name":"Diario ABC de Michoac\u00e1n","article_published_time":"2024-09-04T06:00:15+00:00","article_modified_time":"2024-09-04T06:03:29+00:00","og_image":[{"width":1080,"height":1128,"url":"https:\/\/diarioabcdemichoacan.com.mx\/lasnoticias\/wp-content\/uploads\/2024\/09\/IMG-20240903-WA0172.jpg","type":"image\/jpeg"}],"author":"MD","twitter_card":"summary_large_image","twitter_misc":{"Escrito por":"MD","Tiempo de lectura":"2 minutos"},"schema":{"@context":"https:\/\/schema.org","@graph":[{"@type":"WebPage","@id":"https:\/\/diarioabcdemichoacan.com.mx\/lasnoticias\/confirmado-luis-manuel-magana-a-la-capasu\/","url":"https:\/\/diarioabcdemichoacan.com.mx\/lasnoticias\/confirmado-luis-manuel-magana-a-la-capasu\/","name":"Confirmado: Luis Manuel Maga\u00f1a a la Capasu - Diario ABC de Michoac\u00e1n","isPartOf":{"@id":"https:\/\/diarioabcdemichoacan.com.mx\/lasnoticias\/#website"},"primaryImageOfPage":{"@id":"https:\/\/diarioabcdemichoacan.com.mx\/lasnoticias\/confirmado-luis-manuel-magana-a-la-capasu\/#primaryimage"},"image":{"@id":"https:\/\/diarioabcdemichoacan.com.mx\/lasnoticias\/confirmado-luis-manuel-magana-a-la-capasu\/#primaryimage"},"thumbnailUrl":"https:\/\/diarioabcdemichoacan.com.mx\/lasnoticias\/wp-content\/uploads\/2024\/09\/IMG-20240903-WA0172.jpg","datePublished":"2024-09-04T06:00:15+00:00","dateModified":"2024-09-04T06:03:29+00:00","author":{"@id":"https:\/\/diarioabcdemichoacan.com.mx\/lasnoticias\/#\/schema\/person\/657e7c20ff5297f317664d985712e8e8"},"breadcrumb":{"@id":"https:\/\/diarioabcdemichoacan.com.mx\/lasnoticias\/confirmado-luis-manuel-magana-a-la-capasu\/#breadcrumb"},"inLanguage":"es","potentialAction":[{"@type":"ReadAction","target":["https:\/\/diarioabcdemichoacan.com.mx\/lasnoticias\/confirmado-luis-manuel-magana-a-la-capasu\/"]}]},{"@type":"ImageObject","inLanguage":"es","@id":"https:\/\/diarioabcdemichoacan.com.mx\/lasnoticias\/confirmado-luis-manuel-magana-a-la-capasu\/#primaryimage","url":"https:\/\/diarioabcdemichoacan.com.mx\/lasnoticias\/wp-content\/uploads\/2024\/09\/IMG-20240903-WA0172.jpg","contentUrl":"https:\/\/diarioabcdemichoacan.com.mx\/lasnoticias\/wp-content\/uploads\/2024\/09\/IMG-20240903-WA0172.jpg","width":1080,"height":1128},{"@type":"BreadcrumbList","@id":"https:\/\/diarioabcdemichoacan.com.mx\/lasnoticias\/confirmado-luis-manuel-magana-a-la-capasu\/#breadcrumb","itemListElement":[{"@type":"ListItem","position":1,"name":"Portada","item":"https:\/\/diarioabcdemichoacan.com.mx\/lasnoticias\/"},{"@type":"ListItem","position":2,"name":"Confirmado: Luis Manuel Maga\u00f1a a la Capasu"}]},{"@type":"WebSite","@id":"https:\/\/diarioabcdemichoacan.com.mx\/lasnoticias\/#website","url":"https:\/\/diarioabcdemichoacan.com.mx\/lasnoticias\/","name":"Diario ABC de Michoac\u00e1n","description":"Las noticias al momento","potentialAction":[{"@type":"SearchAction","target":{"@type":"EntryPoint","urlTemplate":"https:\/\/diarioabcdemichoacan.com.mx\/lasnoticias\/?s={search_term_string}"},"query-input":{"@type":"PropertyValueSpecification","valueRequired":true,"valueName":"search_term_string"}}],"inLanguage":"es"},{"@type":"Person","@id":"https:\/\/diarioabcdemichoacan.com.mx\/lasnoticias\/#\/schema\/person\/657e7c20ff5297f317664d985712e8e8","name":"MD","image":{"@type":"ImageObject","inLanguage":"es","@id":"https:\/\/diarioabcdemichoacan.com.mx\/lasnoticias\/#\/schema\/person\/image\/","url":"https:\/\/secure.gravatar.com\/avatar\/a769375eedc94419a5b67bc5d63567af?s=96&d=mm&r=g","contentUrl":"https:\/\/secure.gravatar.com\/avatar\/a769375eedc94419a5b67bc5d63567af?s=96&d=mm&r=g","caption":"MD"},"url":"https:\/\/diarioabcdemichoacan.com.mx\/lasnoticias\/author\/merelydpa\/"}]}},"_links":{"self":[{"href":"https:\/\/diarioabcdemichoacan.com.mx\/lasnoticias\/wp-json\/wp\/v2\/posts\/22325","targetHints":{"allow":["GET"]}}],"collection":[{"href":"https:\/\/diarioabcdemichoacan.com.mx\/lasnoticias\/wp-json\/wp\/v2\/posts"}],"about":[{"href":"https:\/\/diarioabcdemichoacan.com.mx\/lasnoticias\/wp-json\/wp\/v2\/types\/post"}],"author":[{"embeddable":true,"href":"https:\/\/diarioabcdemichoacan.com.mx\/lasnoticias\/wp-json\/wp\/v2\/users\/8"}],"replies":[{"embeddable":true,"href":"https:\/\/diarioabcdemichoacan.com.mx\/lasnoticias\/wp-json\/wp\/v2\/comments?post=22325"}],"version-history":[{"count":2,"href":"https:\/\/diarioabcdemichoacan.com.mx\/lasnoticias\/wp-json\/wp\/v2\/posts\/22325\/revisions"}],"predecessor-version":[{"id":22332,"href":"https:\/\/diarioabcdemichoacan.com.mx\/lasnoticias\/wp-json\/wp\/v2\/posts\/22325\/revisions\/22332"}],"wp:featuredmedia":[{"embeddable":true,"href":"https:\/\/diarioabcdemichoacan.com.mx\/lasnoticias\/wp-json\/wp\/v2\/media\/22330"}],"wp:attachment":[{"href":"https:\/\/diarioabcdemichoacan.com.mx\/lasnoticias\/wp-json\/wp\/v2\/media?parent=22325"}],"wp:term":[{"taxonomy":"category","embeddable":true,"href":"https:\/\/diarioabcdemichoacan.com.mx\/lasnoticias\/wp-json\/wp\/v2\/categories?post=22325"},{"taxonomy":"post_tag","embeddable":true,"href":"https:\/\/diarioabcdemichoacan.com.mx\/lasnoticias\/wp-json\/wp\/v2\/tags?post=22325"}],"curies":[{"name":"wp","href":"https:\/\/api.w.org\/{rel}","templated":true}]}}