{"id":22370,"date":"2024-09-04T12:54:08","date_gmt":"2024-09-04T18:54:08","guid":{"rendered":"https:\/\/diarioabcdemichoacan.com.mx\/lasnoticias\/?p=22370"},"modified":"2024-09-04T12:55:59","modified_gmt":"2024-09-04T18:55:59","slug":"bedolla-pide-a-alcaldes-cerrar-filas-para-rehabilitacion-de-carreteras-federales","status":"publish","type":"post","link":"https:\/\/diarioabcdemichoacan.com.mx\/lasnoticias\/bedolla-pide-a-alcaldes-cerrar-filas-para-rehabilitacion-de-carreteras-federales\/","title":{"rendered":"Bedolla pide a alcaldes cerrar filas para rehabilitaci\u00f3n de carreteras federales"},"content":{"rendered":"<h2>Casi 600 kil\u00f3metros de tramos de v\u00edas libres de peaje.<\/h2>\n<p>&nbsp;<\/p>\n<h6>POR REDACCI\u00d3N, DIARIO ABC DE MICHOAC\u00c1N, 04 DE SEPTIEMBRE DE 2024.<\/h6>\n<hr \/>\n<p>Morelia, Mich. &#8211; El gobernador Alfredo Ram\u00edrez Bedolla convoc\u00f3 a presidentes municipales a conjuntar esfuerzos para gestionar ante la Secretar\u00eda de Infraestructura, Comunicaciones y Transportes (SICT), la rehabilitaci\u00f3n de v\u00edas carreteras federales en Michoac\u00e1n.<\/p>\n<p>&nbsp;<\/p>\n<p>Ante la necesidad de intervenir casi 600 kil\u00f3metros de tramos de v\u00edas libres de peaje, el mandatario pidi\u00f3 cerrar filas con el estado para conservar la red carretera federal evitando as\u00ed que contin\u00fae su deterioro.<\/p>\n<p>&nbsp;<\/p>\n<p><img loading=\"lazy\" decoding=\"async\" class=\"alignnone size-medium wp-image-22376\" src=\"https:\/\/diarioabcdemichoacan.com.mx\/lasnoticias\/wp-content\/uploads\/2024\/09\/WhatsApp-Image-2024-09-04-at-12.47.16-PM-500x312.jpeg\" alt=\"\" width=\"500\" height=\"312\" srcset=\"https:\/\/diarioabcdemichoacan.com.mx\/lasnoticias\/wp-content\/uploads\/2024\/09\/WhatsApp-Image-2024-09-04-at-12.47.16-PM-500x312.jpeg 500w, https:\/\/diarioabcdemichoacan.com.mx\/lasnoticias\/wp-content\/uploads\/2024\/09\/WhatsApp-Image-2024-09-04-at-12.47.16-PM-1024x639.jpeg 1024w, https:\/\/diarioabcdemichoacan.com.mx\/lasnoticias\/wp-content\/uploads\/2024\/09\/WhatsApp-Image-2024-09-04-at-12.47.16-PM-768x479.jpeg 768w, https:\/\/diarioabcdemichoacan.com.mx\/lasnoticias\/wp-content\/uploads\/2024\/09\/WhatsApp-Image-2024-09-04-at-12.47.16-PM-1536x958.jpeg 1536w, https:\/\/diarioabcdemichoacan.com.mx\/lasnoticias\/wp-content\/uploads\/2024\/09\/WhatsApp-Image-2024-09-04-at-12.47.16-PM-150x94.jpeg 150w, https:\/\/diarioabcdemichoacan.com.mx\/lasnoticias\/wp-content\/uploads\/2024\/09\/WhatsApp-Image-2024-09-04-at-12.47.16-PM-300x187.jpeg 300w, https:\/\/diarioabcdemichoacan.com.mx\/lasnoticias\/wp-content\/uploads\/2024\/09\/WhatsApp-Image-2024-09-04-at-12.47.16-PM-696x434.jpeg 696w, https:\/\/diarioabcdemichoacan.com.mx\/lasnoticias\/wp-content\/uploads\/2024\/09\/WhatsApp-Image-2024-09-04-at-12.47.16-PM-1068x666.jpeg 1068w, https:\/\/diarioabcdemichoacan.com.mx\/lasnoticias\/wp-content\/uploads\/2024\/09\/WhatsApp-Image-2024-09-04-at-12.47.16-PM.jpeg 1600w\" sizes=\"auto, (max-width: 500px) 100vw, 500px\" \/><\/p>\n<p>&nbsp;<\/p>\n<p>Explic\u00f3 que en reciente reuni\u00f3n con el pr\u00f3ximo titular de la SICT, Jes\u00fas Antonio Esteva, se present\u00f3 la propuesta de modernizaci\u00f3n de la red carretera federal en Michoac\u00e1n para avanzar con las gestiones.<\/p>\n<p>&nbsp;<\/p>\n<p>Record\u00f3 que los tramos de Opopeo-P\u00e1tzcuaro, Morelia-P\u00e1tzcuaro, Jiquilpan-San Jos\u00e9 de Gracia, Jacona-Jiquilpan, Buenavista-Tepalcatepec, Ac\u00e1mbaro-Tlalpujahua, La Piedad-entronque Carapan, La Placita-l\u00edmite Colima, Morelia-l\u00edmite Guanajuato, Zit\u00e1cuaro-l\u00edmite Guerrero, Jiquilpan-l\u00edmite Jalisco y Apatzing\u00e1n-Tepalcatepec, son los que necesitan atenci\u00f3n inmediata.<\/p>\n<p>&nbsp;<\/p>\n<p>Sin la atenci\u00f3n a esta infraestructura, agreg\u00f3, a enero del 2025 se tendr\u00e1 un deterioro en mil 955 kil\u00f3metros de longitud, lo que significa el 85 por ciento de toda la red federal en el estado.<\/p>\n<p>&nbsp;<\/p>\n<p>Finalmente coment\u00f3 que del Fondo de Aportaciones Estatales para la Infraestructura de los Servicios P\u00fablicos Municipales (Faeispum) regional 2025, se priorizar\u00e1n proyectos para la intervenci\u00f3n de carreteras.<\/p>\n","protected":false},"excerpt":{"rendered":"<p>Casi 600 kil\u00f3metros de tramos de v\u00edas libres de peaje. &nbsp; POR REDACCI\u00d3N, DIARIO ABC DE MICHOAC\u00c1N, 04 DE SEPTIEMBRE DE 2024. Morelia, Mich. &#8211; El gobernador Alfredo Ram\u00edrez Bedolla convoc\u00f3 a presidentes municipales a conjuntar esfuerzos para gestionar ante la Secretar\u00eda de Infraestructura, Comunicaciones y Transportes (SICT), la rehabilitaci\u00f3n de v\u00edas carreteras federales en [&hellip;]<\/p>\n","protected":false},"author":9,"featured_media":22375,"comment_status":"closed","ping_status":"closed","sticky":false,"template":"","format":"standard","meta":{"footnotes":""},"categories":[10,17,27],"tags":[],"class_list":{"0":"post-22370","1":"post","2":"type-post","3":"status-publish","4":"format-standard","5":"has-post-thumbnail","7":"category-estado","8":"category-gobierno-de-michoacan","9":"category-slider"},"yoast_head":"<!-- This site is optimized with the Yoast SEO plugin v24.0 - https:\/\/yoast.com\/wordpress\/plugins\/seo\/ -->\n<title>Bedolla pide a alcaldes cerrar filas para rehabilitaci\u00f3n de carreteras federales - Diario ABC de Michoac\u00e1n<\/title>\n<meta name=\"robots\" content=\"index, follow, max-snippet:-1, max-image-preview:large, max-video-preview:-1\" \/>\n<link rel=\"canonical\" href=\"https:\/\/diarioabcdemichoacan.com.mx\/lasnoticias\/bedolla-pide-a-alcaldes-cerrar-filas-para-rehabilitacion-de-carreteras-federales\/\" \/>\n<meta property=\"og:locale\" content=\"es_ES\" \/>\n<meta property=\"og:type\" content=\"article\" \/>\n<meta property=\"og:title\" content=\"Bedolla pide a alcaldes cerrar filas para rehabilitaci\u00f3n de carreteras federales - Diario ABC de Michoac\u00e1n\" \/>\n<meta property=\"og:description\" content=\"Casi 600 kil\u00f3metros de tramos de v\u00edas libres de peaje. &nbsp; POR REDACCI\u00d3N, DIARIO ABC DE MICHOAC\u00c1N, 04 DE SEPTIEMBRE DE 2024. Morelia, Mich. &#8211; El gobernador Alfredo Ram\u00edrez Bedolla convoc\u00f3 a presidentes municipales a conjuntar esfuerzos para gestionar ante la Secretar\u00eda de Infraestructura, Comunicaciones y Transportes (SICT), la rehabilitaci\u00f3n de v\u00edas carreteras federales en [&hellip;]\" \/>\n<meta property=\"og:url\" content=\"https:\/\/diarioabcdemichoacan.com.mx\/lasnoticias\/bedolla-pide-a-alcaldes-cerrar-filas-para-rehabilitacion-de-carreteras-federales\/\" \/>\n<meta property=\"og:site_name\" content=\"Diario ABC de Michoac\u00e1n\" \/>\n<meta property=\"article:published_time\" content=\"2024-09-04T18:54:08+00:00\" \/>\n<meta property=\"article:modified_time\" content=\"2024-09-04T18:55:59+00:00\" \/>\n<meta property=\"og:image\" content=\"https:\/\/diarioabcdemichoacan.com.mx\/lasnoticias\/wp-content\/uploads\/2024\/09\/WhatsApp-Image-2024-09-04-at-12.47.16-PM-1.jpeg\" \/>\n\t<meta property=\"og:image:width\" content=\"1600\" \/>\n\t<meta property=\"og:image:height\" content=\"1066\" \/>\n\t<meta property=\"og:image:type\" content=\"image\/jpeg\" \/>\n<meta name=\"author\" content=\"AR\" \/>\n<meta name=\"twitter:card\" content=\"summary_large_image\" \/>\n<meta name=\"twitter:label1\" content=\"Escrito por\" \/>\n\t<meta name=\"twitter:data1\" content=\"AR\" \/>\n\t<meta name=\"twitter:label2\" content=\"Tiempo de lectura\" \/>\n\t<meta name=\"twitter:data2\" content=\"2 minutos\" \/>\n<script type=\"application\/ld+json\" class=\"yoast-schema-graph\">{\"@context\":\"https:\/\/schema.org\",\"@graph\":[{\"@type\":\"WebPage\",\"@id\":\"https:\/\/diarioabcdemichoacan.com.mx\/lasnoticias\/bedolla-pide-a-alcaldes-cerrar-filas-para-rehabilitacion-de-carreteras-federales\/\",\"url\":\"https:\/\/diarioabcdemichoacan.com.mx\/lasnoticias\/bedolla-pide-a-alcaldes-cerrar-filas-para-rehabilitacion-de-carreteras-federales\/\",\"name\":\"Bedolla pide a alcaldes cerrar filas para rehabilitaci\u00f3n de carreteras federales - Diario ABC de Michoac\u00e1n\",\"isPartOf\":{\"@id\":\"https:\/\/diarioabcdemichoacan.com.mx\/lasnoticias\/#website\"},\"primaryImageOfPage\":{\"@id\":\"https:\/\/diarioabcdemichoacan.com.mx\/lasnoticias\/bedolla-pide-a-alcaldes-cerrar-filas-para-rehabilitacion-de-carreteras-federales\/#primaryimage\"},\"image\":{\"@id\":\"https:\/\/diarioabcdemichoacan.com.mx\/lasnoticias\/bedolla-pide-a-alcaldes-cerrar-filas-para-rehabilitacion-de-carreteras-federales\/#primaryimage\"},\"thumbnailUrl\":\"https:\/\/diarioabcdemichoacan.com.mx\/lasnoticias\/wp-content\/uploads\/2024\/09\/WhatsApp-Image-2024-09-04-at-12.47.16-PM-1.jpeg\",\"datePublished\":\"2024-09-04T18:54:08+00:00\",\"dateModified\":\"2024-09-04T18:55:59+00:00\",\"author\":{\"@id\":\"https:\/\/diarioabcdemichoacan.com.mx\/lasnoticias\/#\/schema\/person\/19ae376040f6cbc489682ebdd8524852\"},\"breadcrumb\":{\"@id\":\"https:\/\/diarioabcdemichoacan.com.mx\/lasnoticias\/bedolla-pide-a-alcaldes-cerrar-filas-para-rehabilitacion-de-carreteras-federales\/#breadcrumb\"},\"inLanguage\":\"es\",\"potentialAction\":[{\"@type\":\"ReadAction\",\"target\":[\"https:\/\/diarioabcdemichoacan.com.mx\/lasnoticias\/bedolla-pide-a-alcaldes-cerrar-filas-para-rehabilitacion-de-carreteras-federales\/\"]}]},{\"@type\":\"ImageObject\",\"inLanguage\":\"es\",\"@id\":\"https:\/\/diarioabcdemichoacan.com.mx\/lasnoticias\/bedolla-pide-a-alcaldes-cerrar-filas-para-rehabilitacion-de-carreteras-federales\/#primaryimage\",\"url\":\"https:\/\/diarioabcdemichoacan.com.mx\/lasnoticias\/wp-content\/uploads\/2024\/09\/WhatsApp-Image-2024-09-04-at-12.47.16-PM-1.jpeg\",\"contentUrl\":\"https:\/\/diarioabcdemichoacan.com.mx\/lasnoticias\/wp-content\/uploads\/2024\/09\/WhatsApp-Image-2024-09-04-at-12.47.16-PM-1.jpeg\",\"width\":1600,\"height\":1066},{\"@type\":\"BreadcrumbList\",\"@id\":\"https:\/\/diarioabcdemichoacan.com.mx\/lasnoticias\/bedolla-pide-a-alcaldes-cerrar-filas-para-rehabilitacion-de-carreteras-federales\/#breadcrumb\",\"itemListElement\":[{\"@type\":\"ListItem\",\"position\":1,\"name\":\"Portada\",\"item\":\"https:\/\/diarioabcdemichoacan.com.mx\/lasnoticias\/\"},{\"@type\":\"ListItem\",\"position\":2,\"name\":\"Bedolla pide a alcaldes cerrar filas para rehabilitaci\u00f3n de carreteras federales\"}]},{\"@type\":\"WebSite\",\"@id\":\"https:\/\/diarioabcdemichoacan.com.mx\/lasnoticias\/#website\",\"url\":\"https:\/\/diarioabcdemichoacan.com.mx\/lasnoticias\/\",\"name\":\"Diario ABC de Michoac\u00e1n\",\"description\":\"Las noticias al momento\",\"potentialAction\":[{\"@type\":\"SearchAction\",\"target\":{\"@type\":\"EntryPoint\",\"urlTemplate\":\"https:\/\/diarioabcdemichoacan.com.mx\/lasnoticias\/?s={search_term_string}\"},\"query-input\":{\"@type\":\"PropertyValueSpecification\",\"valueRequired\":true,\"valueName\":\"search_term_string\"}}],\"inLanguage\":\"es\"},{\"@type\":\"Person\",\"@id\":\"https:\/\/diarioabcdemichoacan.com.mx\/lasnoticias\/#\/schema\/person\/19ae376040f6cbc489682ebdd8524852\",\"name\":\"AR\",\"image\":{\"@type\":\"ImageObject\",\"inLanguage\":\"es\",\"@id\":\"https:\/\/diarioabcdemichoacan.com.mx\/lasnoticias\/#\/schema\/person\/image\/\",\"url\":\"https:\/\/secure.gravatar.com\/avatar\/44eca2ff970262234e20e1e082872af0?s=96&d=mm&r=g\",\"contentUrl\":\"https:\/\/secure.gravatar.com\/avatar\/44eca2ff970262234e20e1e082872af0?s=96&d=mm&r=g\",\"caption\":\"AR\"},\"url\":\"https:\/\/diarioabcdemichoacan.com.mx\/lasnoticias\/author\/adrian\/\"}]}<\/script>\n<!-- \/ Yoast SEO plugin. -->","yoast_head_json":{"title":"Bedolla pide a alcaldes cerrar filas para rehabilitaci\u00f3n de carreteras federales - Diario ABC de Michoac\u00e1n","robots":{"index":"index","follow":"follow","max-snippet":"max-snippet:-1","max-image-preview":"max-image-preview:large","max-video-preview":"max-video-preview:-1"},"canonical":"https:\/\/diarioabcdemichoacan.com.mx\/lasnoticias\/bedolla-pide-a-alcaldes-cerrar-filas-para-rehabilitacion-de-carreteras-federales\/","og_locale":"es_ES","og_type":"article","og_title":"Bedolla pide a alcaldes cerrar filas para rehabilitaci\u00f3n de carreteras federales - Diario ABC de Michoac\u00e1n","og_description":"Casi 600 kil\u00f3metros de tramos de v\u00edas libres de peaje. &nbsp; POR REDACCI\u00d3N, DIARIO ABC DE MICHOAC\u00c1N, 04 DE SEPTIEMBRE DE 2024. Morelia, Mich. &#8211; El gobernador Alfredo Ram\u00edrez Bedolla convoc\u00f3 a presidentes municipales a conjuntar esfuerzos para gestionar ante la Secretar\u00eda de Infraestructura, Comunicaciones y Transportes (SICT), la rehabilitaci\u00f3n de v\u00edas carreteras federales en [&hellip;]","og_url":"https:\/\/diarioabcdemichoacan.com.mx\/lasnoticias\/bedolla-pide-a-alcaldes-cerrar-filas-para-rehabilitacion-de-carreteras-federales\/","og_site_name":"Diario ABC de Michoac\u00e1n","article_published_time":"2024-09-04T18:54:08+00:00","article_modified_time":"2024-09-04T18:55:59+00:00","og_image":[{"width":1600,"height":1066,"url":"https:\/\/diarioabcdemichoacan.com.mx\/lasnoticias\/wp-content\/uploads\/2024\/09\/WhatsApp-Image-2024-09-04-at-12.47.16-PM-1.jpeg","type":"image\/jpeg"}],"author":"AR","twitter_card":"summary_large_image","twitter_misc":{"Escrito por":"AR","Tiempo de lectura":"2 minutos"},"schema":{"@context":"https:\/\/schema.org","@graph":[{"@type":"WebPage","@id":"https:\/\/diarioabcdemichoacan.com.mx\/lasnoticias\/bedolla-pide-a-alcaldes-cerrar-filas-para-rehabilitacion-de-carreteras-federales\/","url":"https:\/\/diarioabcdemichoacan.com.mx\/lasnoticias\/bedolla-pide-a-alcaldes-cerrar-filas-para-rehabilitacion-de-carreteras-federales\/","name":"Bedolla pide a alcaldes cerrar filas para rehabilitaci\u00f3n de carreteras federales - Diario ABC de Michoac\u00e1n","isPartOf":{"@id":"https:\/\/diarioabcdemichoacan.com.mx\/lasnoticias\/#website"},"primaryImageOfPage":{"@id":"https:\/\/diarioabcdemichoacan.com.mx\/lasnoticias\/bedolla-pide-a-alcaldes-cerrar-filas-para-rehabilitacion-de-carreteras-federales\/#primaryimage"},"image":{"@id":"https:\/\/diarioabcdemichoacan.com.mx\/lasnoticias\/bedolla-pide-a-alcaldes-cerrar-filas-para-rehabilitacion-de-carreteras-federales\/#primaryimage"},"thumbnailUrl":"https:\/\/diarioabcdemichoacan.com.mx\/lasnoticias\/wp-content\/uploads\/2024\/09\/WhatsApp-Image-2024-09-04-at-12.47.16-PM-1.jpeg","datePublished":"2024-09-04T18:54:08+00:00","dateModified":"2024-09-04T18:55:59+00:00","author":{"@id":"https:\/\/diarioabcdemichoacan.com.mx\/lasnoticias\/#\/schema\/person\/19ae376040f6cbc489682ebdd8524852"},"breadcrumb":{"@id":"https:\/\/diarioabcdemichoacan.com.mx\/lasnoticias\/bedolla-pide-a-alcaldes-cerrar-filas-para-rehabilitacion-de-carreteras-federales\/#breadcrumb"},"inLanguage":"es","potentialAction":[{"@type":"ReadAction","target":["https:\/\/diarioabcdemichoacan.com.mx\/lasnoticias\/bedolla-pide-a-alcaldes-cerrar-filas-para-rehabilitacion-de-carreteras-federales\/"]}]},{"@type":"ImageObject","inLanguage":"es","@id":"https:\/\/diarioabcdemichoacan.com.mx\/lasnoticias\/bedolla-pide-a-alcaldes-cerrar-filas-para-rehabilitacion-de-carreteras-federales\/#primaryimage","url":"https:\/\/diarioabcdemichoacan.com.mx\/lasnoticias\/wp-content\/uploads\/2024\/09\/WhatsApp-Image-2024-09-04-at-12.47.16-PM-1.jpeg","contentUrl":"https:\/\/diarioabcdemichoacan.com.mx\/lasnoticias\/wp-content\/uploads\/2024\/09\/WhatsApp-Image-2024-09-04-at-12.47.16-PM-1.jpeg","width":1600,"height":1066},{"@type":"BreadcrumbList","@id":"https:\/\/diarioabcdemichoacan.com.mx\/lasnoticias\/bedolla-pide-a-alcaldes-cerrar-filas-para-rehabilitacion-de-carreteras-federales\/#breadcrumb","itemListElement":[{"@type":"ListItem","position":1,"name":"Portada","item":"https:\/\/diarioabcdemichoacan.com.mx\/lasnoticias\/"},{"@type":"ListItem","position":2,"name":"Bedolla pide a alcaldes cerrar filas para rehabilitaci\u00f3n de carreteras federales"}]},{"@type":"WebSite","@id":"https:\/\/diarioabcdemichoacan.com.mx\/lasnoticias\/#website","url":"https:\/\/diarioabcdemichoacan.com.mx\/lasnoticias\/","name":"Diario ABC de Michoac\u00e1n","description":"Las noticias al momento","potentialAction":[{"@type":"SearchAction","target":{"@type":"EntryPoint","urlTemplate":"https:\/\/diarioabcdemichoacan.com.mx\/lasnoticias\/?s={search_term_string}"},"query-input":{"@type":"PropertyValueSpecification","valueRequired":true,"valueName":"search_term_string"}}],"inLanguage":"es"},{"@type":"Person","@id":"https:\/\/diarioabcdemichoacan.com.mx\/lasnoticias\/#\/schema\/person\/19ae376040f6cbc489682ebdd8524852","name":"AR","image":{"@type":"ImageObject","inLanguage":"es","@id":"https:\/\/diarioabcdemichoacan.com.mx\/lasnoticias\/#\/schema\/person\/image\/","url":"https:\/\/secure.gravatar.com\/avatar\/44eca2ff970262234e20e1e082872af0?s=96&d=mm&r=g","contentUrl":"https:\/\/secure.gravatar.com\/avatar\/44eca2ff970262234e20e1e082872af0?s=96&d=mm&r=g","caption":"AR"},"url":"https:\/\/diarioabcdemichoacan.com.mx\/lasnoticias\/author\/adrian\/"}]}},"_links":{"self":[{"href":"https:\/\/diarioabcdemichoacan.com.mx\/lasnoticias\/wp-json\/wp\/v2\/posts\/22370","targetHints":{"allow":["GET"]}}],"collection":[{"href":"https:\/\/diarioabcdemichoacan.com.mx\/lasnoticias\/wp-json\/wp\/v2\/posts"}],"about":[{"href":"https:\/\/diarioabcdemichoacan.com.mx\/lasnoticias\/wp-json\/wp\/v2\/types\/post"}],"author":[{"embeddable":true,"href":"https:\/\/diarioabcdemichoacan.com.mx\/lasnoticias\/wp-json\/wp\/v2\/users\/9"}],"replies":[{"embeddable":true,"href":"https:\/\/diarioabcdemichoacan.com.mx\/lasnoticias\/wp-json\/wp\/v2\/comments?post=22370"}],"version-history":[{"count":1,"href":"https:\/\/diarioabcdemichoacan.com.mx\/lasnoticias\/wp-json\/wp\/v2\/posts\/22370\/revisions"}],"predecessor-version":[{"id":22383,"href":"https:\/\/diarioabcdemichoacan.com.mx\/lasnoticias\/wp-json\/wp\/v2\/posts\/22370\/revisions\/22383"}],"wp:featuredmedia":[{"embeddable":true,"href":"https:\/\/diarioabcdemichoacan.com.mx\/lasnoticias\/wp-json\/wp\/v2\/media\/22375"}],"wp:attachment":[{"href":"https:\/\/diarioabcdemichoacan.com.mx\/lasnoticias\/wp-json\/wp\/v2\/media?parent=22370"}],"wp:term":[{"taxonomy":"category","embeddable":true,"href":"https:\/\/diarioabcdemichoacan.com.mx\/lasnoticias\/wp-json\/wp\/v2\/categories?post=22370"},{"taxonomy":"post_tag","embeddable":true,"href":"https:\/\/diarioabcdemichoacan.com.mx\/lasnoticias\/wp-json\/wp\/v2\/tags?post=22370"}],"curies":[{"name":"wp","href":"https:\/\/api.w.org\/{rel}","templated":true}]}}