{"id":23371,"date":"2024-09-11T11:59:33","date_gmt":"2024-09-11T17:59:33","guid":{"rendered":"https:\/\/diarioabcdemichoacan.com.mx\/lasnoticias\/?p=23371"},"modified":"2024-09-11T11:59:59","modified_gmt":"2024-09-11T17:59:59","slug":"poder-legislativo-sumiso-al-ejecutivo-ama","status":"publish","type":"post","link":"https:\/\/diarioabcdemichoacan.com.mx\/lasnoticias\/poder-legislativo-sumiso-al-ejecutivo-ama\/","title":{"rendered":"Poder Legislativo sumiso al Ejecutivo: AMA."},"content":{"rendered":"<h2>Democracia y poderes simulados por el autoritarismo, advierte.<\/h2>\n<p>&nbsp;<\/p>\n<h6>POR SARA\u00cd RANGEL, DIARIO ABC DE MICHOAC\u00c1N, 11 DE SEPTIEMBRE DE 2024.<\/h6>\n<hr \/>\n<p>Morelia, Mich. &#8211; Luego de la aprobaci\u00f3n en el Senado de la Reforma al Poder Judicial de la Federaci\u00f3n, el presidente municipal de Morelia, Alfonso Mart\u00ednez Alc\u00e1zar, advirti\u00f3 la desaparici\u00f3n de poderes y una democracia simulada.<\/p>\n<p>&nbsp;<\/p>\n<p>Consider\u00f3 que la discusi\u00f3n, revisi\u00f3n, an\u00e1lisis y modificaci\u00f3n de la iniciativa enviada al Congreso de la Uni\u00f3n por el Mandatario Federal, Andr\u00e9s Manuel L\u00f3pez Obrador, no se dio, pues la ley se vot\u00f3 bajo la orden de no mover ni una sola coma, por un grupo de \u00ablevanta dedos\u00bb.<\/p>\n<p>&nbsp;<\/p>\n<p><img loading=\"lazy\" decoding=\"async\" class=\"alignnone size-medium wp-image-23378\" src=\"https:\/\/diarioabcdemichoacan.com.mx\/lasnoticias\/wp-content\/uploads\/2024\/09\/WhatsApp-Image-2024-09-11-at-11.54.37-AM-500x281.jpeg\" alt=\"\" width=\"500\" height=\"281\" srcset=\"https:\/\/diarioabcdemichoacan.com.mx\/lasnoticias\/wp-content\/uploads\/2024\/09\/WhatsApp-Image-2024-09-11-at-11.54.37-AM-500x281.jpeg 500w, https:\/\/diarioabcdemichoacan.com.mx\/lasnoticias\/wp-content\/uploads\/2024\/09\/WhatsApp-Image-2024-09-11-at-11.54.37-AM-1024x576.jpeg 1024w, https:\/\/diarioabcdemichoacan.com.mx\/lasnoticias\/wp-content\/uploads\/2024\/09\/WhatsApp-Image-2024-09-11-at-11.54.37-AM-768x432.jpeg 768w, https:\/\/diarioabcdemichoacan.com.mx\/lasnoticias\/wp-content\/uploads\/2024\/09\/WhatsApp-Image-2024-09-11-at-11.54.37-AM-1536x864.jpeg 1536w, https:\/\/diarioabcdemichoacan.com.mx\/lasnoticias\/wp-content\/uploads\/2024\/09\/WhatsApp-Image-2024-09-11-at-11.54.37-AM-150x84.jpeg 150w, https:\/\/diarioabcdemichoacan.com.mx\/lasnoticias\/wp-content\/uploads\/2024\/09\/WhatsApp-Image-2024-09-11-at-11.54.37-AM-300x169.jpeg 300w, https:\/\/diarioabcdemichoacan.com.mx\/lasnoticias\/wp-content\/uploads\/2024\/09\/WhatsApp-Image-2024-09-11-at-11.54.37-AM-696x391.jpeg 696w, https:\/\/diarioabcdemichoacan.com.mx\/lasnoticias\/wp-content\/uploads\/2024\/09\/WhatsApp-Image-2024-09-11-at-11.54.37-AM-1068x600.jpeg 1068w, https:\/\/diarioabcdemichoacan.com.mx\/lasnoticias\/wp-content\/uploads\/2024\/09\/WhatsApp-Image-2024-09-11-at-11.54.37-AM.jpeg 1599w\" sizes=\"auto, (max-width: 500px) 100vw, 500px\" \/><\/p>\n<p>&nbsp;<\/p>\n<p>As\u00ed mismo acus\u00f3 a Morena, de utilizar las mismas artima\u00f1as del viejo priismo qu\u00e9 tanto criticaban, al secuestrar a un legislador para no dejarlo votar en contra y presionar a otro con dar carpetazo a sus asuntos judiciales de apoyar la reforma.<\/p>\n<p>&nbsp;<\/p>\n<p>En ese sentido, sin referirse con nombre al Senador Miguel \u00c1ngel Yunes M\u00e1rquez del Partido Acci\u00f3n Nacional, si lo calific\u00f3 de traidor, no del instituto pol\u00edtico sino al electorado que conf\u00edo en \u00e9l en las pasadas elecciones.<\/p>\n","protected":false},"excerpt":{"rendered":"<p>Democracia y poderes simulados por el autoritarismo, advierte. &nbsp; POR SARA\u00cd RANGEL, DIARIO ABC DE MICHOAC\u00c1N, 11 DE SEPTIEMBRE DE 2024. Morelia, Mich. &#8211; Luego de la aprobaci\u00f3n en el Senado de la Reforma al Poder Judicial de la Federaci\u00f3n, el presidente municipal de Morelia, Alfonso Mart\u00ednez Alc\u00e1zar, advirti\u00f3 la desaparici\u00f3n de poderes y una [&hellip;]<\/p>\n","protected":false},"author":9,"featured_media":23376,"comment_status":"closed","ping_status":"closed","sticky":false,"template":"","format":"standard","meta":{"footnotes":""},"categories":[18,7,27],"tags":[],"class_list":{"0":"post-23371","1":"post","2":"type-post","3":"status-publish","4":"format-standard","5":"has-post-thumbnail","7":"category-ayuntamiento-de-morelia","8":"category-morelia","9":"category-slider"},"yoast_head":"<!-- This site is optimized with the Yoast SEO plugin v24.0 - https:\/\/yoast.com\/wordpress\/plugins\/seo\/ -->\n<title>Poder Legislativo sumiso al Ejecutivo: AMA. - Diario ABC de Michoac\u00e1n<\/title>\n<meta name=\"robots\" content=\"index, follow, max-snippet:-1, max-image-preview:large, max-video-preview:-1\" \/>\n<link rel=\"canonical\" href=\"https:\/\/diarioabcdemichoacan.com.mx\/lasnoticias\/poder-legislativo-sumiso-al-ejecutivo-ama\/\" \/>\n<meta property=\"og:locale\" content=\"es_ES\" \/>\n<meta property=\"og:type\" content=\"article\" \/>\n<meta property=\"og:title\" content=\"Poder Legislativo sumiso al Ejecutivo: AMA. - Diario ABC de Michoac\u00e1n\" \/>\n<meta property=\"og:description\" content=\"Democracia y poderes simulados por el autoritarismo, advierte. &nbsp; POR SARA\u00cd RANGEL, DIARIO ABC DE MICHOAC\u00c1N, 11 DE SEPTIEMBRE DE 2024. Morelia, Mich. &#8211; Luego de la aprobaci\u00f3n en el Senado de la Reforma al Poder Judicial de la Federaci\u00f3n, el presidente municipal de Morelia, Alfonso Mart\u00ednez Alc\u00e1zar, advirti\u00f3 la desaparici\u00f3n de poderes y una [&hellip;]\" \/>\n<meta property=\"og:url\" content=\"https:\/\/diarioabcdemichoacan.com.mx\/lasnoticias\/poder-legislativo-sumiso-al-ejecutivo-ama\/\" \/>\n<meta property=\"og:site_name\" content=\"Diario ABC de Michoac\u00e1n\" \/>\n<meta property=\"article:published_time\" content=\"2024-09-11T17:59:33+00:00\" \/>\n<meta property=\"article:modified_time\" content=\"2024-09-11T17:59:59+00:00\" \/>\n<meta property=\"og:image\" content=\"https:\/\/diarioabcdemichoacan.com.mx\/lasnoticias\/wp-content\/uploads\/2024\/09\/WhatsApp-Image-2024-09-11-at-11.54.38-AM.jpeg\" \/>\n\t<meta property=\"og:image:width\" content=\"1599\" \/>\n\t<meta property=\"og:image:height\" content=\"899\" \/>\n\t<meta property=\"og:image:type\" content=\"image\/jpeg\" \/>\n<meta name=\"author\" content=\"AR\" \/>\n<meta name=\"twitter:card\" content=\"summary_large_image\" \/>\n<meta name=\"twitter:label1\" content=\"Escrito por\" \/>\n\t<meta name=\"twitter:data1\" content=\"AR\" \/>\n\t<meta name=\"twitter:label2\" content=\"Tiempo de lectura\" \/>\n\t<meta name=\"twitter:data2\" content=\"2 minutos\" \/>\n<script type=\"application\/ld+json\" class=\"yoast-schema-graph\">{\"@context\":\"https:\/\/schema.org\",\"@graph\":[{\"@type\":\"WebPage\",\"@id\":\"https:\/\/diarioabcdemichoacan.com.mx\/lasnoticias\/poder-legislativo-sumiso-al-ejecutivo-ama\/\",\"url\":\"https:\/\/diarioabcdemichoacan.com.mx\/lasnoticias\/poder-legislativo-sumiso-al-ejecutivo-ama\/\",\"name\":\"Poder Legislativo sumiso al Ejecutivo: AMA. - Diario ABC de Michoac\u00e1n\",\"isPartOf\":{\"@id\":\"https:\/\/diarioabcdemichoacan.com.mx\/lasnoticias\/#website\"},\"primaryImageOfPage\":{\"@id\":\"https:\/\/diarioabcdemichoacan.com.mx\/lasnoticias\/poder-legislativo-sumiso-al-ejecutivo-ama\/#primaryimage\"},\"image\":{\"@id\":\"https:\/\/diarioabcdemichoacan.com.mx\/lasnoticias\/poder-legislativo-sumiso-al-ejecutivo-ama\/#primaryimage\"},\"thumbnailUrl\":\"https:\/\/diarioabcdemichoacan.com.mx\/lasnoticias\/wp-content\/uploads\/2024\/09\/WhatsApp-Image-2024-09-11-at-11.54.38-AM.jpeg\",\"datePublished\":\"2024-09-11T17:59:33+00:00\",\"dateModified\":\"2024-09-11T17:59:59+00:00\",\"author\":{\"@id\":\"https:\/\/diarioabcdemichoacan.com.mx\/lasnoticias\/#\/schema\/person\/19ae376040f6cbc489682ebdd8524852\"},\"breadcrumb\":{\"@id\":\"https:\/\/diarioabcdemichoacan.com.mx\/lasnoticias\/poder-legislativo-sumiso-al-ejecutivo-ama\/#breadcrumb\"},\"inLanguage\":\"es\",\"potentialAction\":[{\"@type\":\"ReadAction\",\"target\":[\"https:\/\/diarioabcdemichoacan.com.mx\/lasnoticias\/poder-legislativo-sumiso-al-ejecutivo-ama\/\"]}]},{\"@type\":\"ImageObject\",\"inLanguage\":\"es\",\"@id\":\"https:\/\/diarioabcdemichoacan.com.mx\/lasnoticias\/poder-legislativo-sumiso-al-ejecutivo-ama\/#primaryimage\",\"url\":\"https:\/\/diarioabcdemichoacan.com.mx\/lasnoticias\/wp-content\/uploads\/2024\/09\/WhatsApp-Image-2024-09-11-at-11.54.38-AM.jpeg\",\"contentUrl\":\"https:\/\/diarioabcdemichoacan.com.mx\/lasnoticias\/wp-content\/uploads\/2024\/09\/WhatsApp-Image-2024-09-11-at-11.54.38-AM.jpeg\",\"width\":1599,\"height\":899},{\"@type\":\"BreadcrumbList\",\"@id\":\"https:\/\/diarioabcdemichoacan.com.mx\/lasnoticias\/poder-legislativo-sumiso-al-ejecutivo-ama\/#breadcrumb\",\"itemListElement\":[{\"@type\":\"ListItem\",\"position\":1,\"name\":\"Portada\",\"item\":\"https:\/\/diarioabcdemichoacan.com.mx\/lasnoticias\/\"},{\"@type\":\"ListItem\",\"position\":2,\"name\":\"Poder Legislativo sumiso al Ejecutivo: AMA.\"}]},{\"@type\":\"WebSite\",\"@id\":\"https:\/\/diarioabcdemichoacan.com.mx\/lasnoticias\/#website\",\"url\":\"https:\/\/diarioabcdemichoacan.com.mx\/lasnoticias\/\",\"name\":\"Diario ABC de Michoac\u00e1n\",\"description\":\"Las noticias al momento\",\"potentialAction\":[{\"@type\":\"SearchAction\",\"target\":{\"@type\":\"EntryPoint\",\"urlTemplate\":\"https:\/\/diarioabcdemichoacan.com.mx\/lasnoticias\/?s={search_term_string}\"},\"query-input\":{\"@type\":\"PropertyValueSpecification\",\"valueRequired\":true,\"valueName\":\"search_term_string\"}}],\"inLanguage\":\"es\"},{\"@type\":\"Person\",\"@id\":\"https:\/\/diarioabcdemichoacan.com.mx\/lasnoticias\/#\/schema\/person\/19ae376040f6cbc489682ebdd8524852\",\"name\":\"AR\",\"image\":{\"@type\":\"ImageObject\",\"inLanguage\":\"es\",\"@id\":\"https:\/\/diarioabcdemichoacan.com.mx\/lasnoticias\/#\/schema\/person\/image\/\",\"url\":\"https:\/\/secure.gravatar.com\/avatar\/44eca2ff970262234e20e1e082872af0?s=96&d=mm&r=g\",\"contentUrl\":\"https:\/\/secure.gravatar.com\/avatar\/44eca2ff970262234e20e1e082872af0?s=96&d=mm&r=g\",\"caption\":\"AR\"},\"url\":\"https:\/\/diarioabcdemichoacan.com.mx\/lasnoticias\/author\/adrian\/\"}]}<\/script>\n<!-- \/ Yoast SEO plugin. -->","yoast_head_json":{"title":"Poder Legislativo sumiso al Ejecutivo: AMA. - Diario ABC de Michoac\u00e1n","robots":{"index":"index","follow":"follow","max-snippet":"max-snippet:-1","max-image-preview":"max-image-preview:large","max-video-preview":"max-video-preview:-1"},"canonical":"https:\/\/diarioabcdemichoacan.com.mx\/lasnoticias\/poder-legislativo-sumiso-al-ejecutivo-ama\/","og_locale":"es_ES","og_type":"article","og_title":"Poder Legislativo sumiso al Ejecutivo: AMA. - Diario ABC de Michoac\u00e1n","og_description":"Democracia y poderes simulados por el autoritarismo, advierte. &nbsp; POR SARA\u00cd RANGEL, DIARIO ABC DE MICHOAC\u00c1N, 11 DE SEPTIEMBRE DE 2024. Morelia, Mich. &#8211; Luego de la aprobaci\u00f3n en el Senado de la Reforma al Poder Judicial de la Federaci\u00f3n, el presidente municipal de Morelia, Alfonso Mart\u00ednez Alc\u00e1zar, advirti\u00f3 la desaparici\u00f3n de poderes y una [&hellip;]","og_url":"https:\/\/diarioabcdemichoacan.com.mx\/lasnoticias\/poder-legislativo-sumiso-al-ejecutivo-ama\/","og_site_name":"Diario ABC de Michoac\u00e1n","article_published_time":"2024-09-11T17:59:33+00:00","article_modified_time":"2024-09-11T17:59:59+00:00","og_image":[{"width":1599,"height":899,"url":"https:\/\/diarioabcdemichoacan.com.mx\/lasnoticias\/wp-content\/uploads\/2024\/09\/WhatsApp-Image-2024-09-11-at-11.54.38-AM.jpeg","type":"image\/jpeg"}],"author":"AR","twitter_card":"summary_large_image","twitter_misc":{"Escrito por":"AR","Tiempo de lectura":"2 minutos"},"schema":{"@context":"https:\/\/schema.org","@graph":[{"@type":"WebPage","@id":"https:\/\/diarioabcdemichoacan.com.mx\/lasnoticias\/poder-legislativo-sumiso-al-ejecutivo-ama\/","url":"https:\/\/diarioabcdemichoacan.com.mx\/lasnoticias\/poder-legislativo-sumiso-al-ejecutivo-ama\/","name":"Poder Legislativo sumiso al Ejecutivo: AMA. - Diario ABC de Michoac\u00e1n","isPartOf":{"@id":"https:\/\/diarioabcdemichoacan.com.mx\/lasnoticias\/#website"},"primaryImageOfPage":{"@id":"https:\/\/diarioabcdemichoacan.com.mx\/lasnoticias\/poder-legislativo-sumiso-al-ejecutivo-ama\/#primaryimage"},"image":{"@id":"https:\/\/diarioabcdemichoacan.com.mx\/lasnoticias\/poder-legislativo-sumiso-al-ejecutivo-ama\/#primaryimage"},"thumbnailUrl":"https:\/\/diarioabcdemichoacan.com.mx\/lasnoticias\/wp-content\/uploads\/2024\/09\/WhatsApp-Image-2024-09-11-at-11.54.38-AM.jpeg","datePublished":"2024-09-11T17:59:33+00:00","dateModified":"2024-09-11T17:59:59+00:00","author":{"@id":"https:\/\/diarioabcdemichoacan.com.mx\/lasnoticias\/#\/schema\/person\/19ae376040f6cbc489682ebdd8524852"},"breadcrumb":{"@id":"https:\/\/diarioabcdemichoacan.com.mx\/lasnoticias\/poder-legislativo-sumiso-al-ejecutivo-ama\/#breadcrumb"},"inLanguage":"es","potentialAction":[{"@type":"ReadAction","target":["https:\/\/diarioabcdemichoacan.com.mx\/lasnoticias\/poder-legislativo-sumiso-al-ejecutivo-ama\/"]}]},{"@type":"ImageObject","inLanguage":"es","@id":"https:\/\/diarioabcdemichoacan.com.mx\/lasnoticias\/poder-legislativo-sumiso-al-ejecutivo-ama\/#primaryimage","url":"https:\/\/diarioabcdemichoacan.com.mx\/lasnoticias\/wp-content\/uploads\/2024\/09\/WhatsApp-Image-2024-09-11-at-11.54.38-AM.jpeg","contentUrl":"https:\/\/diarioabcdemichoacan.com.mx\/lasnoticias\/wp-content\/uploads\/2024\/09\/WhatsApp-Image-2024-09-11-at-11.54.38-AM.jpeg","width":1599,"height":899},{"@type":"BreadcrumbList","@id":"https:\/\/diarioabcdemichoacan.com.mx\/lasnoticias\/poder-legislativo-sumiso-al-ejecutivo-ama\/#breadcrumb","itemListElement":[{"@type":"ListItem","position":1,"name":"Portada","item":"https:\/\/diarioabcdemichoacan.com.mx\/lasnoticias\/"},{"@type":"ListItem","position":2,"name":"Poder Legislativo sumiso al Ejecutivo: AMA."}]},{"@type":"WebSite","@id":"https:\/\/diarioabcdemichoacan.com.mx\/lasnoticias\/#website","url":"https:\/\/diarioabcdemichoacan.com.mx\/lasnoticias\/","name":"Diario ABC de Michoac\u00e1n","description":"Las noticias al momento","potentialAction":[{"@type":"SearchAction","target":{"@type":"EntryPoint","urlTemplate":"https:\/\/diarioabcdemichoacan.com.mx\/lasnoticias\/?s={search_term_string}"},"query-input":{"@type":"PropertyValueSpecification","valueRequired":true,"valueName":"search_term_string"}}],"inLanguage":"es"},{"@type":"Person","@id":"https:\/\/diarioabcdemichoacan.com.mx\/lasnoticias\/#\/schema\/person\/19ae376040f6cbc489682ebdd8524852","name":"AR","image":{"@type":"ImageObject","inLanguage":"es","@id":"https:\/\/diarioabcdemichoacan.com.mx\/lasnoticias\/#\/schema\/person\/image\/","url":"https:\/\/secure.gravatar.com\/avatar\/44eca2ff970262234e20e1e082872af0?s=96&d=mm&r=g","contentUrl":"https:\/\/secure.gravatar.com\/avatar\/44eca2ff970262234e20e1e082872af0?s=96&d=mm&r=g","caption":"AR"},"url":"https:\/\/diarioabcdemichoacan.com.mx\/lasnoticias\/author\/adrian\/"}]}},"_links":{"self":[{"href":"https:\/\/diarioabcdemichoacan.com.mx\/lasnoticias\/wp-json\/wp\/v2\/posts\/23371","targetHints":{"allow":["GET"]}}],"collection":[{"href":"https:\/\/diarioabcdemichoacan.com.mx\/lasnoticias\/wp-json\/wp\/v2\/posts"}],"about":[{"href":"https:\/\/diarioabcdemichoacan.com.mx\/lasnoticias\/wp-json\/wp\/v2\/types\/post"}],"author":[{"embeddable":true,"href":"https:\/\/diarioabcdemichoacan.com.mx\/lasnoticias\/wp-json\/wp\/v2\/users\/9"}],"replies":[{"embeddable":true,"href":"https:\/\/diarioabcdemichoacan.com.mx\/lasnoticias\/wp-json\/wp\/v2\/comments?post=23371"}],"version-history":[{"count":1,"href":"https:\/\/diarioabcdemichoacan.com.mx\/lasnoticias\/wp-json\/wp\/v2\/posts\/23371\/revisions"}],"predecessor-version":[{"id":23379,"href":"https:\/\/diarioabcdemichoacan.com.mx\/lasnoticias\/wp-json\/wp\/v2\/posts\/23371\/revisions\/23379"}],"wp:featuredmedia":[{"embeddable":true,"href":"https:\/\/diarioabcdemichoacan.com.mx\/lasnoticias\/wp-json\/wp\/v2\/media\/23376"}],"wp:attachment":[{"href":"https:\/\/diarioabcdemichoacan.com.mx\/lasnoticias\/wp-json\/wp\/v2\/media?parent=23371"}],"wp:term":[{"taxonomy":"category","embeddable":true,"href":"https:\/\/diarioabcdemichoacan.com.mx\/lasnoticias\/wp-json\/wp\/v2\/categories?post=23371"},{"taxonomy":"post_tag","embeddable":true,"href":"https:\/\/diarioabcdemichoacan.com.mx\/lasnoticias\/wp-json\/wp\/v2\/tags?post=23371"}],"curies":[{"name":"wp","href":"https:\/\/api.w.org\/{rel}","templated":true}]}}