{"id":24094,"date":"2024-09-17T08:50:00","date_gmt":"2024-09-17T14:50:00","guid":{"rendered":"https:\/\/diarioabcdemichoacan.com.mx\/lasnoticias\/?p=24094"},"modified":"2024-09-17T08:50:00","modified_gmt":"2024-09-17T14:50:00","slug":"camion-de-carga-choca-contra-vehiculo-a-un-costado-de-la-central-camionera-3-lesionados","status":"publish","type":"post","link":"https:\/\/diarioabcdemichoacan.com.mx\/lasnoticias\/camion-de-carga-choca-contra-vehiculo-a-un-costado-de-la-central-camionera-3-lesionados\/","title":{"rendered":"Cami\u00f3n de carga choca contra veh\u00edculo a un costado de la Central Camionera; 3 lesionados"},"content":{"rendered":"<h2>Fue a la altura de la calle del Cerro, frente a la Casa Editorial ABC de Michoac\u00e1n.<\/h2>\n<p>&nbsp;<\/p>\n<p>POR REDACCI\u00d3N, DIARIO ABC DE MICHOAC\u00c1N, 17 DE SEPTIEMBRE DE 2024.<\/p>\n<hr \/>\n<p>URUAPAN, MICH.- La ma\u00f1ana de este martes se registr\u00f3 un aparatoso choque de un veh\u00edculo compacto contra un cami\u00f3n tipo torton con saldo de tres personas lesionadas, una de ellas atrapada entre los hierros retorcidos, sobre la calzada Benito Juarez, a un costado de la Central Camionera, en la colonia El Periodista.<\/p>\n<p>Fue a la altura de la calle del Cerro, frente a la Casa Editorial ABC de Michoac\u00e1n, donde se registr\u00f3 la colisi\u00f3n que dej\u00f3 en chatarra el veh\u00edculo veh\u00edculo Nissan, color arena, esto minutos antes de las 07:00 horas, por lo que algunos automovilistas reportaron el accidente al 911.<\/p>\n<p>Param\u00e9dicos locales se desplazaron al lugar y auxiliaron a los lesionados y los trasladaron a un hospital.<\/p>\n<p>En tanto, personal de Tr\u00e1nsito y Vialidad Municipal se encarg\u00f3 de realizar el peritaje para deslindar responsabilidades y asegur\u00f3 los veh\u00edculo involucrados que fueron trasladados a un corral\u00f3n.<\/p>\n","protected":false},"excerpt":{"rendered":"<p>Fue a la altura de la calle del Cerro, frente a la Casa Editorial ABC de Michoac\u00e1n. &nbsp; POR REDACCI\u00d3N, DIARIO ABC DE MICHOAC\u00c1N, 17 DE SEPTIEMBRE DE 2024. URUAPAN, MICH.- La ma\u00f1ana de este martes se registr\u00f3 un aparatoso choque de un veh\u00edculo compacto contra un cami\u00f3n tipo torton con saldo de tres personas [&hellip;]<\/p>\n","protected":false},"author":9,"featured_media":24095,"comment_status":"closed","ping_status":"closed","sticky":false,"template":"","format":"standard","meta":{"footnotes":""},"categories":[26,27,3],"tags":[],"class_list":{"0":"post-24094","1":"post","2":"type-post","3":"status-publish","4":"format-standard","5":"has-post-thumbnail","7":"category-nota-roja","8":"category-slider","9":"category-uruapan"},"yoast_head":"<!-- This site is optimized with the Yoast SEO plugin v24.0 - https:\/\/yoast.com\/wordpress\/plugins\/seo\/ -->\n<title>Cami\u00f3n de carga choca contra veh\u00edculo a un costado de la Central Camionera; 3 lesionados - Diario ABC de Michoac\u00e1n<\/title>\n<meta name=\"robots\" content=\"index, follow, max-snippet:-1, max-image-preview:large, max-video-preview:-1\" \/>\n<link rel=\"canonical\" href=\"https:\/\/diarioabcdemichoacan.com.mx\/lasnoticias\/camion-de-carga-choca-contra-vehiculo-a-un-costado-de-la-central-camionera-3-lesionados\/\" \/>\n<meta property=\"og:locale\" content=\"es_ES\" \/>\n<meta property=\"og:type\" content=\"article\" \/>\n<meta property=\"og:title\" content=\"Cami\u00f3n de carga choca contra veh\u00edculo a un costado de la Central Camionera; 3 lesionados - Diario ABC de Michoac\u00e1n\" \/>\n<meta property=\"og:description\" content=\"Fue a la altura de la calle del Cerro, frente a la Casa Editorial ABC de Michoac\u00e1n. &nbsp; POR REDACCI\u00d3N, DIARIO ABC DE MICHOAC\u00c1N, 17 DE SEPTIEMBRE DE 2024. URUAPAN, MICH.- La ma\u00f1ana de este martes se registr\u00f3 un aparatoso choque de un veh\u00edculo compacto contra un cami\u00f3n tipo torton con saldo de tres personas [&hellip;]\" \/>\n<meta property=\"og:url\" content=\"https:\/\/diarioabcdemichoacan.com.mx\/lasnoticias\/camion-de-carga-choca-contra-vehiculo-a-un-costado-de-la-central-camionera-3-lesionados\/\" \/>\n<meta property=\"og:site_name\" content=\"Diario ABC de Michoac\u00e1n\" \/>\n<meta property=\"article:published_time\" content=\"2024-09-17T14:50:00+00:00\" \/>\n<meta property=\"og:image\" content=\"https:\/\/diarioabcdemichoacan.com.mx\/lasnoticias\/wp-content\/uploads\/2024\/09\/IMG-20240917-WA0013.jpg\" \/>\n\t<meta property=\"og:image:width\" content=\"540\" \/>\n\t<meta property=\"og:image:height\" content=\"345\" \/>\n\t<meta property=\"og:image:type\" content=\"image\/jpeg\" \/>\n<meta name=\"author\" content=\"AR\" \/>\n<meta name=\"twitter:card\" content=\"summary_large_image\" \/>\n<meta name=\"twitter:label1\" content=\"Escrito por\" \/>\n\t<meta name=\"twitter:data1\" content=\"AR\" \/>\n\t<meta name=\"twitter:label2\" content=\"Tiempo de lectura\" \/>\n\t<meta name=\"twitter:data2\" content=\"1 minuto\" \/>\n<script type=\"application\/ld+json\" class=\"yoast-schema-graph\">{\"@context\":\"https:\/\/schema.org\",\"@graph\":[{\"@type\":\"WebPage\",\"@id\":\"https:\/\/diarioabcdemichoacan.com.mx\/lasnoticias\/camion-de-carga-choca-contra-vehiculo-a-un-costado-de-la-central-camionera-3-lesionados\/\",\"url\":\"https:\/\/diarioabcdemichoacan.com.mx\/lasnoticias\/camion-de-carga-choca-contra-vehiculo-a-un-costado-de-la-central-camionera-3-lesionados\/\",\"name\":\"Cami\u00f3n de carga choca contra veh\u00edculo a un costado de la Central Camionera; 3 lesionados - Diario ABC de Michoac\u00e1n\",\"isPartOf\":{\"@id\":\"https:\/\/diarioabcdemichoacan.com.mx\/lasnoticias\/#website\"},\"primaryImageOfPage\":{\"@id\":\"https:\/\/diarioabcdemichoacan.com.mx\/lasnoticias\/camion-de-carga-choca-contra-vehiculo-a-un-costado-de-la-central-camionera-3-lesionados\/#primaryimage\"},\"image\":{\"@id\":\"https:\/\/diarioabcdemichoacan.com.mx\/lasnoticias\/camion-de-carga-choca-contra-vehiculo-a-un-costado-de-la-central-camionera-3-lesionados\/#primaryimage\"},\"thumbnailUrl\":\"https:\/\/diarioabcdemichoacan.com.mx\/lasnoticias\/wp-content\/uploads\/2024\/09\/IMG-20240917-WA0013.jpg\",\"datePublished\":\"2024-09-17T14:50:00+00:00\",\"dateModified\":\"2024-09-17T14:50:00+00:00\",\"author\":{\"@id\":\"https:\/\/diarioabcdemichoacan.com.mx\/lasnoticias\/#\/schema\/person\/19ae376040f6cbc489682ebdd8524852\"},\"breadcrumb\":{\"@id\":\"https:\/\/diarioabcdemichoacan.com.mx\/lasnoticias\/camion-de-carga-choca-contra-vehiculo-a-un-costado-de-la-central-camionera-3-lesionados\/#breadcrumb\"},\"inLanguage\":\"es\",\"potentialAction\":[{\"@type\":\"ReadAction\",\"target\":[\"https:\/\/diarioabcdemichoacan.com.mx\/lasnoticias\/camion-de-carga-choca-contra-vehiculo-a-un-costado-de-la-central-camionera-3-lesionados\/\"]}]},{\"@type\":\"ImageObject\",\"inLanguage\":\"es\",\"@id\":\"https:\/\/diarioabcdemichoacan.com.mx\/lasnoticias\/camion-de-carga-choca-contra-vehiculo-a-un-costado-de-la-central-camionera-3-lesionados\/#primaryimage\",\"url\":\"https:\/\/diarioabcdemichoacan.com.mx\/lasnoticias\/wp-content\/uploads\/2024\/09\/IMG-20240917-WA0013.jpg\",\"contentUrl\":\"https:\/\/diarioabcdemichoacan.com.mx\/lasnoticias\/wp-content\/uploads\/2024\/09\/IMG-20240917-WA0013.jpg\",\"width\":540,\"height\":345},{\"@type\":\"BreadcrumbList\",\"@id\":\"https:\/\/diarioabcdemichoacan.com.mx\/lasnoticias\/camion-de-carga-choca-contra-vehiculo-a-un-costado-de-la-central-camionera-3-lesionados\/#breadcrumb\",\"itemListElement\":[{\"@type\":\"ListItem\",\"position\":1,\"name\":\"Portada\",\"item\":\"https:\/\/diarioabcdemichoacan.com.mx\/lasnoticias\/\"},{\"@type\":\"ListItem\",\"position\":2,\"name\":\"Cami\u00f3n de carga choca contra veh\u00edculo a un costado de la Central Camionera; 3 lesionados\"}]},{\"@type\":\"WebSite\",\"@id\":\"https:\/\/diarioabcdemichoacan.com.mx\/lasnoticias\/#website\",\"url\":\"https:\/\/diarioabcdemichoacan.com.mx\/lasnoticias\/\",\"name\":\"Diario ABC de Michoac\u00e1n\",\"description\":\"Las noticias al momento\",\"potentialAction\":[{\"@type\":\"SearchAction\",\"target\":{\"@type\":\"EntryPoint\",\"urlTemplate\":\"https:\/\/diarioabcdemichoacan.com.mx\/lasnoticias\/?s={search_term_string}\"},\"query-input\":{\"@type\":\"PropertyValueSpecification\",\"valueRequired\":true,\"valueName\":\"search_term_string\"}}],\"inLanguage\":\"es\"},{\"@type\":\"Person\",\"@id\":\"https:\/\/diarioabcdemichoacan.com.mx\/lasnoticias\/#\/schema\/person\/19ae376040f6cbc489682ebdd8524852\",\"name\":\"AR\",\"image\":{\"@type\":\"ImageObject\",\"inLanguage\":\"es\",\"@id\":\"https:\/\/diarioabcdemichoacan.com.mx\/lasnoticias\/#\/schema\/person\/image\/\",\"url\":\"https:\/\/secure.gravatar.com\/avatar\/44eca2ff970262234e20e1e082872af0?s=96&d=mm&r=g\",\"contentUrl\":\"https:\/\/secure.gravatar.com\/avatar\/44eca2ff970262234e20e1e082872af0?s=96&d=mm&r=g\",\"caption\":\"AR\"},\"url\":\"https:\/\/diarioabcdemichoacan.com.mx\/lasnoticias\/author\/adrian\/\"}]}<\/script>\n<!-- \/ Yoast SEO plugin. -->","yoast_head_json":{"title":"Cami\u00f3n de carga choca contra veh\u00edculo a un costado de la Central Camionera; 3 lesionados - Diario ABC de Michoac\u00e1n","robots":{"index":"index","follow":"follow","max-snippet":"max-snippet:-1","max-image-preview":"max-image-preview:large","max-video-preview":"max-video-preview:-1"},"canonical":"https:\/\/diarioabcdemichoacan.com.mx\/lasnoticias\/camion-de-carga-choca-contra-vehiculo-a-un-costado-de-la-central-camionera-3-lesionados\/","og_locale":"es_ES","og_type":"article","og_title":"Cami\u00f3n de carga choca contra veh\u00edculo a un costado de la Central Camionera; 3 lesionados - Diario ABC de Michoac\u00e1n","og_description":"Fue a la altura de la calle del Cerro, frente a la Casa Editorial ABC de Michoac\u00e1n. &nbsp; POR REDACCI\u00d3N, DIARIO ABC DE MICHOAC\u00c1N, 17 DE SEPTIEMBRE DE 2024. URUAPAN, MICH.- La ma\u00f1ana de este martes se registr\u00f3 un aparatoso choque de un veh\u00edculo compacto contra un cami\u00f3n tipo torton con saldo de tres personas [&hellip;]","og_url":"https:\/\/diarioabcdemichoacan.com.mx\/lasnoticias\/camion-de-carga-choca-contra-vehiculo-a-un-costado-de-la-central-camionera-3-lesionados\/","og_site_name":"Diario ABC de Michoac\u00e1n","article_published_time":"2024-09-17T14:50:00+00:00","og_image":[{"width":540,"height":345,"url":"https:\/\/diarioabcdemichoacan.com.mx\/lasnoticias\/wp-content\/uploads\/2024\/09\/IMG-20240917-WA0013.jpg","type":"image\/jpeg"}],"author":"AR","twitter_card":"summary_large_image","twitter_misc":{"Escrito por":"AR","Tiempo de lectura":"1 minuto"},"schema":{"@context":"https:\/\/schema.org","@graph":[{"@type":"WebPage","@id":"https:\/\/diarioabcdemichoacan.com.mx\/lasnoticias\/camion-de-carga-choca-contra-vehiculo-a-un-costado-de-la-central-camionera-3-lesionados\/","url":"https:\/\/diarioabcdemichoacan.com.mx\/lasnoticias\/camion-de-carga-choca-contra-vehiculo-a-un-costado-de-la-central-camionera-3-lesionados\/","name":"Cami\u00f3n de carga choca contra veh\u00edculo a un costado de la Central Camionera; 3 lesionados - Diario ABC de Michoac\u00e1n","isPartOf":{"@id":"https:\/\/diarioabcdemichoacan.com.mx\/lasnoticias\/#website"},"primaryImageOfPage":{"@id":"https:\/\/diarioabcdemichoacan.com.mx\/lasnoticias\/camion-de-carga-choca-contra-vehiculo-a-un-costado-de-la-central-camionera-3-lesionados\/#primaryimage"},"image":{"@id":"https:\/\/diarioabcdemichoacan.com.mx\/lasnoticias\/camion-de-carga-choca-contra-vehiculo-a-un-costado-de-la-central-camionera-3-lesionados\/#primaryimage"},"thumbnailUrl":"https:\/\/diarioabcdemichoacan.com.mx\/lasnoticias\/wp-content\/uploads\/2024\/09\/IMG-20240917-WA0013.jpg","datePublished":"2024-09-17T14:50:00+00:00","dateModified":"2024-09-17T14:50:00+00:00","author":{"@id":"https:\/\/diarioabcdemichoacan.com.mx\/lasnoticias\/#\/schema\/person\/19ae376040f6cbc489682ebdd8524852"},"breadcrumb":{"@id":"https:\/\/diarioabcdemichoacan.com.mx\/lasnoticias\/camion-de-carga-choca-contra-vehiculo-a-un-costado-de-la-central-camionera-3-lesionados\/#breadcrumb"},"inLanguage":"es","potentialAction":[{"@type":"ReadAction","target":["https:\/\/diarioabcdemichoacan.com.mx\/lasnoticias\/camion-de-carga-choca-contra-vehiculo-a-un-costado-de-la-central-camionera-3-lesionados\/"]}]},{"@type":"ImageObject","inLanguage":"es","@id":"https:\/\/diarioabcdemichoacan.com.mx\/lasnoticias\/camion-de-carga-choca-contra-vehiculo-a-un-costado-de-la-central-camionera-3-lesionados\/#primaryimage","url":"https:\/\/diarioabcdemichoacan.com.mx\/lasnoticias\/wp-content\/uploads\/2024\/09\/IMG-20240917-WA0013.jpg","contentUrl":"https:\/\/diarioabcdemichoacan.com.mx\/lasnoticias\/wp-content\/uploads\/2024\/09\/IMG-20240917-WA0013.jpg","width":540,"height":345},{"@type":"BreadcrumbList","@id":"https:\/\/diarioabcdemichoacan.com.mx\/lasnoticias\/camion-de-carga-choca-contra-vehiculo-a-un-costado-de-la-central-camionera-3-lesionados\/#breadcrumb","itemListElement":[{"@type":"ListItem","position":1,"name":"Portada","item":"https:\/\/diarioabcdemichoacan.com.mx\/lasnoticias\/"},{"@type":"ListItem","position":2,"name":"Cami\u00f3n de carga choca contra veh\u00edculo a un costado de la Central Camionera; 3 lesionados"}]},{"@type":"WebSite","@id":"https:\/\/diarioabcdemichoacan.com.mx\/lasnoticias\/#website","url":"https:\/\/diarioabcdemichoacan.com.mx\/lasnoticias\/","name":"Diario ABC de Michoac\u00e1n","description":"Las noticias al momento","potentialAction":[{"@type":"SearchAction","target":{"@type":"EntryPoint","urlTemplate":"https:\/\/diarioabcdemichoacan.com.mx\/lasnoticias\/?s={search_term_string}"},"query-input":{"@type":"PropertyValueSpecification","valueRequired":true,"valueName":"search_term_string"}}],"inLanguage":"es"},{"@type":"Person","@id":"https:\/\/diarioabcdemichoacan.com.mx\/lasnoticias\/#\/schema\/person\/19ae376040f6cbc489682ebdd8524852","name":"AR","image":{"@type":"ImageObject","inLanguage":"es","@id":"https:\/\/diarioabcdemichoacan.com.mx\/lasnoticias\/#\/schema\/person\/image\/","url":"https:\/\/secure.gravatar.com\/avatar\/44eca2ff970262234e20e1e082872af0?s=96&d=mm&r=g","contentUrl":"https:\/\/secure.gravatar.com\/avatar\/44eca2ff970262234e20e1e082872af0?s=96&d=mm&r=g","caption":"AR"},"url":"https:\/\/diarioabcdemichoacan.com.mx\/lasnoticias\/author\/adrian\/"}]}},"_links":{"self":[{"href":"https:\/\/diarioabcdemichoacan.com.mx\/lasnoticias\/wp-json\/wp\/v2\/posts\/24094","targetHints":{"allow":["GET"]}}],"collection":[{"href":"https:\/\/diarioabcdemichoacan.com.mx\/lasnoticias\/wp-json\/wp\/v2\/posts"}],"about":[{"href":"https:\/\/diarioabcdemichoacan.com.mx\/lasnoticias\/wp-json\/wp\/v2\/types\/post"}],"author":[{"embeddable":true,"href":"https:\/\/diarioabcdemichoacan.com.mx\/lasnoticias\/wp-json\/wp\/v2\/users\/9"}],"replies":[{"embeddable":true,"href":"https:\/\/diarioabcdemichoacan.com.mx\/lasnoticias\/wp-json\/wp\/v2\/comments?post=24094"}],"version-history":[{"count":1,"href":"https:\/\/diarioabcdemichoacan.com.mx\/lasnoticias\/wp-json\/wp\/v2\/posts\/24094\/revisions"}],"predecessor-version":[{"id":24096,"href":"https:\/\/diarioabcdemichoacan.com.mx\/lasnoticias\/wp-json\/wp\/v2\/posts\/24094\/revisions\/24096"}],"wp:featuredmedia":[{"embeddable":true,"href":"https:\/\/diarioabcdemichoacan.com.mx\/lasnoticias\/wp-json\/wp\/v2\/media\/24095"}],"wp:attachment":[{"href":"https:\/\/diarioabcdemichoacan.com.mx\/lasnoticias\/wp-json\/wp\/v2\/media?parent=24094"}],"wp:term":[{"taxonomy":"category","embeddable":true,"href":"https:\/\/diarioabcdemichoacan.com.mx\/lasnoticias\/wp-json\/wp\/v2\/categories?post=24094"},{"taxonomy":"post_tag","embeddable":true,"href":"https:\/\/diarioabcdemichoacan.com.mx\/lasnoticias\/wp-json\/wp\/v2\/tags?post=24094"}],"curies":[{"name":"wp","href":"https:\/\/api.w.org\/{rel}","templated":true}]}}