{"id":25478,"date":"2024-09-25T14:02:21","date_gmt":"2024-09-25T20:02:21","guid":{"rendered":"https:\/\/diarioabcdemichoacan.com.mx\/lasnoticias\/?p=25478"},"modified":"2024-09-25T14:20:33","modified_gmt":"2024-09-25T20:20:33","slug":"debemos-volver-a-hacer-que-las-defensorias-sean-del-y-para-el-pueblo-marco-antonio-tinoco-alvarez-ombudsperson-de-michoacan","status":"publish","type":"post","link":"https:\/\/diarioabcdemichoacan.com.mx\/lasnoticias\/debemos-volver-a-hacer-que-las-defensorias-sean-del-y-para-el-pueblo-marco-antonio-tinoco-alvarez-ombudsperson-de-michoacan\/","title":{"rendered":"Debemos volver a hacer que las defensor\u00edas sean del y para el pueblo: Marco Antonio Tinoco \u00c1lvarez, Ombudsperson de Michoac\u00e1n."},"content":{"rendered":"<h2>El ideal superior es que no existan Defensor\u00edas.<\/h2>\n<p>&nbsp;<\/p>\n<h6>POR REDACCI\u00d3N, DIARIO ABC DE MICHOAC\u00c1N, 25 DE SEPTIEMBRE DE 2024.<\/h6>\n<hr \/>\n<p>Morelia, Mich. &#8211; Debemos volver al origen y regresar a que las Defensor\u00edas sean del y para el pueblo, afirm\u00f3 el ombudsperson de Michoac\u00e1n, Marco Antonio Tinoco \u00c1lvarez,\u00a0 al rendir\u00a0 informe anual de labores.<\/p>\n<p>&nbsp;<\/p>\n<p>Ah\u00ed, el presidente de la Comisi\u00f3n Estatal de los Derechos Humanos de Michoac\u00e1n, reflexion\u00f3 que el ideal superior es que no existan Defensor\u00edas, bajo la premisa de que la ciudadan\u00eda y autoridades respetaran e hicieran cumplir\u00a0 la Constituci\u00f3n y por ende no existieran violaciones a los D.H. \u201cTal como ya sucede en otros pa\u00edses, como Estados Unidos, en donde no existen este tipo de instituciones, pero permea otra cultura de vida y de ser\u201d.<\/p>\n<p>&nbsp;<\/p>\n<p><img loading=\"lazy\" decoding=\"async\" class=\"alignnone size-medium wp-image-25468\" src=\"https:\/\/diarioabcdemichoacan.com.mx\/lasnoticias\/wp-content\/uploads\/2024\/09\/WhatsApp-Image-2024-09-25-at-1.09.25-PM-500x333.jpeg\" alt=\"\" width=\"500\" height=\"333\" srcset=\"https:\/\/diarioabcdemichoacan.com.mx\/lasnoticias\/wp-content\/uploads\/2024\/09\/WhatsApp-Image-2024-09-25-at-1.09.25-PM-500x333.jpeg 500w, https:\/\/diarioabcdemichoacan.com.mx\/lasnoticias\/wp-content\/uploads\/2024\/09\/WhatsApp-Image-2024-09-25-at-1.09.25-PM-1024x682.jpeg 1024w, https:\/\/diarioabcdemichoacan.com.mx\/lasnoticias\/wp-content\/uploads\/2024\/09\/WhatsApp-Image-2024-09-25-at-1.09.25-PM-768x512.jpeg 768w, https:\/\/diarioabcdemichoacan.com.mx\/lasnoticias\/wp-content\/uploads\/2024\/09\/WhatsApp-Image-2024-09-25-at-1.09.25-PM-1536x1023.jpeg 1536w, https:\/\/diarioabcdemichoacan.com.mx\/lasnoticias\/wp-content\/uploads\/2024\/09\/WhatsApp-Image-2024-09-25-at-1.09.25-PM-150x100.jpeg 150w, https:\/\/diarioabcdemichoacan.com.mx\/lasnoticias\/wp-content\/uploads\/2024\/09\/WhatsApp-Image-2024-09-25-at-1.09.25-PM-300x200.jpeg 300w, https:\/\/diarioabcdemichoacan.com.mx\/lasnoticias\/wp-content\/uploads\/2024\/09\/WhatsApp-Image-2024-09-25-at-1.09.25-PM-696x464.jpeg 696w, https:\/\/diarioabcdemichoacan.com.mx\/lasnoticias\/wp-content\/uploads\/2024\/09\/WhatsApp-Image-2024-09-25-at-1.09.25-PM-1068x712.jpeg 1068w, https:\/\/diarioabcdemichoacan.com.mx\/lasnoticias\/wp-content\/uploads\/2024\/09\/WhatsApp-Image-2024-09-25-at-1.09.25-PM.jpeg 1600w\" sizes=\"auto, (max-width: 500px) 100vw, 500px\" \/><\/p>\n<p>&nbsp;<\/p>\n<p>El ombudsperson hizo entrega del documento que da cuenta de las acciones realizadas durante el \u00faltimo a\u00f1o de trabajo, al presidente de la Mesa Directiva de la 76 Legislatura local, diputado Juan Antonio Maga\u00f1a de la Mora.<\/p>\n<p>&nbsp;<\/p>\n<p>Posteriormente, en las instalaciones de la Casa del Pueblo\u00a0 y ante representantes de la sociedad civil, medios de comunicaci\u00f3n, organismos aut\u00f3nomos y de los tres \u00f3rdenes de gobierno, asegur\u00f3 que la defensor\u00eda del pueblo trabaja arduamente en la recuperaci\u00f3n y restablecimiento de la paz social, puesto que no puede haber tranquilidad, estabilidad, gobernabilidad y bienestar, sin el pleno e irrestricto respeto a los Derechos Humanos.<\/p>\n<p>&nbsp;<\/p>\n<p><img loading=\"lazy\" decoding=\"async\" class=\"alignnone size-medium wp-image-25469\" src=\"https:\/\/diarioabcdemichoacan.com.mx\/lasnoticias\/wp-content\/uploads\/2024\/09\/WhatsApp-Image-2024-09-25-at-1.09.24-PM-4-500x333.jpeg\" alt=\"\" width=\"500\" height=\"333\" srcset=\"https:\/\/diarioabcdemichoacan.com.mx\/lasnoticias\/wp-content\/uploads\/2024\/09\/WhatsApp-Image-2024-09-25-at-1.09.24-PM-4-500x333.jpeg 500w, https:\/\/diarioabcdemichoacan.com.mx\/lasnoticias\/wp-content\/uploads\/2024\/09\/WhatsApp-Image-2024-09-25-at-1.09.24-PM-4-1024x682.jpeg 1024w, https:\/\/diarioabcdemichoacan.com.mx\/lasnoticias\/wp-content\/uploads\/2024\/09\/WhatsApp-Image-2024-09-25-at-1.09.24-PM-4-768x512.jpeg 768w, https:\/\/diarioabcdemichoacan.com.mx\/lasnoticias\/wp-content\/uploads\/2024\/09\/WhatsApp-Image-2024-09-25-at-1.09.24-PM-4-1536x1023.jpeg 1536w, https:\/\/diarioabcdemichoacan.com.mx\/lasnoticias\/wp-content\/uploads\/2024\/09\/WhatsApp-Image-2024-09-25-at-1.09.24-PM-4-150x100.jpeg 150w, https:\/\/diarioabcdemichoacan.com.mx\/lasnoticias\/wp-content\/uploads\/2024\/09\/WhatsApp-Image-2024-09-25-at-1.09.24-PM-4-300x200.jpeg 300w, https:\/\/diarioabcdemichoacan.com.mx\/lasnoticias\/wp-content\/uploads\/2024\/09\/WhatsApp-Image-2024-09-25-at-1.09.24-PM-4-696x464.jpeg 696w, https:\/\/diarioabcdemichoacan.com.mx\/lasnoticias\/wp-content\/uploads\/2024\/09\/WhatsApp-Image-2024-09-25-at-1.09.24-PM-4-1068x712.jpeg 1068w, https:\/\/diarioabcdemichoacan.com.mx\/lasnoticias\/wp-content\/uploads\/2024\/09\/WhatsApp-Image-2024-09-25-at-1.09.24-PM-4.jpeg 1600w\" sizes=\"auto, (max-width: 500px) 100vw, 500px\" \/><\/p>\n<p>&nbsp;<\/p>\n<p>Record\u00f3 que, desde el inicio de la actual administraci\u00f3n, la Comisi\u00f3n Estatal de los Derechos Humanos de Michoac\u00e1n ha venido realizando una profunda transformaci\u00f3n sustancial, organizacional y estructural que se ha fortalecido en los \u00faltimos meses en aras de recuperar la confianza y credibilidad social, de consolidar su total autonom\u00eda, y de multiplicar el trabajo coordinado con las organizaciones de la sociedad civil y las instituciones p\u00fablicas y privadas, que se han convertido en las mejores aliadas de la CEDH.<\/p>\n<p>&nbsp;<\/p>\n<p>Tinoco \u00c1lvarez dijo que en el periodo que se informa, se ha implementado una forma diferente de hacer las cosas, una visi\u00f3n de avanzada de los derechos humanos y su contribuci\u00f3n en el fortalecimiento de una sociedad democr\u00e1tica, m\u00e1s justa y en paz, con el objetivo de llevar a cabo una gesti\u00f3n m\u00e1s eficiente, menos costosa, con acciones que le sirvan al pueblo y den resultados expeditos a la sociedad.<\/p>\n<p>&nbsp;<\/p>\n<p><img loading=\"lazy\" decoding=\"async\" class=\"alignnone size-medium wp-image-25470\" src=\"https:\/\/diarioabcdemichoacan.com.mx\/lasnoticias\/wp-content\/uploads\/2024\/09\/WhatsApp-Image-2024-09-25-at-1.09.24-PM-3-500x333.jpeg\" alt=\"\" width=\"500\" height=\"333\" srcset=\"https:\/\/diarioabcdemichoacan.com.mx\/lasnoticias\/wp-content\/uploads\/2024\/09\/WhatsApp-Image-2024-09-25-at-1.09.24-PM-3-500x333.jpeg 500w, https:\/\/diarioabcdemichoacan.com.mx\/lasnoticias\/wp-content\/uploads\/2024\/09\/WhatsApp-Image-2024-09-25-at-1.09.24-PM-3-1024x682.jpeg 1024w, https:\/\/diarioabcdemichoacan.com.mx\/lasnoticias\/wp-content\/uploads\/2024\/09\/WhatsApp-Image-2024-09-25-at-1.09.24-PM-3-768x512.jpeg 768w, https:\/\/diarioabcdemichoacan.com.mx\/lasnoticias\/wp-content\/uploads\/2024\/09\/WhatsApp-Image-2024-09-25-at-1.09.24-PM-3-1536x1023.jpeg 1536w, https:\/\/diarioabcdemichoacan.com.mx\/lasnoticias\/wp-content\/uploads\/2024\/09\/WhatsApp-Image-2024-09-25-at-1.09.24-PM-3-150x100.jpeg 150w, https:\/\/diarioabcdemichoacan.com.mx\/lasnoticias\/wp-content\/uploads\/2024\/09\/WhatsApp-Image-2024-09-25-at-1.09.24-PM-3-300x200.jpeg 300w, https:\/\/diarioabcdemichoacan.com.mx\/lasnoticias\/wp-content\/uploads\/2024\/09\/WhatsApp-Image-2024-09-25-at-1.09.24-PM-3-696x464.jpeg 696w, https:\/\/diarioabcdemichoacan.com.mx\/lasnoticias\/wp-content\/uploads\/2024\/09\/WhatsApp-Image-2024-09-25-at-1.09.24-PM-3-1068x712.jpeg 1068w, https:\/\/diarioabcdemichoacan.com.mx\/lasnoticias\/wp-content\/uploads\/2024\/09\/WhatsApp-Image-2024-09-25-at-1.09.24-PM-3.jpeg 1600w\" sizes=\"auto, (max-width: 500px) 100vw, 500px\" \/><\/p>\n<p>&nbsp;<\/p>\n<p>La CEDH Michoac\u00e1n ha trabajado bajo 4 ejes rectores: defensa, gobernanza, cultura y, fortalecimiento institucional.<\/p>\n<p>&nbsp;<\/p>\n<p><strong>EJE CULTURA:\u00a0 Total de acciones\u00a0 54,211.<\/strong><\/p>\n<ul>\n<li>53,082 Personas capacitadas.<\/li>\n<li>507 Acciones de capacitaci\u00f3n.<\/li>\n<li>409 Certificados acreditados (A trav\u00e9s del Aula Virtual CEDH).<\/li>\n<li>110 Capacitaciones (Mujeres y Equidad de G\u00e9nero)<\/li>\n<li>93 Capacitaciones (Grupos vulnerables)<\/li>\n<li>7 Publicaciones Editoriales<\/li>\n<li>3 Diplomados<\/li>\n<\/ul>\n<p>&nbsp;<\/p>\n<p><img loading=\"lazy\" decoding=\"async\" class=\"alignnone size-medium wp-image-25481\" src=\"https:\/\/diarioabcdemichoacan.com.mx\/lasnoticias\/wp-content\/uploads\/2024\/09\/WhatsApp-Image-2024-09-25-at-1.09.24-PM-2-500x333.jpeg\" alt=\"\" width=\"500\" height=\"333\" srcset=\"https:\/\/diarioabcdemichoacan.com.mx\/lasnoticias\/wp-content\/uploads\/2024\/09\/WhatsApp-Image-2024-09-25-at-1.09.24-PM-2-500x333.jpeg 500w, https:\/\/diarioabcdemichoacan.com.mx\/lasnoticias\/wp-content\/uploads\/2024\/09\/WhatsApp-Image-2024-09-25-at-1.09.24-PM-2-1024x682.jpeg 1024w, https:\/\/diarioabcdemichoacan.com.mx\/lasnoticias\/wp-content\/uploads\/2024\/09\/WhatsApp-Image-2024-09-25-at-1.09.24-PM-2-768x512.jpeg 768w, https:\/\/diarioabcdemichoacan.com.mx\/lasnoticias\/wp-content\/uploads\/2024\/09\/WhatsApp-Image-2024-09-25-at-1.09.24-PM-2-1536x1023.jpeg 1536w, https:\/\/diarioabcdemichoacan.com.mx\/lasnoticias\/wp-content\/uploads\/2024\/09\/WhatsApp-Image-2024-09-25-at-1.09.24-PM-2-150x100.jpeg 150w, https:\/\/diarioabcdemichoacan.com.mx\/lasnoticias\/wp-content\/uploads\/2024\/09\/WhatsApp-Image-2024-09-25-at-1.09.24-PM-2-300x200.jpeg 300w, https:\/\/diarioabcdemichoacan.com.mx\/lasnoticias\/wp-content\/uploads\/2024\/09\/WhatsApp-Image-2024-09-25-at-1.09.24-PM-2-696x464.jpeg 696w, https:\/\/diarioabcdemichoacan.com.mx\/lasnoticias\/wp-content\/uploads\/2024\/09\/WhatsApp-Image-2024-09-25-at-1.09.24-PM-2-1068x712.jpeg 1068w, https:\/\/diarioabcdemichoacan.com.mx\/lasnoticias\/wp-content\/uploads\/2024\/09\/WhatsApp-Image-2024-09-25-at-1.09.24-PM-2.jpeg 1600w\" sizes=\"auto, (max-width: 500px) 100vw, 500px\" \/><\/p>\n<p>&nbsp;<\/p>\n<p>Se han fortalecido las acciones de investigaci\u00f3n de los derechos humanos a partir de la publicaci\u00f3n de libros, -en editoriales de prestigio internacional como Tirant Lo Blanch-, reportados como de los m\u00e1s aceptados. Se trata de: Retos y Perspectivas de Justicia Constitucional en M\u00e9xico y El Libro Blanco de los Derechos Humanos.<\/p>\n<p>&nbsp;<\/p>\n<p>Se obtuvieron los ISBN de diversas publicaciones.<\/p>\n<p>&nbsp;<\/p>\n<p><img loading=\"lazy\" decoding=\"async\" class=\"alignnone size-medium wp-image-25482\" src=\"https:\/\/diarioabcdemichoacan.com.mx\/lasnoticias\/wp-content\/uploads\/2024\/09\/WhatsApp-Image-2024-09-25-at-1.09.24-PM-1-500x357.jpeg\" alt=\"\" width=\"500\" height=\"357\" srcset=\"https:\/\/diarioabcdemichoacan.com.mx\/lasnoticias\/wp-content\/uploads\/2024\/09\/WhatsApp-Image-2024-09-25-at-1.09.24-PM-1-500x357.jpeg 500w, https:\/\/diarioabcdemichoacan.com.mx\/lasnoticias\/wp-content\/uploads\/2024\/09\/WhatsApp-Image-2024-09-25-at-1.09.24-PM-1-1024x731.jpeg 1024w, https:\/\/diarioabcdemichoacan.com.mx\/lasnoticias\/wp-content\/uploads\/2024\/09\/WhatsApp-Image-2024-09-25-at-1.09.24-PM-1-768x548.jpeg 768w, https:\/\/diarioabcdemichoacan.com.mx\/lasnoticias\/wp-content\/uploads\/2024\/09\/WhatsApp-Image-2024-09-25-at-1.09.24-PM-1-1536x1096.jpeg 1536w, https:\/\/diarioabcdemichoacan.com.mx\/lasnoticias\/wp-content\/uploads\/2024\/09\/WhatsApp-Image-2024-09-25-at-1.09.24-PM-1-150x107.jpeg 150w, https:\/\/diarioabcdemichoacan.com.mx\/lasnoticias\/wp-content\/uploads\/2024\/09\/WhatsApp-Image-2024-09-25-at-1.09.24-PM-1-300x214.jpeg 300w, https:\/\/diarioabcdemichoacan.com.mx\/lasnoticias\/wp-content\/uploads\/2024\/09\/WhatsApp-Image-2024-09-25-at-1.09.24-PM-1-696x497.jpeg 696w, https:\/\/diarioabcdemichoacan.com.mx\/lasnoticias\/wp-content\/uploads\/2024\/09\/WhatsApp-Image-2024-09-25-at-1.09.24-PM-1-1068x762.jpeg 1068w, https:\/\/diarioabcdemichoacan.com.mx\/lasnoticias\/wp-content\/uploads\/2024\/09\/WhatsApp-Image-2024-09-25-at-1.09.24-PM-1.jpeg 1600w\" sizes=\"auto, (max-width: 500px) 100vw, 500px\" \/><\/p>\n<p>&nbsp;<\/p>\n<p>Adem\u00e1s de la colecci\u00f3n infantil que en breve se presentar\u00e1:<\/p>\n<ol>\n<li>El pez y el achoque.<\/li>\n<li>Mich\u00edn. El colibr\u00ed.<\/li>\n<li>Golfina. Hilos de plata.<\/li>\n<li>Xoloi. El perro m\u00e1gico. Todos ellos en versi\u00f3n espa\u00f1ol, pur\u00e9pecha y mazahua, en un esfuerzo por visibilizar la cultura y lenguas originarias de Michoac\u00e1n.<\/li>\n<\/ol>\n<p>&nbsp;<\/p>\n<p><strong>EJE DEFENSA: Total de acciones 7, 937.<\/strong><\/p>\n<ul>\n<li>7 Acciones de Inconstitucionalidad.<\/li>\n<li>2 Amicus Curiae.<\/li>\n<li>21 Visitas de supervisi\u00f3n.<\/li>\n<li>55 Medidas cautelares.<\/li>\n<li>14 Medidas cumplidas.<\/li>\n<li>7 Recomendaciones.<\/li>\n<li>637 Colaboraciones. (Personas desaparecidas).<\/li>\n<li>224 Colaboraciones para emitir fichas de Desaparici\u00f3n. (Personas desaparecidas).<\/li>\n<li>90 Solicitudes de Informaci\u00f3n.<\/li>\n<li>1,051 Quejas Concluidas.<\/li>\n<li>87 Mecanismos Alternativos<\/li>\n<li>964 Otras v\u00edas de terminaci\u00f3n.<\/li>\n<li>598 Quejas en tr\u00e1mite.<\/li>\n<li>1649 Quejas totales.<\/li>\n<li>232 Atenciones M\u00e9dicas y psicol\u00f3gicas.<\/li>\n<li>986 Orientaciones.<\/li>\n<li>923 Canalizaciones.<\/li>\n<li>60 Acompa\u00f1amientos.<\/li>\n<li>388 Actas Circunstanciadas.<\/li>\n<li>17 Minutas.<\/li>\n<\/ul>\n<p>&nbsp;<\/p>\n<p><img loading=\"lazy\" decoding=\"async\" class=\"alignnone size-medium wp-image-25482\" src=\"https:\/\/diarioabcdemichoacan.com.mx\/lasnoticias\/wp-content\/uploads\/2024\/09\/WhatsApp-Image-2024-09-25-at-1.09.24-PM-1-500x357.jpeg\" alt=\"\" width=\"500\" height=\"357\" srcset=\"https:\/\/diarioabcdemichoacan.com.mx\/lasnoticias\/wp-content\/uploads\/2024\/09\/WhatsApp-Image-2024-09-25-at-1.09.24-PM-1-500x357.jpeg 500w, https:\/\/diarioabcdemichoacan.com.mx\/lasnoticias\/wp-content\/uploads\/2024\/09\/WhatsApp-Image-2024-09-25-at-1.09.24-PM-1-1024x731.jpeg 1024w, https:\/\/diarioabcdemichoacan.com.mx\/lasnoticias\/wp-content\/uploads\/2024\/09\/WhatsApp-Image-2024-09-25-at-1.09.24-PM-1-768x548.jpeg 768w, https:\/\/diarioabcdemichoacan.com.mx\/lasnoticias\/wp-content\/uploads\/2024\/09\/WhatsApp-Image-2024-09-25-at-1.09.24-PM-1-1536x1096.jpeg 1536w, https:\/\/diarioabcdemichoacan.com.mx\/lasnoticias\/wp-content\/uploads\/2024\/09\/WhatsApp-Image-2024-09-25-at-1.09.24-PM-1-150x107.jpeg 150w, https:\/\/diarioabcdemichoacan.com.mx\/lasnoticias\/wp-content\/uploads\/2024\/09\/WhatsApp-Image-2024-09-25-at-1.09.24-PM-1-300x214.jpeg 300w, https:\/\/diarioabcdemichoacan.com.mx\/lasnoticias\/wp-content\/uploads\/2024\/09\/WhatsApp-Image-2024-09-25-at-1.09.24-PM-1-696x497.jpeg 696w, https:\/\/diarioabcdemichoacan.com.mx\/lasnoticias\/wp-content\/uploads\/2024\/09\/WhatsApp-Image-2024-09-25-at-1.09.24-PM-1-1068x762.jpeg 1068w, https:\/\/diarioabcdemichoacan.com.mx\/lasnoticias\/wp-content\/uploads\/2024\/09\/WhatsApp-Image-2024-09-25-at-1.09.24-PM-1.jpeg 1600w\" sizes=\"auto, (max-width: 500px) 100vw, 500px\" \/><\/p>\n<p>&nbsp;<\/p>\n<p><strong>COMUNICACI\u00d3N SOCIAL:<\/strong><\/p>\n<p>Comunicados: 194<\/p>\n<p>Transmisiones y Videos: 129<\/p>\n<p>TikToks: 18<\/p>\n<p>Exhorto: 1<\/p>\n<p>Pronunciamiento: 1<\/p>\n<p>Programas producidos de TV, Radio y Podcast: 483<\/p>\n<p>Publicaciones en redes: 768<\/p>\n<p>Notas generadas: 1,038<\/p>\n<p>Revistas: 7<\/p>\n<p>&nbsp;<\/p>\n<p><strong>CONCEPTOS DE QUEJA.<\/strong><\/p>\n<p>Conceptos de violaci\u00f3n m\u00e1s se\u00f1alados: A la educaci\u00f3n, con 471 casos; el derecho a la legalidad y seguridad jur\u00eddica, con 231 casos; a las buenas pr\u00e1cticas de la administraci\u00f3n p\u00fablica, con 74 quejas; a la salud, con 69 casos; a la integridad personal y seguridad personal, con 53 menciones; a un medio ambiente sano, con 34 quejas, y, a la igualdad y trato digno (a la no discriminaci\u00f3n), con 23 quejas.<\/p>\n<p>&nbsp;<\/p>\n<p><img loading=\"lazy\" decoding=\"async\" class=\"alignnone size-medium wp-image-25483\" src=\"https:\/\/diarioabcdemichoacan.com.mx\/lasnoticias\/wp-content\/uploads\/2024\/09\/WhatsApp-Image-2024-09-25-at-1.09.24-PM-500x333.jpeg\" alt=\"\" width=\"500\" height=\"333\" srcset=\"https:\/\/diarioabcdemichoacan.com.mx\/lasnoticias\/wp-content\/uploads\/2024\/09\/WhatsApp-Image-2024-09-25-at-1.09.24-PM-500x333.jpeg 500w, https:\/\/diarioabcdemichoacan.com.mx\/lasnoticias\/wp-content\/uploads\/2024\/09\/WhatsApp-Image-2024-09-25-at-1.09.24-PM-1024x682.jpeg 1024w, https:\/\/diarioabcdemichoacan.com.mx\/lasnoticias\/wp-content\/uploads\/2024\/09\/WhatsApp-Image-2024-09-25-at-1.09.24-PM-768x512.jpeg 768w, https:\/\/diarioabcdemichoacan.com.mx\/lasnoticias\/wp-content\/uploads\/2024\/09\/WhatsApp-Image-2024-09-25-at-1.09.24-PM-1536x1023.jpeg 1536w, https:\/\/diarioabcdemichoacan.com.mx\/lasnoticias\/wp-content\/uploads\/2024\/09\/WhatsApp-Image-2024-09-25-at-1.09.24-PM-150x100.jpeg 150w, https:\/\/diarioabcdemichoacan.com.mx\/lasnoticias\/wp-content\/uploads\/2024\/09\/WhatsApp-Image-2024-09-25-at-1.09.24-PM-300x200.jpeg 300w, https:\/\/diarioabcdemichoacan.com.mx\/lasnoticias\/wp-content\/uploads\/2024\/09\/WhatsApp-Image-2024-09-25-at-1.09.24-PM-696x464.jpeg 696w, https:\/\/diarioabcdemichoacan.com.mx\/lasnoticias\/wp-content\/uploads\/2024\/09\/WhatsApp-Image-2024-09-25-at-1.09.24-PM-1068x712.jpeg 1068w, https:\/\/diarioabcdemichoacan.com.mx\/lasnoticias\/wp-content\/uploads\/2024\/09\/WhatsApp-Image-2024-09-25-at-1.09.24-PM.jpeg 1600w\" sizes=\"auto, (max-width: 500px) 100vw, 500px\" \/><\/p>\n<p>&nbsp;<\/p>\n<p><strong>AUTORIDADES SE\u00d1ALADAS:<\/strong><\/p>\n<p>Durante el periodo que se informa, se presentaron quejas contras las siguientes autoridades:\u00a0 Secretar\u00eda de Educaci\u00f3n del Estado, 609 quejas; Fiscal\u00eda General en el Estado,\u00a0 160;\u00a0 Guardia Civil del Estado de Michoac\u00e1n, 56;\u00a0 Instituto Mexicano del Seguro Social, 53;\u00a0 Polic\u00eda Municipal y la Secretar\u00eda de Seguridad P\u00fablica Estatal tuvieron 44 quejas cada una; la Coordinaci\u00f3n del Sistema Penitenciario del Estado de Michoac\u00e1n, 36 quejas; la Secretar\u00eda de Salud, 31; ayuntamientos como el de L\u00e1zaro C\u00e1rdenas y Zamora registraron 17 y 8 quejas, respectivamente; el Centro Penitenciario de Alta Seguridad para Delito de Alto Impacto y el Ayuntamiento de \u00c1lvaro Obreg\u00f3n fueron responsables de 4 quejas cada uno, mientras que la Comisi\u00f3n Municipal de Seguridad Ciudadana o Polic\u00eda Morelia, acumul\u00f3 24 quejas.<\/p>\n<p>&nbsp;<\/p>\n<p><strong>EJE GOBERNANZA:\u00a0 Total de acciones : 5,830.<\/strong><\/p>\n<ul>\n<li>80 Acciones de vinculaci\u00f3n estrat\u00e9gica.<\/li>\n<li>25 Convenios de colaboraci\u00f3n.<\/li>\n<li>191 Acciones de vinculaci\u00f3n institucional.<\/li>\n<li>127 Representaciones institucionales.<\/li>\n<li>2 Informes Especiales.<\/li>\n<li>492 Gestiones de atenci\u00f3n. (En materia de personas desaparecidas).<\/li>\n<li>4,913 Personas atendidas. (En materia de personas desaparecidas).<\/li>\n<\/ul>\n<p>&nbsp;<\/p>\n<p><img loading=\"lazy\" decoding=\"async\" class=\"alignnone size-medium wp-image-25484\" src=\"https:\/\/diarioabcdemichoacan.com.mx\/lasnoticias\/wp-content\/uploads\/2024\/09\/WhatsApp-Image-2024-09-25-at-1.09.23-PM-4-500x333.jpeg\" alt=\"\" width=\"500\" height=\"333\" srcset=\"https:\/\/diarioabcdemichoacan.com.mx\/lasnoticias\/wp-content\/uploads\/2024\/09\/WhatsApp-Image-2024-09-25-at-1.09.23-PM-4-500x333.jpeg 500w, https:\/\/diarioabcdemichoacan.com.mx\/lasnoticias\/wp-content\/uploads\/2024\/09\/WhatsApp-Image-2024-09-25-at-1.09.23-PM-4-1024x682.jpeg 1024w, https:\/\/diarioabcdemichoacan.com.mx\/lasnoticias\/wp-content\/uploads\/2024\/09\/WhatsApp-Image-2024-09-25-at-1.09.23-PM-4-768x512.jpeg 768w, https:\/\/diarioabcdemichoacan.com.mx\/lasnoticias\/wp-content\/uploads\/2024\/09\/WhatsApp-Image-2024-09-25-at-1.09.23-PM-4-1536x1023.jpeg 1536w, https:\/\/diarioabcdemichoacan.com.mx\/lasnoticias\/wp-content\/uploads\/2024\/09\/WhatsApp-Image-2024-09-25-at-1.09.23-PM-4-150x100.jpeg 150w, https:\/\/diarioabcdemichoacan.com.mx\/lasnoticias\/wp-content\/uploads\/2024\/09\/WhatsApp-Image-2024-09-25-at-1.09.23-PM-4-300x200.jpeg 300w, https:\/\/diarioabcdemichoacan.com.mx\/lasnoticias\/wp-content\/uploads\/2024\/09\/WhatsApp-Image-2024-09-25-at-1.09.23-PM-4-696x464.jpeg 696w, https:\/\/diarioabcdemichoacan.com.mx\/lasnoticias\/wp-content\/uploads\/2024\/09\/WhatsApp-Image-2024-09-25-at-1.09.23-PM-4-1068x712.jpeg 1068w, https:\/\/diarioabcdemichoacan.com.mx\/lasnoticias\/wp-content\/uploads\/2024\/09\/WhatsApp-Image-2024-09-25-at-1.09.23-PM-4.jpeg 1600w\" sizes=\"auto, (max-width: 500px) 100vw, 500px\" \/><\/p>\n<p>&nbsp;<\/p>\n<p><strong>EJE FORTALECIMIENTO INSTITUCIONAL: Total de acciones: 23, 314.<\/strong><\/p>\n<ul>\n<li>Acreditaci\u00f3n \u201cA\u201d por el Programa Regional de Apoyo a las Defensor\u00edas del Pueblo de Iberoam\u00e9rica.<\/li>\n<li>100% expedientes digitalizados del fondo documental.<\/li>\n<li>23,169 cumplimientos de obligaciones de transparencia.<\/li>\n<li>124 acciones de capacitaci\u00f3n al personal.<\/li>\n<li>21 personas servidoras p\u00fablicas certificadas.<\/li>\n<li>18.53% de incremento en personas capacitadas respecto al a\u00f1o 2023.<\/li>\n<li>155.88% de incremento en acuerdos derivados de Mecanismos Alternativos de Soluci\u00f3n de Controversias.<\/li>\n<\/ul>\n<p>&nbsp;<\/p>\n<p>Dando un GRAN TOTAL de 91, 477 acciones y atenciones.<\/p>\n<p>&nbsp;<\/p>\n<p><img loading=\"lazy\" decoding=\"async\" class=\"alignnone size-medium wp-image-25486\" src=\"https:\/\/diarioabcdemichoacan.com.mx\/lasnoticias\/wp-content\/uploads\/2024\/09\/WhatsApp-Image-2024-09-25-at-1.09.23-PM-2-500x333.jpeg\" alt=\"\" width=\"500\" height=\"333\" srcset=\"https:\/\/diarioabcdemichoacan.com.mx\/lasnoticias\/wp-content\/uploads\/2024\/09\/WhatsApp-Image-2024-09-25-at-1.09.23-PM-2-500x333.jpeg 500w, https:\/\/diarioabcdemichoacan.com.mx\/lasnoticias\/wp-content\/uploads\/2024\/09\/WhatsApp-Image-2024-09-25-at-1.09.23-PM-2-1024x682.jpeg 1024w, https:\/\/diarioabcdemichoacan.com.mx\/lasnoticias\/wp-content\/uploads\/2024\/09\/WhatsApp-Image-2024-09-25-at-1.09.23-PM-2-768x512.jpeg 768w, https:\/\/diarioabcdemichoacan.com.mx\/lasnoticias\/wp-content\/uploads\/2024\/09\/WhatsApp-Image-2024-09-25-at-1.09.23-PM-2-150x100.jpeg 150w, https:\/\/diarioabcdemichoacan.com.mx\/lasnoticias\/wp-content\/uploads\/2024\/09\/WhatsApp-Image-2024-09-25-at-1.09.23-PM-2-300x200.jpeg 300w, https:\/\/diarioabcdemichoacan.com.mx\/lasnoticias\/wp-content\/uploads\/2024\/09\/WhatsApp-Image-2024-09-25-at-1.09.23-PM-2-696x464.jpeg 696w, https:\/\/diarioabcdemichoacan.com.mx\/lasnoticias\/wp-content\/uploads\/2024\/09\/WhatsApp-Image-2024-09-25-at-1.09.23-PM-2-1068x712.jpeg 1068w, https:\/\/diarioabcdemichoacan.com.mx\/lasnoticias\/wp-content\/uploads\/2024\/09\/WhatsApp-Image-2024-09-25-at-1.09.23-PM-2.jpeg 1280w\" sizes=\"auto, (max-width: 500px) 100vw, 500px\" \/><\/p>\n<p>&nbsp;<\/p>\n<p>Cuenta adem\u00e1s con:<\/p>\n<ul>\n<li>Certificaci\u00f3n de competencias por el Consejo Nacional de Normalizaci\u00f3n y Certificaci\u00f3n de Competencias Laborales (CONOCER).<\/li>\n<li>Certificaci\u00f3n EC1038 \u201cIntervenci\u00f3n para soluci\u00f3n de conflictos\u201d<\/li>\n<\/ul>\n","protected":false},"excerpt":{"rendered":"<p>El ideal superior es que no existan Defensor\u00edas. &nbsp; POR REDACCI\u00d3N, DIARIO ABC DE MICHOAC\u00c1N, 25 DE SEPTIEMBRE DE 2024. Morelia, Mich. &#8211; Debemos volver al origen y regresar a que las Defensor\u00edas sean del y para el pueblo, afirm\u00f3 el ombudsperson de Michoac\u00e1n, Marco Antonio Tinoco \u00c1lvarez,\u00a0 al rendir\u00a0 informe anual de labores. &nbsp; [&hellip;]<\/p>\n","protected":false},"author":9,"featured_media":25467,"comment_status":"closed","ping_status":"closed","sticky":false,"template":"","format":"standard","meta":{"footnotes":""},"categories":[10,27],"tags":[],"class_list":{"0":"post-25478","1":"post","2":"type-post","3":"status-publish","4":"format-standard","5":"has-post-thumbnail","7":"category-estado","8":"category-slider"},"yoast_head":"<!-- This site is optimized with the Yoast SEO plugin v24.0 - https:\/\/yoast.com\/wordpress\/plugins\/seo\/ -->\n<title>Debemos volver a hacer que las defensor\u00edas sean del y para el pueblo: Marco Antonio Tinoco \u00c1lvarez, Ombudsperson de Michoac\u00e1n. - Diario ABC de Michoac\u00e1n<\/title>\n<meta name=\"robots\" content=\"index, follow, max-snippet:-1, max-image-preview:large, max-video-preview:-1\" \/>\n<link rel=\"canonical\" href=\"https:\/\/diarioabcdemichoacan.com.mx\/lasnoticias\/debemos-volver-a-hacer-que-las-defensorias-sean-del-y-para-el-pueblo-marco-antonio-tinoco-alvarez-ombudsperson-de-michoacan\/\" \/>\n<meta property=\"og:locale\" content=\"es_ES\" \/>\n<meta property=\"og:type\" content=\"article\" \/>\n<meta property=\"og:title\" content=\"Debemos volver a hacer que las defensor\u00edas sean del y para el pueblo: Marco Antonio Tinoco \u00c1lvarez, Ombudsperson de Michoac\u00e1n. - Diario ABC de Michoac\u00e1n\" \/>\n<meta property=\"og:description\" content=\"El ideal superior es que no existan Defensor\u00edas. &nbsp; POR REDACCI\u00d3N, DIARIO ABC DE MICHOAC\u00c1N, 25 DE SEPTIEMBRE DE 2024. Morelia, Mich. &#8211; Debemos volver al origen y regresar a que las Defensor\u00edas sean del y para el pueblo, afirm\u00f3 el ombudsperson de Michoac\u00e1n, Marco Antonio Tinoco \u00c1lvarez,\u00a0 al rendir\u00a0 informe anual de labores. &nbsp; [&hellip;]\" \/>\n<meta property=\"og:url\" content=\"https:\/\/diarioabcdemichoacan.com.mx\/lasnoticias\/debemos-volver-a-hacer-que-las-defensorias-sean-del-y-para-el-pueblo-marco-antonio-tinoco-alvarez-ombudsperson-de-michoacan\/\" \/>\n<meta property=\"og:site_name\" content=\"Diario ABC de Michoac\u00e1n\" \/>\n<meta property=\"article:published_time\" content=\"2024-09-25T20:02:21+00:00\" \/>\n<meta property=\"article:modified_time\" content=\"2024-09-25T20:20:33+00:00\" \/>\n<meta property=\"og:image\" content=\"https:\/\/diarioabcdemichoacan.com.mx\/lasnoticias\/wp-content\/uploads\/2024\/09\/WhatsApp-Image-2024-09-25-at-1.09.25-PM-1.jpeg\" \/>\n\t<meta property=\"og:image:width\" content=\"1280\" \/>\n\t<meta property=\"og:image:height\" content=\"853\" \/>\n\t<meta property=\"og:image:type\" content=\"image\/jpeg\" \/>\n<meta name=\"author\" content=\"AR\" \/>\n<meta name=\"twitter:card\" content=\"summary_large_image\" \/>\n<meta name=\"twitter:label1\" content=\"Escrito por\" \/>\n\t<meta name=\"twitter:data1\" content=\"AR\" \/>\n\t<meta name=\"twitter:label2\" content=\"Tiempo de lectura\" \/>\n\t<meta name=\"twitter:data2\" content=\"7 minutos\" \/>\n<script type=\"application\/ld+json\" class=\"yoast-schema-graph\">{\"@context\":\"https:\/\/schema.org\",\"@graph\":[{\"@type\":\"WebPage\",\"@id\":\"https:\/\/diarioabcdemichoacan.com.mx\/lasnoticias\/debemos-volver-a-hacer-que-las-defensorias-sean-del-y-para-el-pueblo-marco-antonio-tinoco-alvarez-ombudsperson-de-michoacan\/\",\"url\":\"https:\/\/diarioabcdemichoacan.com.mx\/lasnoticias\/debemos-volver-a-hacer-que-las-defensorias-sean-del-y-para-el-pueblo-marco-antonio-tinoco-alvarez-ombudsperson-de-michoacan\/\",\"name\":\"Debemos volver a hacer que las defensor\u00edas sean del y para el pueblo: Marco Antonio Tinoco \u00c1lvarez, Ombudsperson de Michoac\u00e1n. - Diario ABC de Michoac\u00e1n\",\"isPartOf\":{\"@id\":\"https:\/\/diarioabcdemichoacan.com.mx\/lasnoticias\/#website\"},\"primaryImageOfPage\":{\"@id\":\"https:\/\/diarioabcdemichoacan.com.mx\/lasnoticias\/debemos-volver-a-hacer-que-las-defensorias-sean-del-y-para-el-pueblo-marco-antonio-tinoco-alvarez-ombudsperson-de-michoacan\/#primaryimage\"},\"image\":{\"@id\":\"https:\/\/diarioabcdemichoacan.com.mx\/lasnoticias\/debemos-volver-a-hacer-que-las-defensorias-sean-del-y-para-el-pueblo-marco-antonio-tinoco-alvarez-ombudsperson-de-michoacan\/#primaryimage\"},\"thumbnailUrl\":\"https:\/\/diarioabcdemichoacan.com.mx\/lasnoticias\/wp-content\/uploads\/2024\/09\/WhatsApp-Image-2024-09-25-at-1.09.25-PM-1.jpeg\",\"datePublished\":\"2024-09-25T20:02:21+00:00\",\"dateModified\":\"2024-09-25T20:20:33+00:00\",\"author\":{\"@id\":\"https:\/\/diarioabcdemichoacan.com.mx\/lasnoticias\/#\/schema\/person\/19ae376040f6cbc489682ebdd8524852\"},\"breadcrumb\":{\"@id\":\"https:\/\/diarioabcdemichoacan.com.mx\/lasnoticias\/debemos-volver-a-hacer-que-las-defensorias-sean-del-y-para-el-pueblo-marco-antonio-tinoco-alvarez-ombudsperson-de-michoacan\/#breadcrumb\"},\"inLanguage\":\"es\",\"potentialAction\":[{\"@type\":\"ReadAction\",\"target\":[\"https:\/\/diarioabcdemichoacan.com.mx\/lasnoticias\/debemos-volver-a-hacer-que-las-defensorias-sean-del-y-para-el-pueblo-marco-antonio-tinoco-alvarez-ombudsperson-de-michoacan\/\"]}]},{\"@type\":\"ImageObject\",\"inLanguage\":\"es\",\"@id\":\"https:\/\/diarioabcdemichoacan.com.mx\/lasnoticias\/debemos-volver-a-hacer-que-las-defensorias-sean-del-y-para-el-pueblo-marco-antonio-tinoco-alvarez-ombudsperson-de-michoacan\/#primaryimage\",\"url\":\"https:\/\/diarioabcdemichoacan.com.mx\/lasnoticias\/wp-content\/uploads\/2024\/09\/WhatsApp-Image-2024-09-25-at-1.09.25-PM-1.jpeg\",\"contentUrl\":\"https:\/\/diarioabcdemichoacan.com.mx\/lasnoticias\/wp-content\/uploads\/2024\/09\/WhatsApp-Image-2024-09-25-at-1.09.25-PM-1.jpeg\",\"width\":1280,\"height\":853},{\"@type\":\"BreadcrumbList\",\"@id\":\"https:\/\/diarioabcdemichoacan.com.mx\/lasnoticias\/debemos-volver-a-hacer-que-las-defensorias-sean-del-y-para-el-pueblo-marco-antonio-tinoco-alvarez-ombudsperson-de-michoacan\/#breadcrumb\",\"itemListElement\":[{\"@type\":\"ListItem\",\"position\":1,\"name\":\"Portada\",\"item\":\"https:\/\/diarioabcdemichoacan.com.mx\/lasnoticias\/\"},{\"@type\":\"ListItem\",\"position\":2,\"name\":\"Debemos volver a hacer que las defensor\u00edas sean del y para el pueblo: Marco Antonio Tinoco \u00c1lvarez, Ombudsperson de Michoac\u00e1n.\"}]},{\"@type\":\"WebSite\",\"@id\":\"https:\/\/diarioabcdemichoacan.com.mx\/lasnoticias\/#website\",\"url\":\"https:\/\/diarioabcdemichoacan.com.mx\/lasnoticias\/\",\"name\":\"Diario ABC de Michoac\u00e1n\",\"description\":\"Las noticias al momento\",\"potentialAction\":[{\"@type\":\"SearchAction\",\"target\":{\"@type\":\"EntryPoint\",\"urlTemplate\":\"https:\/\/diarioabcdemichoacan.com.mx\/lasnoticias\/?s={search_term_string}\"},\"query-input\":{\"@type\":\"PropertyValueSpecification\",\"valueRequired\":true,\"valueName\":\"search_term_string\"}}],\"inLanguage\":\"es\"},{\"@type\":\"Person\",\"@id\":\"https:\/\/diarioabcdemichoacan.com.mx\/lasnoticias\/#\/schema\/person\/19ae376040f6cbc489682ebdd8524852\",\"name\":\"AR\",\"image\":{\"@type\":\"ImageObject\",\"inLanguage\":\"es\",\"@id\":\"https:\/\/diarioabcdemichoacan.com.mx\/lasnoticias\/#\/schema\/person\/image\/\",\"url\":\"https:\/\/secure.gravatar.com\/avatar\/44eca2ff970262234e20e1e082872af0?s=96&d=mm&r=g\",\"contentUrl\":\"https:\/\/secure.gravatar.com\/avatar\/44eca2ff970262234e20e1e082872af0?s=96&d=mm&r=g\",\"caption\":\"AR\"},\"url\":\"https:\/\/diarioabcdemichoacan.com.mx\/lasnoticias\/author\/adrian\/\"}]}<\/script>\n<!-- \/ Yoast SEO plugin. -->","yoast_head_json":{"title":"Debemos volver a hacer que las defensor\u00edas sean del y para el pueblo: Marco Antonio Tinoco \u00c1lvarez, Ombudsperson de Michoac\u00e1n. - Diario ABC de Michoac\u00e1n","robots":{"index":"index","follow":"follow","max-snippet":"max-snippet:-1","max-image-preview":"max-image-preview:large","max-video-preview":"max-video-preview:-1"},"canonical":"https:\/\/diarioabcdemichoacan.com.mx\/lasnoticias\/debemos-volver-a-hacer-que-las-defensorias-sean-del-y-para-el-pueblo-marco-antonio-tinoco-alvarez-ombudsperson-de-michoacan\/","og_locale":"es_ES","og_type":"article","og_title":"Debemos volver a hacer que las defensor\u00edas sean del y para el pueblo: Marco Antonio Tinoco \u00c1lvarez, Ombudsperson de Michoac\u00e1n. - Diario ABC de Michoac\u00e1n","og_description":"El ideal superior es que no existan Defensor\u00edas. &nbsp; POR REDACCI\u00d3N, DIARIO ABC DE MICHOAC\u00c1N, 25 DE SEPTIEMBRE DE 2024. Morelia, Mich. &#8211; Debemos volver al origen y regresar a que las Defensor\u00edas sean del y para el pueblo, afirm\u00f3 el ombudsperson de Michoac\u00e1n, Marco Antonio Tinoco \u00c1lvarez,\u00a0 al rendir\u00a0 informe anual de labores. &nbsp; [&hellip;]","og_url":"https:\/\/diarioabcdemichoacan.com.mx\/lasnoticias\/debemos-volver-a-hacer-que-las-defensorias-sean-del-y-para-el-pueblo-marco-antonio-tinoco-alvarez-ombudsperson-de-michoacan\/","og_site_name":"Diario ABC de Michoac\u00e1n","article_published_time":"2024-09-25T20:02:21+00:00","article_modified_time":"2024-09-25T20:20:33+00:00","og_image":[{"width":1280,"height":853,"url":"https:\/\/diarioabcdemichoacan.com.mx\/lasnoticias\/wp-content\/uploads\/2024\/09\/WhatsApp-Image-2024-09-25-at-1.09.25-PM-1.jpeg","type":"image\/jpeg"}],"author":"AR","twitter_card":"summary_large_image","twitter_misc":{"Escrito por":"AR","Tiempo de lectura":"7 minutos"},"schema":{"@context":"https:\/\/schema.org","@graph":[{"@type":"WebPage","@id":"https:\/\/diarioabcdemichoacan.com.mx\/lasnoticias\/debemos-volver-a-hacer-que-las-defensorias-sean-del-y-para-el-pueblo-marco-antonio-tinoco-alvarez-ombudsperson-de-michoacan\/","url":"https:\/\/diarioabcdemichoacan.com.mx\/lasnoticias\/debemos-volver-a-hacer-que-las-defensorias-sean-del-y-para-el-pueblo-marco-antonio-tinoco-alvarez-ombudsperson-de-michoacan\/","name":"Debemos volver a hacer que las defensor\u00edas sean del y para el pueblo: Marco Antonio Tinoco \u00c1lvarez, Ombudsperson de Michoac\u00e1n. - Diario ABC de Michoac\u00e1n","isPartOf":{"@id":"https:\/\/diarioabcdemichoacan.com.mx\/lasnoticias\/#website"},"primaryImageOfPage":{"@id":"https:\/\/diarioabcdemichoacan.com.mx\/lasnoticias\/debemos-volver-a-hacer-que-las-defensorias-sean-del-y-para-el-pueblo-marco-antonio-tinoco-alvarez-ombudsperson-de-michoacan\/#primaryimage"},"image":{"@id":"https:\/\/diarioabcdemichoacan.com.mx\/lasnoticias\/debemos-volver-a-hacer-que-las-defensorias-sean-del-y-para-el-pueblo-marco-antonio-tinoco-alvarez-ombudsperson-de-michoacan\/#primaryimage"},"thumbnailUrl":"https:\/\/diarioabcdemichoacan.com.mx\/lasnoticias\/wp-content\/uploads\/2024\/09\/WhatsApp-Image-2024-09-25-at-1.09.25-PM-1.jpeg","datePublished":"2024-09-25T20:02:21+00:00","dateModified":"2024-09-25T20:20:33+00:00","author":{"@id":"https:\/\/diarioabcdemichoacan.com.mx\/lasnoticias\/#\/schema\/person\/19ae376040f6cbc489682ebdd8524852"},"breadcrumb":{"@id":"https:\/\/diarioabcdemichoacan.com.mx\/lasnoticias\/debemos-volver-a-hacer-que-las-defensorias-sean-del-y-para-el-pueblo-marco-antonio-tinoco-alvarez-ombudsperson-de-michoacan\/#breadcrumb"},"inLanguage":"es","potentialAction":[{"@type":"ReadAction","target":["https:\/\/diarioabcdemichoacan.com.mx\/lasnoticias\/debemos-volver-a-hacer-que-las-defensorias-sean-del-y-para-el-pueblo-marco-antonio-tinoco-alvarez-ombudsperson-de-michoacan\/"]}]},{"@type":"ImageObject","inLanguage":"es","@id":"https:\/\/diarioabcdemichoacan.com.mx\/lasnoticias\/debemos-volver-a-hacer-que-las-defensorias-sean-del-y-para-el-pueblo-marco-antonio-tinoco-alvarez-ombudsperson-de-michoacan\/#primaryimage","url":"https:\/\/diarioabcdemichoacan.com.mx\/lasnoticias\/wp-content\/uploads\/2024\/09\/WhatsApp-Image-2024-09-25-at-1.09.25-PM-1.jpeg","contentUrl":"https:\/\/diarioabcdemichoacan.com.mx\/lasnoticias\/wp-content\/uploads\/2024\/09\/WhatsApp-Image-2024-09-25-at-1.09.25-PM-1.jpeg","width":1280,"height":853},{"@type":"BreadcrumbList","@id":"https:\/\/diarioabcdemichoacan.com.mx\/lasnoticias\/debemos-volver-a-hacer-que-las-defensorias-sean-del-y-para-el-pueblo-marco-antonio-tinoco-alvarez-ombudsperson-de-michoacan\/#breadcrumb","itemListElement":[{"@type":"ListItem","position":1,"name":"Portada","item":"https:\/\/diarioabcdemichoacan.com.mx\/lasnoticias\/"},{"@type":"ListItem","position":2,"name":"Debemos volver a hacer que las defensor\u00edas sean del y para el pueblo: Marco Antonio Tinoco \u00c1lvarez, Ombudsperson de Michoac\u00e1n."}]},{"@type":"WebSite","@id":"https:\/\/diarioabcdemichoacan.com.mx\/lasnoticias\/#website","url":"https:\/\/diarioabcdemichoacan.com.mx\/lasnoticias\/","name":"Diario ABC de Michoac\u00e1n","description":"Las noticias al momento","potentialAction":[{"@type":"SearchAction","target":{"@type":"EntryPoint","urlTemplate":"https:\/\/diarioabcdemichoacan.com.mx\/lasnoticias\/?s={search_term_string}"},"query-input":{"@type":"PropertyValueSpecification","valueRequired":true,"valueName":"search_term_string"}}],"inLanguage":"es"},{"@type":"Person","@id":"https:\/\/diarioabcdemichoacan.com.mx\/lasnoticias\/#\/schema\/person\/19ae376040f6cbc489682ebdd8524852","name":"AR","image":{"@type":"ImageObject","inLanguage":"es","@id":"https:\/\/diarioabcdemichoacan.com.mx\/lasnoticias\/#\/schema\/person\/image\/","url":"https:\/\/secure.gravatar.com\/avatar\/44eca2ff970262234e20e1e082872af0?s=96&d=mm&r=g","contentUrl":"https:\/\/secure.gravatar.com\/avatar\/44eca2ff970262234e20e1e082872af0?s=96&d=mm&r=g","caption":"AR"},"url":"https:\/\/diarioabcdemichoacan.com.mx\/lasnoticias\/author\/adrian\/"}]}},"_links":{"self":[{"href":"https:\/\/diarioabcdemichoacan.com.mx\/lasnoticias\/wp-json\/wp\/v2\/posts\/25478","targetHints":{"allow":["GET"]}}],"collection":[{"href":"https:\/\/diarioabcdemichoacan.com.mx\/lasnoticias\/wp-json\/wp\/v2\/posts"}],"about":[{"href":"https:\/\/diarioabcdemichoacan.com.mx\/lasnoticias\/wp-json\/wp\/v2\/types\/post"}],"author":[{"embeddable":true,"href":"https:\/\/diarioabcdemichoacan.com.mx\/lasnoticias\/wp-json\/wp\/v2\/users\/9"}],"replies":[{"embeddable":true,"href":"https:\/\/diarioabcdemichoacan.com.mx\/lasnoticias\/wp-json\/wp\/v2\/comments?post=25478"}],"version-history":[{"count":3,"href":"https:\/\/diarioabcdemichoacan.com.mx\/lasnoticias\/wp-json\/wp\/v2\/posts\/25478\/revisions"}],"predecessor-version":[{"id":25491,"href":"https:\/\/diarioabcdemichoacan.com.mx\/lasnoticias\/wp-json\/wp\/v2\/posts\/25478\/revisions\/25491"}],"wp:featuredmedia":[{"embeddable":true,"href":"https:\/\/diarioabcdemichoacan.com.mx\/lasnoticias\/wp-json\/wp\/v2\/media\/25467"}],"wp:attachment":[{"href":"https:\/\/diarioabcdemichoacan.com.mx\/lasnoticias\/wp-json\/wp\/v2\/media?parent=25478"}],"wp:term":[{"taxonomy":"category","embeddable":true,"href":"https:\/\/diarioabcdemichoacan.com.mx\/lasnoticias\/wp-json\/wp\/v2\/categories?post=25478"},{"taxonomy":"post_tag","embeddable":true,"href":"https:\/\/diarioabcdemichoacan.com.mx\/lasnoticias\/wp-json\/wp\/v2\/tags?post=25478"}],"curies":[{"name":"wp","href":"https:\/\/api.w.org\/{rel}","templated":true}]}}