{"id":25479,"date":"2024-09-25T14:33:58","date_gmt":"2024-09-25T20:33:58","guid":{"rendered":"https:\/\/diarioabcdemichoacan.com.mx\/lasnoticias\/?p=25479"},"modified":"2024-09-25T14:43:31","modified_gmt":"2024-09-25T20:43:31","slug":"continua-bedolla-gestiones-para-la-atraccion-de-vuelos-al-puerto-de-lc","status":"publish","type":"post","link":"https:\/\/diarioabcdemichoacan.com.mx\/lasnoticias\/continua-bedolla-gestiones-para-la-atraccion-de-vuelos-al-puerto-de-lc\/","title":{"rendered":"Contin\u00faa Bedolla gestiones para la atracci\u00f3n de vuelos al puerto de LC."},"content":{"rendered":"<h2>Atracci\u00f3n de vuelos y ampliaci\u00f3n del Aeropuerto Nacional.<\/h2>\n<p>&nbsp;<\/p>\n<h6>POR REDACCI\u00d3N, DIARIO ABC DE MICHOAC\u00c1N, 25 DE SEPTIEMBRE DE 2024.<\/h6>\n<hr \/>\n<p>Ciudad de M\u00e9xico. &#8211; El gobernador Alfredo Ram\u00edrez Bedolla se reuni\u00f3 con el director general del Grupo Aeroportuario de la Ciudad de M\u00e9xico, almirante en retiro Juan Jos\u00e9 Padilla Olmos, para dar seguimiento a la atracci\u00f3n de vuelos y ampliaci\u00f3n del Aeropuerto Nacional General L\u00e1zaro C\u00e1rdenas del R\u00edo.<\/p>\n<p>&nbsp;<\/p>\n<p>En las instalaciones de la Secretar\u00eda de Marina Armada de M\u00e9xico, el mandatario comparti\u00f3 que, en coordinaci\u00f3n con la Administraci\u00f3n del Sistema Portuario Nacional de L\u00e1zaro C\u00e1rdenas (Asipona), se revisan proyectos para mejorar la conectividad a\u00e9rea, terrestre y mar\u00edtima del puerto.<\/p>\n<p>&nbsp;<\/p>\n<p><img loading=\"lazy\" decoding=\"async\" class=\"alignnone size-medium wp-image-25493\" src=\"https:\/\/diarioabcdemichoacan.com.mx\/lasnoticias\/wp-content\/uploads\/2024\/09\/WhatsApp-Image-2024-09-25-at-1.59.41-PM-1-500x333.jpeg\" alt=\"\" width=\"500\" height=\"333\" srcset=\"https:\/\/diarioabcdemichoacan.com.mx\/lasnoticias\/wp-content\/uploads\/2024\/09\/WhatsApp-Image-2024-09-25-at-1.59.41-PM-1-500x333.jpeg 500w, https:\/\/diarioabcdemichoacan.com.mx\/lasnoticias\/wp-content\/uploads\/2024\/09\/WhatsApp-Image-2024-09-25-at-1.59.41-PM-1-1024x682.jpeg 1024w, https:\/\/diarioabcdemichoacan.com.mx\/lasnoticias\/wp-content\/uploads\/2024\/09\/WhatsApp-Image-2024-09-25-at-1.59.41-PM-1-768x512.jpeg 768w, https:\/\/diarioabcdemichoacan.com.mx\/lasnoticias\/wp-content\/uploads\/2024\/09\/WhatsApp-Image-2024-09-25-at-1.59.41-PM-1-1536x1023.jpeg 1536w, https:\/\/diarioabcdemichoacan.com.mx\/lasnoticias\/wp-content\/uploads\/2024\/09\/WhatsApp-Image-2024-09-25-at-1.59.41-PM-1-150x100.jpeg 150w, https:\/\/diarioabcdemichoacan.com.mx\/lasnoticias\/wp-content\/uploads\/2024\/09\/WhatsApp-Image-2024-09-25-at-1.59.41-PM-1-300x200.jpeg 300w, https:\/\/diarioabcdemichoacan.com.mx\/lasnoticias\/wp-content\/uploads\/2024\/09\/WhatsApp-Image-2024-09-25-at-1.59.41-PM-1-696x464.jpeg 696w, https:\/\/diarioabcdemichoacan.com.mx\/lasnoticias\/wp-content\/uploads\/2024\/09\/WhatsApp-Image-2024-09-25-at-1.59.41-PM-1-1068x712.jpeg 1068w, https:\/\/diarioabcdemichoacan.com.mx\/lasnoticias\/wp-content\/uploads\/2024\/09\/WhatsApp-Image-2024-09-25-at-1.59.41-PM-1.jpeg 1600w\" sizes=\"auto, (max-width: 500px) 100vw, 500px\" \/><\/p>\n<p>&nbsp;<\/p>\n<p>La Asipona, coment\u00f3, gestion\u00f3 a la federaci\u00f3n una inversi\u00f3n de 140 millones de pesos para la remodelaci\u00f3n integral y equipamiento del aeropuerto de L\u00e1zaro C\u00e1rdenas, mismo que incluye la rehabilitaci\u00f3n y ampliaci\u00f3n de la pista de aterrizaje, la construcci\u00f3n de nueva torre de control y otros servicios.<\/p>\n<p>&nbsp;<\/p>\n<p>Destac\u00f3 que por parte del gobierno del estado se present\u00f3 a la presidenta electa, Claudia Sheinbaum Pardo, el plan de desarrollo log\u00edstico y bienestar que contempla la construcci\u00f3n de un nuevo aeropuerto internacional en L\u00e1zaro C\u00e1rdenas, la ampliaci\u00f3n de la autopista Siglo XXI, la modernizaci\u00f3n carretera y el fortalecimiento al cabotaje mar\u00edtimo.<\/p>\n<p>&nbsp;<\/p>\n<p><img loading=\"lazy\" decoding=\"async\" class=\"alignnone size-medium wp-image-25494\" src=\"https:\/\/diarioabcdemichoacan.com.mx\/lasnoticias\/wp-content\/uploads\/2024\/09\/WhatsApp-Image-2024-09-25-at-1.59.41-PM-500x333.jpeg\" alt=\"\" width=\"500\" height=\"333\" srcset=\"https:\/\/diarioabcdemichoacan.com.mx\/lasnoticias\/wp-content\/uploads\/2024\/09\/WhatsApp-Image-2024-09-25-at-1.59.41-PM-500x333.jpeg 500w, https:\/\/diarioabcdemichoacan.com.mx\/lasnoticias\/wp-content\/uploads\/2024\/09\/WhatsApp-Image-2024-09-25-at-1.59.41-PM-1024x682.jpeg 1024w, https:\/\/diarioabcdemichoacan.com.mx\/lasnoticias\/wp-content\/uploads\/2024\/09\/WhatsApp-Image-2024-09-25-at-1.59.41-PM-768x512.jpeg 768w, https:\/\/diarioabcdemichoacan.com.mx\/lasnoticias\/wp-content\/uploads\/2024\/09\/WhatsApp-Image-2024-09-25-at-1.59.41-PM-1536x1023.jpeg 1536w, https:\/\/diarioabcdemichoacan.com.mx\/lasnoticias\/wp-content\/uploads\/2024\/09\/WhatsApp-Image-2024-09-25-at-1.59.41-PM-150x100.jpeg 150w, https:\/\/diarioabcdemichoacan.com.mx\/lasnoticias\/wp-content\/uploads\/2024\/09\/WhatsApp-Image-2024-09-25-at-1.59.41-PM-300x200.jpeg 300w, https:\/\/diarioabcdemichoacan.com.mx\/lasnoticias\/wp-content\/uploads\/2024\/09\/WhatsApp-Image-2024-09-25-at-1.59.41-PM-696x464.jpeg 696w, https:\/\/diarioabcdemichoacan.com.mx\/lasnoticias\/wp-content\/uploads\/2024\/09\/WhatsApp-Image-2024-09-25-at-1.59.41-PM-1068x712.jpeg 1068w, https:\/\/diarioabcdemichoacan.com.mx\/lasnoticias\/wp-content\/uploads\/2024\/09\/WhatsApp-Image-2024-09-25-at-1.59.41-PM.jpeg 1600w\" sizes=\"auto, (max-width: 500px) 100vw, 500px\" \/><\/p>\n<p>&nbsp;<\/p>\n<p>A lo que propuso continuar con reuniones peri\u00f3dicas para concretar proyectos y acciones que permitan aumentar la infraestructura aeroportuaria y el movimiento de llegada y salida de naves comerciales y de servicio privado con destino a otras terminales del pa\u00eds.<\/p>\n<p>&nbsp;<\/p>\n<p>Por su parte, el director general de Grupo Aeroportuario de la Ciudad de M\u00e9xico, coincidi\u00f3 en mantener la vinculaci\u00f3n para avanzar con esta estrategia que dar\u00e1 mayor desarrollo regional y nacional.<\/p>\n","protected":false},"excerpt":{"rendered":"<p>Atracci\u00f3n de vuelos y ampliaci\u00f3n del Aeropuerto Nacional. &nbsp; POR REDACCI\u00d3N, DIARIO ABC DE MICHOAC\u00c1N, 25 DE SEPTIEMBRE DE 2024. Ciudad de M\u00e9xico. &#8211; El gobernador Alfredo Ram\u00edrez Bedolla se reuni\u00f3 con el director general del Grupo Aeroportuario de la Ciudad de M\u00e9xico, almirante en retiro Juan Jos\u00e9 Padilla Olmos, para dar seguimiento a la [&hellip;]<\/p>\n","protected":false},"author":9,"featured_media":25492,"comment_status":"closed","ping_status":"closed","sticky":false,"template":"","format":"standard","meta":{"footnotes":""},"categories":[10,17,27],"tags":[],"class_list":{"0":"post-25479","1":"post","2":"type-post","3":"status-publish","4":"format-standard","5":"has-post-thumbnail","7":"category-estado","8":"category-gobierno-de-michoacan","9":"category-slider"},"yoast_head":"<!-- This site is optimized with the Yoast SEO plugin v24.0 - https:\/\/yoast.com\/wordpress\/plugins\/seo\/ -->\n<title>Contin\u00faa Bedolla gestiones para la atracci\u00f3n de vuelos al puerto de LC. - Diario ABC de Michoac\u00e1n<\/title>\n<meta name=\"robots\" content=\"index, follow, max-snippet:-1, max-image-preview:large, max-video-preview:-1\" \/>\n<link rel=\"canonical\" href=\"https:\/\/diarioabcdemichoacan.com.mx\/lasnoticias\/continua-bedolla-gestiones-para-la-atraccion-de-vuelos-al-puerto-de-lc\/\" \/>\n<meta property=\"og:locale\" content=\"es_ES\" \/>\n<meta property=\"og:type\" content=\"article\" \/>\n<meta property=\"og:title\" content=\"Contin\u00faa Bedolla gestiones para la atracci\u00f3n de vuelos al puerto de LC. - Diario ABC de Michoac\u00e1n\" \/>\n<meta property=\"og:description\" content=\"Atracci\u00f3n de vuelos y ampliaci\u00f3n del Aeropuerto Nacional. &nbsp; POR REDACCI\u00d3N, DIARIO ABC DE MICHOAC\u00c1N, 25 DE SEPTIEMBRE DE 2024. Ciudad de M\u00e9xico. &#8211; El gobernador Alfredo Ram\u00edrez Bedolla se reuni\u00f3 con el director general del Grupo Aeroportuario de la Ciudad de M\u00e9xico, almirante en retiro Juan Jos\u00e9 Padilla Olmos, para dar seguimiento a la [&hellip;]\" \/>\n<meta property=\"og:url\" content=\"https:\/\/diarioabcdemichoacan.com.mx\/lasnoticias\/continua-bedolla-gestiones-para-la-atraccion-de-vuelos-al-puerto-de-lc\/\" \/>\n<meta property=\"og:site_name\" content=\"Diario ABC de Michoac\u00e1n\" \/>\n<meta property=\"article:published_time\" content=\"2024-09-25T20:33:58+00:00\" \/>\n<meta property=\"article:modified_time\" content=\"2024-09-25T20:43:31+00:00\" \/>\n<meta property=\"og:image\" content=\"https:\/\/diarioabcdemichoacan.com.mx\/lasnoticias\/wp-content\/uploads\/2024\/09\/WhatsApp-Image-2024-09-25-at-1.59.41-PM-2.jpeg\" \/>\n\t<meta property=\"og:image:width\" content=\"1600\" \/>\n\t<meta property=\"og:image:height\" content=\"1066\" \/>\n\t<meta property=\"og:image:type\" content=\"image\/jpeg\" \/>\n<meta name=\"author\" content=\"AR\" \/>\n<meta name=\"twitter:card\" content=\"summary_large_image\" \/>\n<meta name=\"twitter:label1\" content=\"Escrito por\" \/>\n\t<meta name=\"twitter:data1\" content=\"AR\" \/>\n\t<meta name=\"twitter:label2\" content=\"Tiempo de lectura\" \/>\n\t<meta name=\"twitter:data2\" content=\"2 minutos\" \/>\n<script type=\"application\/ld+json\" class=\"yoast-schema-graph\">{\"@context\":\"https:\/\/schema.org\",\"@graph\":[{\"@type\":\"WebPage\",\"@id\":\"https:\/\/diarioabcdemichoacan.com.mx\/lasnoticias\/continua-bedolla-gestiones-para-la-atraccion-de-vuelos-al-puerto-de-lc\/\",\"url\":\"https:\/\/diarioabcdemichoacan.com.mx\/lasnoticias\/continua-bedolla-gestiones-para-la-atraccion-de-vuelos-al-puerto-de-lc\/\",\"name\":\"Contin\u00faa Bedolla gestiones para la atracci\u00f3n de vuelos al puerto de LC. - Diario ABC de Michoac\u00e1n\",\"isPartOf\":{\"@id\":\"https:\/\/diarioabcdemichoacan.com.mx\/lasnoticias\/#website\"},\"primaryImageOfPage\":{\"@id\":\"https:\/\/diarioabcdemichoacan.com.mx\/lasnoticias\/continua-bedolla-gestiones-para-la-atraccion-de-vuelos-al-puerto-de-lc\/#primaryimage\"},\"image\":{\"@id\":\"https:\/\/diarioabcdemichoacan.com.mx\/lasnoticias\/continua-bedolla-gestiones-para-la-atraccion-de-vuelos-al-puerto-de-lc\/#primaryimage\"},\"thumbnailUrl\":\"https:\/\/diarioabcdemichoacan.com.mx\/lasnoticias\/wp-content\/uploads\/2024\/09\/WhatsApp-Image-2024-09-25-at-1.59.41-PM-2.jpeg\",\"datePublished\":\"2024-09-25T20:33:58+00:00\",\"dateModified\":\"2024-09-25T20:43:31+00:00\",\"author\":{\"@id\":\"https:\/\/diarioabcdemichoacan.com.mx\/lasnoticias\/#\/schema\/person\/19ae376040f6cbc489682ebdd8524852\"},\"breadcrumb\":{\"@id\":\"https:\/\/diarioabcdemichoacan.com.mx\/lasnoticias\/continua-bedolla-gestiones-para-la-atraccion-de-vuelos-al-puerto-de-lc\/#breadcrumb\"},\"inLanguage\":\"es\",\"potentialAction\":[{\"@type\":\"ReadAction\",\"target\":[\"https:\/\/diarioabcdemichoacan.com.mx\/lasnoticias\/continua-bedolla-gestiones-para-la-atraccion-de-vuelos-al-puerto-de-lc\/\"]}]},{\"@type\":\"ImageObject\",\"inLanguage\":\"es\",\"@id\":\"https:\/\/diarioabcdemichoacan.com.mx\/lasnoticias\/continua-bedolla-gestiones-para-la-atraccion-de-vuelos-al-puerto-de-lc\/#primaryimage\",\"url\":\"https:\/\/diarioabcdemichoacan.com.mx\/lasnoticias\/wp-content\/uploads\/2024\/09\/WhatsApp-Image-2024-09-25-at-1.59.41-PM-2.jpeg\",\"contentUrl\":\"https:\/\/diarioabcdemichoacan.com.mx\/lasnoticias\/wp-content\/uploads\/2024\/09\/WhatsApp-Image-2024-09-25-at-1.59.41-PM-2.jpeg\",\"width\":1600,\"height\":1066},{\"@type\":\"BreadcrumbList\",\"@id\":\"https:\/\/diarioabcdemichoacan.com.mx\/lasnoticias\/continua-bedolla-gestiones-para-la-atraccion-de-vuelos-al-puerto-de-lc\/#breadcrumb\",\"itemListElement\":[{\"@type\":\"ListItem\",\"position\":1,\"name\":\"Portada\",\"item\":\"https:\/\/diarioabcdemichoacan.com.mx\/lasnoticias\/\"},{\"@type\":\"ListItem\",\"position\":2,\"name\":\"Contin\u00faa Bedolla gestiones para la atracci\u00f3n de vuelos al puerto de LC.\"}]},{\"@type\":\"WebSite\",\"@id\":\"https:\/\/diarioabcdemichoacan.com.mx\/lasnoticias\/#website\",\"url\":\"https:\/\/diarioabcdemichoacan.com.mx\/lasnoticias\/\",\"name\":\"Diario ABC de Michoac\u00e1n\",\"description\":\"Las noticias al momento\",\"potentialAction\":[{\"@type\":\"SearchAction\",\"target\":{\"@type\":\"EntryPoint\",\"urlTemplate\":\"https:\/\/diarioabcdemichoacan.com.mx\/lasnoticias\/?s={search_term_string}\"},\"query-input\":{\"@type\":\"PropertyValueSpecification\",\"valueRequired\":true,\"valueName\":\"search_term_string\"}}],\"inLanguage\":\"es\"},{\"@type\":\"Person\",\"@id\":\"https:\/\/diarioabcdemichoacan.com.mx\/lasnoticias\/#\/schema\/person\/19ae376040f6cbc489682ebdd8524852\",\"name\":\"AR\",\"image\":{\"@type\":\"ImageObject\",\"inLanguage\":\"es\",\"@id\":\"https:\/\/diarioabcdemichoacan.com.mx\/lasnoticias\/#\/schema\/person\/image\/\",\"url\":\"https:\/\/secure.gravatar.com\/avatar\/44eca2ff970262234e20e1e082872af0?s=96&d=mm&r=g\",\"contentUrl\":\"https:\/\/secure.gravatar.com\/avatar\/44eca2ff970262234e20e1e082872af0?s=96&d=mm&r=g\",\"caption\":\"AR\"},\"url\":\"https:\/\/diarioabcdemichoacan.com.mx\/lasnoticias\/author\/adrian\/\"}]}<\/script>\n<!-- \/ Yoast SEO plugin. -->","yoast_head_json":{"title":"Contin\u00faa Bedolla gestiones para la atracci\u00f3n de vuelos al puerto de LC. - Diario ABC de Michoac\u00e1n","robots":{"index":"index","follow":"follow","max-snippet":"max-snippet:-1","max-image-preview":"max-image-preview:large","max-video-preview":"max-video-preview:-1"},"canonical":"https:\/\/diarioabcdemichoacan.com.mx\/lasnoticias\/continua-bedolla-gestiones-para-la-atraccion-de-vuelos-al-puerto-de-lc\/","og_locale":"es_ES","og_type":"article","og_title":"Contin\u00faa Bedolla gestiones para la atracci\u00f3n de vuelos al puerto de LC. - Diario ABC de Michoac\u00e1n","og_description":"Atracci\u00f3n de vuelos y ampliaci\u00f3n del Aeropuerto Nacional. &nbsp; POR REDACCI\u00d3N, DIARIO ABC DE MICHOAC\u00c1N, 25 DE SEPTIEMBRE DE 2024. Ciudad de M\u00e9xico. &#8211; El gobernador Alfredo Ram\u00edrez Bedolla se reuni\u00f3 con el director general del Grupo Aeroportuario de la Ciudad de M\u00e9xico, almirante en retiro Juan Jos\u00e9 Padilla Olmos, para dar seguimiento a la [&hellip;]","og_url":"https:\/\/diarioabcdemichoacan.com.mx\/lasnoticias\/continua-bedolla-gestiones-para-la-atraccion-de-vuelos-al-puerto-de-lc\/","og_site_name":"Diario ABC de Michoac\u00e1n","article_published_time":"2024-09-25T20:33:58+00:00","article_modified_time":"2024-09-25T20:43:31+00:00","og_image":[{"width":1600,"height":1066,"url":"https:\/\/diarioabcdemichoacan.com.mx\/lasnoticias\/wp-content\/uploads\/2024\/09\/WhatsApp-Image-2024-09-25-at-1.59.41-PM-2.jpeg","type":"image\/jpeg"}],"author":"AR","twitter_card":"summary_large_image","twitter_misc":{"Escrito por":"AR","Tiempo de lectura":"2 minutos"},"schema":{"@context":"https:\/\/schema.org","@graph":[{"@type":"WebPage","@id":"https:\/\/diarioabcdemichoacan.com.mx\/lasnoticias\/continua-bedolla-gestiones-para-la-atraccion-de-vuelos-al-puerto-de-lc\/","url":"https:\/\/diarioabcdemichoacan.com.mx\/lasnoticias\/continua-bedolla-gestiones-para-la-atraccion-de-vuelos-al-puerto-de-lc\/","name":"Contin\u00faa Bedolla gestiones para la atracci\u00f3n de vuelos al puerto de LC. - Diario ABC de Michoac\u00e1n","isPartOf":{"@id":"https:\/\/diarioabcdemichoacan.com.mx\/lasnoticias\/#website"},"primaryImageOfPage":{"@id":"https:\/\/diarioabcdemichoacan.com.mx\/lasnoticias\/continua-bedolla-gestiones-para-la-atraccion-de-vuelos-al-puerto-de-lc\/#primaryimage"},"image":{"@id":"https:\/\/diarioabcdemichoacan.com.mx\/lasnoticias\/continua-bedolla-gestiones-para-la-atraccion-de-vuelos-al-puerto-de-lc\/#primaryimage"},"thumbnailUrl":"https:\/\/diarioabcdemichoacan.com.mx\/lasnoticias\/wp-content\/uploads\/2024\/09\/WhatsApp-Image-2024-09-25-at-1.59.41-PM-2.jpeg","datePublished":"2024-09-25T20:33:58+00:00","dateModified":"2024-09-25T20:43:31+00:00","author":{"@id":"https:\/\/diarioabcdemichoacan.com.mx\/lasnoticias\/#\/schema\/person\/19ae376040f6cbc489682ebdd8524852"},"breadcrumb":{"@id":"https:\/\/diarioabcdemichoacan.com.mx\/lasnoticias\/continua-bedolla-gestiones-para-la-atraccion-de-vuelos-al-puerto-de-lc\/#breadcrumb"},"inLanguage":"es","potentialAction":[{"@type":"ReadAction","target":["https:\/\/diarioabcdemichoacan.com.mx\/lasnoticias\/continua-bedolla-gestiones-para-la-atraccion-de-vuelos-al-puerto-de-lc\/"]}]},{"@type":"ImageObject","inLanguage":"es","@id":"https:\/\/diarioabcdemichoacan.com.mx\/lasnoticias\/continua-bedolla-gestiones-para-la-atraccion-de-vuelos-al-puerto-de-lc\/#primaryimage","url":"https:\/\/diarioabcdemichoacan.com.mx\/lasnoticias\/wp-content\/uploads\/2024\/09\/WhatsApp-Image-2024-09-25-at-1.59.41-PM-2.jpeg","contentUrl":"https:\/\/diarioabcdemichoacan.com.mx\/lasnoticias\/wp-content\/uploads\/2024\/09\/WhatsApp-Image-2024-09-25-at-1.59.41-PM-2.jpeg","width":1600,"height":1066},{"@type":"BreadcrumbList","@id":"https:\/\/diarioabcdemichoacan.com.mx\/lasnoticias\/continua-bedolla-gestiones-para-la-atraccion-de-vuelos-al-puerto-de-lc\/#breadcrumb","itemListElement":[{"@type":"ListItem","position":1,"name":"Portada","item":"https:\/\/diarioabcdemichoacan.com.mx\/lasnoticias\/"},{"@type":"ListItem","position":2,"name":"Contin\u00faa Bedolla gestiones para la atracci\u00f3n de vuelos al puerto de LC."}]},{"@type":"WebSite","@id":"https:\/\/diarioabcdemichoacan.com.mx\/lasnoticias\/#website","url":"https:\/\/diarioabcdemichoacan.com.mx\/lasnoticias\/","name":"Diario ABC de Michoac\u00e1n","description":"Las noticias al momento","potentialAction":[{"@type":"SearchAction","target":{"@type":"EntryPoint","urlTemplate":"https:\/\/diarioabcdemichoacan.com.mx\/lasnoticias\/?s={search_term_string}"},"query-input":{"@type":"PropertyValueSpecification","valueRequired":true,"valueName":"search_term_string"}}],"inLanguage":"es"},{"@type":"Person","@id":"https:\/\/diarioabcdemichoacan.com.mx\/lasnoticias\/#\/schema\/person\/19ae376040f6cbc489682ebdd8524852","name":"AR","image":{"@type":"ImageObject","inLanguage":"es","@id":"https:\/\/diarioabcdemichoacan.com.mx\/lasnoticias\/#\/schema\/person\/image\/","url":"https:\/\/secure.gravatar.com\/avatar\/44eca2ff970262234e20e1e082872af0?s=96&d=mm&r=g","contentUrl":"https:\/\/secure.gravatar.com\/avatar\/44eca2ff970262234e20e1e082872af0?s=96&d=mm&r=g","caption":"AR"},"url":"https:\/\/diarioabcdemichoacan.com.mx\/lasnoticias\/author\/adrian\/"}]}},"_links":{"self":[{"href":"https:\/\/diarioabcdemichoacan.com.mx\/lasnoticias\/wp-json\/wp\/v2\/posts\/25479","targetHints":{"allow":["GET"]}}],"collection":[{"href":"https:\/\/diarioabcdemichoacan.com.mx\/lasnoticias\/wp-json\/wp\/v2\/posts"}],"about":[{"href":"https:\/\/diarioabcdemichoacan.com.mx\/lasnoticias\/wp-json\/wp\/v2\/types\/post"}],"author":[{"embeddable":true,"href":"https:\/\/diarioabcdemichoacan.com.mx\/lasnoticias\/wp-json\/wp\/v2\/users\/9"}],"replies":[{"embeddable":true,"href":"https:\/\/diarioabcdemichoacan.com.mx\/lasnoticias\/wp-json\/wp\/v2\/comments?post=25479"}],"version-history":[{"count":2,"href":"https:\/\/diarioabcdemichoacan.com.mx\/lasnoticias\/wp-json\/wp\/v2\/posts\/25479\/revisions"}],"predecessor-version":[{"id":25504,"href":"https:\/\/diarioabcdemichoacan.com.mx\/lasnoticias\/wp-json\/wp\/v2\/posts\/25479\/revisions\/25504"}],"wp:featuredmedia":[{"embeddable":true,"href":"https:\/\/diarioabcdemichoacan.com.mx\/lasnoticias\/wp-json\/wp\/v2\/media\/25492"}],"wp:attachment":[{"href":"https:\/\/diarioabcdemichoacan.com.mx\/lasnoticias\/wp-json\/wp\/v2\/media?parent=25479"}],"wp:term":[{"taxonomy":"category","embeddable":true,"href":"https:\/\/diarioabcdemichoacan.com.mx\/lasnoticias\/wp-json\/wp\/v2\/categories?post=25479"},{"taxonomy":"post_tag","embeddable":true,"href":"https:\/\/diarioabcdemichoacan.com.mx\/lasnoticias\/wp-json\/wp\/v2\/tags?post=25479"}],"curies":[{"name":"wp","href":"https:\/\/api.w.org\/{rel}","templated":true}]}}