{"id":25498,"date":"2024-09-25T15:51:30","date_gmt":"2024-09-25T21:51:30","guid":{"rendered":"https:\/\/diarioabcdemichoacan.com.mx\/lasnoticias\/?p=25498"},"modified":"2024-09-25T15:51:46","modified_gmt":"2024-09-25T21:51:46","slug":"morelia-maravilla-a-delegacion-cubana-participante-en-la-feria-internacional-del-libro-y-la-lectura","status":"publish","type":"post","link":"https:\/\/diarioabcdemichoacan.com.mx\/lasnoticias\/morelia-maravilla-a-delegacion-cubana-participante-en-la-feria-internacional-del-libro-y-la-lectura\/","title":{"rendered":"Morelia maravilla a delegaci\u00f3n cubana participante en la Feria Internacional del Libro y la Lectura"},"content":{"rendered":"<h2>Realmente es una feria volcada hacia su gente: Aida Bahr.<\/h2>\n<p>&nbsp;<\/p>\n<h6>POR REDACCI\u00d3N, DIARIO ABC DE MICHOAC\u00c1N, 25 DE SEPTIEMBRE DE 2024.<\/h6>\n<hr \/>\n<p>Morelia, Mich. &#8211; La Delegaci\u00f3n Cubana presente en la Feria Internacional del Libro y la Lectura de Morelia, se despidi\u00f3 hoy de la ciudad de la cantera rosa con un emotivo mensaje de fraternidad.<\/p>\n<p>&nbsp;<\/p>\n<p>\u00abEs una ciudad llena de vida, ser\u00e1 acaso la piedra rosada o su gente, \u00a1\u00bfqui\u00e9n sabe?! la cosa es que fui feliz aqu\u00ed\u00bb, comparti\u00f3 Jes\u00fas Lozada, periodista e intelectual del pa\u00eds invitado de Cuba.<\/p>\n<p>&nbsp;<\/p>\n<p><img loading=\"lazy\" decoding=\"async\" class=\"alignnone size-medium wp-image-25521\" src=\"https:\/\/diarioabcdemichoacan.com.mx\/lasnoticias\/wp-content\/uploads\/2024\/09\/WhatsApp-Image-2024-09-25-at-3.36.48-PM-1-500x333.jpeg\" alt=\"\" width=\"500\" height=\"333\" srcset=\"https:\/\/diarioabcdemichoacan.com.mx\/lasnoticias\/wp-content\/uploads\/2024\/09\/WhatsApp-Image-2024-09-25-at-3.36.48-PM-1-500x333.jpeg 500w, https:\/\/diarioabcdemichoacan.com.mx\/lasnoticias\/wp-content\/uploads\/2024\/09\/WhatsApp-Image-2024-09-25-at-3.36.48-PM-1-1024x683.jpeg 1024w, https:\/\/diarioabcdemichoacan.com.mx\/lasnoticias\/wp-content\/uploads\/2024\/09\/WhatsApp-Image-2024-09-25-at-3.36.48-PM-1-768x512.jpeg 768w, https:\/\/diarioabcdemichoacan.com.mx\/lasnoticias\/wp-content\/uploads\/2024\/09\/WhatsApp-Image-2024-09-25-at-3.36.48-PM-1-1536x1024.jpeg 1536w, https:\/\/diarioabcdemichoacan.com.mx\/lasnoticias\/wp-content\/uploads\/2024\/09\/WhatsApp-Image-2024-09-25-at-3.36.48-PM-1-2048x1365.jpeg 2048w, https:\/\/diarioabcdemichoacan.com.mx\/lasnoticias\/wp-content\/uploads\/2024\/09\/WhatsApp-Image-2024-09-25-at-3.36.48-PM-1-150x100.jpeg 150w, https:\/\/diarioabcdemichoacan.com.mx\/lasnoticias\/wp-content\/uploads\/2024\/09\/WhatsApp-Image-2024-09-25-at-3.36.48-PM-1-300x200.jpeg 300w, https:\/\/diarioabcdemichoacan.com.mx\/lasnoticias\/wp-content\/uploads\/2024\/09\/WhatsApp-Image-2024-09-25-at-3.36.48-PM-1-696x464.jpeg 696w, https:\/\/diarioabcdemichoacan.com.mx\/lasnoticias\/wp-content\/uploads\/2024\/09\/WhatsApp-Image-2024-09-25-at-3.36.48-PM-1-1068x712.jpeg 1068w, https:\/\/diarioabcdemichoacan.com.mx\/lasnoticias\/wp-content\/uploads\/2024\/09\/WhatsApp-Image-2024-09-25-at-3.36.48-PM-1-1920x1280.jpeg 1920w\" sizes=\"auto, (max-width: 500px) 100vw, 500px\" \/><\/p>\n<p>&nbsp;<\/p>\n<p>As\u00ed como la narradora Aida Bahr secund\u00f3: \u00abRealmente me ha conmovido porque es una feria volcada hacia la gente, donde se venden muchos libros, hay muchas actividades y se respira amor por la lectura\u00bb.<\/p>\n<p>&nbsp;<\/p>\n<p>Mientras la mayor parte de representantes cubanos se despiden esta tarde de la Morelia, la participaci\u00f3n del pa\u00eds invitado contin\u00faa con la m\u00fasica de Lorenzo Cisneros \u00abTopete\u00bb a las 21:00 horas, en el escenario de la Plaza Benito Ju\u00e1rez.<\/p>\n","protected":false},"excerpt":{"rendered":"<p>Realmente es una feria volcada hacia su gente: Aida Bahr. &nbsp; POR REDACCI\u00d3N, DIARIO ABC DE MICHOAC\u00c1N, 25 DE SEPTIEMBRE DE 2024. Morelia, Mich. &#8211; La Delegaci\u00f3n Cubana presente en la Feria Internacional del Libro y la Lectura de Morelia, se despidi\u00f3 hoy de la ciudad de la cantera rosa con un emotivo mensaje de [&hellip;]<\/p>\n","protected":false},"author":9,"featured_media":25522,"comment_status":"closed","ping_status":"closed","sticky":false,"template":"","format":"standard","meta":{"footnotes":""},"categories":[18,7,27],"tags":[],"class_list":{"0":"post-25498","1":"post","2":"type-post","3":"status-publish","4":"format-standard","5":"has-post-thumbnail","7":"category-ayuntamiento-de-morelia","8":"category-morelia","9":"category-slider"},"yoast_head":"<!-- This site is optimized with the Yoast SEO plugin v24.0 - https:\/\/yoast.com\/wordpress\/plugins\/seo\/ -->\n<title>Morelia maravilla a delegaci\u00f3n cubana participante en la Feria Internacional del Libro y la Lectura - Diario ABC de Michoac\u00e1n<\/title>\n<meta name=\"robots\" content=\"index, follow, max-snippet:-1, max-image-preview:large, max-video-preview:-1\" \/>\n<link rel=\"canonical\" href=\"https:\/\/diarioabcdemichoacan.com.mx\/lasnoticias\/morelia-maravilla-a-delegacion-cubana-participante-en-la-feria-internacional-del-libro-y-la-lectura\/\" \/>\n<meta property=\"og:locale\" content=\"es_ES\" \/>\n<meta property=\"og:type\" content=\"article\" \/>\n<meta property=\"og:title\" content=\"Morelia maravilla a delegaci\u00f3n cubana participante en la Feria Internacional del Libro y la Lectura - Diario ABC de Michoac\u00e1n\" \/>\n<meta property=\"og:description\" content=\"Realmente es una feria volcada hacia su gente: Aida Bahr. &nbsp; POR REDACCI\u00d3N, DIARIO ABC DE MICHOAC\u00c1N, 25 DE SEPTIEMBRE DE 2024. Morelia, Mich. &#8211; La Delegaci\u00f3n Cubana presente en la Feria Internacional del Libro y la Lectura de Morelia, se despidi\u00f3 hoy de la ciudad de la cantera rosa con un emotivo mensaje de [&hellip;]\" \/>\n<meta property=\"og:url\" content=\"https:\/\/diarioabcdemichoacan.com.mx\/lasnoticias\/morelia-maravilla-a-delegacion-cubana-participante-en-la-feria-internacional-del-libro-y-la-lectura\/\" \/>\n<meta property=\"og:site_name\" content=\"Diario ABC de Michoac\u00e1n\" \/>\n<meta property=\"article:published_time\" content=\"2024-09-25T21:51:30+00:00\" \/>\n<meta property=\"article:modified_time\" content=\"2024-09-25T21:51:46+00:00\" \/>\n<meta property=\"og:image\" content=\"https:\/\/diarioabcdemichoacan.com.mx\/lasnoticias\/wp-content\/uploads\/2024\/09\/WhatsApp-Image-2024-09-25-at-3.36.47-PM-1-scaled.jpeg\" \/>\n\t<meta property=\"og:image:width\" content=\"2560\" \/>\n\t<meta property=\"og:image:height\" content=\"1706\" \/>\n\t<meta property=\"og:image:type\" content=\"image\/jpeg\" \/>\n<meta name=\"author\" content=\"AR\" \/>\n<meta name=\"twitter:card\" content=\"summary_large_image\" \/>\n<meta name=\"twitter:label1\" content=\"Escrito por\" \/>\n\t<meta name=\"twitter:data1\" content=\"AR\" \/>\n\t<meta name=\"twitter:label2\" content=\"Tiempo de lectura\" \/>\n\t<meta name=\"twitter:data2\" content=\"2 minutos\" \/>\n<script type=\"application\/ld+json\" class=\"yoast-schema-graph\">{\"@context\":\"https:\/\/schema.org\",\"@graph\":[{\"@type\":\"WebPage\",\"@id\":\"https:\/\/diarioabcdemichoacan.com.mx\/lasnoticias\/morelia-maravilla-a-delegacion-cubana-participante-en-la-feria-internacional-del-libro-y-la-lectura\/\",\"url\":\"https:\/\/diarioabcdemichoacan.com.mx\/lasnoticias\/morelia-maravilla-a-delegacion-cubana-participante-en-la-feria-internacional-del-libro-y-la-lectura\/\",\"name\":\"Morelia maravilla a delegaci\u00f3n cubana participante en la Feria Internacional del Libro y la Lectura - Diario ABC de Michoac\u00e1n\",\"isPartOf\":{\"@id\":\"https:\/\/diarioabcdemichoacan.com.mx\/lasnoticias\/#website\"},\"primaryImageOfPage\":{\"@id\":\"https:\/\/diarioabcdemichoacan.com.mx\/lasnoticias\/morelia-maravilla-a-delegacion-cubana-participante-en-la-feria-internacional-del-libro-y-la-lectura\/#primaryimage\"},\"image\":{\"@id\":\"https:\/\/diarioabcdemichoacan.com.mx\/lasnoticias\/morelia-maravilla-a-delegacion-cubana-participante-en-la-feria-internacional-del-libro-y-la-lectura\/#primaryimage\"},\"thumbnailUrl\":\"https:\/\/diarioabcdemichoacan.com.mx\/lasnoticias\/wp-content\/uploads\/2024\/09\/WhatsApp-Image-2024-09-25-at-3.36.47-PM-1-scaled.jpeg\",\"datePublished\":\"2024-09-25T21:51:30+00:00\",\"dateModified\":\"2024-09-25T21:51:46+00:00\",\"author\":{\"@id\":\"https:\/\/diarioabcdemichoacan.com.mx\/lasnoticias\/#\/schema\/person\/19ae376040f6cbc489682ebdd8524852\"},\"breadcrumb\":{\"@id\":\"https:\/\/diarioabcdemichoacan.com.mx\/lasnoticias\/morelia-maravilla-a-delegacion-cubana-participante-en-la-feria-internacional-del-libro-y-la-lectura\/#breadcrumb\"},\"inLanguage\":\"es\",\"potentialAction\":[{\"@type\":\"ReadAction\",\"target\":[\"https:\/\/diarioabcdemichoacan.com.mx\/lasnoticias\/morelia-maravilla-a-delegacion-cubana-participante-en-la-feria-internacional-del-libro-y-la-lectura\/\"]}]},{\"@type\":\"ImageObject\",\"inLanguage\":\"es\",\"@id\":\"https:\/\/diarioabcdemichoacan.com.mx\/lasnoticias\/morelia-maravilla-a-delegacion-cubana-participante-en-la-feria-internacional-del-libro-y-la-lectura\/#primaryimage\",\"url\":\"https:\/\/diarioabcdemichoacan.com.mx\/lasnoticias\/wp-content\/uploads\/2024\/09\/WhatsApp-Image-2024-09-25-at-3.36.47-PM-1-scaled.jpeg\",\"contentUrl\":\"https:\/\/diarioabcdemichoacan.com.mx\/lasnoticias\/wp-content\/uploads\/2024\/09\/WhatsApp-Image-2024-09-25-at-3.36.47-PM-1-scaled.jpeg\",\"width\":2560,\"height\":1706},{\"@type\":\"BreadcrumbList\",\"@id\":\"https:\/\/diarioabcdemichoacan.com.mx\/lasnoticias\/morelia-maravilla-a-delegacion-cubana-participante-en-la-feria-internacional-del-libro-y-la-lectura\/#breadcrumb\",\"itemListElement\":[{\"@type\":\"ListItem\",\"position\":1,\"name\":\"Portada\",\"item\":\"https:\/\/diarioabcdemichoacan.com.mx\/lasnoticias\/\"},{\"@type\":\"ListItem\",\"position\":2,\"name\":\"Morelia maravilla a delegaci\u00f3n cubana participante en la Feria Internacional del Libro y la Lectura\"}]},{\"@type\":\"WebSite\",\"@id\":\"https:\/\/diarioabcdemichoacan.com.mx\/lasnoticias\/#website\",\"url\":\"https:\/\/diarioabcdemichoacan.com.mx\/lasnoticias\/\",\"name\":\"Diario ABC de Michoac\u00e1n\",\"description\":\"Las noticias al momento\",\"potentialAction\":[{\"@type\":\"SearchAction\",\"target\":{\"@type\":\"EntryPoint\",\"urlTemplate\":\"https:\/\/diarioabcdemichoacan.com.mx\/lasnoticias\/?s={search_term_string}\"},\"query-input\":{\"@type\":\"PropertyValueSpecification\",\"valueRequired\":true,\"valueName\":\"search_term_string\"}}],\"inLanguage\":\"es\"},{\"@type\":\"Person\",\"@id\":\"https:\/\/diarioabcdemichoacan.com.mx\/lasnoticias\/#\/schema\/person\/19ae376040f6cbc489682ebdd8524852\",\"name\":\"AR\",\"image\":{\"@type\":\"ImageObject\",\"inLanguage\":\"es\",\"@id\":\"https:\/\/diarioabcdemichoacan.com.mx\/lasnoticias\/#\/schema\/person\/image\/\",\"url\":\"https:\/\/secure.gravatar.com\/avatar\/44eca2ff970262234e20e1e082872af0?s=96&d=mm&r=g\",\"contentUrl\":\"https:\/\/secure.gravatar.com\/avatar\/44eca2ff970262234e20e1e082872af0?s=96&d=mm&r=g\",\"caption\":\"AR\"},\"url\":\"https:\/\/diarioabcdemichoacan.com.mx\/lasnoticias\/author\/adrian\/\"}]}<\/script>\n<!-- \/ Yoast SEO plugin. -->","yoast_head_json":{"title":"Morelia maravilla a delegaci\u00f3n cubana participante en la Feria Internacional del Libro y la Lectura - Diario ABC de Michoac\u00e1n","robots":{"index":"index","follow":"follow","max-snippet":"max-snippet:-1","max-image-preview":"max-image-preview:large","max-video-preview":"max-video-preview:-1"},"canonical":"https:\/\/diarioabcdemichoacan.com.mx\/lasnoticias\/morelia-maravilla-a-delegacion-cubana-participante-en-la-feria-internacional-del-libro-y-la-lectura\/","og_locale":"es_ES","og_type":"article","og_title":"Morelia maravilla a delegaci\u00f3n cubana participante en la Feria Internacional del Libro y la Lectura - Diario ABC de Michoac\u00e1n","og_description":"Realmente es una feria volcada hacia su gente: Aida Bahr. &nbsp; POR REDACCI\u00d3N, DIARIO ABC DE MICHOAC\u00c1N, 25 DE SEPTIEMBRE DE 2024. Morelia, Mich. &#8211; La Delegaci\u00f3n Cubana presente en la Feria Internacional del Libro y la Lectura de Morelia, se despidi\u00f3 hoy de la ciudad de la cantera rosa con un emotivo mensaje de [&hellip;]","og_url":"https:\/\/diarioabcdemichoacan.com.mx\/lasnoticias\/morelia-maravilla-a-delegacion-cubana-participante-en-la-feria-internacional-del-libro-y-la-lectura\/","og_site_name":"Diario ABC de Michoac\u00e1n","article_published_time":"2024-09-25T21:51:30+00:00","article_modified_time":"2024-09-25T21:51:46+00:00","og_image":[{"width":2560,"height":1706,"url":"https:\/\/diarioabcdemichoacan.com.mx\/lasnoticias\/wp-content\/uploads\/2024\/09\/WhatsApp-Image-2024-09-25-at-3.36.47-PM-1-scaled.jpeg","type":"image\/jpeg"}],"author":"AR","twitter_card":"summary_large_image","twitter_misc":{"Escrito por":"AR","Tiempo de lectura":"2 minutos"},"schema":{"@context":"https:\/\/schema.org","@graph":[{"@type":"WebPage","@id":"https:\/\/diarioabcdemichoacan.com.mx\/lasnoticias\/morelia-maravilla-a-delegacion-cubana-participante-en-la-feria-internacional-del-libro-y-la-lectura\/","url":"https:\/\/diarioabcdemichoacan.com.mx\/lasnoticias\/morelia-maravilla-a-delegacion-cubana-participante-en-la-feria-internacional-del-libro-y-la-lectura\/","name":"Morelia maravilla a delegaci\u00f3n cubana participante en la Feria Internacional del Libro y la Lectura - Diario ABC de Michoac\u00e1n","isPartOf":{"@id":"https:\/\/diarioabcdemichoacan.com.mx\/lasnoticias\/#website"},"primaryImageOfPage":{"@id":"https:\/\/diarioabcdemichoacan.com.mx\/lasnoticias\/morelia-maravilla-a-delegacion-cubana-participante-en-la-feria-internacional-del-libro-y-la-lectura\/#primaryimage"},"image":{"@id":"https:\/\/diarioabcdemichoacan.com.mx\/lasnoticias\/morelia-maravilla-a-delegacion-cubana-participante-en-la-feria-internacional-del-libro-y-la-lectura\/#primaryimage"},"thumbnailUrl":"https:\/\/diarioabcdemichoacan.com.mx\/lasnoticias\/wp-content\/uploads\/2024\/09\/WhatsApp-Image-2024-09-25-at-3.36.47-PM-1-scaled.jpeg","datePublished":"2024-09-25T21:51:30+00:00","dateModified":"2024-09-25T21:51:46+00:00","author":{"@id":"https:\/\/diarioabcdemichoacan.com.mx\/lasnoticias\/#\/schema\/person\/19ae376040f6cbc489682ebdd8524852"},"breadcrumb":{"@id":"https:\/\/diarioabcdemichoacan.com.mx\/lasnoticias\/morelia-maravilla-a-delegacion-cubana-participante-en-la-feria-internacional-del-libro-y-la-lectura\/#breadcrumb"},"inLanguage":"es","potentialAction":[{"@type":"ReadAction","target":["https:\/\/diarioabcdemichoacan.com.mx\/lasnoticias\/morelia-maravilla-a-delegacion-cubana-participante-en-la-feria-internacional-del-libro-y-la-lectura\/"]}]},{"@type":"ImageObject","inLanguage":"es","@id":"https:\/\/diarioabcdemichoacan.com.mx\/lasnoticias\/morelia-maravilla-a-delegacion-cubana-participante-en-la-feria-internacional-del-libro-y-la-lectura\/#primaryimage","url":"https:\/\/diarioabcdemichoacan.com.mx\/lasnoticias\/wp-content\/uploads\/2024\/09\/WhatsApp-Image-2024-09-25-at-3.36.47-PM-1-scaled.jpeg","contentUrl":"https:\/\/diarioabcdemichoacan.com.mx\/lasnoticias\/wp-content\/uploads\/2024\/09\/WhatsApp-Image-2024-09-25-at-3.36.47-PM-1-scaled.jpeg","width":2560,"height":1706},{"@type":"BreadcrumbList","@id":"https:\/\/diarioabcdemichoacan.com.mx\/lasnoticias\/morelia-maravilla-a-delegacion-cubana-participante-en-la-feria-internacional-del-libro-y-la-lectura\/#breadcrumb","itemListElement":[{"@type":"ListItem","position":1,"name":"Portada","item":"https:\/\/diarioabcdemichoacan.com.mx\/lasnoticias\/"},{"@type":"ListItem","position":2,"name":"Morelia maravilla a delegaci\u00f3n cubana participante en la Feria Internacional del Libro y la Lectura"}]},{"@type":"WebSite","@id":"https:\/\/diarioabcdemichoacan.com.mx\/lasnoticias\/#website","url":"https:\/\/diarioabcdemichoacan.com.mx\/lasnoticias\/","name":"Diario ABC de Michoac\u00e1n","description":"Las noticias al momento","potentialAction":[{"@type":"SearchAction","target":{"@type":"EntryPoint","urlTemplate":"https:\/\/diarioabcdemichoacan.com.mx\/lasnoticias\/?s={search_term_string}"},"query-input":{"@type":"PropertyValueSpecification","valueRequired":true,"valueName":"search_term_string"}}],"inLanguage":"es"},{"@type":"Person","@id":"https:\/\/diarioabcdemichoacan.com.mx\/lasnoticias\/#\/schema\/person\/19ae376040f6cbc489682ebdd8524852","name":"AR","image":{"@type":"ImageObject","inLanguage":"es","@id":"https:\/\/diarioabcdemichoacan.com.mx\/lasnoticias\/#\/schema\/person\/image\/","url":"https:\/\/secure.gravatar.com\/avatar\/44eca2ff970262234e20e1e082872af0?s=96&d=mm&r=g","contentUrl":"https:\/\/secure.gravatar.com\/avatar\/44eca2ff970262234e20e1e082872af0?s=96&d=mm&r=g","caption":"AR"},"url":"https:\/\/diarioabcdemichoacan.com.mx\/lasnoticias\/author\/adrian\/"}]}},"_links":{"self":[{"href":"https:\/\/diarioabcdemichoacan.com.mx\/lasnoticias\/wp-json\/wp\/v2\/posts\/25498","targetHints":{"allow":["GET"]}}],"collection":[{"href":"https:\/\/diarioabcdemichoacan.com.mx\/lasnoticias\/wp-json\/wp\/v2\/posts"}],"about":[{"href":"https:\/\/diarioabcdemichoacan.com.mx\/lasnoticias\/wp-json\/wp\/v2\/types\/post"}],"author":[{"embeddable":true,"href":"https:\/\/diarioabcdemichoacan.com.mx\/lasnoticias\/wp-json\/wp\/v2\/users\/9"}],"replies":[{"embeddable":true,"href":"https:\/\/diarioabcdemichoacan.com.mx\/lasnoticias\/wp-json\/wp\/v2\/comments?post=25498"}],"version-history":[{"count":1,"href":"https:\/\/diarioabcdemichoacan.com.mx\/lasnoticias\/wp-json\/wp\/v2\/posts\/25498\/revisions"}],"predecessor-version":[{"id":25523,"href":"https:\/\/diarioabcdemichoacan.com.mx\/lasnoticias\/wp-json\/wp\/v2\/posts\/25498\/revisions\/25523"}],"wp:featuredmedia":[{"embeddable":true,"href":"https:\/\/diarioabcdemichoacan.com.mx\/lasnoticias\/wp-json\/wp\/v2\/media\/25522"}],"wp:attachment":[{"href":"https:\/\/diarioabcdemichoacan.com.mx\/lasnoticias\/wp-json\/wp\/v2\/media?parent=25498"}],"wp:term":[{"taxonomy":"category","embeddable":true,"href":"https:\/\/diarioabcdemichoacan.com.mx\/lasnoticias\/wp-json\/wp\/v2\/categories?post=25498"},{"taxonomy":"post_tag","embeddable":true,"href":"https:\/\/diarioabcdemichoacan.com.mx\/lasnoticias\/wp-json\/wp\/v2\/tags?post=25498"}],"curies":[{"name":"wp","href":"https:\/\/api.w.org\/{rel}","templated":true}]}}