{"id":26856,"date":"2024-10-04T12:47:06","date_gmt":"2024-10-04T18:47:06","guid":{"rendered":"https:\/\/diarioabcdemichoacan.com.mx\/lasnoticias\/?p=26856"},"modified":"2024-10-04T12:47:25","modified_gmt":"2024-10-04T18:47:25","slug":"no-es-conveniente-despedir-a-empleados-municipales-sin-analizar-personalmente-cada-caso-carlos-silva","status":"publish","type":"post","link":"https:\/\/diarioabcdemichoacan.com.mx\/lasnoticias\/no-es-conveniente-despedir-a-empleados-municipales-sin-analizar-personalmente-cada-caso-carlos-silva\/","title":{"rendered":"No es conveniente despedir a empleados municipales sin analizar personalmente cada caso: Carlos Silva."},"content":{"rendered":"<h2>En el primer mes de la presente administraci\u00f3n, se habla de m\u00e1s de 120 personas dadas de baja.<\/h2>\n<p>&nbsp;<\/p>\n<h6>POR ROBERTO MESTIZO CH\u00c1VEZ, DIARIO ABC DE MICHOAC\u00c1N, 04 DE OCTUBRE DE 2024.<\/h6>\n<hr \/>\n<p>Uruapan, Mich. &#8211; El regidor Carlos Silva Cort\u00e9s consider\u00f3 que se debe actuar con prudencia a la hora de hacer una limpieza en la n\u00f3mina del municipio, pues dijo tener conocimiento de que tan solo en el primer mes de la actual administraci\u00f3n son m\u00e1s de 120 las personas que han sido despedidas.<\/p>\n<p>&nbsp;<\/p>\n<p>A trav\u00e9s de una transmisi\u00f3n en vivo de esta ma\u00f1ana en la red social Facebook, el regidor de extracci\u00f3n morenista, dijo estar completamente de acuerdo en hacer una limpia y dejar fuera de la n\u00f3mina a aquellas personas que nada m\u00e1s cobran pero no tienen alguna funci\u00f3n, lo que se conoce como \u00abaviadores\u00bb.<\/p>\n<p>&nbsp;<\/p>\n<p><img loading=\"lazy\" decoding=\"async\" class=\"alignnone size-medium wp-image-26861\" src=\"https:\/\/diarioabcdemichoacan.com.mx\/lasnoticias\/wp-content\/uploads\/2024\/10\/WhatsApp-Image-2024-10-04-at-12.37.02-PM-360x500.jpeg\" alt=\"\" width=\"360\" height=\"500\" srcset=\"https:\/\/diarioabcdemichoacan.com.mx\/lasnoticias\/wp-content\/uploads\/2024\/10\/WhatsApp-Image-2024-10-04-at-12.37.02-PM-360x500.jpeg 360w, https:\/\/diarioabcdemichoacan.com.mx\/lasnoticias\/wp-content\/uploads\/2024\/10\/WhatsApp-Image-2024-10-04-at-12.37.02-PM-737x1024.jpeg 737w, https:\/\/diarioabcdemichoacan.com.mx\/lasnoticias\/wp-content\/uploads\/2024\/10\/WhatsApp-Image-2024-10-04-at-12.37.02-PM-768x1067.jpeg 768w, https:\/\/diarioabcdemichoacan.com.mx\/lasnoticias\/wp-content\/uploads\/2024\/10\/WhatsApp-Image-2024-10-04-at-12.37.02-PM-150x208.jpeg 150w, https:\/\/diarioabcdemichoacan.com.mx\/lasnoticias\/wp-content\/uploads\/2024\/10\/WhatsApp-Image-2024-10-04-at-12.37.02-PM-300x417.jpeg 300w, https:\/\/diarioabcdemichoacan.com.mx\/lasnoticias\/wp-content\/uploads\/2024\/10\/WhatsApp-Image-2024-10-04-at-12.37.02-PM-696x967.jpeg 696w, https:\/\/diarioabcdemichoacan.com.mx\/lasnoticias\/wp-content\/uploads\/2024\/10\/WhatsApp-Image-2024-10-04-at-12.37.02-PM.jpeg 820w\" sizes=\"auto, (max-width: 360px) 100vw, 360px\" \/><\/p>\n<p>&nbsp;<\/p>\n<p>\u00abPero antes de un despido es necesario investigar a fondo, para no caer en injusticias\u00bb, recalc\u00f3 y dijo no estar de acuerdo con la \u00abtradici\u00f3n\u00bb de los sindicatos de otorgar bases laborales al t\u00e9rmino de un per\u00edodo de gobierno, sobre todo cuando generalmente son para allegados del alcalde saliente y muchos trabajadores que merecen esa basificaci\u00f3n seguir\u00e1n esperando.<\/p>\n<p>&nbsp;<\/p>\n<p>Tampoco est\u00e1 de acuerdo, dijo, en que se despida a todos los que recibieron su base al final del gobierno anterior, \u00abpues hay muchos que ten\u00edan diez o veinte a\u00f1os esperando ese puesto, y por aplicar un criterio general, se les retira de \u00faltima hora; definitivamente soy partidario de que se analice caso por caso\u00bb, asent\u00f3.<\/p>\n<p>&nbsp;<\/p>\n<p>Parece, dijo, que se est\u00e1 aplicando un \u00abrasero\u00bb sin tomar en cuenta muchas cuestiones, como a las familias que se est\u00e1 dejando sin un sustento.<\/p>\n<p>&nbsp;<\/p>\n<p>Asegur\u00f3 que a \u00e9l se han acercando varias personas que han Sido dadas de baja \u00abde manera injustificada\u00bb, para solicitar su apoyo, por lo que dijo que espera tratar oficialmente el tema en la pr\u00f3xima sesi\u00f3n de cabildo.<\/p>\n<p>&nbsp;<\/p>\n<p>Pero adem\u00e1s del tema de la justicia laboral, Silva Cort\u00e9s, mencion\u00f3 que tambi\u00e9n se corre el riesgo de enfrentar una crisis financiera pues, dijo que en el 2023, \u00abtan solo por diez despidos, realizados por administraciones anteriores, el municipio tuvo que pagar doce millones de pesos. Entonces, si efectivamente hay 120 despidos injustificados y se van a juicio y los ganan, pues imag\u00ednense lo que nos tocar\u00eda pagar por laudos, a esta o a la siguiente administraci\u00f3n, sencillamente ser\u00eda el pueblo de Uruapan quien tuviera que pagar\u00bb.<\/p>\n<p>&nbsp;<\/p>\n<p>El presupuesto del municipio es de 1,500 millones de pesos anuales. Trescientos millones se van directo a la Capasu, y quedan 1,200 millones para la Presidencia Municipal. Si se tuvieran que pagar 120 laudos, pues no quedar\u00eda dinero ni para la operatividad de la administraci\u00f3n p\u00fablica \u00ab.<\/p>\n","protected":false},"excerpt":{"rendered":"<p>En el primer mes de la presente administraci\u00f3n, se habla de m\u00e1s de 120 personas dadas de baja. &nbsp; POR ROBERTO MESTIZO CH\u00c1VEZ, DIARIO ABC DE MICHOAC\u00c1N, 04 DE OCTUBRE DE 2024. Uruapan, Mich. &#8211; El regidor Carlos Silva Cort\u00e9s consider\u00f3 que se debe actuar con prudencia a la hora de hacer una limpieza en [&hellip;]<\/p>\n","protected":false},"author":9,"featured_media":26862,"comment_status":"closed","ping_status":"closed","sticky":false,"template":"","format":"standard","meta":{"footnotes":""},"categories":[28,27,3],"tags":[],"class_list":{"0":"post-26856","1":"post","2":"type-post","3":"status-publish","4":"format-standard","5":"has-post-thumbnail","7":"category-politica","8":"category-slider","9":"category-uruapan"},"yoast_head":"<!-- This site is optimized with the Yoast SEO plugin v24.0 - https:\/\/yoast.com\/wordpress\/plugins\/seo\/ -->\n<title>No es conveniente despedir a empleados municipales sin analizar personalmente cada caso: Carlos Silva. - Diario ABC de Michoac\u00e1n<\/title>\n<meta name=\"robots\" content=\"index, follow, max-snippet:-1, max-image-preview:large, max-video-preview:-1\" \/>\n<link rel=\"canonical\" href=\"https:\/\/diarioabcdemichoacan.com.mx\/lasnoticias\/no-es-conveniente-despedir-a-empleados-municipales-sin-analizar-personalmente-cada-caso-carlos-silva\/\" \/>\n<meta property=\"og:locale\" content=\"es_ES\" \/>\n<meta property=\"og:type\" content=\"article\" \/>\n<meta property=\"og:title\" content=\"No es conveniente despedir a empleados municipales sin analizar personalmente cada caso: Carlos Silva. - Diario ABC de Michoac\u00e1n\" \/>\n<meta property=\"og:description\" content=\"En el primer mes de la presente administraci\u00f3n, se habla de m\u00e1s de 120 personas dadas de baja. &nbsp; POR ROBERTO MESTIZO CH\u00c1VEZ, DIARIO ABC DE MICHOAC\u00c1N, 04 DE OCTUBRE DE 2024. Uruapan, Mich. &#8211; El regidor Carlos Silva Cort\u00e9s consider\u00f3 que se debe actuar con prudencia a la hora de hacer una limpieza en [&hellip;]\" \/>\n<meta property=\"og:url\" content=\"https:\/\/diarioabcdemichoacan.com.mx\/lasnoticias\/no-es-conveniente-despedir-a-empleados-municipales-sin-analizar-personalmente-cada-caso-carlos-silva\/\" \/>\n<meta property=\"og:site_name\" content=\"Diario ABC de Michoac\u00e1n\" \/>\n<meta property=\"article:published_time\" content=\"2024-10-04T18:47:06+00:00\" \/>\n<meta property=\"article:modified_time\" content=\"2024-10-04T18:47:25+00:00\" \/>\n<meta property=\"og:image\" content=\"https:\/\/diarioabcdemichoacan.com.mx\/lasnoticias\/wp-content\/uploads\/2024\/10\/WhatsApp-Image-2024-10-04-at-12.37.01-PM.jpeg\" \/>\n\t<meta property=\"og:image:width\" content=\"752\" \/>\n\t<meta property=\"og:image:height\" content=\"1152\" \/>\n\t<meta property=\"og:image:type\" content=\"image\/jpeg\" \/>\n<meta name=\"author\" content=\"AR\" \/>\n<meta name=\"twitter:card\" content=\"summary_large_image\" \/>\n<meta name=\"twitter:label1\" content=\"Escrito por\" \/>\n\t<meta name=\"twitter:data1\" content=\"AR\" \/>\n\t<meta name=\"twitter:label2\" content=\"Tiempo de lectura\" \/>\n\t<meta name=\"twitter:data2\" content=\"3 minutos\" \/>\n<script type=\"application\/ld+json\" class=\"yoast-schema-graph\">{\"@context\":\"https:\/\/schema.org\",\"@graph\":[{\"@type\":\"WebPage\",\"@id\":\"https:\/\/diarioabcdemichoacan.com.mx\/lasnoticias\/no-es-conveniente-despedir-a-empleados-municipales-sin-analizar-personalmente-cada-caso-carlos-silva\/\",\"url\":\"https:\/\/diarioabcdemichoacan.com.mx\/lasnoticias\/no-es-conveniente-despedir-a-empleados-municipales-sin-analizar-personalmente-cada-caso-carlos-silva\/\",\"name\":\"No es conveniente despedir a empleados municipales sin analizar personalmente cada caso: Carlos Silva. - Diario ABC de Michoac\u00e1n\",\"isPartOf\":{\"@id\":\"https:\/\/diarioabcdemichoacan.com.mx\/lasnoticias\/#website\"},\"primaryImageOfPage\":{\"@id\":\"https:\/\/diarioabcdemichoacan.com.mx\/lasnoticias\/no-es-conveniente-despedir-a-empleados-municipales-sin-analizar-personalmente-cada-caso-carlos-silva\/#primaryimage\"},\"image\":{\"@id\":\"https:\/\/diarioabcdemichoacan.com.mx\/lasnoticias\/no-es-conveniente-despedir-a-empleados-municipales-sin-analizar-personalmente-cada-caso-carlos-silva\/#primaryimage\"},\"thumbnailUrl\":\"https:\/\/diarioabcdemichoacan.com.mx\/lasnoticias\/wp-content\/uploads\/2024\/10\/WhatsApp-Image-2024-10-04-at-12.37.01-PM.jpeg\",\"datePublished\":\"2024-10-04T18:47:06+00:00\",\"dateModified\":\"2024-10-04T18:47:25+00:00\",\"author\":{\"@id\":\"https:\/\/diarioabcdemichoacan.com.mx\/lasnoticias\/#\/schema\/person\/19ae376040f6cbc489682ebdd8524852\"},\"breadcrumb\":{\"@id\":\"https:\/\/diarioabcdemichoacan.com.mx\/lasnoticias\/no-es-conveniente-despedir-a-empleados-municipales-sin-analizar-personalmente-cada-caso-carlos-silva\/#breadcrumb\"},\"inLanguage\":\"es\",\"potentialAction\":[{\"@type\":\"ReadAction\",\"target\":[\"https:\/\/diarioabcdemichoacan.com.mx\/lasnoticias\/no-es-conveniente-despedir-a-empleados-municipales-sin-analizar-personalmente-cada-caso-carlos-silva\/\"]}]},{\"@type\":\"ImageObject\",\"inLanguage\":\"es\",\"@id\":\"https:\/\/diarioabcdemichoacan.com.mx\/lasnoticias\/no-es-conveniente-despedir-a-empleados-municipales-sin-analizar-personalmente-cada-caso-carlos-silva\/#primaryimage\",\"url\":\"https:\/\/diarioabcdemichoacan.com.mx\/lasnoticias\/wp-content\/uploads\/2024\/10\/WhatsApp-Image-2024-10-04-at-12.37.01-PM.jpeg\",\"contentUrl\":\"https:\/\/diarioabcdemichoacan.com.mx\/lasnoticias\/wp-content\/uploads\/2024\/10\/WhatsApp-Image-2024-10-04-at-12.37.01-PM.jpeg\",\"width\":752,\"height\":1152},{\"@type\":\"BreadcrumbList\",\"@id\":\"https:\/\/diarioabcdemichoacan.com.mx\/lasnoticias\/no-es-conveniente-despedir-a-empleados-municipales-sin-analizar-personalmente-cada-caso-carlos-silva\/#breadcrumb\",\"itemListElement\":[{\"@type\":\"ListItem\",\"position\":1,\"name\":\"Portada\",\"item\":\"https:\/\/diarioabcdemichoacan.com.mx\/lasnoticias\/\"},{\"@type\":\"ListItem\",\"position\":2,\"name\":\"No es conveniente despedir a empleados municipales sin analizar personalmente cada caso: Carlos Silva.\"}]},{\"@type\":\"WebSite\",\"@id\":\"https:\/\/diarioabcdemichoacan.com.mx\/lasnoticias\/#website\",\"url\":\"https:\/\/diarioabcdemichoacan.com.mx\/lasnoticias\/\",\"name\":\"Diario ABC de Michoac\u00e1n\",\"description\":\"Las noticias al momento\",\"potentialAction\":[{\"@type\":\"SearchAction\",\"target\":{\"@type\":\"EntryPoint\",\"urlTemplate\":\"https:\/\/diarioabcdemichoacan.com.mx\/lasnoticias\/?s={search_term_string}\"},\"query-input\":{\"@type\":\"PropertyValueSpecification\",\"valueRequired\":true,\"valueName\":\"search_term_string\"}}],\"inLanguage\":\"es\"},{\"@type\":\"Person\",\"@id\":\"https:\/\/diarioabcdemichoacan.com.mx\/lasnoticias\/#\/schema\/person\/19ae376040f6cbc489682ebdd8524852\",\"name\":\"AR\",\"image\":{\"@type\":\"ImageObject\",\"inLanguage\":\"es\",\"@id\":\"https:\/\/diarioabcdemichoacan.com.mx\/lasnoticias\/#\/schema\/person\/image\/\",\"url\":\"https:\/\/secure.gravatar.com\/avatar\/44eca2ff970262234e20e1e082872af0?s=96&d=mm&r=g\",\"contentUrl\":\"https:\/\/secure.gravatar.com\/avatar\/44eca2ff970262234e20e1e082872af0?s=96&d=mm&r=g\",\"caption\":\"AR\"},\"url\":\"https:\/\/diarioabcdemichoacan.com.mx\/lasnoticias\/author\/adrian\/\"}]}<\/script>\n<!-- \/ Yoast SEO plugin. -->","yoast_head_json":{"title":"No es conveniente despedir a empleados municipales sin analizar personalmente cada caso: Carlos Silva. - Diario ABC de Michoac\u00e1n","robots":{"index":"index","follow":"follow","max-snippet":"max-snippet:-1","max-image-preview":"max-image-preview:large","max-video-preview":"max-video-preview:-1"},"canonical":"https:\/\/diarioabcdemichoacan.com.mx\/lasnoticias\/no-es-conveniente-despedir-a-empleados-municipales-sin-analizar-personalmente-cada-caso-carlos-silva\/","og_locale":"es_ES","og_type":"article","og_title":"No es conveniente despedir a empleados municipales sin analizar personalmente cada caso: Carlos Silva. - Diario ABC de Michoac\u00e1n","og_description":"En el primer mes de la presente administraci\u00f3n, se habla de m\u00e1s de 120 personas dadas de baja. &nbsp; POR ROBERTO MESTIZO CH\u00c1VEZ, DIARIO ABC DE MICHOAC\u00c1N, 04 DE OCTUBRE DE 2024. Uruapan, Mich. &#8211; El regidor Carlos Silva Cort\u00e9s consider\u00f3 que se debe actuar con prudencia a la hora de hacer una limpieza en [&hellip;]","og_url":"https:\/\/diarioabcdemichoacan.com.mx\/lasnoticias\/no-es-conveniente-despedir-a-empleados-municipales-sin-analizar-personalmente-cada-caso-carlos-silva\/","og_site_name":"Diario ABC de Michoac\u00e1n","article_published_time":"2024-10-04T18:47:06+00:00","article_modified_time":"2024-10-04T18:47:25+00:00","og_image":[{"width":752,"height":1152,"url":"https:\/\/diarioabcdemichoacan.com.mx\/lasnoticias\/wp-content\/uploads\/2024\/10\/WhatsApp-Image-2024-10-04-at-12.37.01-PM.jpeg","type":"image\/jpeg"}],"author":"AR","twitter_card":"summary_large_image","twitter_misc":{"Escrito por":"AR","Tiempo de lectura":"3 minutos"},"schema":{"@context":"https:\/\/schema.org","@graph":[{"@type":"WebPage","@id":"https:\/\/diarioabcdemichoacan.com.mx\/lasnoticias\/no-es-conveniente-despedir-a-empleados-municipales-sin-analizar-personalmente-cada-caso-carlos-silva\/","url":"https:\/\/diarioabcdemichoacan.com.mx\/lasnoticias\/no-es-conveniente-despedir-a-empleados-municipales-sin-analizar-personalmente-cada-caso-carlos-silva\/","name":"No es conveniente despedir a empleados municipales sin analizar personalmente cada caso: Carlos Silva. - Diario ABC de Michoac\u00e1n","isPartOf":{"@id":"https:\/\/diarioabcdemichoacan.com.mx\/lasnoticias\/#website"},"primaryImageOfPage":{"@id":"https:\/\/diarioabcdemichoacan.com.mx\/lasnoticias\/no-es-conveniente-despedir-a-empleados-municipales-sin-analizar-personalmente-cada-caso-carlos-silva\/#primaryimage"},"image":{"@id":"https:\/\/diarioabcdemichoacan.com.mx\/lasnoticias\/no-es-conveniente-despedir-a-empleados-municipales-sin-analizar-personalmente-cada-caso-carlos-silva\/#primaryimage"},"thumbnailUrl":"https:\/\/diarioabcdemichoacan.com.mx\/lasnoticias\/wp-content\/uploads\/2024\/10\/WhatsApp-Image-2024-10-04-at-12.37.01-PM.jpeg","datePublished":"2024-10-04T18:47:06+00:00","dateModified":"2024-10-04T18:47:25+00:00","author":{"@id":"https:\/\/diarioabcdemichoacan.com.mx\/lasnoticias\/#\/schema\/person\/19ae376040f6cbc489682ebdd8524852"},"breadcrumb":{"@id":"https:\/\/diarioabcdemichoacan.com.mx\/lasnoticias\/no-es-conveniente-despedir-a-empleados-municipales-sin-analizar-personalmente-cada-caso-carlos-silva\/#breadcrumb"},"inLanguage":"es","potentialAction":[{"@type":"ReadAction","target":["https:\/\/diarioabcdemichoacan.com.mx\/lasnoticias\/no-es-conveniente-despedir-a-empleados-municipales-sin-analizar-personalmente-cada-caso-carlos-silva\/"]}]},{"@type":"ImageObject","inLanguage":"es","@id":"https:\/\/diarioabcdemichoacan.com.mx\/lasnoticias\/no-es-conveniente-despedir-a-empleados-municipales-sin-analizar-personalmente-cada-caso-carlos-silva\/#primaryimage","url":"https:\/\/diarioabcdemichoacan.com.mx\/lasnoticias\/wp-content\/uploads\/2024\/10\/WhatsApp-Image-2024-10-04-at-12.37.01-PM.jpeg","contentUrl":"https:\/\/diarioabcdemichoacan.com.mx\/lasnoticias\/wp-content\/uploads\/2024\/10\/WhatsApp-Image-2024-10-04-at-12.37.01-PM.jpeg","width":752,"height":1152},{"@type":"BreadcrumbList","@id":"https:\/\/diarioabcdemichoacan.com.mx\/lasnoticias\/no-es-conveniente-despedir-a-empleados-municipales-sin-analizar-personalmente-cada-caso-carlos-silva\/#breadcrumb","itemListElement":[{"@type":"ListItem","position":1,"name":"Portada","item":"https:\/\/diarioabcdemichoacan.com.mx\/lasnoticias\/"},{"@type":"ListItem","position":2,"name":"No es conveniente despedir a empleados municipales sin analizar personalmente cada caso: Carlos Silva."}]},{"@type":"WebSite","@id":"https:\/\/diarioabcdemichoacan.com.mx\/lasnoticias\/#website","url":"https:\/\/diarioabcdemichoacan.com.mx\/lasnoticias\/","name":"Diario ABC de Michoac\u00e1n","description":"Las noticias al momento","potentialAction":[{"@type":"SearchAction","target":{"@type":"EntryPoint","urlTemplate":"https:\/\/diarioabcdemichoacan.com.mx\/lasnoticias\/?s={search_term_string}"},"query-input":{"@type":"PropertyValueSpecification","valueRequired":true,"valueName":"search_term_string"}}],"inLanguage":"es"},{"@type":"Person","@id":"https:\/\/diarioabcdemichoacan.com.mx\/lasnoticias\/#\/schema\/person\/19ae376040f6cbc489682ebdd8524852","name":"AR","image":{"@type":"ImageObject","inLanguage":"es","@id":"https:\/\/diarioabcdemichoacan.com.mx\/lasnoticias\/#\/schema\/person\/image\/","url":"https:\/\/secure.gravatar.com\/avatar\/44eca2ff970262234e20e1e082872af0?s=96&d=mm&r=g","contentUrl":"https:\/\/secure.gravatar.com\/avatar\/44eca2ff970262234e20e1e082872af0?s=96&d=mm&r=g","caption":"AR"},"url":"https:\/\/diarioabcdemichoacan.com.mx\/lasnoticias\/author\/adrian\/"}]}},"_links":{"self":[{"href":"https:\/\/diarioabcdemichoacan.com.mx\/lasnoticias\/wp-json\/wp\/v2\/posts\/26856","targetHints":{"allow":["GET"]}}],"collection":[{"href":"https:\/\/diarioabcdemichoacan.com.mx\/lasnoticias\/wp-json\/wp\/v2\/posts"}],"about":[{"href":"https:\/\/diarioabcdemichoacan.com.mx\/lasnoticias\/wp-json\/wp\/v2\/types\/post"}],"author":[{"embeddable":true,"href":"https:\/\/diarioabcdemichoacan.com.mx\/lasnoticias\/wp-json\/wp\/v2\/users\/9"}],"replies":[{"embeddable":true,"href":"https:\/\/diarioabcdemichoacan.com.mx\/lasnoticias\/wp-json\/wp\/v2\/comments?post=26856"}],"version-history":[{"count":1,"href":"https:\/\/diarioabcdemichoacan.com.mx\/lasnoticias\/wp-json\/wp\/v2\/posts\/26856\/revisions"}],"predecessor-version":[{"id":26863,"href":"https:\/\/diarioabcdemichoacan.com.mx\/lasnoticias\/wp-json\/wp\/v2\/posts\/26856\/revisions\/26863"}],"wp:featuredmedia":[{"embeddable":true,"href":"https:\/\/diarioabcdemichoacan.com.mx\/lasnoticias\/wp-json\/wp\/v2\/media\/26862"}],"wp:attachment":[{"href":"https:\/\/diarioabcdemichoacan.com.mx\/lasnoticias\/wp-json\/wp\/v2\/media?parent=26856"}],"wp:term":[{"taxonomy":"category","embeddable":true,"href":"https:\/\/diarioabcdemichoacan.com.mx\/lasnoticias\/wp-json\/wp\/v2\/categories?post=26856"},{"taxonomy":"post_tag","embeddable":true,"href":"https:\/\/diarioabcdemichoacan.com.mx\/lasnoticias\/wp-json\/wp\/v2\/tags?post=26856"}],"curies":[{"name":"wp","href":"https:\/\/api.w.org\/{rel}","templated":true}]}}