{"id":26882,"date":"2024-10-04T14:09:04","date_gmt":"2024-10-04T20:09:04","guid":{"rendered":"https:\/\/diarioabcdemichoacan.com.mx\/lasnoticias\/?p=26882"},"modified":"2024-10-04T14:10:06","modified_gmt":"2024-10-04T20:10:06","slug":"inicia-funciones-la-casa-movil-de-accion-social-de-hugo-servin","status":"publish","type":"post","link":"https:\/\/diarioabcdemichoacan.com.mx\/lasnoticias\/inicia-funciones-la-casa-movil-de-accion-social-de-hugo-servin\/","title":{"rendered":"Inicia funciones la Casa M\u00f3vil de Acci\u00f3n Social de Hugo Serv\u00edn."},"content":{"rendered":"<h2>Canasta b\u00e1sica, paquete de calentador social y servicios diversos, a las puertas de las y los morelianos, a muy bajos costos.<\/h2>\n<p>&nbsp;<\/p>\n<h6>POR REDACCI\u00d3N, DIARIO ABC DE MICHOAC\u00c1N, 04 DE OCTUBRE DE 2024.<\/h6>\n<hr \/>\n<p>Morelia, Mich. &#8211; Con una gran respuesta de la ciudadan\u00eda, que agradeci\u00f3 el respaldo ofrecido, el regidor del Partido Acci\u00f3n Nacional (PAN) Huber Hugo Serv\u00edn Ch\u00e1vez, inici\u00f3 operaciones de su Casa M\u00f3vil de Acci\u00f3n Social.<\/p>\n<p>&nbsp;<\/p>\n<p>Fue la tarde de ayer jueves, en inmediaciones de la colonia Ju\u00e1rez, afuera de la lecher\u00eda ubicada entre las calles de Jacona y Uruapan, que el equipo del coordinador del Cabildo de Morelia, se alist\u00f3 a atender a las familias de la zona.<\/p>\n<p>&nbsp;<\/p>\n<p><img loading=\"lazy\" decoding=\"async\" class=\"alignnone size-medium wp-image-26891\" src=\"https:\/\/diarioabcdemichoacan.com.mx\/lasnoticias\/wp-content\/uploads\/2024\/10\/WhatsApp-Image-2024-10-04-at-1.56.50-PM-1-500x333.jpeg\" alt=\"\" width=\"500\" height=\"333\" srcset=\"https:\/\/diarioabcdemichoacan.com.mx\/lasnoticias\/wp-content\/uploads\/2024\/10\/WhatsApp-Image-2024-10-04-at-1.56.50-PM-1-500x333.jpeg 500w, https:\/\/diarioabcdemichoacan.com.mx\/lasnoticias\/wp-content\/uploads\/2024\/10\/WhatsApp-Image-2024-10-04-at-1.56.50-PM-1-1024x682.jpeg 1024w, https:\/\/diarioabcdemichoacan.com.mx\/lasnoticias\/wp-content\/uploads\/2024\/10\/WhatsApp-Image-2024-10-04-at-1.56.50-PM-1-768x512.jpeg 768w, https:\/\/diarioabcdemichoacan.com.mx\/lasnoticias\/wp-content\/uploads\/2024\/10\/WhatsApp-Image-2024-10-04-at-1.56.50-PM-1-150x100.jpeg 150w, https:\/\/diarioabcdemichoacan.com.mx\/lasnoticias\/wp-content\/uploads\/2024\/10\/WhatsApp-Image-2024-10-04-at-1.56.50-PM-1-300x200.jpeg 300w, https:\/\/diarioabcdemichoacan.com.mx\/lasnoticias\/wp-content\/uploads\/2024\/10\/WhatsApp-Image-2024-10-04-at-1.56.50-PM-1-696x464.jpeg 696w, https:\/\/diarioabcdemichoacan.com.mx\/lasnoticias\/wp-content\/uploads\/2024\/10\/WhatsApp-Image-2024-10-04-at-1.56.50-PM-1-1068x712.jpeg 1068w, https:\/\/diarioabcdemichoacan.com.mx\/lasnoticias\/wp-content\/uploads\/2024\/10\/WhatsApp-Image-2024-10-04-at-1.56.50-PM-1.jpeg 1280w\" sizes=\"auto, (max-width: 500px) 100vw, 500px\" \/><\/p>\n<p>&nbsp;<\/p>\n<p>Se trata, dijo el regidor, de acercarles estos servicios y productos para que no tengan que desplazarse a las Casas de Atenci\u00f3n HS, porque de nada sirve que ahorren en esos precios, si tiene que pagar transporte.<\/p>\n<p>&nbsp;<\/p>\n<p>As\u00ed, Hugo Serv\u00edn cumpli\u00f3 su oferta con las y los morelianos, al ofrecerles productos de la canasta b\u00e1sica, como leche (a 12 pesos el litro) y huevo (30 pesos el kilo), a las familias de la colonia Ju\u00e1rez.<\/p>\n<p>&nbsp;<\/p>\n<p><img loading=\"lazy\" decoding=\"async\" class=\"alignnone size-medium wp-image-26890\" src=\"https:\/\/diarioabcdemichoacan.com.mx\/lasnoticias\/wp-content\/uploads\/2024\/10\/WhatsApp-Image-2024-10-04-at-1.56.51-PM-500x333.jpeg\" alt=\"\" width=\"500\" height=\"333\" srcset=\"https:\/\/diarioabcdemichoacan.com.mx\/lasnoticias\/wp-content\/uploads\/2024\/10\/WhatsApp-Image-2024-10-04-at-1.56.51-PM-500x333.jpeg 500w, https:\/\/diarioabcdemichoacan.com.mx\/lasnoticias\/wp-content\/uploads\/2024\/10\/WhatsApp-Image-2024-10-04-at-1.56.51-PM-1024x682.jpeg 1024w, https:\/\/diarioabcdemichoacan.com.mx\/lasnoticias\/wp-content\/uploads\/2024\/10\/WhatsApp-Image-2024-10-04-at-1.56.51-PM-768x512.jpeg 768w, https:\/\/diarioabcdemichoacan.com.mx\/lasnoticias\/wp-content\/uploads\/2024\/10\/WhatsApp-Image-2024-10-04-at-1.56.51-PM-150x100.jpeg 150w, https:\/\/diarioabcdemichoacan.com.mx\/lasnoticias\/wp-content\/uploads\/2024\/10\/WhatsApp-Image-2024-10-04-at-1.56.51-PM-300x200.jpeg 300w, https:\/\/diarioabcdemichoacan.com.mx\/lasnoticias\/wp-content\/uploads\/2024\/10\/WhatsApp-Image-2024-10-04-at-1.56.51-PM-696x464.jpeg 696w, https:\/\/diarioabcdemichoacan.com.mx\/lasnoticias\/wp-content\/uploads\/2024\/10\/WhatsApp-Image-2024-10-04-at-1.56.51-PM-1068x712.jpeg 1068w, https:\/\/diarioabcdemichoacan.com.mx\/lasnoticias\/wp-content\/uploads\/2024\/10\/WhatsApp-Image-2024-10-04-at-1.56.51-PM.jpeg 1280w\" sizes=\"auto, (max-width: 500px) 100vw, 500px\" \/><\/p>\n<p>&nbsp;<\/p>\n<p>En esta unidad tambi\u00e9n se puede tramitar la adquisici\u00f3n del paquete de calentador solar, con un equipo de doce tubos, as\u00ed como tinaco de mil 500 litros y bomba de agua, todo a un precio muy inferior que el que se tiene en el \u00e1mbito comercial.<\/p>\n<p>&nbsp;<\/p>\n<p>Hugo Serv\u00edn invit\u00f3 finalmente a las familias de la colonia Los Girasoles, que ser\u00e1 visitada por la Unidad M\u00f3vil el pr\u00f3ximo jueves 10 de octubre y pidi\u00f3 a la ciudadan\u00eda estar atenta a sus redes sociales para que conozcan el recorrido del equipo de la fuerza m\u00f3vil.<\/p>\n","protected":false},"excerpt":{"rendered":"<p>Canasta b\u00e1sica, paquete de calentador social y servicios diversos, a las puertas de las y los morelianos, a muy bajos costos. &nbsp; POR REDACCI\u00d3N, DIARIO ABC DE MICHOAC\u00c1N, 04 DE OCTUBRE DE 2024. Morelia, Mich. &#8211; Con una gran respuesta de la ciudadan\u00eda, que agradeci\u00f3 el respaldo ofrecido, el regidor del Partido Acci\u00f3n Nacional (PAN) [&hellip;]<\/p>\n","protected":false},"author":9,"featured_media":26892,"comment_status":"closed","ping_status":"closed","sticky":false,"template":"","format":"standard","meta":{"footnotes":""},"categories":[28,27],"tags":[],"class_list":{"0":"post-26882","1":"post","2":"type-post","3":"status-publish","4":"format-standard","5":"has-post-thumbnail","7":"category-politica","8":"category-slider"},"yoast_head":"<!-- This site is optimized with the Yoast SEO plugin v24.0 - https:\/\/yoast.com\/wordpress\/plugins\/seo\/ -->\n<title>Inicia funciones la Casa M\u00f3vil de Acci\u00f3n Social de Hugo Serv\u00edn. - Diario ABC de Michoac\u00e1n<\/title>\n<meta name=\"robots\" content=\"index, follow, max-snippet:-1, max-image-preview:large, max-video-preview:-1\" \/>\n<link rel=\"canonical\" href=\"https:\/\/diarioabcdemichoacan.com.mx\/lasnoticias\/inicia-funciones-la-casa-movil-de-accion-social-de-hugo-servin\/\" \/>\n<meta property=\"og:locale\" content=\"es_ES\" \/>\n<meta property=\"og:type\" content=\"article\" \/>\n<meta property=\"og:title\" content=\"Inicia funciones la Casa M\u00f3vil de Acci\u00f3n Social de Hugo Serv\u00edn. - Diario ABC de Michoac\u00e1n\" \/>\n<meta property=\"og:description\" content=\"Canasta b\u00e1sica, paquete de calentador social y servicios diversos, a las puertas de las y los morelianos, a muy bajos costos. &nbsp; POR REDACCI\u00d3N, DIARIO ABC DE MICHOAC\u00c1N, 04 DE OCTUBRE DE 2024. Morelia, Mich. &#8211; Con una gran respuesta de la ciudadan\u00eda, que agradeci\u00f3 el respaldo ofrecido, el regidor del Partido Acci\u00f3n Nacional (PAN) [&hellip;]\" \/>\n<meta property=\"og:url\" content=\"https:\/\/diarioabcdemichoacan.com.mx\/lasnoticias\/inicia-funciones-la-casa-movil-de-accion-social-de-hugo-servin\/\" \/>\n<meta property=\"og:site_name\" content=\"Diario ABC de Michoac\u00e1n\" \/>\n<meta property=\"article:published_time\" content=\"2024-10-04T20:09:04+00:00\" \/>\n<meta property=\"article:modified_time\" content=\"2024-10-04T20:10:06+00:00\" \/>\n<meta property=\"og:image\" content=\"https:\/\/diarioabcdemichoacan.com.mx\/lasnoticias\/wp-content\/uploads\/2024\/10\/WhatsApp-Image-2024-10-04-at-1.56.50-PM.jpeg\" \/>\n\t<meta property=\"og:image:width\" content=\"1200\" \/>\n\t<meta property=\"og:image:height\" content=\"1600\" \/>\n\t<meta property=\"og:image:type\" content=\"image\/jpeg\" \/>\n<meta name=\"author\" content=\"AR\" \/>\n<meta name=\"twitter:card\" content=\"summary_large_image\" \/>\n<meta name=\"twitter:label1\" content=\"Escrito por\" \/>\n\t<meta name=\"twitter:data1\" content=\"AR\" \/>\n\t<meta name=\"twitter:label2\" content=\"Tiempo de lectura\" \/>\n\t<meta name=\"twitter:data2\" content=\"2 minutos\" \/>\n<script type=\"application\/ld+json\" class=\"yoast-schema-graph\">{\"@context\":\"https:\/\/schema.org\",\"@graph\":[{\"@type\":\"WebPage\",\"@id\":\"https:\/\/diarioabcdemichoacan.com.mx\/lasnoticias\/inicia-funciones-la-casa-movil-de-accion-social-de-hugo-servin\/\",\"url\":\"https:\/\/diarioabcdemichoacan.com.mx\/lasnoticias\/inicia-funciones-la-casa-movil-de-accion-social-de-hugo-servin\/\",\"name\":\"Inicia funciones la Casa M\u00f3vil de Acci\u00f3n Social de Hugo Serv\u00edn. - Diario ABC de Michoac\u00e1n\",\"isPartOf\":{\"@id\":\"https:\/\/diarioabcdemichoacan.com.mx\/lasnoticias\/#website\"},\"primaryImageOfPage\":{\"@id\":\"https:\/\/diarioabcdemichoacan.com.mx\/lasnoticias\/inicia-funciones-la-casa-movil-de-accion-social-de-hugo-servin\/#primaryimage\"},\"image\":{\"@id\":\"https:\/\/diarioabcdemichoacan.com.mx\/lasnoticias\/inicia-funciones-la-casa-movil-de-accion-social-de-hugo-servin\/#primaryimage\"},\"thumbnailUrl\":\"https:\/\/diarioabcdemichoacan.com.mx\/lasnoticias\/wp-content\/uploads\/2024\/10\/WhatsApp-Image-2024-10-04-at-1.56.50-PM.jpeg\",\"datePublished\":\"2024-10-04T20:09:04+00:00\",\"dateModified\":\"2024-10-04T20:10:06+00:00\",\"author\":{\"@id\":\"https:\/\/diarioabcdemichoacan.com.mx\/lasnoticias\/#\/schema\/person\/19ae376040f6cbc489682ebdd8524852\"},\"breadcrumb\":{\"@id\":\"https:\/\/diarioabcdemichoacan.com.mx\/lasnoticias\/inicia-funciones-la-casa-movil-de-accion-social-de-hugo-servin\/#breadcrumb\"},\"inLanguage\":\"es\",\"potentialAction\":[{\"@type\":\"ReadAction\",\"target\":[\"https:\/\/diarioabcdemichoacan.com.mx\/lasnoticias\/inicia-funciones-la-casa-movil-de-accion-social-de-hugo-servin\/\"]}]},{\"@type\":\"ImageObject\",\"inLanguage\":\"es\",\"@id\":\"https:\/\/diarioabcdemichoacan.com.mx\/lasnoticias\/inicia-funciones-la-casa-movil-de-accion-social-de-hugo-servin\/#primaryimage\",\"url\":\"https:\/\/diarioabcdemichoacan.com.mx\/lasnoticias\/wp-content\/uploads\/2024\/10\/WhatsApp-Image-2024-10-04-at-1.56.50-PM.jpeg\",\"contentUrl\":\"https:\/\/diarioabcdemichoacan.com.mx\/lasnoticias\/wp-content\/uploads\/2024\/10\/WhatsApp-Image-2024-10-04-at-1.56.50-PM.jpeg\",\"width\":1200,\"height\":1600},{\"@type\":\"BreadcrumbList\",\"@id\":\"https:\/\/diarioabcdemichoacan.com.mx\/lasnoticias\/inicia-funciones-la-casa-movil-de-accion-social-de-hugo-servin\/#breadcrumb\",\"itemListElement\":[{\"@type\":\"ListItem\",\"position\":1,\"name\":\"Portada\",\"item\":\"https:\/\/diarioabcdemichoacan.com.mx\/lasnoticias\/\"},{\"@type\":\"ListItem\",\"position\":2,\"name\":\"Inicia funciones la Casa M\u00f3vil de Acci\u00f3n Social de Hugo Serv\u00edn.\"}]},{\"@type\":\"WebSite\",\"@id\":\"https:\/\/diarioabcdemichoacan.com.mx\/lasnoticias\/#website\",\"url\":\"https:\/\/diarioabcdemichoacan.com.mx\/lasnoticias\/\",\"name\":\"Diario ABC de Michoac\u00e1n\",\"description\":\"Las noticias al momento\",\"potentialAction\":[{\"@type\":\"SearchAction\",\"target\":{\"@type\":\"EntryPoint\",\"urlTemplate\":\"https:\/\/diarioabcdemichoacan.com.mx\/lasnoticias\/?s={search_term_string}\"},\"query-input\":{\"@type\":\"PropertyValueSpecification\",\"valueRequired\":true,\"valueName\":\"search_term_string\"}}],\"inLanguage\":\"es\"},{\"@type\":\"Person\",\"@id\":\"https:\/\/diarioabcdemichoacan.com.mx\/lasnoticias\/#\/schema\/person\/19ae376040f6cbc489682ebdd8524852\",\"name\":\"AR\",\"image\":{\"@type\":\"ImageObject\",\"inLanguage\":\"es\",\"@id\":\"https:\/\/diarioabcdemichoacan.com.mx\/lasnoticias\/#\/schema\/person\/image\/\",\"url\":\"https:\/\/secure.gravatar.com\/avatar\/44eca2ff970262234e20e1e082872af0?s=96&d=mm&r=g\",\"contentUrl\":\"https:\/\/secure.gravatar.com\/avatar\/44eca2ff970262234e20e1e082872af0?s=96&d=mm&r=g\",\"caption\":\"AR\"},\"url\":\"https:\/\/diarioabcdemichoacan.com.mx\/lasnoticias\/author\/adrian\/\"}]}<\/script>\n<!-- \/ Yoast SEO plugin. -->","yoast_head_json":{"title":"Inicia funciones la Casa M\u00f3vil de Acci\u00f3n Social de Hugo Serv\u00edn. - Diario ABC de Michoac\u00e1n","robots":{"index":"index","follow":"follow","max-snippet":"max-snippet:-1","max-image-preview":"max-image-preview:large","max-video-preview":"max-video-preview:-1"},"canonical":"https:\/\/diarioabcdemichoacan.com.mx\/lasnoticias\/inicia-funciones-la-casa-movil-de-accion-social-de-hugo-servin\/","og_locale":"es_ES","og_type":"article","og_title":"Inicia funciones la Casa M\u00f3vil de Acci\u00f3n Social de Hugo Serv\u00edn. - Diario ABC de Michoac\u00e1n","og_description":"Canasta b\u00e1sica, paquete de calentador social y servicios diversos, a las puertas de las y los morelianos, a muy bajos costos. &nbsp; POR REDACCI\u00d3N, DIARIO ABC DE MICHOAC\u00c1N, 04 DE OCTUBRE DE 2024. Morelia, Mich. &#8211; Con una gran respuesta de la ciudadan\u00eda, que agradeci\u00f3 el respaldo ofrecido, el regidor del Partido Acci\u00f3n Nacional (PAN) [&hellip;]","og_url":"https:\/\/diarioabcdemichoacan.com.mx\/lasnoticias\/inicia-funciones-la-casa-movil-de-accion-social-de-hugo-servin\/","og_site_name":"Diario ABC de Michoac\u00e1n","article_published_time":"2024-10-04T20:09:04+00:00","article_modified_time":"2024-10-04T20:10:06+00:00","og_image":[{"width":1200,"height":1600,"url":"https:\/\/diarioabcdemichoacan.com.mx\/lasnoticias\/wp-content\/uploads\/2024\/10\/WhatsApp-Image-2024-10-04-at-1.56.50-PM.jpeg","type":"image\/jpeg"}],"author":"AR","twitter_card":"summary_large_image","twitter_misc":{"Escrito por":"AR","Tiempo de lectura":"2 minutos"},"schema":{"@context":"https:\/\/schema.org","@graph":[{"@type":"WebPage","@id":"https:\/\/diarioabcdemichoacan.com.mx\/lasnoticias\/inicia-funciones-la-casa-movil-de-accion-social-de-hugo-servin\/","url":"https:\/\/diarioabcdemichoacan.com.mx\/lasnoticias\/inicia-funciones-la-casa-movil-de-accion-social-de-hugo-servin\/","name":"Inicia funciones la Casa M\u00f3vil de Acci\u00f3n Social de Hugo Serv\u00edn. - Diario ABC de Michoac\u00e1n","isPartOf":{"@id":"https:\/\/diarioabcdemichoacan.com.mx\/lasnoticias\/#website"},"primaryImageOfPage":{"@id":"https:\/\/diarioabcdemichoacan.com.mx\/lasnoticias\/inicia-funciones-la-casa-movil-de-accion-social-de-hugo-servin\/#primaryimage"},"image":{"@id":"https:\/\/diarioabcdemichoacan.com.mx\/lasnoticias\/inicia-funciones-la-casa-movil-de-accion-social-de-hugo-servin\/#primaryimage"},"thumbnailUrl":"https:\/\/diarioabcdemichoacan.com.mx\/lasnoticias\/wp-content\/uploads\/2024\/10\/WhatsApp-Image-2024-10-04-at-1.56.50-PM.jpeg","datePublished":"2024-10-04T20:09:04+00:00","dateModified":"2024-10-04T20:10:06+00:00","author":{"@id":"https:\/\/diarioabcdemichoacan.com.mx\/lasnoticias\/#\/schema\/person\/19ae376040f6cbc489682ebdd8524852"},"breadcrumb":{"@id":"https:\/\/diarioabcdemichoacan.com.mx\/lasnoticias\/inicia-funciones-la-casa-movil-de-accion-social-de-hugo-servin\/#breadcrumb"},"inLanguage":"es","potentialAction":[{"@type":"ReadAction","target":["https:\/\/diarioabcdemichoacan.com.mx\/lasnoticias\/inicia-funciones-la-casa-movil-de-accion-social-de-hugo-servin\/"]}]},{"@type":"ImageObject","inLanguage":"es","@id":"https:\/\/diarioabcdemichoacan.com.mx\/lasnoticias\/inicia-funciones-la-casa-movil-de-accion-social-de-hugo-servin\/#primaryimage","url":"https:\/\/diarioabcdemichoacan.com.mx\/lasnoticias\/wp-content\/uploads\/2024\/10\/WhatsApp-Image-2024-10-04-at-1.56.50-PM.jpeg","contentUrl":"https:\/\/diarioabcdemichoacan.com.mx\/lasnoticias\/wp-content\/uploads\/2024\/10\/WhatsApp-Image-2024-10-04-at-1.56.50-PM.jpeg","width":1200,"height":1600},{"@type":"BreadcrumbList","@id":"https:\/\/diarioabcdemichoacan.com.mx\/lasnoticias\/inicia-funciones-la-casa-movil-de-accion-social-de-hugo-servin\/#breadcrumb","itemListElement":[{"@type":"ListItem","position":1,"name":"Portada","item":"https:\/\/diarioabcdemichoacan.com.mx\/lasnoticias\/"},{"@type":"ListItem","position":2,"name":"Inicia funciones la Casa M\u00f3vil de Acci\u00f3n Social de Hugo Serv\u00edn."}]},{"@type":"WebSite","@id":"https:\/\/diarioabcdemichoacan.com.mx\/lasnoticias\/#website","url":"https:\/\/diarioabcdemichoacan.com.mx\/lasnoticias\/","name":"Diario ABC de Michoac\u00e1n","description":"Las noticias al momento","potentialAction":[{"@type":"SearchAction","target":{"@type":"EntryPoint","urlTemplate":"https:\/\/diarioabcdemichoacan.com.mx\/lasnoticias\/?s={search_term_string}"},"query-input":{"@type":"PropertyValueSpecification","valueRequired":true,"valueName":"search_term_string"}}],"inLanguage":"es"},{"@type":"Person","@id":"https:\/\/diarioabcdemichoacan.com.mx\/lasnoticias\/#\/schema\/person\/19ae376040f6cbc489682ebdd8524852","name":"AR","image":{"@type":"ImageObject","inLanguage":"es","@id":"https:\/\/diarioabcdemichoacan.com.mx\/lasnoticias\/#\/schema\/person\/image\/","url":"https:\/\/secure.gravatar.com\/avatar\/44eca2ff970262234e20e1e082872af0?s=96&d=mm&r=g","contentUrl":"https:\/\/secure.gravatar.com\/avatar\/44eca2ff970262234e20e1e082872af0?s=96&d=mm&r=g","caption":"AR"},"url":"https:\/\/diarioabcdemichoacan.com.mx\/lasnoticias\/author\/adrian\/"}]}},"_links":{"self":[{"href":"https:\/\/diarioabcdemichoacan.com.mx\/lasnoticias\/wp-json\/wp\/v2\/posts\/26882","targetHints":{"allow":["GET"]}}],"collection":[{"href":"https:\/\/diarioabcdemichoacan.com.mx\/lasnoticias\/wp-json\/wp\/v2\/posts"}],"about":[{"href":"https:\/\/diarioabcdemichoacan.com.mx\/lasnoticias\/wp-json\/wp\/v2\/types\/post"}],"author":[{"embeddable":true,"href":"https:\/\/diarioabcdemichoacan.com.mx\/lasnoticias\/wp-json\/wp\/v2\/users\/9"}],"replies":[{"embeddable":true,"href":"https:\/\/diarioabcdemichoacan.com.mx\/lasnoticias\/wp-json\/wp\/v2\/comments?post=26882"}],"version-history":[{"count":1,"href":"https:\/\/diarioabcdemichoacan.com.mx\/lasnoticias\/wp-json\/wp\/v2\/posts\/26882\/revisions"}],"predecessor-version":[{"id":26901,"href":"https:\/\/diarioabcdemichoacan.com.mx\/lasnoticias\/wp-json\/wp\/v2\/posts\/26882\/revisions\/26901"}],"wp:featuredmedia":[{"embeddable":true,"href":"https:\/\/diarioabcdemichoacan.com.mx\/lasnoticias\/wp-json\/wp\/v2\/media\/26892"}],"wp:attachment":[{"href":"https:\/\/diarioabcdemichoacan.com.mx\/lasnoticias\/wp-json\/wp\/v2\/media?parent=26882"}],"wp:term":[{"taxonomy":"category","embeddable":true,"href":"https:\/\/diarioabcdemichoacan.com.mx\/lasnoticias\/wp-json\/wp\/v2\/categories?post=26882"},{"taxonomy":"post_tag","embeddable":true,"href":"https:\/\/diarioabcdemichoacan.com.mx\/lasnoticias\/wp-json\/wp\/v2\/tags?post=26882"}],"curies":[{"name":"wp","href":"https:\/\/api.w.org\/{rel}","templated":true}]}}