{"id":27294,"date":"2024-10-07T15:01:31","date_gmt":"2024-10-07T21:01:31","guid":{"rendered":"https:\/\/diarioabcdemichoacan.com.mx\/lasnoticias\/?p=27294"},"modified":"2024-10-07T15:02:00","modified_gmt":"2024-10-07T21:02:00","slug":"legislamos-para-devolver-el-sentido-de-justicia-social-a-la-constitucion-moron","status":"publish","type":"post","link":"https:\/\/diarioabcdemichoacan.com.mx\/lasnoticias\/legislamos-para-devolver-el-sentido-de-justicia-social-a-la-constitucion-moron\/","title":{"rendered":"\u00abLegislamos para devolver el sentido de justicia social a la Constituci\u00f3n\u00bb: Mor\u00f3n."},"content":{"rendered":"<h2>Con las reformas al Poder Judicial, Guardia Nacional y Pueblos Ind\u00edgenas ya consumadas, el senador adelant\u00f3 que plantear\u00e1n otras enfocadas a mejorar condiciones laborales y de jubilaci\u00f3n.<\/h2>\n<p>&nbsp;<\/p>\n<h6>POR REDACCI\u00d3N, DIARIO ABC DE MICHOAC\u00c1N, 07 DE OCTUBRE DE 2024.<\/h6>\n<hr \/>\n<p>Tac\u00e1mbaro, Mich. &#8211; \u00abNuestra Constituci\u00f3n fue trastocada durante el periodo neoliberal con reformas como la educativa, la energ\u00e9tica o la realizada al sistema de pensiones, por eso vamos a legislar para regresarle su sentido de justicia social\u00bb, afirm\u00f3 el senador de Morena por Michoac\u00e1n, Ra\u00fal Mor\u00f3n Orozco.<\/p>\n<p>&nbsp;<\/p>\n<p>En continuidad a su gira de agradecimiento al pueblo de Michoac\u00e1n, el legislador y presidente de la Comisi\u00f3n de Educaci\u00f3n del Senado de la Rep\u00fablica visit\u00f3 este fin de semana los municipios de Paracho y Tac\u00e1mbaro, en donde se encontr\u00f3 con militantes, simpatizantes, autoridades y l\u00edderes de diversos sectores sociales.<\/p>\n<p>&nbsp;<\/p>\n<p><img loading=\"lazy\" decoding=\"async\" class=\"alignnone size-medium wp-image-27284\" src=\"https:\/\/diarioabcdemichoacan.com.mx\/lasnoticias\/wp-content\/uploads\/2024\/10\/WhatsApp-Image-2024-10-07-at-2.51.21-PM-3-500x333.jpeg\" alt=\"\" width=\"500\" height=\"333\" srcset=\"https:\/\/diarioabcdemichoacan.com.mx\/lasnoticias\/wp-content\/uploads\/2024\/10\/WhatsApp-Image-2024-10-07-at-2.51.21-PM-3-500x333.jpeg 500w, https:\/\/diarioabcdemichoacan.com.mx\/lasnoticias\/wp-content\/uploads\/2024\/10\/WhatsApp-Image-2024-10-07-at-2.51.21-PM-3-1024x682.jpeg 1024w, https:\/\/diarioabcdemichoacan.com.mx\/lasnoticias\/wp-content\/uploads\/2024\/10\/WhatsApp-Image-2024-10-07-at-2.51.21-PM-3-768x512.jpeg 768w, https:\/\/diarioabcdemichoacan.com.mx\/lasnoticias\/wp-content\/uploads\/2024\/10\/WhatsApp-Image-2024-10-07-at-2.51.21-PM-3-1536x1023.jpeg 1536w, https:\/\/diarioabcdemichoacan.com.mx\/lasnoticias\/wp-content\/uploads\/2024\/10\/WhatsApp-Image-2024-10-07-at-2.51.21-PM-3-150x100.jpeg 150w, https:\/\/diarioabcdemichoacan.com.mx\/lasnoticias\/wp-content\/uploads\/2024\/10\/WhatsApp-Image-2024-10-07-at-2.51.21-PM-3-300x200.jpeg 300w, https:\/\/diarioabcdemichoacan.com.mx\/lasnoticias\/wp-content\/uploads\/2024\/10\/WhatsApp-Image-2024-10-07-at-2.51.21-PM-3-696x464.jpeg 696w, https:\/\/diarioabcdemichoacan.com.mx\/lasnoticias\/wp-content\/uploads\/2024\/10\/WhatsApp-Image-2024-10-07-at-2.51.21-PM-3-1068x712.jpeg 1068w, https:\/\/diarioabcdemichoacan.com.mx\/lasnoticias\/wp-content\/uploads\/2024\/10\/WhatsApp-Image-2024-10-07-at-2.51.21-PM-3.jpeg 1600w\" sizes=\"auto, (max-width: 500px) 100vw, 500px\" \/><\/p>\n<p>&nbsp;<\/p>\n<p>En dichos encuentros, explic\u00f3 que en la LXVI Legislatura, la cual el pueblo construy\u00f3 con su voto en favor de la Cuarta Transformaci\u00f3n, el objetivo es que se garantice nuevamente la justicia social constitucionalmente, despu\u00e9s de haber sido afectada por los neoliberales.<\/p>\n<p>&nbsp;<\/p>\n<p>Por ello, ya con reformas como la del Poder Judicial consumadas, se abrir\u00e1 paso a otras encaminadas a devolver la dignidad laboral, como la desaparici\u00f3n de la USICAMM por un sistema que no violente los derechos de las y los maestros, as\u00ed como la modificaci\u00f3n a la Ley del ISSSTE, que permitir\u00e1 que trabajadores se jubilen con una pensi\u00f3n del 100 por ciento de su \u00faltimo salario recibido.<\/p>\n<p>&nbsp;<\/p>\n<p><img loading=\"lazy\" decoding=\"async\" class=\"alignnone size-medium wp-image-27285\" src=\"https:\/\/diarioabcdemichoacan.com.mx\/lasnoticias\/wp-content\/uploads\/2024\/10\/WhatsApp-Image-2024-10-07-at-2.51.21-PM-2-500x333.jpeg\" alt=\"\" width=\"500\" height=\"333\" srcset=\"https:\/\/diarioabcdemichoacan.com.mx\/lasnoticias\/wp-content\/uploads\/2024\/10\/WhatsApp-Image-2024-10-07-at-2.51.21-PM-2-500x333.jpeg 500w, https:\/\/diarioabcdemichoacan.com.mx\/lasnoticias\/wp-content\/uploads\/2024\/10\/WhatsApp-Image-2024-10-07-at-2.51.21-PM-2-1024x682.jpeg 1024w, https:\/\/diarioabcdemichoacan.com.mx\/lasnoticias\/wp-content\/uploads\/2024\/10\/WhatsApp-Image-2024-10-07-at-2.51.21-PM-2-768x512.jpeg 768w, https:\/\/diarioabcdemichoacan.com.mx\/lasnoticias\/wp-content\/uploads\/2024\/10\/WhatsApp-Image-2024-10-07-at-2.51.21-PM-2-1536x1023.jpeg 1536w, https:\/\/diarioabcdemichoacan.com.mx\/lasnoticias\/wp-content\/uploads\/2024\/10\/WhatsApp-Image-2024-10-07-at-2.51.21-PM-2-150x100.jpeg 150w, https:\/\/diarioabcdemichoacan.com.mx\/lasnoticias\/wp-content\/uploads\/2024\/10\/WhatsApp-Image-2024-10-07-at-2.51.21-PM-2-300x200.jpeg 300w, https:\/\/diarioabcdemichoacan.com.mx\/lasnoticias\/wp-content\/uploads\/2024\/10\/WhatsApp-Image-2024-10-07-at-2.51.21-PM-2-696x464.jpeg 696w, https:\/\/diarioabcdemichoacan.com.mx\/lasnoticias\/wp-content\/uploads\/2024\/10\/WhatsApp-Image-2024-10-07-at-2.51.21-PM-2-1068x712.jpeg 1068w, https:\/\/diarioabcdemichoacan.com.mx\/lasnoticias\/wp-content\/uploads\/2024\/10\/WhatsApp-Image-2024-10-07-at-2.51.21-PM-2.jpeg 1600w\" sizes=\"auto, (max-width: 500px) 100vw, 500px\" \/><\/p>\n<p>&nbsp;<\/p>\n<p>Finalmente, asegur\u00f3 que en el sexenio de Claudia Sheinbaum, Michoac\u00e1n se ver\u00e1 ampliamente beneficiado, al resaltar el cari\u00f1o expresado por la presidenta de M\u00e9xico por la entidad y la estrecha relaci\u00f3n desarrollada durante los \u00faltimos a\u00f1os.<\/p>\n","protected":false},"excerpt":{"rendered":"<p>Con las reformas al Poder Judicial, Guardia Nacional y Pueblos Ind\u00edgenas ya consumadas, el senador adelant\u00f3 que plantear\u00e1n otras enfocadas a mejorar condiciones laborales y de jubilaci\u00f3n. &nbsp; POR REDACCI\u00d3N, DIARIO ABC DE MICHOAC\u00c1N, 07 DE OCTUBRE DE 2024. Tac\u00e1mbaro, Mich. &#8211; \u00abNuestra Constituci\u00f3n fue trastocada durante el periodo neoliberal con reformas como la educativa, [&hellip;]<\/p>\n","protected":false},"author":9,"featured_media":27286,"comment_status":"closed","ping_status":"closed","sticky":false,"template":"","format":"standard","meta":{"footnotes":""},"categories":[10,28,27],"tags":[],"class_list":{"0":"post-27294","1":"post","2":"type-post","3":"status-publish","4":"format-standard","5":"has-post-thumbnail","7":"category-estado","8":"category-politica","9":"category-slider"},"yoast_head":"<!-- This site is optimized with the Yoast SEO plugin v24.0 - https:\/\/yoast.com\/wordpress\/plugins\/seo\/ -->\n<title>&quot;Legislamos para devolver el sentido de justicia social a la Constituci\u00f3n&quot;: Mor\u00f3n. - Diario ABC de Michoac\u00e1n<\/title>\n<meta name=\"robots\" content=\"index, follow, max-snippet:-1, max-image-preview:large, max-video-preview:-1\" \/>\n<link rel=\"canonical\" href=\"https:\/\/diarioabcdemichoacan.com.mx\/lasnoticias\/legislamos-para-devolver-el-sentido-de-justicia-social-a-la-constitucion-moron\/\" \/>\n<meta property=\"og:locale\" content=\"es_ES\" \/>\n<meta property=\"og:type\" content=\"article\" \/>\n<meta property=\"og:title\" content=\"&quot;Legislamos para devolver el sentido de justicia social a la Constituci\u00f3n&quot;: Mor\u00f3n. - Diario ABC de Michoac\u00e1n\" \/>\n<meta property=\"og:description\" content=\"Con las reformas al Poder Judicial, Guardia Nacional y Pueblos Ind\u00edgenas ya consumadas, el senador adelant\u00f3 que plantear\u00e1n otras enfocadas a mejorar condiciones laborales y de jubilaci\u00f3n. &nbsp; POR REDACCI\u00d3N, DIARIO ABC DE MICHOAC\u00c1N, 07 DE OCTUBRE DE 2024. Tac\u00e1mbaro, Mich. &#8211; \u00abNuestra Constituci\u00f3n fue trastocada durante el periodo neoliberal con reformas como la educativa, [&hellip;]\" \/>\n<meta property=\"og:url\" content=\"https:\/\/diarioabcdemichoacan.com.mx\/lasnoticias\/legislamos-para-devolver-el-sentido-de-justicia-social-a-la-constitucion-moron\/\" \/>\n<meta property=\"og:site_name\" content=\"Diario ABC de Michoac\u00e1n\" \/>\n<meta property=\"article:published_time\" content=\"2024-10-07T21:01:31+00:00\" \/>\n<meta property=\"article:modified_time\" content=\"2024-10-07T21:02:00+00:00\" \/>\n<meta property=\"og:image\" content=\"https:\/\/diarioabcdemichoacan.com.mx\/lasnoticias\/wp-content\/uploads\/2024\/10\/WhatsApp-Image-2024-10-07-at-2.51.21-PM-1.jpeg\" \/>\n\t<meta property=\"og:image:width\" content=\"1600\" \/>\n\t<meta property=\"og:image:height\" content=\"1066\" \/>\n\t<meta property=\"og:image:type\" content=\"image\/jpeg\" \/>\n<meta name=\"author\" content=\"AR\" \/>\n<meta name=\"twitter:card\" content=\"summary_large_image\" \/>\n<meta name=\"twitter:label1\" content=\"Escrito por\" \/>\n\t<meta name=\"twitter:data1\" content=\"AR\" \/>\n\t<meta name=\"twitter:label2\" content=\"Tiempo de lectura\" \/>\n\t<meta name=\"twitter:data2\" content=\"2 minutos\" \/>\n<script type=\"application\/ld+json\" class=\"yoast-schema-graph\">{\"@context\":\"https:\/\/schema.org\",\"@graph\":[{\"@type\":\"WebPage\",\"@id\":\"https:\/\/diarioabcdemichoacan.com.mx\/lasnoticias\/legislamos-para-devolver-el-sentido-de-justicia-social-a-la-constitucion-moron\/\",\"url\":\"https:\/\/diarioabcdemichoacan.com.mx\/lasnoticias\/legislamos-para-devolver-el-sentido-de-justicia-social-a-la-constitucion-moron\/\",\"name\":\"\\\"Legislamos para devolver el sentido de justicia social a la Constituci\u00f3n\\\": Mor\u00f3n. - Diario ABC de Michoac\u00e1n\",\"isPartOf\":{\"@id\":\"https:\/\/diarioabcdemichoacan.com.mx\/lasnoticias\/#website\"},\"primaryImageOfPage\":{\"@id\":\"https:\/\/diarioabcdemichoacan.com.mx\/lasnoticias\/legislamos-para-devolver-el-sentido-de-justicia-social-a-la-constitucion-moron\/#primaryimage\"},\"image\":{\"@id\":\"https:\/\/diarioabcdemichoacan.com.mx\/lasnoticias\/legislamos-para-devolver-el-sentido-de-justicia-social-a-la-constitucion-moron\/#primaryimage\"},\"thumbnailUrl\":\"https:\/\/diarioabcdemichoacan.com.mx\/lasnoticias\/wp-content\/uploads\/2024\/10\/WhatsApp-Image-2024-10-07-at-2.51.21-PM-1.jpeg\",\"datePublished\":\"2024-10-07T21:01:31+00:00\",\"dateModified\":\"2024-10-07T21:02:00+00:00\",\"author\":{\"@id\":\"https:\/\/diarioabcdemichoacan.com.mx\/lasnoticias\/#\/schema\/person\/19ae376040f6cbc489682ebdd8524852\"},\"breadcrumb\":{\"@id\":\"https:\/\/diarioabcdemichoacan.com.mx\/lasnoticias\/legislamos-para-devolver-el-sentido-de-justicia-social-a-la-constitucion-moron\/#breadcrumb\"},\"inLanguage\":\"es\",\"potentialAction\":[{\"@type\":\"ReadAction\",\"target\":[\"https:\/\/diarioabcdemichoacan.com.mx\/lasnoticias\/legislamos-para-devolver-el-sentido-de-justicia-social-a-la-constitucion-moron\/\"]}]},{\"@type\":\"ImageObject\",\"inLanguage\":\"es\",\"@id\":\"https:\/\/diarioabcdemichoacan.com.mx\/lasnoticias\/legislamos-para-devolver-el-sentido-de-justicia-social-a-la-constitucion-moron\/#primaryimage\",\"url\":\"https:\/\/diarioabcdemichoacan.com.mx\/lasnoticias\/wp-content\/uploads\/2024\/10\/WhatsApp-Image-2024-10-07-at-2.51.21-PM-1.jpeg\",\"contentUrl\":\"https:\/\/diarioabcdemichoacan.com.mx\/lasnoticias\/wp-content\/uploads\/2024\/10\/WhatsApp-Image-2024-10-07-at-2.51.21-PM-1.jpeg\",\"width\":1600,\"height\":1066},{\"@type\":\"BreadcrumbList\",\"@id\":\"https:\/\/diarioabcdemichoacan.com.mx\/lasnoticias\/legislamos-para-devolver-el-sentido-de-justicia-social-a-la-constitucion-moron\/#breadcrumb\",\"itemListElement\":[{\"@type\":\"ListItem\",\"position\":1,\"name\":\"Portada\",\"item\":\"https:\/\/diarioabcdemichoacan.com.mx\/lasnoticias\/\"},{\"@type\":\"ListItem\",\"position\":2,\"name\":\"\u00abLegislamos para devolver el sentido de justicia social a la Constituci\u00f3n\u00bb: Mor\u00f3n.\"}]},{\"@type\":\"WebSite\",\"@id\":\"https:\/\/diarioabcdemichoacan.com.mx\/lasnoticias\/#website\",\"url\":\"https:\/\/diarioabcdemichoacan.com.mx\/lasnoticias\/\",\"name\":\"Diario ABC de Michoac\u00e1n\",\"description\":\"Las noticias al momento\",\"potentialAction\":[{\"@type\":\"SearchAction\",\"target\":{\"@type\":\"EntryPoint\",\"urlTemplate\":\"https:\/\/diarioabcdemichoacan.com.mx\/lasnoticias\/?s={search_term_string}\"},\"query-input\":{\"@type\":\"PropertyValueSpecification\",\"valueRequired\":true,\"valueName\":\"search_term_string\"}}],\"inLanguage\":\"es\"},{\"@type\":\"Person\",\"@id\":\"https:\/\/diarioabcdemichoacan.com.mx\/lasnoticias\/#\/schema\/person\/19ae376040f6cbc489682ebdd8524852\",\"name\":\"AR\",\"image\":{\"@type\":\"ImageObject\",\"inLanguage\":\"es\",\"@id\":\"https:\/\/diarioabcdemichoacan.com.mx\/lasnoticias\/#\/schema\/person\/image\/\",\"url\":\"https:\/\/secure.gravatar.com\/avatar\/44eca2ff970262234e20e1e082872af0?s=96&d=mm&r=g\",\"contentUrl\":\"https:\/\/secure.gravatar.com\/avatar\/44eca2ff970262234e20e1e082872af0?s=96&d=mm&r=g\",\"caption\":\"AR\"},\"url\":\"https:\/\/diarioabcdemichoacan.com.mx\/lasnoticias\/author\/adrian\/\"}]}<\/script>\n<!-- \/ Yoast SEO plugin. -->","yoast_head_json":{"title":"\"Legislamos para devolver el sentido de justicia social a la Constituci\u00f3n\": Mor\u00f3n. - Diario ABC de Michoac\u00e1n","robots":{"index":"index","follow":"follow","max-snippet":"max-snippet:-1","max-image-preview":"max-image-preview:large","max-video-preview":"max-video-preview:-1"},"canonical":"https:\/\/diarioabcdemichoacan.com.mx\/lasnoticias\/legislamos-para-devolver-el-sentido-de-justicia-social-a-la-constitucion-moron\/","og_locale":"es_ES","og_type":"article","og_title":"\"Legislamos para devolver el sentido de justicia social a la Constituci\u00f3n\": Mor\u00f3n. - Diario ABC de Michoac\u00e1n","og_description":"Con las reformas al Poder Judicial, Guardia Nacional y Pueblos Ind\u00edgenas ya consumadas, el senador adelant\u00f3 que plantear\u00e1n otras enfocadas a mejorar condiciones laborales y de jubilaci\u00f3n. &nbsp; POR REDACCI\u00d3N, DIARIO ABC DE MICHOAC\u00c1N, 07 DE OCTUBRE DE 2024. Tac\u00e1mbaro, Mich. &#8211; \u00abNuestra Constituci\u00f3n fue trastocada durante el periodo neoliberal con reformas como la educativa, [&hellip;]","og_url":"https:\/\/diarioabcdemichoacan.com.mx\/lasnoticias\/legislamos-para-devolver-el-sentido-de-justicia-social-a-la-constitucion-moron\/","og_site_name":"Diario ABC de Michoac\u00e1n","article_published_time":"2024-10-07T21:01:31+00:00","article_modified_time":"2024-10-07T21:02:00+00:00","og_image":[{"width":1600,"height":1066,"url":"https:\/\/diarioabcdemichoacan.com.mx\/lasnoticias\/wp-content\/uploads\/2024\/10\/WhatsApp-Image-2024-10-07-at-2.51.21-PM-1.jpeg","type":"image\/jpeg"}],"author":"AR","twitter_card":"summary_large_image","twitter_misc":{"Escrito por":"AR","Tiempo de lectura":"2 minutos"},"schema":{"@context":"https:\/\/schema.org","@graph":[{"@type":"WebPage","@id":"https:\/\/diarioabcdemichoacan.com.mx\/lasnoticias\/legislamos-para-devolver-el-sentido-de-justicia-social-a-la-constitucion-moron\/","url":"https:\/\/diarioabcdemichoacan.com.mx\/lasnoticias\/legislamos-para-devolver-el-sentido-de-justicia-social-a-la-constitucion-moron\/","name":"\"Legislamos para devolver el sentido de justicia social a la Constituci\u00f3n\": Mor\u00f3n. - Diario ABC de Michoac\u00e1n","isPartOf":{"@id":"https:\/\/diarioabcdemichoacan.com.mx\/lasnoticias\/#website"},"primaryImageOfPage":{"@id":"https:\/\/diarioabcdemichoacan.com.mx\/lasnoticias\/legislamos-para-devolver-el-sentido-de-justicia-social-a-la-constitucion-moron\/#primaryimage"},"image":{"@id":"https:\/\/diarioabcdemichoacan.com.mx\/lasnoticias\/legislamos-para-devolver-el-sentido-de-justicia-social-a-la-constitucion-moron\/#primaryimage"},"thumbnailUrl":"https:\/\/diarioabcdemichoacan.com.mx\/lasnoticias\/wp-content\/uploads\/2024\/10\/WhatsApp-Image-2024-10-07-at-2.51.21-PM-1.jpeg","datePublished":"2024-10-07T21:01:31+00:00","dateModified":"2024-10-07T21:02:00+00:00","author":{"@id":"https:\/\/diarioabcdemichoacan.com.mx\/lasnoticias\/#\/schema\/person\/19ae376040f6cbc489682ebdd8524852"},"breadcrumb":{"@id":"https:\/\/diarioabcdemichoacan.com.mx\/lasnoticias\/legislamos-para-devolver-el-sentido-de-justicia-social-a-la-constitucion-moron\/#breadcrumb"},"inLanguage":"es","potentialAction":[{"@type":"ReadAction","target":["https:\/\/diarioabcdemichoacan.com.mx\/lasnoticias\/legislamos-para-devolver-el-sentido-de-justicia-social-a-la-constitucion-moron\/"]}]},{"@type":"ImageObject","inLanguage":"es","@id":"https:\/\/diarioabcdemichoacan.com.mx\/lasnoticias\/legislamos-para-devolver-el-sentido-de-justicia-social-a-la-constitucion-moron\/#primaryimage","url":"https:\/\/diarioabcdemichoacan.com.mx\/lasnoticias\/wp-content\/uploads\/2024\/10\/WhatsApp-Image-2024-10-07-at-2.51.21-PM-1.jpeg","contentUrl":"https:\/\/diarioabcdemichoacan.com.mx\/lasnoticias\/wp-content\/uploads\/2024\/10\/WhatsApp-Image-2024-10-07-at-2.51.21-PM-1.jpeg","width":1600,"height":1066},{"@type":"BreadcrumbList","@id":"https:\/\/diarioabcdemichoacan.com.mx\/lasnoticias\/legislamos-para-devolver-el-sentido-de-justicia-social-a-la-constitucion-moron\/#breadcrumb","itemListElement":[{"@type":"ListItem","position":1,"name":"Portada","item":"https:\/\/diarioabcdemichoacan.com.mx\/lasnoticias\/"},{"@type":"ListItem","position":2,"name":"\u00abLegislamos para devolver el sentido de justicia social a la Constituci\u00f3n\u00bb: Mor\u00f3n."}]},{"@type":"WebSite","@id":"https:\/\/diarioabcdemichoacan.com.mx\/lasnoticias\/#website","url":"https:\/\/diarioabcdemichoacan.com.mx\/lasnoticias\/","name":"Diario ABC de Michoac\u00e1n","description":"Las noticias al momento","potentialAction":[{"@type":"SearchAction","target":{"@type":"EntryPoint","urlTemplate":"https:\/\/diarioabcdemichoacan.com.mx\/lasnoticias\/?s={search_term_string}"},"query-input":{"@type":"PropertyValueSpecification","valueRequired":true,"valueName":"search_term_string"}}],"inLanguage":"es"},{"@type":"Person","@id":"https:\/\/diarioabcdemichoacan.com.mx\/lasnoticias\/#\/schema\/person\/19ae376040f6cbc489682ebdd8524852","name":"AR","image":{"@type":"ImageObject","inLanguage":"es","@id":"https:\/\/diarioabcdemichoacan.com.mx\/lasnoticias\/#\/schema\/person\/image\/","url":"https:\/\/secure.gravatar.com\/avatar\/44eca2ff970262234e20e1e082872af0?s=96&d=mm&r=g","contentUrl":"https:\/\/secure.gravatar.com\/avatar\/44eca2ff970262234e20e1e082872af0?s=96&d=mm&r=g","caption":"AR"},"url":"https:\/\/diarioabcdemichoacan.com.mx\/lasnoticias\/author\/adrian\/"}]}},"_links":{"self":[{"href":"https:\/\/diarioabcdemichoacan.com.mx\/lasnoticias\/wp-json\/wp\/v2\/posts\/27294","targetHints":{"allow":["GET"]}}],"collection":[{"href":"https:\/\/diarioabcdemichoacan.com.mx\/lasnoticias\/wp-json\/wp\/v2\/posts"}],"about":[{"href":"https:\/\/diarioabcdemichoacan.com.mx\/lasnoticias\/wp-json\/wp\/v2\/types\/post"}],"author":[{"embeddable":true,"href":"https:\/\/diarioabcdemichoacan.com.mx\/lasnoticias\/wp-json\/wp\/v2\/users\/9"}],"replies":[{"embeddable":true,"href":"https:\/\/diarioabcdemichoacan.com.mx\/lasnoticias\/wp-json\/wp\/v2\/comments?post=27294"}],"version-history":[{"count":1,"href":"https:\/\/diarioabcdemichoacan.com.mx\/lasnoticias\/wp-json\/wp\/v2\/posts\/27294\/revisions"}],"predecessor-version":[{"id":27300,"href":"https:\/\/diarioabcdemichoacan.com.mx\/lasnoticias\/wp-json\/wp\/v2\/posts\/27294\/revisions\/27300"}],"wp:featuredmedia":[{"embeddable":true,"href":"https:\/\/diarioabcdemichoacan.com.mx\/lasnoticias\/wp-json\/wp\/v2\/media\/27286"}],"wp:attachment":[{"href":"https:\/\/diarioabcdemichoacan.com.mx\/lasnoticias\/wp-json\/wp\/v2\/media?parent=27294"}],"wp:term":[{"taxonomy":"category","embeddable":true,"href":"https:\/\/diarioabcdemichoacan.com.mx\/lasnoticias\/wp-json\/wp\/v2\/categories?post=27294"},{"taxonomy":"post_tag","embeddable":true,"href":"https:\/\/diarioabcdemichoacan.com.mx\/lasnoticias\/wp-json\/wp\/v2\/tags?post=27294"}],"curies":[{"name":"wp","href":"https:\/\/api.w.org\/{rel}","templated":true}]}}