{"id":27416,"date":"2024-10-08T13:14:58","date_gmt":"2024-10-08T19:14:58","guid":{"rendered":"https:\/\/diarioabcdemichoacan.com.mx\/lasnoticias\/?p=27416"},"modified":"2024-10-08T13:19:08","modified_gmt":"2024-10-08T19:19:08","slug":"jueces-y-magistrados-por-voto-popular-bedolla-firma-iniciativa-de-reforma-al-poder-judicial","status":"publish","type":"post","link":"https:\/\/diarioabcdemichoacan.com.mx\/lasnoticias\/jueces-y-magistrados-por-voto-popular-bedolla-firma-iniciativa-de-reforma-al-poder-judicial\/","title":{"rendered":"Jueces y magistrados por voto popular; Bedolla firma iniciativa de reforma al Poder Judicial."},"content":{"rendered":"<h2>\u00danico Poder que no hab\u00eda sido tocado por la democracia desde Porfirio D\u00edaz.<\/h2>\n<p>&nbsp;<\/p>\n<h6>POR REDACCI\u00d3N, DIARIO ABC DE MICHOAC\u00c1N, 08 DE OCTUBRE DE 2024.<\/h6>\n<hr \/>\n<p>Morelia, Mich. &#8211; El gobernador Alfredo Ram\u00edrez Bedolla firm\u00f3 la iniciativa de la Reforma Constitucional al Poder Judicial del Estado de Michoac\u00e1n, la cual fue entregada al presidente de la Mesa Directiva del Congreso del Estado, Juan Antonio Maga\u00f1a de la Mora para su an\u00e1lisis, discusi\u00f3n y aprobaci\u00f3n en su caso, con lo cual, la Constituci\u00f3n del estado se homologar\u00eda con la Constituci\u00f3n federal.<\/p>\n<p>&nbsp;<\/p>\n<p>Puntualiz\u00f3 que Michoac\u00e1n es el primero de los 32 estados en presentar esta reforma local, la cual propone que las juezas, jueces, magistradas y magistrados sean electos por voto universal, directo y secreto por el pueblo, adem\u00e1s de que se respetan los derechos laborales del personal del Poder Judicial, as\u00ed como la carrera judicial para ocupar los puestos que van desde escribiente hasta secretario de acuerdos.<\/p>\n<p>&nbsp;<\/p>\n<p><img loading=\"lazy\" decoding=\"async\" class=\"alignnone size-medium wp-image-27436\" src=\"https:\/\/diarioabcdemichoacan.com.mx\/lasnoticias\/wp-content\/uploads\/2024\/10\/WhatsApp-Image-2024-10-08-at-1.08.47-PM-3-500x333.jpeg\" alt=\"\" width=\"500\" height=\"333\" srcset=\"https:\/\/diarioabcdemichoacan.com.mx\/lasnoticias\/wp-content\/uploads\/2024\/10\/WhatsApp-Image-2024-10-08-at-1.08.47-PM-3-500x333.jpeg 500w, https:\/\/diarioabcdemichoacan.com.mx\/lasnoticias\/wp-content\/uploads\/2024\/10\/WhatsApp-Image-2024-10-08-at-1.08.47-PM-3-1024x682.jpeg 1024w, https:\/\/diarioabcdemichoacan.com.mx\/lasnoticias\/wp-content\/uploads\/2024\/10\/WhatsApp-Image-2024-10-08-at-1.08.47-PM-3-768x512.jpeg 768w, https:\/\/diarioabcdemichoacan.com.mx\/lasnoticias\/wp-content\/uploads\/2024\/10\/WhatsApp-Image-2024-10-08-at-1.08.47-PM-3-1536x1023.jpeg 1536w, https:\/\/diarioabcdemichoacan.com.mx\/lasnoticias\/wp-content\/uploads\/2024\/10\/WhatsApp-Image-2024-10-08-at-1.08.47-PM-3-150x100.jpeg 150w, https:\/\/diarioabcdemichoacan.com.mx\/lasnoticias\/wp-content\/uploads\/2024\/10\/WhatsApp-Image-2024-10-08-at-1.08.47-PM-3-300x200.jpeg 300w, https:\/\/diarioabcdemichoacan.com.mx\/lasnoticias\/wp-content\/uploads\/2024\/10\/WhatsApp-Image-2024-10-08-at-1.08.47-PM-3-696x464.jpeg 696w, https:\/\/diarioabcdemichoacan.com.mx\/lasnoticias\/wp-content\/uploads\/2024\/10\/WhatsApp-Image-2024-10-08-at-1.08.47-PM-3-1068x712.jpeg 1068w, https:\/\/diarioabcdemichoacan.com.mx\/lasnoticias\/wp-content\/uploads\/2024\/10\/WhatsApp-Image-2024-10-08-at-1.08.47-PM-3.jpeg 1600w\" sizes=\"auto, (max-width: 500px) 100vw, 500px\" \/><\/p>\n<p>&nbsp;<\/p>\n<p>El mandatario se\u00f1al\u00f3 de esta manera se da continuidad a la Cuarta Transformaci\u00f3n, legado del expresidente Andr\u00e9s Manuel L\u00f3pez Obrador, el cual se ve reflejado en esta iniciativa que se presenta hoy al Poder Legislativo de Michoac\u00e1n.<\/p>\n<p>&nbsp;<\/p>\n<p>Refiri\u00f3 que esta iniciativa de reforma tiene como prop\u00f3sito acercar la justicia a las y los michoacanos y que, es el \u00fanico Poder que no hab\u00eda sido tocado por la democracia desde la \u00e9poca de Porfirio D\u00edaz.<\/p>\n<p>&nbsp;<\/p>\n<p><img loading=\"lazy\" decoding=\"async\" class=\"alignnone size-medium wp-image-27438\" src=\"https:\/\/diarioabcdemichoacan.com.mx\/lasnoticias\/wp-content\/uploads\/2024\/10\/WhatsApp-Image-2024-10-08-at-1.08.47-PM-1-500x333.jpeg\" alt=\"\" width=\"500\" height=\"333\" srcset=\"https:\/\/diarioabcdemichoacan.com.mx\/lasnoticias\/wp-content\/uploads\/2024\/10\/WhatsApp-Image-2024-10-08-at-1.08.47-PM-1-500x333.jpeg 500w, https:\/\/diarioabcdemichoacan.com.mx\/lasnoticias\/wp-content\/uploads\/2024\/10\/WhatsApp-Image-2024-10-08-at-1.08.47-PM-1-1024x682.jpeg 1024w, https:\/\/diarioabcdemichoacan.com.mx\/lasnoticias\/wp-content\/uploads\/2024\/10\/WhatsApp-Image-2024-10-08-at-1.08.47-PM-1-768x512.jpeg 768w, https:\/\/diarioabcdemichoacan.com.mx\/lasnoticias\/wp-content\/uploads\/2024\/10\/WhatsApp-Image-2024-10-08-at-1.08.47-PM-1-1536x1023.jpeg 1536w, https:\/\/diarioabcdemichoacan.com.mx\/lasnoticias\/wp-content\/uploads\/2024\/10\/WhatsApp-Image-2024-10-08-at-1.08.47-PM-1-150x100.jpeg 150w, https:\/\/diarioabcdemichoacan.com.mx\/lasnoticias\/wp-content\/uploads\/2024\/10\/WhatsApp-Image-2024-10-08-at-1.08.47-PM-1-300x200.jpeg 300w, https:\/\/diarioabcdemichoacan.com.mx\/lasnoticias\/wp-content\/uploads\/2024\/10\/WhatsApp-Image-2024-10-08-at-1.08.47-PM-1-696x464.jpeg 696w, https:\/\/diarioabcdemichoacan.com.mx\/lasnoticias\/wp-content\/uploads\/2024\/10\/WhatsApp-Image-2024-10-08-at-1.08.47-PM-1-1068x712.jpeg 1068w, https:\/\/diarioabcdemichoacan.com.mx\/lasnoticias\/wp-content\/uploads\/2024\/10\/WhatsApp-Image-2024-10-08-at-1.08.47-PM-1.jpeg 1600w\" sizes=\"auto, (max-width: 500px) 100vw, 500px\" \/><\/p>\n<p>&nbsp;<\/p>\n<p>Ram\u00edrez Bedolla expuso que actualmente las magistraturas \u00fanicamente se ubican en Morelia, y ahora en la nueva estructura se contemplan salas regionales y colegiadas, integradas por tres magistrados que deliberar\u00e1n las resoluciones en L\u00e1zaro C\u00e1rdenas, Apatzing\u00e1n, Uruapan, Zamora, Zit\u00e1cuaro y dos m\u00e1s en Morelia, en materia civil, mercantil, laboral y familiar. Mientras que, en materia penal, los jueces y magistrados tendr\u00e1n una sola circunscripci\u00f3n en todo el estado.<\/p>\n<p>&nbsp;<\/p>\n<p>Adem\u00e1s, esta propuesta de reforma de ley establece la transformaci\u00f3n del Tribunal de Justicia Administrativa del Estado en el Tribunal Anticorrupci\u00f3n y de Justicia Administrativa de Michoac\u00e1n, con lo cual, se prev\u00e9 un avance en esta materia para el funcionamiento del sistema anticorrupci\u00f3n.<\/p>\n<p>&nbsp;<\/p>\n<p><img loading=\"lazy\" decoding=\"async\" class=\"alignnone size-medium wp-image-27440\" src=\"https:\/\/diarioabcdemichoacan.com.mx\/lasnoticias\/wp-content\/uploads\/2024\/10\/WhatsApp-Image-2024-10-08-at-1.08.46-PM-1-500x333.jpeg\" alt=\"\" width=\"500\" height=\"333\" srcset=\"https:\/\/diarioabcdemichoacan.com.mx\/lasnoticias\/wp-content\/uploads\/2024\/10\/WhatsApp-Image-2024-10-08-at-1.08.46-PM-1-500x333.jpeg 500w, https:\/\/diarioabcdemichoacan.com.mx\/lasnoticias\/wp-content\/uploads\/2024\/10\/WhatsApp-Image-2024-10-08-at-1.08.46-PM-1-1024x682.jpeg 1024w, https:\/\/diarioabcdemichoacan.com.mx\/lasnoticias\/wp-content\/uploads\/2024\/10\/WhatsApp-Image-2024-10-08-at-1.08.46-PM-1-768x512.jpeg 768w, https:\/\/diarioabcdemichoacan.com.mx\/lasnoticias\/wp-content\/uploads\/2024\/10\/WhatsApp-Image-2024-10-08-at-1.08.46-PM-1-1536x1023.jpeg 1536w, https:\/\/diarioabcdemichoacan.com.mx\/lasnoticias\/wp-content\/uploads\/2024\/10\/WhatsApp-Image-2024-10-08-at-1.08.46-PM-1-150x100.jpeg 150w, https:\/\/diarioabcdemichoacan.com.mx\/lasnoticias\/wp-content\/uploads\/2024\/10\/WhatsApp-Image-2024-10-08-at-1.08.46-PM-1-300x200.jpeg 300w, https:\/\/diarioabcdemichoacan.com.mx\/lasnoticias\/wp-content\/uploads\/2024\/10\/WhatsApp-Image-2024-10-08-at-1.08.46-PM-1-696x464.jpeg 696w, https:\/\/diarioabcdemichoacan.com.mx\/lasnoticias\/wp-content\/uploads\/2024\/10\/WhatsApp-Image-2024-10-08-at-1.08.46-PM-1-1068x712.jpeg 1068w, https:\/\/diarioabcdemichoacan.com.mx\/lasnoticias\/wp-content\/uploads\/2024\/10\/WhatsApp-Image-2024-10-08-at-1.08.46-PM-1.jpeg 1600w\" sizes=\"auto, (max-width: 500px) 100vw, 500px\" \/><\/p>\n<p>&nbsp;<\/p>\n<p>Reconoci\u00f3 el di\u00e1logo sostenido con el presidente del Supremo Tribunal de Judicial, Jorge Res\u00e9ndiz Garc\u00eda, ya que fueron incluidas, en la iniciativa, las opiniones que se llevaron a cabo en las reuniones de trabajo.<\/p>\n<p>&nbsp;<\/p>\n<p>En tanto, el secretario de Gobierno, Carlos Torres Pi\u00f1a, dijo que esta reforma abona a la transparencia para avanzar en la equidad y justicia social sin distinci\u00f3n; manifest\u00f3 que se estuvo trabajando con magistrados y jueces, donde se escucharon las inquietudes y opiniones de los Poderes Ejecutivo y Judicial, y algunas otras estructuras, como el sindicato de esa instancia de justicia.<\/p>\n<p>&nbsp;<\/p>\n<p><img loading=\"lazy\" decoding=\"async\" class=\"alignnone size-medium wp-image-27441\" src=\"https:\/\/diarioabcdemichoacan.com.mx\/lasnoticias\/wp-content\/uploads\/2024\/10\/WhatsApp-Image-2024-10-08-at-1.08.46-PM-500x333.jpeg\" alt=\"\" width=\"500\" height=\"333\" srcset=\"https:\/\/diarioabcdemichoacan.com.mx\/lasnoticias\/wp-content\/uploads\/2024\/10\/WhatsApp-Image-2024-10-08-at-1.08.46-PM-500x333.jpeg 500w, https:\/\/diarioabcdemichoacan.com.mx\/lasnoticias\/wp-content\/uploads\/2024\/10\/WhatsApp-Image-2024-10-08-at-1.08.46-PM-1024x683.jpeg 1024w, https:\/\/diarioabcdemichoacan.com.mx\/lasnoticias\/wp-content\/uploads\/2024\/10\/WhatsApp-Image-2024-10-08-at-1.08.46-PM-768x512.jpeg 768w, https:\/\/diarioabcdemichoacan.com.mx\/lasnoticias\/wp-content\/uploads\/2024\/10\/WhatsApp-Image-2024-10-08-at-1.08.46-PM-1536x1024.jpeg 1536w, https:\/\/diarioabcdemichoacan.com.mx\/lasnoticias\/wp-content\/uploads\/2024\/10\/WhatsApp-Image-2024-10-08-at-1.08.46-PM-150x100.jpeg 150w, https:\/\/diarioabcdemichoacan.com.mx\/lasnoticias\/wp-content\/uploads\/2024\/10\/WhatsApp-Image-2024-10-08-at-1.08.46-PM-300x200.jpeg 300w, https:\/\/diarioabcdemichoacan.com.mx\/lasnoticias\/wp-content\/uploads\/2024\/10\/WhatsApp-Image-2024-10-08-at-1.08.46-PM-696x464.jpeg 696w, https:\/\/diarioabcdemichoacan.com.mx\/lasnoticias\/wp-content\/uploads\/2024\/10\/WhatsApp-Image-2024-10-08-at-1.08.46-PM-1068x712.jpeg 1068w, https:\/\/diarioabcdemichoacan.com.mx\/lasnoticias\/wp-content\/uploads\/2024\/10\/WhatsApp-Image-2024-10-08-at-1.08.46-PM.jpeg 1599w\" sizes=\"auto, (max-width: 500px) 100vw, 500px\" \/><\/p>\n<p>&nbsp;<\/p>\n<p>En el evento estuvieron presentes la diputada presidenta de la comisi\u00f3n de Puntos Constitucionales del Congreso del Estado, Emma Rivera Camacho; la diputada presidenta de la Comisi\u00f3n de Justicia, Anabet Franco Carrizales; el magistrado presidente del Tribunal de Justicia Administrativa, Hugo Alberto Gama Coria; y el Consejero Jur\u00eddico del Poder Ejecutivo, C\u00e9sar Ocegueda Robledo.<\/p>\n","protected":false},"excerpt":{"rendered":"<p>\u00danico Poder que no hab\u00eda sido tocado por la democracia desde Porfirio D\u00edaz. &nbsp; POR REDACCI\u00d3N, DIARIO ABC DE MICHOAC\u00c1N, 08 DE OCTUBRE DE 2024. Morelia, Mich. &#8211; El gobernador Alfredo Ram\u00edrez Bedolla firm\u00f3 la iniciativa de la Reforma Constitucional al Poder Judicial del Estado de Michoac\u00e1n, la cual fue entregada al presidente de la [&hellip;]<\/p>\n","protected":false},"author":9,"featured_media":27435,"comment_status":"closed","ping_status":"closed","sticky":false,"template":"","format":"standard","meta":{"footnotes":""},"categories":[10,17,27],"tags":[],"class_list":{"0":"post-27416","1":"post","2":"type-post","3":"status-publish","4":"format-standard","5":"has-post-thumbnail","7":"category-estado","8":"category-gobierno-de-michoacan","9":"category-slider"},"yoast_head":"<!-- This site is optimized with the Yoast SEO plugin v24.0 - https:\/\/yoast.com\/wordpress\/plugins\/seo\/ -->\n<title>Jueces y magistrados por voto popular; Bedolla firma iniciativa de reforma al Poder Judicial. - Diario ABC de Michoac\u00e1n<\/title>\n<meta name=\"robots\" content=\"index, follow, max-snippet:-1, max-image-preview:large, max-video-preview:-1\" \/>\n<link rel=\"canonical\" href=\"https:\/\/diarioabcdemichoacan.com.mx\/lasnoticias\/jueces-y-magistrados-por-voto-popular-bedolla-firma-iniciativa-de-reforma-al-poder-judicial\/\" \/>\n<meta property=\"og:locale\" content=\"es_ES\" \/>\n<meta property=\"og:type\" content=\"article\" \/>\n<meta property=\"og:title\" content=\"Jueces y magistrados por voto popular; Bedolla firma iniciativa de reforma al Poder Judicial. - Diario ABC de Michoac\u00e1n\" \/>\n<meta property=\"og:description\" content=\"\u00danico Poder que no hab\u00eda sido tocado por la democracia desde Porfirio D\u00edaz. &nbsp; POR REDACCI\u00d3N, DIARIO ABC DE MICHOAC\u00c1N, 08 DE OCTUBRE DE 2024. Morelia, Mich. &#8211; El gobernador Alfredo Ram\u00edrez Bedolla firm\u00f3 la iniciativa de la Reforma Constitucional al Poder Judicial del Estado de Michoac\u00e1n, la cual fue entregada al presidente de la [&hellip;]\" \/>\n<meta property=\"og:url\" content=\"https:\/\/diarioabcdemichoacan.com.mx\/lasnoticias\/jueces-y-magistrados-por-voto-popular-bedolla-firma-iniciativa-de-reforma-al-poder-judicial\/\" \/>\n<meta property=\"og:site_name\" content=\"Diario ABC de Michoac\u00e1n\" \/>\n<meta property=\"article:published_time\" content=\"2024-10-08T19:14:58+00:00\" \/>\n<meta property=\"article:modified_time\" content=\"2024-10-08T19:19:08+00:00\" \/>\n<meta property=\"og:image\" content=\"https:\/\/diarioabcdemichoacan.com.mx\/lasnoticias\/wp-content\/uploads\/2024\/10\/WhatsApp-Image-2024-10-08-at-1.08.48-PM.jpeg\" \/>\n\t<meta property=\"og:image:width\" content=\"1280\" \/>\n\t<meta property=\"og:image:height\" content=\"896\" \/>\n\t<meta property=\"og:image:type\" content=\"image\/jpeg\" \/>\n<meta name=\"author\" content=\"AR\" \/>\n<meta name=\"twitter:card\" content=\"summary_large_image\" \/>\n<meta name=\"twitter:label1\" content=\"Escrito por\" \/>\n\t<meta name=\"twitter:data1\" content=\"AR\" \/>\n\t<meta name=\"twitter:label2\" content=\"Tiempo de lectura\" \/>\n\t<meta name=\"twitter:data2\" content=\"4 minutos\" \/>\n<script type=\"application\/ld+json\" class=\"yoast-schema-graph\">{\"@context\":\"https:\/\/schema.org\",\"@graph\":[{\"@type\":\"WebPage\",\"@id\":\"https:\/\/diarioabcdemichoacan.com.mx\/lasnoticias\/jueces-y-magistrados-por-voto-popular-bedolla-firma-iniciativa-de-reforma-al-poder-judicial\/\",\"url\":\"https:\/\/diarioabcdemichoacan.com.mx\/lasnoticias\/jueces-y-magistrados-por-voto-popular-bedolla-firma-iniciativa-de-reforma-al-poder-judicial\/\",\"name\":\"Jueces y magistrados por voto popular; Bedolla firma iniciativa de reforma al Poder Judicial. - Diario ABC de Michoac\u00e1n\",\"isPartOf\":{\"@id\":\"https:\/\/diarioabcdemichoacan.com.mx\/lasnoticias\/#website\"},\"primaryImageOfPage\":{\"@id\":\"https:\/\/diarioabcdemichoacan.com.mx\/lasnoticias\/jueces-y-magistrados-por-voto-popular-bedolla-firma-iniciativa-de-reforma-al-poder-judicial\/#primaryimage\"},\"image\":{\"@id\":\"https:\/\/diarioabcdemichoacan.com.mx\/lasnoticias\/jueces-y-magistrados-por-voto-popular-bedolla-firma-iniciativa-de-reforma-al-poder-judicial\/#primaryimage\"},\"thumbnailUrl\":\"https:\/\/diarioabcdemichoacan.com.mx\/lasnoticias\/wp-content\/uploads\/2024\/10\/WhatsApp-Image-2024-10-08-at-1.08.48-PM.jpeg\",\"datePublished\":\"2024-10-08T19:14:58+00:00\",\"dateModified\":\"2024-10-08T19:19:08+00:00\",\"author\":{\"@id\":\"https:\/\/diarioabcdemichoacan.com.mx\/lasnoticias\/#\/schema\/person\/19ae376040f6cbc489682ebdd8524852\"},\"breadcrumb\":{\"@id\":\"https:\/\/diarioabcdemichoacan.com.mx\/lasnoticias\/jueces-y-magistrados-por-voto-popular-bedolla-firma-iniciativa-de-reforma-al-poder-judicial\/#breadcrumb\"},\"inLanguage\":\"es\",\"potentialAction\":[{\"@type\":\"ReadAction\",\"target\":[\"https:\/\/diarioabcdemichoacan.com.mx\/lasnoticias\/jueces-y-magistrados-por-voto-popular-bedolla-firma-iniciativa-de-reforma-al-poder-judicial\/\"]}]},{\"@type\":\"ImageObject\",\"inLanguage\":\"es\",\"@id\":\"https:\/\/diarioabcdemichoacan.com.mx\/lasnoticias\/jueces-y-magistrados-por-voto-popular-bedolla-firma-iniciativa-de-reforma-al-poder-judicial\/#primaryimage\",\"url\":\"https:\/\/diarioabcdemichoacan.com.mx\/lasnoticias\/wp-content\/uploads\/2024\/10\/WhatsApp-Image-2024-10-08-at-1.08.48-PM.jpeg\",\"contentUrl\":\"https:\/\/diarioabcdemichoacan.com.mx\/lasnoticias\/wp-content\/uploads\/2024\/10\/WhatsApp-Image-2024-10-08-at-1.08.48-PM.jpeg\",\"width\":1280,\"height\":896},{\"@type\":\"BreadcrumbList\",\"@id\":\"https:\/\/diarioabcdemichoacan.com.mx\/lasnoticias\/jueces-y-magistrados-por-voto-popular-bedolla-firma-iniciativa-de-reforma-al-poder-judicial\/#breadcrumb\",\"itemListElement\":[{\"@type\":\"ListItem\",\"position\":1,\"name\":\"Portada\",\"item\":\"https:\/\/diarioabcdemichoacan.com.mx\/lasnoticias\/\"},{\"@type\":\"ListItem\",\"position\":2,\"name\":\"Jueces y magistrados por voto popular; Bedolla firma iniciativa de reforma al Poder Judicial.\"}]},{\"@type\":\"WebSite\",\"@id\":\"https:\/\/diarioabcdemichoacan.com.mx\/lasnoticias\/#website\",\"url\":\"https:\/\/diarioabcdemichoacan.com.mx\/lasnoticias\/\",\"name\":\"Diario ABC de Michoac\u00e1n\",\"description\":\"Las noticias al momento\",\"potentialAction\":[{\"@type\":\"SearchAction\",\"target\":{\"@type\":\"EntryPoint\",\"urlTemplate\":\"https:\/\/diarioabcdemichoacan.com.mx\/lasnoticias\/?s={search_term_string}\"},\"query-input\":{\"@type\":\"PropertyValueSpecification\",\"valueRequired\":true,\"valueName\":\"search_term_string\"}}],\"inLanguage\":\"es\"},{\"@type\":\"Person\",\"@id\":\"https:\/\/diarioabcdemichoacan.com.mx\/lasnoticias\/#\/schema\/person\/19ae376040f6cbc489682ebdd8524852\",\"name\":\"AR\",\"image\":{\"@type\":\"ImageObject\",\"inLanguage\":\"es\",\"@id\":\"https:\/\/diarioabcdemichoacan.com.mx\/lasnoticias\/#\/schema\/person\/image\/\",\"url\":\"https:\/\/secure.gravatar.com\/avatar\/44eca2ff970262234e20e1e082872af0?s=96&d=mm&r=g\",\"contentUrl\":\"https:\/\/secure.gravatar.com\/avatar\/44eca2ff970262234e20e1e082872af0?s=96&d=mm&r=g\",\"caption\":\"AR\"},\"url\":\"https:\/\/diarioabcdemichoacan.com.mx\/lasnoticias\/author\/adrian\/\"}]}<\/script>\n<!-- \/ Yoast SEO plugin. -->","yoast_head_json":{"title":"Jueces y magistrados por voto popular; Bedolla firma iniciativa de reforma al Poder Judicial. - Diario ABC de Michoac\u00e1n","robots":{"index":"index","follow":"follow","max-snippet":"max-snippet:-1","max-image-preview":"max-image-preview:large","max-video-preview":"max-video-preview:-1"},"canonical":"https:\/\/diarioabcdemichoacan.com.mx\/lasnoticias\/jueces-y-magistrados-por-voto-popular-bedolla-firma-iniciativa-de-reforma-al-poder-judicial\/","og_locale":"es_ES","og_type":"article","og_title":"Jueces y magistrados por voto popular; Bedolla firma iniciativa de reforma al Poder Judicial. - Diario ABC de Michoac\u00e1n","og_description":"\u00danico Poder que no hab\u00eda sido tocado por la democracia desde Porfirio D\u00edaz. &nbsp; POR REDACCI\u00d3N, DIARIO ABC DE MICHOAC\u00c1N, 08 DE OCTUBRE DE 2024. Morelia, Mich. &#8211; El gobernador Alfredo Ram\u00edrez Bedolla firm\u00f3 la iniciativa de la Reforma Constitucional al Poder Judicial del Estado de Michoac\u00e1n, la cual fue entregada al presidente de la [&hellip;]","og_url":"https:\/\/diarioabcdemichoacan.com.mx\/lasnoticias\/jueces-y-magistrados-por-voto-popular-bedolla-firma-iniciativa-de-reforma-al-poder-judicial\/","og_site_name":"Diario ABC de Michoac\u00e1n","article_published_time":"2024-10-08T19:14:58+00:00","article_modified_time":"2024-10-08T19:19:08+00:00","og_image":[{"width":1280,"height":896,"url":"https:\/\/diarioabcdemichoacan.com.mx\/lasnoticias\/wp-content\/uploads\/2024\/10\/WhatsApp-Image-2024-10-08-at-1.08.48-PM.jpeg","type":"image\/jpeg"}],"author":"AR","twitter_card":"summary_large_image","twitter_misc":{"Escrito por":"AR","Tiempo de lectura":"4 minutos"},"schema":{"@context":"https:\/\/schema.org","@graph":[{"@type":"WebPage","@id":"https:\/\/diarioabcdemichoacan.com.mx\/lasnoticias\/jueces-y-magistrados-por-voto-popular-bedolla-firma-iniciativa-de-reforma-al-poder-judicial\/","url":"https:\/\/diarioabcdemichoacan.com.mx\/lasnoticias\/jueces-y-magistrados-por-voto-popular-bedolla-firma-iniciativa-de-reforma-al-poder-judicial\/","name":"Jueces y magistrados por voto popular; Bedolla firma iniciativa de reforma al Poder Judicial. - Diario ABC de Michoac\u00e1n","isPartOf":{"@id":"https:\/\/diarioabcdemichoacan.com.mx\/lasnoticias\/#website"},"primaryImageOfPage":{"@id":"https:\/\/diarioabcdemichoacan.com.mx\/lasnoticias\/jueces-y-magistrados-por-voto-popular-bedolla-firma-iniciativa-de-reforma-al-poder-judicial\/#primaryimage"},"image":{"@id":"https:\/\/diarioabcdemichoacan.com.mx\/lasnoticias\/jueces-y-magistrados-por-voto-popular-bedolla-firma-iniciativa-de-reforma-al-poder-judicial\/#primaryimage"},"thumbnailUrl":"https:\/\/diarioabcdemichoacan.com.mx\/lasnoticias\/wp-content\/uploads\/2024\/10\/WhatsApp-Image-2024-10-08-at-1.08.48-PM.jpeg","datePublished":"2024-10-08T19:14:58+00:00","dateModified":"2024-10-08T19:19:08+00:00","author":{"@id":"https:\/\/diarioabcdemichoacan.com.mx\/lasnoticias\/#\/schema\/person\/19ae376040f6cbc489682ebdd8524852"},"breadcrumb":{"@id":"https:\/\/diarioabcdemichoacan.com.mx\/lasnoticias\/jueces-y-magistrados-por-voto-popular-bedolla-firma-iniciativa-de-reforma-al-poder-judicial\/#breadcrumb"},"inLanguage":"es","potentialAction":[{"@type":"ReadAction","target":["https:\/\/diarioabcdemichoacan.com.mx\/lasnoticias\/jueces-y-magistrados-por-voto-popular-bedolla-firma-iniciativa-de-reforma-al-poder-judicial\/"]}]},{"@type":"ImageObject","inLanguage":"es","@id":"https:\/\/diarioabcdemichoacan.com.mx\/lasnoticias\/jueces-y-magistrados-por-voto-popular-bedolla-firma-iniciativa-de-reforma-al-poder-judicial\/#primaryimage","url":"https:\/\/diarioabcdemichoacan.com.mx\/lasnoticias\/wp-content\/uploads\/2024\/10\/WhatsApp-Image-2024-10-08-at-1.08.48-PM.jpeg","contentUrl":"https:\/\/diarioabcdemichoacan.com.mx\/lasnoticias\/wp-content\/uploads\/2024\/10\/WhatsApp-Image-2024-10-08-at-1.08.48-PM.jpeg","width":1280,"height":896},{"@type":"BreadcrumbList","@id":"https:\/\/diarioabcdemichoacan.com.mx\/lasnoticias\/jueces-y-magistrados-por-voto-popular-bedolla-firma-iniciativa-de-reforma-al-poder-judicial\/#breadcrumb","itemListElement":[{"@type":"ListItem","position":1,"name":"Portada","item":"https:\/\/diarioabcdemichoacan.com.mx\/lasnoticias\/"},{"@type":"ListItem","position":2,"name":"Jueces y magistrados por voto popular; Bedolla firma iniciativa de reforma al Poder Judicial."}]},{"@type":"WebSite","@id":"https:\/\/diarioabcdemichoacan.com.mx\/lasnoticias\/#website","url":"https:\/\/diarioabcdemichoacan.com.mx\/lasnoticias\/","name":"Diario ABC de Michoac\u00e1n","description":"Las noticias al momento","potentialAction":[{"@type":"SearchAction","target":{"@type":"EntryPoint","urlTemplate":"https:\/\/diarioabcdemichoacan.com.mx\/lasnoticias\/?s={search_term_string}"},"query-input":{"@type":"PropertyValueSpecification","valueRequired":true,"valueName":"search_term_string"}}],"inLanguage":"es"},{"@type":"Person","@id":"https:\/\/diarioabcdemichoacan.com.mx\/lasnoticias\/#\/schema\/person\/19ae376040f6cbc489682ebdd8524852","name":"AR","image":{"@type":"ImageObject","inLanguage":"es","@id":"https:\/\/diarioabcdemichoacan.com.mx\/lasnoticias\/#\/schema\/person\/image\/","url":"https:\/\/secure.gravatar.com\/avatar\/44eca2ff970262234e20e1e082872af0?s=96&d=mm&r=g","contentUrl":"https:\/\/secure.gravatar.com\/avatar\/44eca2ff970262234e20e1e082872af0?s=96&d=mm&r=g","caption":"AR"},"url":"https:\/\/diarioabcdemichoacan.com.mx\/lasnoticias\/author\/adrian\/"}]}},"_links":{"self":[{"href":"https:\/\/diarioabcdemichoacan.com.mx\/lasnoticias\/wp-json\/wp\/v2\/posts\/27416","targetHints":{"allow":["GET"]}}],"collection":[{"href":"https:\/\/diarioabcdemichoacan.com.mx\/lasnoticias\/wp-json\/wp\/v2\/posts"}],"about":[{"href":"https:\/\/diarioabcdemichoacan.com.mx\/lasnoticias\/wp-json\/wp\/v2\/types\/post"}],"author":[{"embeddable":true,"href":"https:\/\/diarioabcdemichoacan.com.mx\/lasnoticias\/wp-json\/wp\/v2\/users\/9"}],"replies":[{"embeddable":true,"href":"https:\/\/diarioabcdemichoacan.com.mx\/lasnoticias\/wp-json\/wp\/v2\/comments?post=27416"}],"version-history":[{"count":1,"href":"https:\/\/diarioabcdemichoacan.com.mx\/lasnoticias\/wp-json\/wp\/v2\/posts\/27416\/revisions"}],"predecessor-version":[{"id":27442,"href":"https:\/\/diarioabcdemichoacan.com.mx\/lasnoticias\/wp-json\/wp\/v2\/posts\/27416\/revisions\/27442"}],"wp:featuredmedia":[{"embeddable":true,"href":"https:\/\/diarioabcdemichoacan.com.mx\/lasnoticias\/wp-json\/wp\/v2\/media\/27435"}],"wp:attachment":[{"href":"https:\/\/diarioabcdemichoacan.com.mx\/lasnoticias\/wp-json\/wp\/v2\/media?parent=27416"}],"wp:term":[{"taxonomy":"category","embeddable":true,"href":"https:\/\/diarioabcdemichoacan.com.mx\/lasnoticias\/wp-json\/wp\/v2\/categories?post=27416"},{"taxonomy":"post_tag","embeddable":true,"href":"https:\/\/diarioabcdemichoacan.com.mx\/lasnoticias\/wp-json\/wp\/v2\/tags?post=27416"}],"curies":[{"name":"wp","href":"https:\/\/api.w.org\/{rel}","templated":true}]}}