{"id":27417,"date":"2024-10-08T13:30:16","date_gmt":"2024-10-08T19:30:16","guid":{"rendered":"https:\/\/diarioabcdemichoacan.com.mx\/lasnoticias\/?p=27417"},"modified":"2024-10-08T15:45:55","modified_gmt":"2024-10-08T21:45:55","slug":"como-sera-la-eleccion-de-jueces-y-magistrados-en-michoacan","status":"publish","type":"post","link":"https:\/\/diarioabcdemichoacan.com.mx\/lasnoticias\/como-sera-la-eleccion-de-jueces-y-magistrados-en-michoacan\/","title":{"rendered":"\u00bfC\u00f3mo ser\u00e1 la elecci\u00f3n de jueces y magistrados en Michoac\u00e1n?"},"content":{"rendered":"<h2>En 2025 primera elecci\u00f3n de jueces y magistrados<\/h2>\n<p>&nbsp;<\/p>\n<h6>POR SARA\u00cd RANGEL, DIARIO ABC DE MICHOAC\u00c1N, 08 DE OCTUBRE DE 2024.<\/h6>\n<hr \/>\n<p>Morelia, Mich. &#8211; De ser aprobada la reforma al Poder Judicial del Estado de Michoac\u00e1n, jueces y magistrados ser\u00e1n elegidos mediante el voto directo, libre y secreto de los ciudadanos, pero, \u00bfc\u00f3mo ser\u00e1 este proceso?<\/p>\n<p>&nbsp;<\/p>\n<p>C\u00e9sar Augusto Osegueda Robledo, Consejero Jur\u00eddico del Gobierno de Michoac\u00e1n explic\u00f3 que cada poder (Ejecutivo, Legislativo y Judicial), deber\u00e1 integrar un comit\u00e9 de evaluaci\u00f3n cuya responsabilidad ser\u00e1 la propuesta de aspirantes, bajo los criterios que cada comit\u00e9 estipule se elegir\u00e1 a los dos mejores evaluados a fin de nombrar seis candidatos por cargo a elegir.<\/p>\n<p>&nbsp;<\/p>\n<p>La duraci\u00f3n de las campa\u00f1as ser\u00e1 de 45 d\u00edas sin periodo de precampa\u00f1a, para lo cual estar\u00e1 prohibido cualquier tipo de financiamiento p\u00fablico o privado.<\/p>\n<p>&nbsp;<\/p>\n<p>Osegueda Robledo inform\u00f3 que, el periodo por el cual ser\u00e1n electos ser\u00e1 de nueve a\u00f1os y en caso de ausencia, se elegir\u00e1 al segundo lugar, del mismo g\u00e9nero.<\/p>\n<p>&nbsp;<\/p>\n<p>Para el 2025, se tendr\u00e1 que elegir a la mitad de los cargos de juezas y jueces, mientras que el l\u00edmite para la renovaci\u00f3n total del poder judicial ser\u00e1 en 2027. Cabe se\u00f1alar que el primer periodo ser\u00e1 por ocho a\u00f1os, a fin de homologar con el periodo electoral.<\/p>\n<p>&nbsp;<\/p>\n<p>Al respecto, el Secretario de Gobierno, Carlos Torres Pi\u00f1a precis\u00f3 que el planteamiento es que la elecci\u00f3n del 2025 sea junto con la elecci\u00f3n nacional, toda vez que el Instituto Nacional Electoral (INE) ser\u00e1 el \u00f3rgano encargado de la instalaci\u00f3n de las casillas y podr\u00e1 a sus funcionarios, lo que permitir\u00eda reducir costos.<\/p>\n<p>&nbsp;<\/p>\n<p>\u201cEl tema legal y procedimiento para preparar una consulta lo tenemos, solo vamos a revisar algunos aspectos t\u00e9cnicos que tendremos que valorar junto con el IEM (Instituto Electoral de Michoac\u00e1n) y nos estaremos reuniendo a la brevedad con ellos\u201d, puntualiz\u00f3.<\/p>\n","protected":false},"excerpt":{"rendered":"<p>En 2025 primera elecci\u00f3n de jueces y magistrados &nbsp; POR SARA\u00cd RANGEL, DIARIO ABC DE MICHOAC\u00c1N, 08 DE OCTUBRE DE 2024. Morelia, Mich. &#8211; De ser aprobada la reforma al Poder Judicial del Estado de Michoac\u00e1n, jueces y magistrados ser\u00e1n elegidos mediante el voto directo, libre y secreto de los ciudadanos, pero, \u00bfc\u00f3mo ser\u00e1 este [&hellip;]<\/p>\n","protected":false},"author":9,"featured_media":27443,"comment_status":"closed","ping_status":"closed","sticky":false,"template":"","format":"standard","meta":{"footnotes":""},"categories":[10,17,27],"tags":[],"class_list":{"0":"post-27417","1":"post","2":"type-post","3":"status-publish","4":"format-standard","5":"has-post-thumbnail","7":"category-estado","8":"category-gobierno-de-michoacan","9":"category-slider"},"yoast_head":"<!-- This site is optimized with the Yoast SEO plugin v24.0 - https:\/\/yoast.com\/wordpress\/plugins\/seo\/ -->\n<title>\u00bfC\u00f3mo ser\u00e1 la elecci\u00f3n de jueces y magistrados en Michoac\u00e1n? - Diario ABC de Michoac\u00e1n<\/title>\n<meta name=\"robots\" content=\"index, follow, max-snippet:-1, max-image-preview:large, max-video-preview:-1\" \/>\n<link rel=\"canonical\" href=\"https:\/\/diarioabcdemichoacan.com.mx\/lasnoticias\/como-sera-la-eleccion-de-jueces-y-magistrados-en-michoacan\/\" \/>\n<meta property=\"og:locale\" content=\"es_ES\" \/>\n<meta property=\"og:type\" content=\"article\" \/>\n<meta property=\"og:title\" content=\"\u00bfC\u00f3mo ser\u00e1 la elecci\u00f3n de jueces y magistrados en Michoac\u00e1n? - Diario ABC de Michoac\u00e1n\" \/>\n<meta property=\"og:description\" content=\"En 2025 primera elecci\u00f3n de jueces y magistrados &nbsp; POR SARA\u00cd RANGEL, DIARIO ABC DE MICHOAC\u00c1N, 08 DE OCTUBRE DE 2024. Morelia, Mich. &#8211; De ser aprobada la reforma al Poder Judicial del Estado de Michoac\u00e1n, jueces y magistrados ser\u00e1n elegidos mediante el voto directo, libre y secreto de los ciudadanos, pero, \u00bfc\u00f3mo ser\u00e1 este [&hellip;]\" \/>\n<meta property=\"og:url\" content=\"https:\/\/diarioabcdemichoacan.com.mx\/lasnoticias\/como-sera-la-eleccion-de-jueces-y-magistrados-en-michoacan\/\" \/>\n<meta property=\"og:site_name\" content=\"Diario ABC de Michoac\u00e1n\" \/>\n<meta property=\"article:published_time\" content=\"2024-10-08T19:30:16+00:00\" \/>\n<meta property=\"article:modified_time\" content=\"2024-10-08T21:45:55+00:00\" \/>\n<meta property=\"og:image\" content=\"https:\/\/diarioabcdemichoacan.com.mx\/lasnoticias\/wp-content\/uploads\/2024\/10\/WhatsApp-Image-2024-10-08-at-1.27.06-PM.jpeg\" \/>\n\t<meta property=\"og:image:width\" content=\"1086\" \/>\n\t<meta property=\"og:image:height\" content=\"1448\" \/>\n\t<meta property=\"og:image:type\" content=\"image\/jpeg\" \/>\n<meta name=\"author\" content=\"AR\" \/>\n<meta name=\"twitter:card\" content=\"summary_large_image\" \/>\n<meta name=\"twitter:label1\" content=\"Escrito por\" \/>\n\t<meta name=\"twitter:data1\" content=\"AR\" \/>\n\t<meta name=\"twitter:label2\" content=\"Tiempo de lectura\" \/>\n\t<meta name=\"twitter:data2\" content=\"2 minutos\" \/>\n<script type=\"application\/ld+json\" class=\"yoast-schema-graph\">{\"@context\":\"https:\/\/schema.org\",\"@graph\":[{\"@type\":\"WebPage\",\"@id\":\"https:\/\/diarioabcdemichoacan.com.mx\/lasnoticias\/como-sera-la-eleccion-de-jueces-y-magistrados-en-michoacan\/\",\"url\":\"https:\/\/diarioabcdemichoacan.com.mx\/lasnoticias\/como-sera-la-eleccion-de-jueces-y-magistrados-en-michoacan\/\",\"name\":\"\u00bfC\u00f3mo ser\u00e1 la elecci\u00f3n de jueces y magistrados en Michoac\u00e1n? - Diario ABC de Michoac\u00e1n\",\"isPartOf\":{\"@id\":\"https:\/\/diarioabcdemichoacan.com.mx\/lasnoticias\/#website\"},\"primaryImageOfPage\":{\"@id\":\"https:\/\/diarioabcdemichoacan.com.mx\/lasnoticias\/como-sera-la-eleccion-de-jueces-y-magistrados-en-michoacan\/#primaryimage\"},\"image\":{\"@id\":\"https:\/\/diarioabcdemichoacan.com.mx\/lasnoticias\/como-sera-la-eleccion-de-jueces-y-magistrados-en-michoacan\/#primaryimage\"},\"thumbnailUrl\":\"https:\/\/diarioabcdemichoacan.com.mx\/lasnoticias\/wp-content\/uploads\/2024\/10\/WhatsApp-Image-2024-10-08-at-1.27.06-PM.jpeg\",\"datePublished\":\"2024-10-08T19:30:16+00:00\",\"dateModified\":\"2024-10-08T21:45:55+00:00\",\"author\":{\"@id\":\"https:\/\/diarioabcdemichoacan.com.mx\/lasnoticias\/#\/schema\/person\/19ae376040f6cbc489682ebdd8524852\"},\"breadcrumb\":{\"@id\":\"https:\/\/diarioabcdemichoacan.com.mx\/lasnoticias\/como-sera-la-eleccion-de-jueces-y-magistrados-en-michoacan\/#breadcrumb\"},\"inLanguage\":\"es\",\"potentialAction\":[{\"@type\":\"ReadAction\",\"target\":[\"https:\/\/diarioabcdemichoacan.com.mx\/lasnoticias\/como-sera-la-eleccion-de-jueces-y-magistrados-en-michoacan\/\"]}]},{\"@type\":\"ImageObject\",\"inLanguage\":\"es\",\"@id\":\"https:\/\/diarioabcdemichoacan.com.mx\/lasnoticias\/como-sera-la-eleccion-de-jueces-y-magistrados-en-michoacan\/#primaryimage\",\"url\":\"https:\/\/diarioabcdemichoacan.com.mx\/lasnoticias\/wp-content\/uploads\/2024\/10\/WhatsApp-Image-2024-10-08-at-1.27.06-PM.jpeg\",\"contentUrl\":\"https:\/\/diarioabcdemichoacan.com.mx\/lasnoticias\/wp-content\/uploads\/2024\/10\/WhatsApp-Image-2024-10-08-at-1.27.06-PM.jpeg\",\"width\":1086,\"height\":1448},{\"@type\":\"BreadcrumbList\",\"@id\":\"https:\/\/diarioabcdemichoacan.com.mx\/lasnoticias\/como-sera-la-eleccion-de-jueces-y-magistrados-en-michoacan\/#breadcrumb\",\"itemListElement\":[{\"@type\":\"ListItem\",\"position\":1,\"name\":\"Portada\",\"item\":\"https:\/\/diarioabcdemichoacan.com.mx\/lasnoticias\/\"},{\"@type\":\"ListItem\",\"position\":2,\"name\":\"\u00bfC\u00f3mo ser\u00e1 la elecci\u00f3n de jueces y magistrados en Michoac\u00e1n?\"}]},{\"@type\":\"WebSite\",\"@id\":\"https:\/\/diarioabcdemichoacan.com.mx\/lasnoticias\/#website\",\"url\":\"https:\/\/diarioabcdemichoacan.com.mx\/lasnoticias\/\",\"name\":\"Diario ABC de Michoac\u00e1n\",\"description\":\"Las noticias al momento\",\"potentialAction\":[{\"@type\":\"SearchAction\",\"target\":{\"@type\":\"EntryPoint\",\"urlTemplate\":\"https:\/\/diarioabcdemichoacan.com.mx\/lasnoticias\/?s={search_term_string}\"},\"query-input\":{\"@type\":\"PropertyValueSpecification\",\"valueRequired\":true,\"valueName\":\"search_term_string\"}}],\"inLanguage\":\"es\"},{\"@type\":\"Person\",\"@id\":\"https:\/\/diarioabcdemichoacan.com.mx\/lasnoticias\/#\/schema\/person\/19ae376040f6cbc489682ebdd8524852\",\"name\":\"AR\",\"image\":{\"@type\":\"ImageObject\",\"inLanguage\":\"es\",\"@id\":\"https:\/\/diarioabcdemichoacan.com.mx\/lasnoticias\/#\/schema\/person\/image\/\",\"url\":\"https:\/\/secure.gravatar.com\/avatar\/44eca2ff970262234e20e1e082872af0?s=96&d=mm&r=g\",\"contentUrl\":\"https:\/\/secure.gravatar.com\/avatar\/44eca2ff970262234e20e1e082872af0?s=96&d=mm&r=g\",\"caption\":\"AR\"},\"url\":\"https:\/\/diarioabcdemichoacan.com.mx\/lasnoticias\/author\/adrian\/\"}]}<\/script>\n<!-- \/ Yoast SEO plugin. -->","yoast_head_json":{"title":"\u00bfC\u00f3mo ser\u00e1 la elecci\u00f3n de jueces y magistrados en Michoac\u00e1n? - Diario ABC de Michoac\u00e1n","robots":{"index":"index","follow":"follow","max-snippet":"max-snippet:-1","max-image-preview":"max-image-preview:large","max-video-preview":"max-video-preview:-1"},"canonical":"https:\/\/diarioabcdemichoacan.com.mx\/lasnoticias\/como-sera-la-eleccion-de-jueces-y-magistrados-en-michoacan\/","og_locale":"es_ES","og_type":"article","og_title":"\u00bfC\u00f3mo ser\u00e1 la elecci\u00f3n de jueces y magistrados en Michoac\u00e1n? - Diario ABC de Michoac\u00e1n","og_description":"En 2025 primera elecci\u00f3n de jueces y magistrados &nbsp; POR SARA\u00cd RANGEL, DIARIO ABC DE MICHOAC\u00c1N, 08 DE OCTUBRE DE 2024. Morelia, Mich. &#8211; De ser aprobada la reforma al Poder Judicial del Estado de Michoac\u00e1n, jueces y magistrados ser\u00e1n elegidos mediante el voto directo, libre y secreto de los ciudadanos, pero, \u00bfc\u00f3mo ser\u00e1 este [&hellip;]","og_url":"https:\/\/diarioabcdemichoacan.com.mx\/lasnoticias\/como-sera-la-eleccion-de-jueces-y-magistrados-en-michoacan\/","og_site_name":"Diario ABC de Michoac\u00e1n","article_published_time":"2024-10-08T19:30:16+00:00","article_modified_time":"2024-10-08T21:45:55+00:00","og_image":[{"width":1086,"height":1448,"url":"https:\/\/diarioabcdemichoacan.com.mx\/lasnoticias\/wp-content\/uploads\/2024\/10\/WhatsApp-Image-2024-10-08-at-1.27.06-PM.jpeg","type":"image\/jpeg"}],"author":"AR","twitter_card":"summary_large_image","twitter_misc":{"Escrito por":"AR","Tiempo de lectura":"2 minutos"},"schema":{"@context":"https:\/\/schema.org","@graph":[{"@type":"WebPage","@id":"https:\/\/diarioabcdemichoacan.com.mx\/lasnoticias\/como-sera-la-eleccion-de-jueces-y-magistrados-en-michoacan\/","url":"https:\/\/diarioabcdemichoacan.com.mx\/lasnoticias\/como-sera-la-eleccion-de-jueces-y-magistrados-en-michoacan\/","name":"\u00bfC\u00f3mo ser\u00e1 la elecci\u00f3n de jueces y magistrados en Michoac\u00e1n? - Diario ABC de Michoac\u00e1n","isPartOf":{"@id":"https:\/\/diarioabcdemichoacan.com.mx\/lasnoticias\/#website"},"primaryImageOfPage":{"@id":"https:\/\/diarioabcdemichoacan.com.mx\/lasnoticias\/como-sera-la-eleccion-de-jueces-y-magistrados-en-michoacan\/#primaryimage"},"image":{"@id":"https:\/\/diarioabcdemichoacan.com.mx\/lasnoticias\/como-sera-la-eleccion-de-jueces-y-magistrados-en-michoacan\/#primaryimage"},"thumbnailUrl":"https:\/\/diarioabcdemichoacan.com.mx\/lasnoticias\/wp-content\/uploads\/2024\/10\/WhatsApp-Image-2024-10-08-at-1.27.06-PM.jpeg","datePublished":"2024-10-08T19:30:16+00:00","dateModified":"2024-10-08T21:45:55+00:00","author":{"@id":"https:\/\/diarioabcdemichoacan.com.mx\/lasnoticias\/#\/schema\/person\/19ae376040f6cbc489682ebdd8524852"},"breadcrumb":{"@id":"https:\/\/diarioabcdemichoacan.com.mx\/lasnoticias\/como-sera-la-eleccion-de-jueces-y-magistrados-en-michoacan\/#breadcrumb"},"inLanguage":"es","potentialAction":[{"@type":"ReadAction","target":["https:\/\/diarioabcdemichoacan.com.mx\/lasnoticias\/como-sera-la-eleccion-de-jueces-y-magistrados-en-michoacan\/"]}]},{"@type":"ImageObject","inLanguage":"es","@id":"https:\/\/diarioabcdemichoacan.com.mx\/lasnoticias\/como-sera-la-eleccion-de-jueces-y-magistrados-en-michoacan\/#primaryimage","url":"https:\/\/diarioabcdemichoacan.com.mx\/lasnoticias\/wp-content\/uploads\/2024\/10\/WhatsApp-Image-2024-10-08-at-1.27.06-PM.jpeg","contentUrl":"https:\/\/diarioabcdemichoacan.com.mx\/lasnoticias\/wp-content\/uploads\/2024\/10\/WhatsApp-Image-2024-10-08-at-1.27.06-PM.jpeg","width":1086,"height":1448},{"@type":"BreadcrumbList","@id":"https:\/\/diarioabcdemichoacan.com.mx\/lasnoticias\/como-sera-la-eleccion-de-jueces-y-magistrados-en-michoacan\/#breadcrumb","itemListElement":[{"@type":"ListItem","position":1,"name":"Portada","item":"https:\/\/diarioabcdemichoacan.com.mx\/lasnoticias\/"},{"@type":"ListItem","position":2,"name":"\u00bfC\u00f3mo ser\u00e1 la elecci\u00f3n de jueces y magistrados en Michoac\u00e1n?"}]},{"@type":"WebSite","@id":"https:\/\/diarioabcdemichoacan.com.mx\/lasnoticias\/#website","url":"https:\/\/diarioabcdemichoacan.com.mx\/lasnoticias\/","name":"Diario ABC de Michoac\u00e1n","description":"Las noticias al momento","potentialAction":[{"@type":"SearchAction","target":{"@type":"EntryPoint","urlTemplate":"https:\/\/diarioabcdemichoacan.com.mx\/lasnoticias\/?s={search_term_string}"},"query-input":{"@type":"PropertyValueSpecification","valueRequired":true,"valueName":"search_term_string"}}],"inLanguage":"es"},{"@type":"Person","@id":"https:\/\/diarioabcdemichoacan.com.mx\/lasnoticias\/#\/schema\/person\/19ae376040f6cbc489682ebdd8524852","name":"AR","image":{"@type":"ImageObject","inLanguage":"es","@id":"https:\/\/diarioabcdemichoacan.com.mx\/lasnoticias\/#\/schema\/person\/image\/","url":"https:\/\/secure.gravatar.com\/avatar\/44eca2ff970262234e20e1e082872af0?s=96&d=mm&r=g","contentUrl":"https:\/\/secure.gravatar.com\/avatar\/44eca2ff970262234e20e1e082872af0?s=96&d=mm&r=g","caption":"AR"},"url":"https:\/\/diarioabcdemichoacan.com.mx\/lasnoticias\/author\/adrian\/"}]}},"_links":{"self":[{"href":"https:\/\/diarioabcdemichoacan.com.mx\/lasnoticias\/wp-json\/wp\/v2\/posts\/27417","targetHints":{"allow":["GET"]}}],"collection":[{"href":"https:\/\/diarioabcdemichoacan.com.mx\/lasnoticias\/wp-json\/wp\/v2\/posts"}],"about":[{"href":"https:\/\/diarioabcdemichoacan.com.mx\/lasnoticias\/wp-json\/wp\/v2\/types\/post"}],"author":[{"embeddable":true,"href":"https:\/\/diarioabcdemichoacan.com.mx\/lasnoticias\/wp-json\/wp\/v2\/users\/9"}],"replies":[{"embeddable":true,"href":"https:\/\/diarioabcdemichoacan.com.mx\/lasnoticias\/wp-json\/wp\/v2\/comments?post=27417"}],"version-history":[{"count":2,"href":"https:\/\/diarioabcdemichoacan.com.mx\/lasnoticias\/wp-json\/wp\/v2\/posts\/27417\/revisions"}],"predecessor-version":[{"id":27509,"href":"https:\/\/diarioabcdemichoacan.com.mx\/lasnoticias\/wp-json\/wp\/v2\/posts\/27417\/revisions\/27509"}],"wp:featuredmedia":[{"embeddable":true,"href":"https:\/\/diarioabcdemichoacan.com.mx\/lasnoticias\/wp-json\/wp\/v2\/media\/27443"}],"wp:attachment":[{"href":"https:\/\/diarioabcdemichoacan.com.mx\/lasnoticias\/wp-json\/wp\/v2\/media?parent=27417"}],"wp:term":[{"taxonomy":"category","embeddable":true,"href":"https:\/\/diarioabcdemichoacan.com.mx\/lasnoticias\/wp-json\/wp\/v2\/categories?post=27417"},{"taxonomy":"post_tag","embeddable":true,"href":"https:\/\/diarioabcdemichoacan.com.mx\/lasnoticias\/wp-json\/wp\/v2\/tags?post=27417"}],"curies":[{"name":"wp","href":"https:\/\/api.w.org\/{rel}","templated":true}]}}