{"id":27422,"date":"2024-10-08T13:39:13","date_gmt":"2024-10-08T19:39:13","guid":{"rendered":"https:\/\/diarioabcdemichoacan.com.mx\/lasnoticias\/?p=27422"},"modified":"2024-10-08T14:06:14","modified_gmt":"2024-10-08T20:06:14","slug":"cambio-solo-de-la-mano-de-nuestra-base-laboral-tjam","status":"publish","type":"post","link":"https:\/\/diarioabcdemichoacan.com.mx\/lasnoticias\/cambio-solo-de-la-mano-de-nuestra-base-laboral-tjam\/","title":{"rendered":"Cambio, s\u00f3lo de la mano de nuestra base laboral: TJAM."},"content":{"rendered":"<h2>Present\u00f3 y firm\u00f3 la iniciativa de reforma constitucional al Supremo Tribunal de Justicia.<\/h2>\n<p>&nbsp;<\/p>\n<h6>POR REDACCI\u00d3N, DIARIO ABC DE MICHOAC\u00c1N, 08 DE OCTUBRE DE 2024.<\/h6>\n<hr \/>\n<p>Morelia, Mich. &#8211; Este martes, el titular del Poder Ejecutivo en la entidad, gobernador Alfredo Ram\u00edrez Bedolla, present\u00f3 y firm\u00f3 la iniciativa de reforma constitucional al Supremo Tribunal de Justicia del Estado de Michoac\u00e1n. En ese marco, adem\u00e1s, adelant\u00f3 la transformaci\u00f3n del Tribunal de Justicia Administrativa de Michoac\u00e1n (TJAM).<\/p>\n<p>&nbsp;<\/p>\n<p>De acuerdo con la iniciativa presentada, que ahora entra a revisi\u00f3n por parte de la 76 Legislatura del estado, el TJAM se convertir\u00e1 en un Tribunal Anticorrupci\u00f3n y en Materia Administrativa, si bien continuar\u00e1 como un \u00d3rgano Constitucional Aut\u00f3nomo.<\/p>\n<p>&nbsp;<\/p>\n<p><img loading=\"lazy\" decoding=\"async\" class=\"alignnone size-medium wp-image-27449\" src=\"https:\/\/diarioabcdemichoacan.com.mx\/lasnoticias\/wp-content\/uploads\/2024\/10\/WhatsApp-Image-2024-10-08-at-1.30.28-PM-500x319.jpeg\" alt=\"\" width=\"500\" height=\"319\" srcset=\"https:\/\/diarioabcdemichoacan.com.mx\/lasnoticias\/wp-content\/uploads\/2024\/10\/WhatsApp-Image-2024-10-08-at-1.30.28-PM-500x319.jpeg 500w, https:\/\/diarioabcdemichoacan.com.mx\/lasnoticias\/wp-content\/uploads\/2024\/10\/WhatsApp-Image-2024-10-08-at-1.30.28-PM-1024x653.jpeg 1024w, https:\/\/diarioabcdemichoacan.com.mx\/lasnoticias\/wp-content\/uploads\/2024\/10\/WhatsApp-Image-2024-10-08-at-1.30.28-PM-768x490.jpeg 768w, https:\/\/diarioabcdemichoacan.com.mx\/lasnoticias\/wp-content\/uploads\/2024\/10\/WhatsApp-Image-2024-10-08-at-1.30.28-PM-1536x980.jpeg 1536w, https:\/\/diarioabcdemichoacan.com.mx\/lasnoticias\/wp-content\/uploads\/2024\/10\/WhatsApp-Image-2024-10-08-at-1.30.28-PM-150x96.jpeg 150w, https:\/\/diarioabcdemichoacan.com.mx\/lasnoticias\/wp-content\/uploads\/2024\/10\/WhatsApp-Image-2024-10-08-at-1.30.28-PM-300x191.jpeg 300w, https:\/\/diarioabcdemichoacan.com.mx\/lasnoticias\/wp-content\/uploads\/2024\/10\/WhatsApp-Image-2024-10-08-at-1.30.28-PM-696x444.jpeg 696w, https:\/\/diarioabcdemichoacan.com.mx\/lasnoticias\/wp-content\/uploads\/2024\/10\/WhatsApp-Image-2024-10-08-at-1.30.28-PM-1068x682.jpeg 1068w, https:\/\/diarioabcdemichoacan.com.mx\/lasnoticias\/wp-content\/uploads\/2024\/10\/WhatsApp-Image-2024-10-08-at-1.30.28-PM.jpeg 1600w\" sizes=\"auto, (max-width: 500px) 100vw, 500px\" \/><\/p>\n<p>&nbsp;<\/p>\n<p>Hugo Gama Coria, magistrado presidente del TJAM y quien asisti\u00f3 a dicha presentaci\u00f3n, resumi\u00f3 que, \u201cadem\u00e1s del cambio en la denominaci\u00f3n, las y los magistrados del nuevo Tribunal conocer\u00e1n de ambas materias, la de anticorrupci\u00f3n y la administrativa [actualmente el Tribunal cuenta tres salas ordinarias y dos especializadas] y, siendo electos por el Congreso del Estado, se mantendr\u00edan por nueve a\u00f1os en el cargo\u201d, entre otros aspectos.<\/p>\n<p>&nbsp;<\/p>\n<p>Sobre la propuesta, el magistrado presidente subray\u00f3 que, \u201cpara este Tribunal, lo m\u00e1s importante es, como siempre, acercar la justicia administrativa a la ciudadan\u00eda de Michoac\u00e1n y, para ello, es fundamental que se respeten los derechos de nuestra base laboral; reconocemos que ha existido disposici\u00f3n del Ejecutivo para avanzar en ambos aspectos\u201d.<\/p>\n<p>&nbsp;<\/p>\n<p><img loading=\"lazy\" decoding=\"async\" class=\"alignnone size-medium wp-image-27447\" src=\"https:\/\/diarioabcdemichoacan.com.mx\/lasnoticias\/wp-content\/uploads\/2024\/10\/WhatsApp-Image-2024-10-08-at-1.30.28-PM-2-500x463.jpeg\" alt=\"\" width=\"500\" height=\"463\" srcset=\"https:\/\/diarioabcdemichoacan.com.mx\/lasnoticias\/wp-content\/uploads\/2024\/10\/WhatsApp-Image-2024-10-08-at-1.30.28-PM-2-500x463.jpeg 500w, https:\/\/diarioabcdemichoacan.com.mx\/lasnoticias\/wp-content\/uploads\/2024\/10\/WhatsApp-Image-2024-10-08-at-1.30.28-PM-2-1024x947.jpeg 1024w, https:\/\/diarioabcdemichoacan.com.mx\/lasnoticias\/wp-content\/uploads\/2024\/10\/WhatsApp-Image-2024-10-08-at-1.30.28-PM-2-768x711.jpeg 768w, https:\/\/diarioabcdemichoacan.com.mx\/lasnoticias\/wp-content\/uploads\/2024\/10\/WhatsApp-Image-2024-10-08-at-1.30.28-PM-2-150x139.jpeg 150w, https:\/\/diarioabcdemichoacan.com.mx\/lasnoticias\/wp-content\/uploads\/2024\/10\/WhatsApp-Image-2024-10-08-at-1.30.28-PM-2-300x278.jpeg 300w, https:\/\/diarioabcdemichoacan.com.mx\/lasnoticias\/wp-content\/uploads\/2024\/10\/WhatsApp-Image-2024-10-08-at-1.30.28-PM-2-696x644.jpeg 696w, https:\/\/diarioabcdemichoacan.com.mx\/lasnoticias\/wp-content\/uploads\/2024\/10\/WhatsApp-Image-2024-10-08-at-1.30.28-PM-2-1068x988.jpeg 1068w, https:\/\/diarioabcdemichoacan.com.mx\/lasnoticias\/wp-content\/uploads\/2024\/10\/WhatsApp-Image-2024-10-08-at-1.30.28-PM-2.jpeg 1082w\" sizes=\"auto, (max-width: 500px) 100vw, 500px\" \/><\/p>\n<p>&nbsp;<\/p>\n<p>En ese sentido, a\u00f1adi\u00f3, \u201cesperamos que el Congreso local encarnado en las y los integrantes de la 75 Legislatura, garantice los derechos laborales de las personas servidoras p\u00fablicas que integran al Tribunal de Justicia Administrativa actualmente\u201d.<\/p>\n<p>&nbsp;<\/p>\n<p>Y es que, \u201cexceptuando a quienes dirigen las Magistraturas del Tribunal, hablamos de 95 mujeres y de 101 hombres; la mayor\u00eda, padres y madres de familia cuyos hijos e hijas no rebasan la mayor\u00eda de edad, en el 76 por ciento de las veces\u201d, precis\u00f3.<\/p>\n<p>&nbsp;<\/p>\n<p><img loading=\"lazy\" decoding=\"async\" class=\"alignnone size-medium wp-image-27446\" src=\"https:\/\/diarioabcdemichoacan.com.mx\/lasnoticias\/wp-content\/uploads\/2024\/10\/WhatsApp-Image-2024-10-08-at-1.30.29-PM-500x410.jpeg\" alt=\"\" width=\"500\" height=\"410\" srcset=\"https:\/\/diarioabcdemichoacan.com.mx\/lasnoticias\/wp-content\/uploads\/2024\/10\/WhatsApp-Image-2024-10-08-at-1.30.29-PM-500x410.jpeg 500w, https:\/\/diarioabcdemichoacan.com.mx\/lasnoticias\/wp-content\/uploads\/2024\/10\/WhatsApp-Image-2024-10-08-at-1.30.29-PM-1024x840.jpeg 1024w, https:\/\/diarioabcdemichoacan.com.mx\/lasnoticias\/wp-content\/uploads\/2024\/10\/WhatsApp-Image-2024-10-08-at-1.30.29-PM-768x630.jpeg 768w, https:\/\/diarioabcdemichoacan.com.mx\/lasnoticias\/wp-content\/uploads\/2024\/10\/WhatsApp-Image-2024-10-08-at-1.30.29-PM-1536x1260.jpeg 1536w, https:\/\/diarioabcdemichoacan.com.mx\/lasnoticias\/wp-content\/uploads\/2024\/10\/WhatsApp-Image-2024-10-08-at-1.30.29-PM-150x123.jpeg 150w, https:\/\/diarioabcdemichoacan.com.mx\/lasnoticias\/wp-content\/uploads\/2024\/10\/WhatsApp-Image-2024-10-08-at-1.30.29-PM-300x246.jpeg 300w, https:\/\/diarioabcdemichoacan.com.mx\/lasnoticias\/wp-content\/uploads\/2024\/10\/WhatsApp-Image-2024-10-08-at-1.30.29-PM-696x571.jpeg 696w, https:\/\/diarioabcdemichoacan.com.mx\/lasnoticias\/wp-content\/uploads\/2024\/10\/WhatsApp-Image-2024-10-08-at-1.30.29-PM-1068x876.jpeg 1068w, https:\/\/diarioabcdemichoacan.com.mx\/lasnoticias\/wp-content\/uploads\/2024\/10\/WhatsApp-Image-2024-10-08-at-1.30.29-PM.jpeg 1600w\" sizes=\"auto, (max-width: 500px) 100vw, 500px\" \/><\/p>\n<p>&nbsp;<\/p>\n<p>As\u00ed, afirm\u00f3 el magistrado Gama Coria, \u201cpara el TJAM lo m\u00e1s importante son las y los justiciables y las personas que lo integran ya que, precisamente, es a trav\u00e9s de ellas que cumple con su encomienda constitucional de servir impartiendo justicia a la ciudadan\u00eda y las instituciones del Estado de Michoac\u00e1n\u201d.<\/p>\n","protected":false},"excerpt":{"rendered":"<p>Present\u00f3 y firm\u00f3 la iniciativa de reforma constitucional al Supremo Tribunal de Justicia. &nbsp; POR REDACCI\u00d3N, DIARIO ABC DE MICHOAC\u00c1N, 08 DE OCTUBRE DE 2024. Morelia, Mich. &#8211; Este martes, el titular del Poder Ejecutivo en la entidad, gobernador Alfredo Ram\u00edrez Bedolla, present\u00f3 y firm\u00f3 la iniciativa de reforma constitucional al Supremo Tribunal de Justicia [&hellip;]<\/p>\n","protected":false},"author":9,"featured_media":27448,"comment_status":"closed","ping_status":"closed","sticky":false,"template":"","format":"standard","meta":{"footnotes":""},"categories":[10,17,27],"tags":[],"class_list":{"0":"post-27422","1":"post","2":"type-post","3":"status-publish","4":"format-standard","5":"has-post-thumbnail","7":"category-estado","8":"category-gobierno-de-michoacan","9":"category-slider"},"yoast_head":"<!-- This site is optimized with the Yoast SEO plugin v24.0 - https:\/\/yoast.com\/wordpress\/plugins\/seo\/ -->\n<title>Cambio, s\u00f3lo de la mano de nuestra base laboral: TJAM. - Diario ABC de Michoac\u00e1n<\/title>\n<meta name=\"robots\" content=\"index, follow, max-snippet:-1, max-image-preview:large, max-video-preview:-1\" \/>\n<link rel=\"canonical\" href=\"https:\/\/diarioabcdemichoacan.com.mx\/lasnoticias\/cambio-solo-de-la-mano-de-nuestra-base-laboral-tjam\/\" \/>\n<meta property=\"og:locale\" content=\"es_ES\" \/>\n<meta property=\"og:type\" content=\"article\" \/>\n<meta property=\"og:title\" content=\"Cambio, s\u00f3lo de la mano de nuestra base laboral: TJAM. - Diario ABC de Michoac\u00e1n\" \/>\n<meta property=\"og:description\" content=\"Present\u00f3 y firm\u00f3 la iniciativa de reforma constitucional al Supremo Tribunal de Justicia. &nbsp; POR REDACCI\u00d3N, DIARIO ABC DE MICHOAC\u00c1N, 08 DE OCTUBRE DE 2024. Morelia, Mich. &#8211; Este martes, el titular del Poder Ejecutivo en la entidad, gobernador Alfredo Ram\u00edrez Bedolla, present\u00f3 y firm\u00f3 la iniciativa de reforma constitucional al Supremo Tribunal de Justicia [&hellip;]\" \/>\n<meta property=\"og:url\" content=\"https:\/\/diarioabcdemichoacan.com.mx\/lasnoticias\/cambio-solo-de-la-mano-de-nuestra-base-laboral-tjam\/\" \/>\n<meta property=\"og:site_name\" content=\"Diario ABC de Michoac\u00e1n\" \/>\n<meta property=\"article:published_time\" content=\"2024-10-08T19:39:13+00:00\" \/>\n<meta property=\"article:modified_time\" content=\"2024-10-08T20:06:14+00:00\" \/>\n<meta property=\"og:image\" content=\"https:\/\/diarioabcdemichoacan.com.mx\/lasnoticias\/wp-content\/uploads\/2024\/10\/WhatsApp-Image-2024-10-08-at-1.30.28-PM-1.jpeg\" \/>\n\t<meta property=\"og:image:width\" content=\"1600\" \/>\n\t<meta property=\"og:image:height\" content=\"1104\" \/>\n\t<meta property=\"og:image:type\" content=\"image\/jpeg\" \/>\n<meta name=\"author\" content=\"AR\" \/>\n<meta name=\"twitter:card\" content=\"summary_large_image\" \/>\n<meta name=\"twitter:label1\" content=\"Escrito por\" \/>\n\t<meta name=\"twitter:data1\" content=\"AR\" \/>\n\t<meta name=\"twitter:label2\" content=\"Tiempo de lectura\" \/>\n\t<meta name=\"twitter:data2\" content=\"3 minutos\" \/>\n<script type=\"application\/ld+json\" class=\"yoast-schema-graph\">{\"@context\":\"https:\/\/schema.org\",\"@graph\":[{\"@type\":\"WebPage\",\"@id\":\"https:\/\/diarioabcdemichoacan.com.mx\/lasnoticias\/cambio-solo-de-la-mano-de-nuestra-base-laboral-tjam\/\",\"url\":\"https:\/\/diarioabcdemichoacan.com.mx\/lasnoticias\/cambio-solo-de-la-mano-de-nuestra-base-laboral-tjam\/\",\"name\":\"Cambio, s\u00f3lo de la mano de nuestra base laboral: TJAM. - Diario ABC de Michoac\u00e1n\",\"isPartOf\":{\"@id\":\"https:\/\/diarioabcdemichoacan.com.mx\/lasnoticias\/#website\"},\"primaryImageOfPage\":{\"@id\":\"https:\/\/diarioabcdemichoacan.com.mx\/lasnoticias\/cambio-solo-de-la-mano-de-nuestra-base-laboral-tjam\/#primaryimage\"},\"image\":{\"@id\":\"https:\/\/diarioabcdemichoacan.com.mx\/lasnoticias\/cambio-solo-de-la-mano-de-nuestra-base-laboral-tjam\/#primaryimage\"},\"thumbnailUrl\":\"https:\/\/diarioabcdemichoacan.com.mx\/lasnoticias\/wp-content\/uploads\/2024\/10\/WhatsApp-Image-2024-10-08-at-1.30.28-PM-1.jpeg\",\"datePublished\":\"2024-10-08T19:39:13+00:00\",\"dateModified\":\"2024-10-08T20:06:14+00:00\",\"author\":{\"@id\":\"https:\/\/diarioabcdemichoacan.com.mx\/lasnoticias\/#\/schema\/person\/19ae376040f6cbc489682ebdd8524852\"},\"breadcrumb\":{\"@id\":\"https:\/\/diarioabcdemichoacan.com.mx\/lasnoticias\/cambio-solo-de-la-mano-de-nuestra-base-laboral-tjam\/#breadcrumb\"},\"inLanguage\":\"es\",\"potentialAction\":[{\"@type\":\"ReadAction\",\"target\":[\"https:\/\/diarioabcdemichoacan.com.mx\/lasnoticias\/cambio-solo-de-la-mano-de-nuestra-base-laboral-tjam\/\"]}]},{\"@type\":\"ImageObject\",\"inLanguage\":\"es\",\"@id\":\"https:\/\/diarioabcdemichoacan.com.mx\/lasnoticias\/cambio-solo-de-la-mano-de-nuestra-base-laboral-tjam\/#primaryimage\",\"url\":\"https:\/\/diarioabcdemichoacan.com.mx\/lasnoticias\/wp-content\/uploads\/2024\/10\/WhatsApp-Image-2024-10-08-at-1.30.28-PM-1.jpeg\",\"contentUrl\":\"https:\/\/diarioabcdemichoacan.com.mx\/lasnoticias\/wp-content\/uploads\/2024\/10\/WhatsApp-Image-2024-10-08-at-1.30.28-PM-1.jpeg\",\"width\":1600,\"height\":1104},{\"@type\":\"BreadcrumbList\",\"@id\":\"https:\/\/diarioabcdemichoacan.com.mx\/lasnoticias\/cambio-solo-de-la-mano-de-nuestra-base-laboral-tjam\/#breadcrumb\",\"itemListElement\":[{\"@type\":\"ListItem\",\"position\":1,\"name\":\"Portada\",\"item\":\"https:\/\/diarioabcdemichoacan.com.mx\/lasnoticias\/\"},{\"@type\":\"ListItem\",\"position\":2,\"name\":\"Cambio, s\u00f3lo de la mano de nuestra base laboral: TJAM.\"}]},{\"@type\":\"WebSite\",\"@id\":\"https:\/\/diarioabcdemichoacan.com.mx\/lasnoticias\/#website\",\"url\":\"https:\/\/diarioabcdemichoacan.com.mx\/lasnoticias\/\",\"name\":\"Diario ABC de Michoac\u00e1n\",\"description\":\"Las noticias al momento\",\"potentialAction\":[{\"@type\":\"SearchAction\",\"target\":{\"@type\":\"EntryPoint\",\"urlTemplate\":\"https:\/\/diarioabcdemichoacan.com.mx\/lasnoticias\/?s={search_term_string}\"},\"query-input\":{\"@type\":\"PropertyValueSpecification\",\"valueRequired\":true,\"valueName\":\"search_term_string\"}}],\"inLanguage\":\"es\"},{\"@type\":\"Person\",\"@id\":\"https:\/\/diarioabcdemichoacan.com.mx\/lasnoticias\/#\/schema\/person\/19ae376040f6cbc489682ebdd8524852\",\"name\":\"AR\",\"image\":{\"@type\":\"ImageObject\",\"inLanguage\":\"es\",\"@id\":\"https:\/\/diarioabcdemichoacan.com.mx\/lasnoticias\/#\/schema\/person\/image\/\",\"url\":\"https:\/\/secure.gravatar.com\/avatar\/44eca2ff970262234e20e1e082872af0?s=96&d=mm&r=g\",\"contentUrl\":\"https:\/\/secure.gravatar.com\/avatar\/44eca2ff970262234e20e1e082872af0?s=96&d=mm&r=g\",\"caption\":\"AR\"},\"url\":\"https:\/\/diarioabcdemichoacan.com.mx\/lasnoticias\/author\/adrian\/\"}]}<\/script>\n<!-- \/ Yoast SEO plugin. -->","yoast_head_json":{"title":"Cambio, s\u00f3lo de la mano de nuestra base laboral: TJAM. - Diario ABC de Michoac\u00e1n","robots":{"index":"index","follow":"follow","max-snippet":"max-snippet:-1","max-image-preview":"max-image-preview:large","max-video-preview":"max-video-preview:-1"},"canonical":"https:\/\/diarioabcdemichoacan.com.mx\/lasnoticias\/cambio-solo-de-la-mano-de-nuestra-base-laboral-tjam\/","og_locale":"es_ES","og_type":"article","og_title":"Cambio, s\u00f3lo de la mano de nuestra base laboral: TJAM. - Diario ABC de Michoac\u00e1n","og_description":"Present\u00f3 y firm\u00f3 la iniciativa de reforma constitucional al Supremo Tribunal de Justicia. &nbsp; POR REDACCI\u00d3N, DIARIO ABC DE MICHOAC\u00c1N, 08 DE OCTUBRE DE 2024. Morelia, Mich. &#8211; Este martes, el titular del Poder Ejecutivo en la entidad, gobernador Alfredo Ram\u00edrez Bedolla, present\u00f3 y firm\u00f3 la iniciativa de reforma constitucional al Supremo Tribunal de Justicia [&hellip;]","og_url":"https:\/\/diarioabcdemichoacan.com.mx\/lasnoticias\/cambio-solo-de-la-mano-de-nuestra-base-laboral-tjam\/","og_site_name":"Diario ABC de Michoac\u00e1n","article_published_time":"2024-10-08T19:39:13+00:00","article_modified_time":"2024-10-08T20:06:14+00:00","og_image":[{"width":1600,"height":1104,"url":"https:\/\/diarioabcdemichoacan.com.mx\/lasnoticias\/wp-content\/uploads\/2024\/10\/WhatsApp-Image-2024-10-08-at-1.30.28-PM-1.jpeg","type":"image\/jpeg"}],"author":"AR","twitter_card":"summary_large_image","twitter_misc":{"Escrito por":"AR","Tiempo de lectura":"3 minutos"},"schema":{"@context":"https:\/\/schema.org","@graph":[{"@type":"WebPage","@id":"https:\/\/diarioabcdemichoacan.com.mx\/lasnoticias\/cambio-solo-de-la-mano-de-nuestra-base-laboral-tjam\/","url":"https:\/\/diarioabcdemichoacan.com.mx\/lasnoticias\/cambio-solo-de-la-mano-de-nuestra-base-laboral-tjam\/","name":"Cambio, s\u00f3lo de la mano de nuestra base laboral: TJAM. - Diario ABC de Michoac\u00e1n","isPartOf":{"@id":"https:\/\/diarioabcdemichoacan.com.mx\/lasnoticias\/#website"},"primaryImageOfPage":{"@id":"https:\/\/diarioabcdemichoacan.com.mx\/lasnoticias\/cambio-solo-de-la-mano-de-nuestra-base-laboral-tjam\/#primaryimage"},"image":{"@id":"https:\/\/diarioabcdemichoacan.com.mx\/lasnoticias\/cambio-solo-de-la-mano-de-nuestra-base-laboral-tjam\/#primaryimage"},"thumbnailUrl":"https:\/\/diarioabcdemichoacan.com.mx\/lasnoticias\/wp-content\/uploads\/2024\/10\/WhatsApp-Image-2024-10-08-at-1.30.28-PM-1.jpeg","datePublished":"2024-10-08T19:39:13+00:00","dateModified":"2024-10-08T20:06:14+00:00","author":{"@id":"https:\/\/diarioabcdemichoacan.com.mx\/lasnoticias\/#\/schema\/person\/19ae376040f6cbc489682ebdd8524852"},"breadcrumb":{"@id":"https:\/\/diarioabcdemichoacan.com.mx\/lasnoticias\/cambio-solo-de-la-mano-de-nuestra-base-laboral-tjam\/#breadcrumb"},"inLanguage":"es","potentialAction":[{"@type":"ReadAction","target":["https:\/\/diarioabcdemichoacan.com.mx\/lasnoticias\/cambio-solo-de-la-mano-de-nuestra-base-laboral-tjam\/"]}]},{"@type":"ImageObject","inLanguage":"es","@id":"https:\/\/diarioabcdemichoacan.com.mx\/lasnoticias\/cambio-solo-de-la-mano-de-nuestra-base-laboral-tjam\/#primaryimage","url":"https:\/\/diarioabcdemichoacan.com.mx\/lasnoticias\/wp-content\/uploads\/2024\/10\/WhatsApp-Image-2024-10-08-at-1.30.28-PM-1.jpeg","contentUrl":"https:\/\/diarioabcdemichoacan.com.mx\/lasnoticias\/wp-content\/uploads\/2024\/10\/WhatsApp-Image-2024-10-08-at-1.30.28-PM-1.jpeg","width":1600,"height":1104},{"@type":"BreadcrumbList","@id":"https:\/\/diarioabcdemichoacan.com.mx\/lasnoticias\/cambio-solo-de-la-mano-de-nuestra-base-laboral-tjam\/#breadcrumb","itemListElement":[{"@type":"ListItem","position":1,"name":"Portada","item":"https:\/\/diarioabcdemichoacan.com.mx\/lasnoticias\/"},{"@type":"ListItem","position":2,"name":"Cambio, s\u00f3lo de la mano de nuestra base laboral: TJAM."}]},{"@type":"WebSite","@id":"https:\/\/diarioabcdemichoacan.com.mx\/lasnoticias\/#website","url":"https:\/\/diarioabcdemichoacan.com.mx\/lasnoticias\/","name":"Diario ABC de Michoac\u00e1n","description":"Las noticias al momento","potentialAction":[{"@type":"SearchAction","target":{"@type":"EntryPoint","urlTemplate":"https:\/\/diarioabcdemichoacan.com.mx\/lasnoticias\/?s={search_term_string}"},"query-input":{"@type":"PropertyValueSpecification","valueRequired":true,"valueName":"search_term_string"}}],"inLanguage":"es"},{"@type":"Person","@id":"https:\/\/diarioabcdemichoacan.com.mx\/lasnoticias\/#\/schema\/person\/19ae376040f6cbc489682ebdd8524852","name":"AR","image":{"@type":"ImageObject","inLanguage":"es","@id":"https:\/\/diarioabcdemichoacan.com.mx\/lasnoticias\/#\/schema\/person\/image\/","url":"https:\/\/secure.gravatar.com\/avatar\/44eca2ff970262234e20e1e082872af0?s=96&d=mm&r=g","contentUrl":"https:\/\/secure.gravatar.com\/avatar\/44eca2ff970262234e20e1e082872af0?s=96&d=mm&r=g","caption":"AR"},"url":"https:\/\/diarioabcdemichoacan.com.mx\/lasnoticias\/author\/adrian\/"}]}},"_links":{"self":[{"href":"https:\/\/diarioabcdemichoacan.com.mx\/lasnoticias\/wp-json\/wp\/v2\/posts\/27422","targetHints":{"allow":["GET"]}}],"collection":[{"href":"https:\/\/diarioabcdemichoacan.com.mx\/lasnoticias\/wp-json\/wp\/v2\/posts"}],"about":[{"href":"https:\/\/diarioabcdemichoacan.com.mx\/lasnoticias\/wp-json\/wp\/v2\/types\/post"}],"author":[{"embeddable":true,"href":"https:\/\/diarioabcdemichoacan.com.mx\/lasnoticias\/wp-json\/wp\/v2\/users\/9"}],"replies":[{"embeddable":true,"href":"https:\/\/diarioabcdemichoacan.com.mx\/lasnoticias\/wp-json\/wp\/v2\/comments?post=27422"}],"version-history":[{"count":3,"href":"https:\/\/diarioabcdemichoacan.com.mx\/lasnoticias\/wp-json\/wp\/v2\/posts\/27422\/revisions"}],"predecessor-version":[{"id":27473,"href":"https:\/\/diarioabcdemichoacan.com.mx\/lasnoticias\/wp-json\/wp\/v2\/posts\/27422\/revisions\/27473"}],"wp:featuredmedia":[{"embeddable":true,"href":"https:\/\/diarioabcdemichoacan.com.mx\/lasnoticias\/wp-json\/wp\/v2\/media\/27448"}],"wp:attachment":[{"href":"https:\/\/diarioabcdemichoacan.com.mx\/lasnoticias\/wp-json\/wp\/v2\/media?parent=27422"}],"wp:term":[{"taxonomy":"category","embeddable":true,"href":"https:\/\/diarioabcdemichoacan.com.mx\/lasnoticias\/wp-json\/wp\/v2\/categories?post=27422"},{"taxonomy":"post_tag","embeddable":true,"href":"https:\/\/diarioabcdemichoacan.com.mx\/lasnoticias\/wp-json\/wp\/v2\/tags?post=27422"}],"curies":[{"name":"wp","href":"https:\/\/api.w.org\/{rel}","templated":true}]}}