{"id":27460,"date":"2024-10-08T14:03:01","date_gmt":"2024-10-08T20:03:01","guid":{"rendered":"https:\/\/diarioabcdemichoacan.com.mx\/lasnoticias\/?p=27460"},"modified":"2024-10-08T14:14:58","modified_gmt":"2024-10-08T20:14:58","slug":"auto-choca-en-la-morelia-patzcuaro-y-trailer-vuelca-en-la-villa-madero-acuitzio","status":"publish","type":"post","link":"https:\/\/diarioabcdemichoacan.com.mx\/lasnoticias\/auto-choca-en-la-morelia-patzcuaro-y-trailer-vuelca-en-la-villa-madero-acuitzio\/","title":{"rendered":"Auto choca en la Morelia-P\u00e1tzcuaro y tr\u00e1iler vuelca en la Villa Madero-Acuitzio."},"content":{"rendered":"<h2>Los percances solo dejaron da\u00f1os materiales.<\/h2>\n<p>&nbsp;<\/p>\n<h6>POR JUAN MANUEL \u00c1LVAREZ, DIARIO ABC DE MICHOAC\u00c1N, 08 DE OCTUBRE DE 2024.<\/h6>\n<hr \/>\n<p>Lagunillas\/Madero, Mich. &#8211; Un auto choc\u00f3 contra una barrera met\u00e1lica de contenci\u00f3n en la carretera Morelia-P\u00e1tzcuaro, accidente que no dej\u00f3 lesionados. Tambi\u00e9n en la regi\u00f3n de Madero se registr\u00f3 otro percance de tr\u00e1nsito, informaron autoridades policiales.<\/p>\n<p>&nbsp;<\/p>\n<p>El primer incidente sucedi\u00f3 este martes la altura del municipio de Lagunillas, hecho que fue reportado al n\u00famero de emergencias 911.<\/p>\n<p>&nbsp;<\/p>\n<p><img loading=\"lazy\" decoding=\"async\" class=\"alignnone size-medium wp-image-27466\" src=\"https:\/\/diarioabcdemichoacan.com.mx\/lasnoticias\/wp-content\/uploads\/2024\/10\/WhatsApp-Image-2024-10-08-at-1.52.01-PM-2-500x225.jpeg\" alt=\"\" width=\"500\" height=\"225\" srcset=\"https:\/\/diarioabcdemichoacan.com.mx\/lasnoticias\/wp-content\/uploads\/2024\/10\/WhatsApp-Image-2024-10-08-at-1.52.01-PM-2-500x225.jpeg 500w, https:\/\/diarioabcdemichoacan.com.mx\/lasnoticias\/wp-content\/uploads\/2024\/10\/WhatsApp-Image-2024-10-08-at-1.52.01-PM-2-1024x461.jpeg 1024w, https:\/\/diarioabcdemichoacan.com.mx\/lasnoticias\/wp-content\/uploads\/2024\/10\/WhatsApp-Image-2024-10-08-at-1.52.01-PM-2-768x346.jpeg 768w, https:\/\/diarioabcdemichoacan.com.mx\/lasnoticias\/wp-content\/uploads\/2024\/10\/WhatsApp-Image-2024-10-08-at-1.52.01-PM-2-1536x691.jpeg 1536w, https:\/\/diarioabcdemichoacan.com.mx\/lasnoticias\/wp-content\/uploads\/2024\/10\/WhatsApp-Image-2024-10-08-at-1.52.01-PM-2-150x68.jpeg 150w, https:\/\/diarioabcdemichoacan.com.mx\/lasnoticias\/wp-content\/uploads\/2024\/10\/WhatsApp-Image-2024-10-08-at-1.52.01-PM-2-300x135.jpeg 300w, https:\/\/diarioabcdemichoacan.com.mx\/lasnoticias\/wp-content\/uploads\/2024\/10\/WhatsApp-Image-2024-10-08-at-1.52.01-PM-2-696x313.jpeg 696w, https:\/\/diarioabcdemichoacan.com.mx\/lasnoticias\/wp-content\/uploads\/2024\/10\/WhatsApp-Image-2024-10-08-at-1.52.01-PM-2-1068x481.jpeg 1068w, https:\/\/diarioabcdemichoacan.com.mx\/lasnoticias\/wp-content\/uploads\/2024\/10\/WhatsApp-Image-2024-10-08-at-1.52.01-PM-2.jpeg 1600w\" sizes=\"auto, (max-width: 500px) 100vw, 500px\" \/><\/p>\n<p>&nbsp;<\/p>\n<p>En el sitio se presentaron unos patrulleros, quienes abanderaron el percance, realizaron el peritaje respectivo y solicitaron una gr\u00faa para retirar el carro siniestrado.<\/p>\n<p>&nbsp;<\/p>\n<p>Asimismo, sobre el tramo carretero Villa Madero-Acuitzio un tr\u00e1iler aguacatero volc\u00f3 y hubo derrame de combustible, as\u00ed que unas personas le echaron tierra para evitar un incendio; el camino estuvo cerrado aproximadamente 40 minutos.<\/p>\n<p>&nbsp;<\/p>\n<p><img loading=\"lazy\" decoding=\"async\" class=\"alignnone size-full wp-image-27468\" src=\"https:\/\/diarioabcdemichoacan.com.mx\/lasnoticias\/wp-content\/uploads\/2024\/10\/WhatsApp-Image-2024-10-08-at-1.52.01-PM.jpeg\" alt=\"\" width=\"360\" height=\"286\" srcset=\"https:\/\/diarioabcdemichoacan.com.mx\/lasnoticias\/wp-content\/uploads\/2024\/10\/WhatsApp-Image-2024-10-08-at-1.52.01-PM.jpeg 360w, https:\/\/diarioabcdemichoacan.com.mx\/lasnoticias\/wp-content\/uploads\/2024\/10\/WhatsApp-Image-2024-10-08-at-1.52.01-PM-150x119.jpeg 150w, https:\/\/diarioabcdemichoacan.com.mx\/lasnoticias\/wp-content\/uploads\/2024\/10\/WhatsApp-Image-2024-10-08-at-1.52.01-PM-300x238.jpeg 300w\" sizes=\"auto, (max-width: 360px) 100vw, 360px\" \/><\/p>\n<p>&nbsp;<\/p>\n<p>Unos agentes de vialidad otorgaron ayuda y efectuaron el estudio t\u00e9cnico correspondiente, luego con apoyo de una gr\u00faa el tractocami\u00f3n perjudicado fue remolcado.<\/p>\n","protected":false},"excerpt":{"rendered":"<p>Los percances solo dejaron da\u00f1os materiales. &nbsp; POR JUAN MANUEL \u00c1LVAREZ, DIARIO ABC DE MICHOAC\u00c1N, 08 DE OCTUBRE DE 2024. Lagunillas\/Madero, Mich. &#8211; Un auto choc\u00f3 contra una barrera met\u00e1lica de contenci\u00f3n en la carretera Morelia-P\u00e1tzcuaro, accidente que no dej\u00f3 lesionados. Tambi\u00e9n en la regi\u00f3n de Madero se registr\u00f3 otro percance de tr\u00e1nsito, informaron autoridades [&hellip;]<\/p>\n","protected":false},"author":9,"featured_media":27467,"comment_status":"closed","ping_status":"closed","sticky":false,"template":"","format":"standard","meta":{"footnotes":""},"categories":[26,27],"tags":[],"class_list":{"0":"post-27460","1":"post","2":"type-post","3":"status-publish","4":"format-standard","5":"has-post-thumbnail","7":"category-nota-roja","8":"category-slider"},"yoast_head":"<!-- This site is optimized with the Yoast SEO plugin v24.0 - https:\/\/yoast.com\/wordpress\/plugins\/seo\/ -->\n<title>Auto choca en la Morelia-P\u00e1tzcuaro y tr\u00e1iler vuelca en la Villa Madero-Acuitzio. - Diario ABC de Michoac\u00e1n<\/title>\n<meta name=\"robots\" content=\"index, follow, max-snippet:-1, max-image-preview:large, max-video-preview:-1\" \/>\n<link rel=\"canonical\" href=\"https:\/\/diarioabcdemichoacan.com.mx\/lasnoticias\/auto-choca-en-la-morelia-patzcuaro-y-trailer-vuelca-en-la-villa-madero-acuitzio\/\" \/>\n<meta property=\"og:locale\" content=\"es_ES\" \/>\n<meta property=\"og:type\" content=\"article\" \/>\n<meta property=\"og:title\" content=\"Auto choca en la Morelia-P\u00e1tzcuaro y tr\u00e1iler vuelca en la Villa Madero-Acuitzio. - Diario ABC de Michoac\u00e1n\" \/>\n<meta property=\"og:description\" content=\"Los percances solo dejaron da\u00f1os materiales. &nbsp; POR JUAN MANUEL \u00c1LVAREZ, DIARIO ABC DE MICHOAC\u00c1N, 08 DE OCTUBRE DE 2024. Lagunillas\/Madero, Mich. &#8211; Un auto choc\u00f3 contra una barrera met\u00e1lica de contenci\u00f3n en la carretera Morelia-P\u00e1tzcuaro, accidente que no dej\u00f3 lesionados. Tambi\u00e9n en la regi\u00f3n de Madero se registr\u00f3 otro percance de tr\u00e1nsito, informaron autoridades [&hellip;]\" \/>\n<meta property=\"og:url\" content=\"https:\/\/diarioabcdemichoacan.com.mx\/lasnoticias\/auto-choca-en-la-morelia-patzcuaro-y-trailer-vuelca-en-la-villa-madero-acuitzio\/\" \/>\n<meta property=\"og:site_name\" content=\"Diario ABC de Michoac\u00e1n\" \/>\n<meta property=\"article:published_time\" content=\"2024-10-08T20:03:01+00:00\" \/>\n<meta property=\"article:modified_time\" content=\"2024-10-08T20:14:58+00:00\" \/>\n<meta property=\"og:image\" content=\"https:\/\/diarioabcdemichoacan.com.mx\/lasnoticias\/wp-content\/uploads\/2024\/10\/WhatsApp-Image-2024-10-08-at-1.52.01-PM-1.jpeg\" \/>\n\t<meta property=\"og:image:width\" content=\"800\" \/>\n\t<meta property=\"og:image:height\" content=\"360\" \/>\n\t<meta property=\"og:image:type\" content=\"image\/jpeg\" \/>\n<meta name=\"author\" content=\"AR\" \/>\n<meta name=\"twitter:card\" content=\"summary_large_image\" \/>\n<meta name=\"twitter:label1\" content=\"Escrito por\" \/>\n\t<meta name=\"twitter:data1\" content=\"AR\" \/>\n\t<meta name=\"twitter:label2\" content=\"Tiempo de lectura\" \/>\n\t<meta name=\"twitter:data2\" content=\"2 minutos\" \/>\n<script type=\"application\/ld+json\" class=\"yoast-schema-graph\">{\"@context\":\"https:\/\/schema.org\",\"@graph\":[{\"@type\":\"WebPage\",\"@id\":\"https:\/\/diarioabcdemichoacan.com.mx\/lasnoticias\/auto-choca-en-la-morelia-patzcuaro-y-trailer-vuelca-en-la-villa-madero-acuitzio\/\",\"url\":\"https:\/\/diarioabcdemichoacan.com.mx\/lasnoticias\/auto-choca-en-la-morelia-patzcuaro-y-trailer-vuelca-en-la-villa-madero-acuitzio\/\",\"name\":\"Auto choca en la Morelia-P\u00e1tzcuaro y tr\u00e1iler vuelca en la Villa Madero-Acuitzio. - Diario ABC de Michoac\u00e1n\",\"isPartOf\":{\"@id\":\"https:\/\/diarioabcdemichoacan.com.mx\/lasnoticias\/#website\"},\"primaryImageOfPage\":{\"@id\":\"https:\/\/diarioabcdemichoacan.com.mx\/lasnoticias\/auto-choca-en-la-morelia-patzcuaro-y-trailer-vuelca-en-la-villa-madero-acuitzio\/#primaryimage\"},\"image\":{\"@id\":\"https:\/\/diarioabcdemichoacan.com.mx\/lasnoticias\/auto-choca-en-la-morelia-patzcuaro-y-trailer-vuelca-en-la-villa-madero-acuitzio\/#primaryimage\"},\"thumbnailUrl\":\"https:\/\/diarioabcdemichoacan.com.mx\/lasnoticias\/wp-content\/uploads\/2024\/10\/WhatsApp-Image-2024-10-08-at-1.52.01-PM-1.jpeg\",\"datePublished\":\"2024-10-08T20:03:01+00:00\",\"dateModified\":\"2024-10-08T20:14:58+00:00\",\"author\":{\"@id\":\"https:\/\/diarioabcdemichoacan.com.mx\/lasnoticias\/#\/schema\/person\/19ae376040f6cbc489682ebdd8524852\"},\"breadcrumb\":{\"@id\":\"https:\/\/diarioabcdemichoacan.com.mx\/lasnoticias\/auto-choca-en-la-morelia-patzcuaro-y-trailer-vuelca-en-la-villa-madero-acuitzio\/#breadcrumb\"},\"inLanguage\":\"es\",\"potentialAction\":[{\"@type\":\"ReadAction\",\"target\":[\"https:\/\/diarioabcdemichoacan.com.mx\/lasnoticias\/auto-choca-en-la-morelia-patzcuaro-y-trailer-vuelca-en-la-villa-madero-acuitzio\/\"]}]},{\"@type\":\"ImageObject\",\"inLanguage\":\"es\",\"@id\":\"https:\/\/diarioabcdemichoacan.com.mx\/lasnoticias\/auto-choca-en-la-morelia-patzcuaro-y-trailer-vuelca-en-la-villa-madero-acuitzio\/#primaryimage\",\"url\":\"https:\/\/diarioabcdemichoacan.com.mx\/lasnoticias\/wp-content\/uploads\/2024\/10\/WhatsApp-Image-2024-10-08-at-1.52.01-PM-1.jpeg\",\"contentUrl\":\"https:\/\/diarioabcdemichoacan.com.mx\/lasnoticias\/wp-content\/uploads\/2024\/10\/WhatsApp-Image-2024-10-08-at-1.52.01-PM-1.jpeg\",\"width\":800,\"height\":360},{\"@type\":\"BreadcrumbList\",\"@id\":\"https:\/\/diarioabcdemichoacan.com.mx\/lasnoticias\/auto-choca-en-la-morelia-patzcuaro-y-trailer-vuelca-en-la-villa-madero-acuitzio\/#breadcrumb\",\"itemListElement\":[{\"@type\":\"ListItem\",\"position\":1,\"name\":\"Portada\",\"item\":\"https:\/\/diarioabcdemichoacan.com.mx\/lasnoticias\/\"},{\"@type\":\"ListItem\",\"position\":2,\"name\":\"Auto choca en la Morelia-P\u00e1tzcuaro y tr\u00e1iler vuelca en la Villa Madero-Acuitzio.\"}]},{\"@type\":\"WebSite\",\"@id\":\"https:\/\/diarioabcdemichoacan.com.mx\/lasnoticias\/#website\",\"url\":\"https:\/\/diarioabcdemichoacan.com.mx\/lasnoticias\/\",\"name\":\"Diario ABC de Michoac\u00e1n\",\"description\":\"Las noticias al momento\",\"potentialAction\":[{\"@type\":\"SearchAction\",\"target\":{\"@type\":\"EntryPoint\",\"urlTemplate\":\"https:\/\/diarioabcdemichoacan.com.mx\/lasnoticias\/?s={search_term_string}\"},\"query-input\":{\"@type\":\"PropertyValueSpecification\",\"valueRequired\":true,\"valueName\":\"search_term_string\"}}],\"inLanguage\":\"es\"},{\"@type\":\"Person\",\"@id\":\"https:\/\/diarioabcdemichoacan.com.mx\/lasnoticias\/#\/schema\/person\/19ae376040f6cbc489682ebdd8524852\",\"name\":\"AR\",\"image\":{\"@type\":\"ImageObject\",\"inLanguage\":\"es\",\"@id\":\"https:\/\/diarioabcdemichoacan.com.mx\/lasnoticias\/#\/schema\/person\/image\/\",\"url\":\"https:\/\/secure.gravatar.com\/avatar\/44eca2ff970262234e20e1e082872af0?s=96&d=mm&r=g\",\"contentUrl\":\"https:\/\/secure.gravatar.com\/avatar\/44eca2ff970262234e20e1e082872af0?s=96&d=mm&r=g\",\"caption\":\"AR\"},\"url\":\"https:\/\/diarioabcdemichoacan.com.mx\/lasnoticias\/author\/adrian\/\"}]}<\/script>\n<!-- \/ Yoast SEO plugin. -->","yoast_head_json":{"title":"Auto choca en la Morelia-P\u00e1tzcuaro y tr\u00e1iler vuelca en la Villa Madero-Acuitzio. - Diario ABC de Michoac\u00e1n","robots":{"index":"index","follow":"follow","max-snippet":"max-snippet:-1","max-image-preview":"max-image-preview:large","max-video-preview":"max-video-preview:-1"},"canonical":"https:\/\/diarioabcdemichoacan.com.mx\/lasnoticias\/auto-choca-en-la-morelia-patzcuaro-y-trailer-vuelca-en-la-villa-madero-acuitzio\/","og_locale":"es_ES","og_type":"article","og_title":"Auto choca en la Morelia-P\u00e1tzcuaro y tr\u00e1iler vuelca en la Villa Madero-Acuitzio. - Diario ABC de Michoac\u00e1n","og_description":"Los percances solo dejaron da\u00f1os materiales. &nbsp; POR JUAN MANUEL \u00c1LVAREZ, DIARIO ABC DE MICHOAC\u00c1N, 08 DE OCTUBRE DE 2024. Lagunillas\/Madero, Mich. &#8211; Un auto choc\u00f3 contra una barrera met\u00e1lica de contenci\u00f3n en la carretera Morelia-P\u00e1tzcuaro, accidente que no dej\u00f3 lesionados. Tambi\u00e9n en la regi\u00f3n de Madero se registr\u00f3 otro percance de tr\u00e1nsito, informaron autoridades [&hellip;]","og_url":"https:\/\/diarioabcdemichoacan.com.mx\/lasnoticias\/auto-choca-en-la-morelia-patzcuaro-y-trailer-vuelca-en-la-villa-madero-acuitzio\/","og_site_name":"Diario ABC de Michoac\u00e1n","article_published_time":"2024-10-08T20:03:01+00:00","article_modified_time":"2024-10-08T20:14:58+00:00","og_image":[{"width":800,"height":360,"url":"https:\/\/diarioabcdemichoacan.com.mx\/lasnoticias\/wp-content\/uploads\/2024\/10\/WhatsApp-Image-2024-10-08-at-1.52.01-PM-1.jpeg","type":"image\/jpeg"}],"author":"AR","twitter_card":"summary_large_image","twitter_misc":{"Escrito por":"AR","Tiempo de lectura":"2 minutos"},"schema":{"@context":"https:\/\/schema.org","@graph":[{"@type":"WebPage","@id":"https:\/\/diarioabcdemichoacan.com.mx\/lasnoticias\/auto-choca-en-la-morelia-patzcuaro-y-trailer-vuelca-en-la-villa-madero-acuitzio\/","url":"https:\/\/diarioabcdemichoacan.com.mx\/lasnoticias\/auto-choca-en-la-morelia-patzcuaro-y-trailer-vuelca-en-la-villa-madero-acuitzio\/","name":"Auto choca en la Morelia-P\u00e1tzcuaro y tr\u00e1iler vuelca en la Villa Madero-Acuitzio. - Diario ABC de Michoac\u00e1n","isPartOf":{"@id":"https:\/\/diarioabcdemichoacan.com.mx\/lasnoticias\/#website"},"primaryImageOfPage":{"@id":"https:\/\/diarioabcdemichoacan.com.mx\/lasnoticias\/auto-choca-en-la-morelia-patzcuaro-y-trailer-vuelca-en-la-villa-madero-acuitzio\/#primaryimage"},"image":{"@id":"https:\/\/diarioabcdemichoacan.com.mx\/lasnoticias\/auto-choca-en-la-morelia-patzcuaro-y-trailer-vuelca-en-la-villa-madero-acuitzio\/#primaryimage"},"thumbnailUrl":"https:\/\/diarioabcdemichoacan.com.mx\/lasnoticias\/wp-content\/uploads\/2024\/10\/WhatsApp-Image-2024-10-08-at-1.52.01-PM-1.jpeg","datePublished":"2024-10-08T20:03:01+00:00","dateModified":"2024-10-08T20:14:58+00:00","author":{"@id":"https:\/\/diarioabcdemichoacan.com.mx\/lasnoticias\/#\/schema\/person\/19ae376040f6cbc489682ebdd8524852"},"breadcrumb":{"@id":"https:\/\/diarioabcdemichoacan.com.mx\/lasnoticias\/auto-choca-en-la-morelia-patzcuaro-y-trailer-vuelca-en-la-villa-madero-acuitzio\/#breadcrumb"},"inLanguage":"es","potentialAction":[{"@type":"ReadAction","target":["https:\/\/diarioabcdemichoacan.com.mx\/lasnoticias\/auto-choca-en-la-morelia-patzcuaro-y-trailer-vuelca-en-la-villa-madero-acuitzio\/"]}]},{"@type":"ImageObject","inLanguage":"es","@id":"https:\/\/diarioabcdemichoacan.com.mx\/lasnoticias\/auto-choca-en-la-morelia-patzcuaro-y-trailer-vuelca-en-la-villa-madero-acuitzio\/#primaryimage","url":"https:\/\/diarioabcdemichoacan.com.mx\/lasnoticias\/wp-content\/uploads\/2024\/10\/WhatsApp-Image-2024-10-08-at-1.52.01-PM-1.jpeg","contentUrl":"https:\/\/diarioabcdemichoacan.com.mx\/lasnoticias\/wp-content\/uploads\/2024\/10\/WhatsApp-Image-2024-10-08-at-1.52.01-PM-1.jpeg","width":800,"height":360},{"@type":"BreadcrumbList","@id":"https:\/\/diarioabcdemichoacan.com.mx\/lasnoticias\/auto-choca-en-la-morelia-patzcuaro-y-trailer-vuelca-en-la-villa-madero-acuitzio\/#breadcrumb","itemListElement":[{"@type":"ListItem","position":1,"name":"Portada","item":"https:\/\/diarioabcdemichoacan.com.mx\/lasnoticias\/"},{"@type":"ListItem","position":2,"name":"Auto choca en la Morelia-P\u00e1tzcuaro y tr\u00e1iler vuelca en la Villa Madero-Acuitzio."}]},{"@type":"WebSite","@id":"https:\/\/diarioabcdemichoacan.com.mx\/lasnoticias\/#website","url":"https:\/\/diarioabcdemichoacan.com.mx\/lasnoticias\/","name":"Diario ABC de Michoac\u00e1n","description":"Las noticias al momento","potentialAction":[{"@type":"SearchAction","target":{"@type":"EntryPoint","urlTemplate":"https:\/\/diarioabcdemichoacan.com.mx\/lasnoticias\/?s={search_term_string}"},"query-input":{"@type":"PropertyValueSpecification","valueRequired":true,"valueName":"search_term_string"}}],"inLanguage":"es"},{"@type":"Person","@id":"https:\/\/diarioabcdemichoacan.com.mx\/lasnoticias\/#\/schema\/person\/19ae376040f6cbc489682ebdd8524852","name":"AR","image":{"@type":"ImageObject","inLanguage":"es","@id":"https:\/\/diarioabcdemichoacan.com.mx\/lasnoticias\/#\/schema\/person\/image\/","url":"https:\/\/secure.gravatar.com\/avatar\/44eca2ff970262234e20e1e082872af0?s=96&d=mm&r=g","contentUrl":"https:\/\/secure.gravatar.com\/avatar\/44eca2ff970262234e20e1e082872af0?s=96&d=mm&r=g","caption":"AR"},"url":"https:\/\/diarioabcdemichoacan.com.mx\/lasnoticias\/author\/adrian\/"}]}},"_links":{"self":[{"href":"https:\/\/diarioabcdemichoacan.com.mx\/lasnoticias\/wp-json\/wp\/v2\/posts\/27460","targetHints":{"allow":["GET"]}}],"collection":[{"href":"https:\/\/diarioabcdemichoacan.com.mx\/lasnoticias\/wp-json\/wp\/v2\/posts"}],"about":[{"href":"https:\/\/diarioabcdemichoacan.com.mx\/lasnoticias\/wp-json\/wp\/v2\/types\/post"}],"author":[{"embeddable":true,"href":"https:\/\/diarioabcdemichoacan.com.mx\/lasnoticias\/wp-json\/wp\/v2\/users\/9"}],"replies":[{"embeddable":true,"href":"https:\/\/diarioabcdemichoacan.com.mx\/lasnoticias\/wp-json\/wp\/v2\/comments?post=27460"}],"version-history":[{"count":1,"href":"https:\/\/diarioabcdemichoacan.com.mx\/lasnoticias\/wp-json\/wp\/v2\/posts\/27460\/revisions"}],"predecessor-version":[{"id":27470,"href":"https:\/\/diarioabcdemichoacan.com.mx\/lasnoticias\/wp-json\/wp\/v2\/posts\/27460\/revisions\/27470"}],"wp:featuredmedia":[{"embeddable":true,"href":"https:\/\/diarioabcdemichoacan.com.mx\/lasnoticias\/wp-json\/wp\/v2\/media\/27467"}],"wp:attachment":[{"href":"https:\/\/diarioabcdemichoacan.com.mx\/lasnoticias\/wp-json\/wp\/v2\/media?parent=27460"}],"wp:term":[{"taxonomy":"category","embeddable":true,"href":"https:\/\/diarioabcdemichoacan.com.mx\/lasnoticias\/wp-json\/wp\/v2\/categories?post=27460"},{"taxonomy":"post_tag","embeddable":true,"href":"https:\/\/diarioabcdemichoacan.com.mx\/lasnoticias\/wp-json\/wp\/v2\/tags?post=27460"}],"curies":[{"name":"wp","href":"https:\/\/api.w.org\/{rel}","templated":true}]}}