{"id":28369,"date":"2024-10-14T20:22:48","date_gmt":"2024-10-15T02:22:48","guid":{"rendered":"https:\/\/diarioabcdemichoacan.com.mx\/lasnoticias\/?p=28369"},"modified":"2024-10-15T15:39:07","modified_gmt":"2024-10-15T21:39:07","slug":"develan-bedolla-y-la-loteria-nacional-cachito-conmemorativo-por-los-200-anos-de-michoacan","status":"publish","type":"post","link":"https:\/\/diarioabcdemichoacan.com.mx\/lasnoticias\/develan-bedolla-y-la-loteria-nacional-cachito-conmemorativo-por-los-200-anos-de-michoacan\/","title":{"rendered":"Develan Bedolla y la Loter\u00eda Nacional \u201ccachito\u201d conmemorativo por los 200 a\u00f1os de Michoac\u00e1n"},"content":{"rendered":"<p>Con un premio mayor de 21 mdp y una bolsa total repartible de 66 mdp<\/p>\n<hr \/>\n<p>Morelia, Michoac\u00e1n.- A la voz del \u00abpremio mayor\u00bb de las ni\u00f1as gritonas, el gobernador Alfredo Ram\u00edrez Bedolla y el director de la Loter\u00eda Nacional, Marco Antonio Mena Rodr\u00edguez, develaron el billete conmemorativo por los 200 a\u00f1os de Michoac\u00e1n como Estado Libre y Soberano, con un premio mayor de 21 millones de pesos.<\/p>\n<p>El mandatario estatal comparti\u00f3 que fue hace dos siglos que se estableci\u00f3 el estado con el nombre de Michoac\u00e1n, despu\u00e9s de la Independencia de M\u00e9xico, y como parte de esta celebraci\u00f3n se emitir\u00e1 el \u00abcachito\u00bb alusivo a esta importante fecha, siendo un recordatorio tangible de los procesos hist\u00f3ricos del Estado.<\/p>\n<p>Mena Rodr\u00edguez felicit\u00f3 a las michoacanas y los michoacanos y detall\u00f3 que el sorteo se realizar\u00e1 el pr\u00f3ximo 22 de octubre con un premio mayor de 21 millones de pesos y una bolsa total repartible de 66 millones de pesos.<\/p>\n<p>La encargada de la pol\u00edtica cultural en Michoac\u00e1n, Tamara Sosa Alan\u00eds, agradeci\u00f3 la colaboraci\u00f3n de la Loter\u00eda Nacional para emitir este billete conmemorativo, un excelente veh\u00edculo para promover en todo el territorio del pa\u00eds la riqueza cultural de la entidad.<\/p>\n<p>El billete conmemorativo de los 200 a\u00f1os de Michoac\u00e1n, en que puede apreciarse una extraordinaria imagen del Lago de P\u00e1tzcuaro, tiene un costo de 30 pesos y ya se encuentra a la venta.<\/p>\n<p><iframe loading=\"lazy\" style=\"border: none;overflow: hidden\" src=\"https:\/\/www.facebook.com\/plugins\/video.php?height=314&amp;href=https%3A%2F%2Fwww.facebook.com%2Fgobmichoacan%2Fvideos%2F1576245349648211%2F&amp;show_text=false&amp;width=560&amp;t=0\" width=\"560\" height=\"314\" frameborder=\"0\" scrolling=\"no\" allowfullscreen=\"allowfullscreen\"><\/iframe><\/p>\n<p>COMUNICADO<\/p>\n","protected":false},"excerpt":{"rendered":"<p>Con un premio mayor de 21 mdp y una bolsa total repartible de 66 mdp Morelia, Michoac\u00e1n.- A la voz del \u00abpremio mayor\u00bb de las ni\u00f1as gritonas, el gobernador Alfredo Ram\u00edrez Bedolla y el director de la Loter\u00eda Nacional, Marco Antonio Mena Rodr\u00edguez, develaron el billete conmemorativo por los 200 a\u00f1os de Michoac\u00e1n como Estado [&hellip;]<\/p>\n","protected":false},"author":6,"featured_media":28370,"comment_status":"closed","ping_status":"closed","sticky":false,"template":"","format":"standard","meta":{"footnotes":""},"categories":[10,17],"tags":[],"class_list":{"0":"post-28369","1":"post","2":"type-post","3":"status-publish","4":"format-standard","5":"has-post-thumbnail","7":"category-estado","8":"category-gobierno-de-michoacan"},"yoast_head":"<!-- This site is optimized with the Yoast SEO plugin v24.0 - https:\/\/yoast.com\/wordpress\/plugins\/seo\/ -->\n<title>Develan Bedolla y la Loter\u00eda Nacional \u201ccachito\u201d conmemorativo por los 200 a\u00f1os de Michoac\u00e1n - Diario ABC de Michoac\u00e1n<\/title>\n<meta name=\"robots\" content=\"index, follow, max-snippet:-1, max-image-preview:large, max-video-preview:-1\" \/>\n<link rel=\"canonical\" href=\"https:\/\/diarioabcdemichoacan.com.mx\/lasnoticias\/develan-bedolla-y-la-loteria-nacional-cachito-conmemorativo-por-los-200-anos-de-michoacan\/\" \/>\n<meta property=\"og:locale\" content=\"es_ES\" \/>\n<meta property=\"og:type\" content=\"article\" \/>\n<meta property=\"og:title\" content=\"Develan Bedolla y la Loter\u00eda Nacional \u201ccachito\u201d conmemorativo por los 200 a\u00f1os de Michoac\u00e1n - Diario ABC de Michoac\u00e1n\" \/>\n<meta property=\"og:description\" content=\"Con un premio mayor de 21 mdp y una bolsa total repartible de 66 mdp Morelia, Michoac\u00e1n.- A la voz del \u00abpremio mayor\u00bb de las ni\u00f1as gritonas, el gobernador Alfredo Ram\u00edrez Bedolla y el director de la Loter\u00eda Nacional, Marco Antonio Mena Rodr\u00edguez, develaron el billete conmemorativo por los 200 a\u00f1os de Michoac\u00e1n como Estado [&hellip;]\" \/>\n<meta property=\"og:url\" content=\"https:\/\/diarioabcdemichoacan.com.mx\/lasnoticias\/develan-bedolla-y-la-loteria-nacional-cachito-conmemorativo-por-los-200-anos-de-michoacan\/\" \/>\n<meta property=\"og:site_name\" content=\"Diario ABC de Michoac\u00e1n\" \/>\n<meta property=\"article:published_time\" content=\"2024-10-15T02:22:48+00:00\" \/>\n<meta property=\"article:modified_time\" content=\"2024-10-15T21:39:07+00:00\" \/>\n<meta property=\"og:image\" content=\"https:\/\/diarioabcdemichoacan.com.mx\/lasnoticias\/wp-content\/uploads\/2024\/10\/IMG-20241014-WA0040.jpg\" \/>\n\t<meta property=\"og:image:width\" content=\"1600\" \/>\n\t<meta property=\"og:image:height\" content=\"1066\" \/>\n\t<meta property=\"og:image:type\" content=\"image\/jpeg\" \/>\n<meta name=\"author\" content=\"MB\" \/>\n<meta name=\"twitter:card\" content=\"summary_large_image\" \/>\n<meta name=\"twitter:label1\" content=\"Escrito por\" \/>\n\t<meta name=\"twitter:data1\" content=\"MB\" \/>\n\t<meta name=\"twitter:label2\" content=\"Tiempo de lectura\" \/>\n\t<meta name=\"twitter:data2\" content=\"2 minutos\" \/>\n<script type=\"application\/ld+json\" class=\"yoast-schema-graph\">{\"@context\":\"https:\/\/schema.org\",\"@graph\":[{\"@type\":\"WebPage\",\"@id\":\"https:\/\/diarioabcdemichoacan.com.mx\/lasnoticias\/develan-bedolla-y-la-loteria-nacional-cachito-conmemorativo-por-los-200-anos-de-michoacan\/\",\"url\":\"https:\/\/diarioabcdemichoacan.com.mx\/lasnoticias\/develan-bedolla-y-la-loteria-nacional-cachito-conmemorativo-por-los-200-anos-de-michoacan\/\",\"name\":\"Develan Bedolla y la Loter\u00eda Nacional \u201ccachito\u201d conmemorativo por los 200 a\u00f1os de Michoac\u00e1n - Diario ABC de Michoac\u00e1n\",\"isPartOf\":{\"@id\":\"https:\/\/diarioabcdemichoacan.com.mx\/lasnoticias\/#website\"},\"primaryImageOfPage\":{\"@id\":\"https:\/\/diarioabcdemichoacan.com.mx\/lasnoticias\/develan-bedolla-y-la-loteria-nacional-cachito-conmemorativo-por-los-200-anos-de-michoacan\/#primaryimage\"},\"image\":{\"@id\":\"https:\/\/diarioabcdemichoacan.com.mx\/lasnoticias\/develan-bedolla-y-la-loteria-nacional-cachito-conmemorativo-por-los-200-anos-de-michoacan\/#primaryimage\"},\"thumbnailUrl\":\"https:\/\/diarioabcdemichoacan.com.mx\/lasnoticias\/wp-content\/uploads\/2024\/10\/IMG-20241014-WA0040.jpg\",\"datePublished\":\"2024-10-15T02:22:48+00:00\",\"dateModified\":\"2024-10-15T21:39:07+00:00\",\"author\":{\"@id\":\"https:\/\/diarioabcdemichoacan.com.mx\/lasnoticias\/#\/schema\/person\/0546f9c3407148f7452ca932715c5e88\"},\"breadcrumb\":{\"@id\":\"https:\/\/diarioabcdemichoacan.com.mx\/lasnoticias\/develan-bedolla-y-la-loteria-nacional-cachito-conmemorativo-por-los-200-anos-de-michoacan\/#breadcrumb\"},\"inLanguage\":\"es\",\"potentialAction\":[{\"@type\":\"ReadAction\",\"target\":[\"https:\/\/diarioabcdemichoacan.com.mx\/lasnoticias\/develan-bedolla-y-la-loteria-nacional-cachito-conmemorativo-por-los-200-anos-de-michoacan\/\"]}]},{\"@type\":\"ImageObject\",\"inLanguage\":\"es\",\"@id\":\"https:\/\/diarioabcdemichoacan.com.mx\/lasnoticias\/develan-bedolla-y-la-loteria-nacional-cachito-conmemorativo-por-los-200-anos-de-michoacan\/#primaryimage\",\"url\":\"https:\/\/diarioabcdemichoacan.com.mx\/lasnoticias\/wp-content\/uploads\/2024\/10\/IMG-20241014-WA0040.jpg\",\"contentUrl\":\"https:\/\/diarioabcdemichoacan.com.mx\/lasnoticias\/wp-content\/uploads\/2024\/10\/IMG-20241014-WA0040.jpg\",\"width\":1600,\"height\":1066},{\"@type\":\"BreadcrumbList\",\"@id\":\"https:\/\/diarioabcdemichoacan.com.mx\/lasnoticias\/develan-bedolla-y-la-loteria-nacional-cachito-conmemorativo-por-los-200-anos-de-michoacan\/#breadcrumb\",\"itemListElement\":[{\"@type\":\"ListItem\",\"position\":1,\"name\":\"Portada\",\"item\":\"https:\/\/diarioabcdemichoacan.com.mx\/lasnoticias\/\"},{\"@type\":\"ListItem\",\"position\":2,\"name\":\"Develan Bedolla y la Loter\u00eda Nacional \u201ccachito\u201d conmemorativo por los 200 a\u00f1os de Michoac\u00e1n\"}]},{\"@type\":\"WebSite\",\"@id\":\"https:\/\/diarioabcdemichoacan.com.mx\/lasnoticias\/#website\",\"url\":\"https:\/\/diarioabcdemichoacan.com.mx\/lasnoticias\/\",\"name\":\"Diario ABC de Michoac\u00e1n\",\"description\":\"Las noticias al momento\",\"potentialAction\":[{\"@type\":\"SearchAction\",\"target\":{\"@type\":\"EntryPoint\",\"urlTemplate\":\"https:\/\/diarioabcdemichoacan.com.mx\/lasnoticias\/?s={search_term_string}\"},\"query-input\":{\"@type\":\"PropertyValueSpecification\",\"valueRequired\":true,\"valueName\":\"search_term_string\"}}],\"inLanguage\":\"es\"},{\"@type\":\"Person\",\"@id\":\"https:\/\/diarioabcdemichoacan.com.mx\/lasnoticias\/#\/schema\/person\/0546f9c3407148f7452ca932715c5e88\",\"name\":\"MB\",\"image\":{\"@type\":\"ImageObject\",\"inLanguage\":\"es\",\"@id\":\"https:\/\/diarioabcdemichoacan.com.mx\/lasnoticias\/#\/schema\/person\/image\/\",\"url\":\"https:\/\/secure.gravatar.com\/avatar\/adcd41fde6b8d0b5d9d0de001d3112b3?s=96&d=mm&r=g\",\"contentUrl\":\"https:\/\/secure.gravatar.com\/avatar\/adcd41fde6b8d0b5d9d0de001d3112b3?s=96&d=mm&r=g\",\"caption\":\"MB\"},\"url\":\"https:\/\/diarioabcdemichoacan.com.mx\/lasnoticias\/author\/bomariano03\/\"}]}<\/script>\n<!-- \/ Yoast SEO plugin. -->","yoast_head_json":{"title":"Develan Bedolla y la Loter\u00eda Nacional \u201ccachito\u201d conmemorativo por los 200 a\u00f1os de Michoac\u00e1n - Diario ABC de Michoac\u00e1n","robots":{"index":"index","follow":"follow","max-snippet":"max-snippet:-1","max-image-preview":"max-image-preview:large","max-video-preview":"max-video-preview:-1"},"canonical":"https:\/\/diarioabcdemichoacan.com.mx\/lasnoticias\/develan-bedolla-y-la-loteria-nacional-cachito-conmemorativo-por-los-200-anos-de-michoacan\/","og_locale":"es_ES","og_type":"article","og_title":"Develan Bedolla y la Loter\u00eda Nacional \u201ccachito\u201d conmemorativo por los 200 a\u00f1os de Michoac\u00e1n - Diario ABC de Michoac\u00e1n","og_description":"Con un premio mayor de 21 mdp y una bolsa total repartible de 66 mdp Morelia, Michoac\u00e1n.- A la voz del \u00abpremio mayor\u00bb de las ni\u00f1as gritonas, el gobernador Alfredo Ram\u00edrez Bedolla y el director de la Loter\u00eda Nacional, Marco Antonio Mena Rodr\u00edguez, develaron el billete conmemorativo por los 200 a\u00f1os de Michoac\u00e1n como Estado [&hellip;]","og_url":"https:\/\/diarioabcdemichoacan.com.mx\/lasnoticias\/develan-bedolla-y-la-loteria-nacional-cachito-conmemorativo-por-los-200-anos-de-michoacan\/","og_site_name":"Diario ABC de Michoac\u00e1n","article_published_time":"2024-10-15T02:22:48+00:00","article_modified_time":"2024-10-15T21:39:07+00:00","og_image":[{"width":1600,"height":1066,"url":"https:\/\/diarioabcdemichoacan.com.mx\/lasnoticias\/wp-content\/uploads\/2024\/10\/IMG-20241014-WA0040.jpg","type":"image\/jpeg"}],"author":"MB","twitter_card":"summary_large_image","twitter_misc":{"Escrito por":"MB","Tiempo de lectura":"2 minutos"},"schema":{"@context":"https:\/\/schema.org","@graph":[{"@type":"WebPage","@id":"https:\/\/diarioabcdemichoacan.com.mx\/lasnoticias\/develan-bedolla-y-la-loteria-nacional-cachito-conmemorativo-por-los-200-anos-de-michoacan\/","url":"https:\/\/diarioabcdemichoacan.com.mx\/lasnoticias\/develan-bedolla-y-la-loteria-nacional-cachito-conmemorativo-por-los-200-anos-de-michoacan\/","name":"Develan Bedolla y la Loter\u00eda Nacional \u201ccachito\u201d conmemorativo por los 200 a\u00f1os de Michoac\u00e1n - Diario ABC de Michoac\u00e1n","isPartOf":{"@id":"https:\/\/diarioabcdemichoacan.com.mx\/lasnoticias\/#website"},"primaryImageOfPage":{"@id":"https:\/\/diarioabcdemichoacan.com.mx\/lasnoticias\/develan-bedolla-y-la-loteria-nacional-cachito-conmemorativo-por-los-200-anos-de-michoacan\/#primaryimage"},"image":{"@id":"https:\/\/diarioabcdemichoacan.com.mx\/lasnoticias\/develan-bedolla-y-la-loteria-nacional-cachito-conmemorativo-por-los-200-anos-de-michoacan\/#primaryimage"},"thumbnailUrl":"https:\/\/diarioabcdemichoacan.com.mx\/lasnoticias\/wp-content\/uploads\/2024\/10\/IMG-20241014-WA0040.jpg","datePublished":"2024-10-15T02:22:48+00:00","dateModified":"2024-10-15T21:39:07+00:00","author":{"@id":"https:\/\/diarioabcdemichoacan.com.mx\/lasnoticias\/#\/schema\/person\/0546f9c3407148f7452ca932715c5e88"},"breadcrumb":{"@id":"https:\/\/diarioabcdemichoacan.com.mx\/lasnoticias\/develan-bedolla-y-la-loteria-nacional-cachito-conmemorativo-por-los-200-anos-de-michoacan\/#breadcrumb"},"inLanguage":"es","potentialAction":[{"@type":"ReadAction","target":["https:\/\/diarioabcdemichoacan.com.mx\/lasnoticias\/develan-bedolla-y-la-loteria-nacional-cachito-conmemorativo-por-los-200-anos-de-michoacan\/"]}]},{"@type":"ImageObject","inLanguage":"es","@id":"https:\/\/diarioabcdemichoacan.com.mx\/lasnoticias\/develan-bedolla-y-la-loteria-nacional-cachito-conmemorativo-por-los-200-anos-de-michoacan\/#primaryimage","url":"https:\/\/diarioabcdemichoacan.com.mx\/lasnoticias\/wp-content\/uploads\/2024\/10\/IMG-20241014-WA0040.jpg","contentUrl":"https:\/\/diarioabcdemichoacan.com.mx\/lasnoticias\/wp-content\/uploads\/2024\/10\/IMG-20241014-WA0040.jpg","width":1600,"height":1066},{"@type":"BreadcrumbList","@id":"https:\/\/diarioabcdemichoacan.com.mx\/lasnoticias\/develan-bedolla-y-la-loteria-nacional-cachito-conmemorativo-por-los-200-anos-de-michoacan\/#breadcrumb","itemListElement":[{"@type":"ListItem","position":1,"name":"Portada","item":"https:\/\/diarioabcdemichoacan.com.mx\/lasnoticias\/"},{"@type":"ListItem","position":2,"name":"Develan Bedolla y la Loter\u00eda Nacional \u201ccachito\u201d conmemorativo por los 200 a\u00f1os de Michoac\u00e1n"}]},{"@type":"WebSite","@id":"https:\/\/diarioabcdemichoacan.com.mx\/lasnoticias\/#website","url":"https:\/\/diarioabcdemichoacan.com.mx\/lasnoticias\/","name":"Diario ABC de Michoac\u00e1n","description":"Las noticias al momento","potentialAction":[{"@type":"SearchAction","target":{"@type":"EntryPoint","urlTemplate":"https:\/\/diarioabcdemichoacan.com.mx\/lasnoticias\/?s={search_term_string}"},"query-input":{"@type":"PropertyValueSpecification","valueRequired":true,"valueName":"search_term_string"}}],"inLanguage":"es"},{"@type":"Person","@id":"https:\/\/diarioabcdemichoacan.com.mx\/lasnoticias\/#\/schema\/person\/0546f9c3407148f7452ca932715c5e88","name":"MB","image":{"@type":"ImageObject","inLanguage":"es","@id":"https:\/\/diarioabcdemichoacan.com.mx\/lasnoticias\/#\/schema\/person\/image\/","url":"https:\/\/secure.gravatar.com\/avatar\/adcd41fde6b8d0b5d9d0de001d3112b3?s=96&d=mm&r=g","contentUrl":"https:\/\/secure.gravatar.com\/avatar\/adcd41fde6b8d0b5d9d0de001d3112b3?s=96&d=mm&r=g","caption":"MB"},"url":"https:\/\/diarioabcdemichoacan.com.mx\/lasnoticias\/author\/bomariano03\/"}]}},"_links":{"self":[{"href":"https:\/\/diarioabcdemichoacan.com.mx\/lasnoticias\/wp-json\/wp\/v2\/posts\/28369","targetHints":{"allow":["GET"]}}],"collection":[{"href":"https:\/\/diarioabcdemichoacan.com.mx\/lasnoticias\/wp-json\/wp\/v2\/posts"}],"about":[{"href":"https:\/\/diarioabcdemichoacan.com.mx\/lasnoticias\/wp-json\/wp\/v2\/types\/post"}],"author":[{"embeddable":true,"href":"https:\/\/diarioabcdemichoacan.com.mx\/lasnoticias\/wp-json\/wp\/v2\/users\/6"}],"replies":[{"embeddable":true,"href":"https:\/\/diarioabcdemichoacan.com.mx\/lasnoticias\/wp-json\/wp\/v2\/comments?post=28369"}],"version-history":[{"count":3,"href":"https:\/\/diarioabcdemichoacan.com.mx\/lasnoticias\/wp-json\/wp\/v2\/posts\/28369\/revisions"}],"predecessor-version":[{"id":28467,"href":"https:\/\/diarioabcdemichoacan.com.mx\/lasnoticias\/wp-json\/wp\/v2\/posts\/28369\/revisions\/28467"}],"wp:featuredmedia":[{"embeddable":true,"href":"https:\/\/diarioabcdemichoacan.com.mx\/lasnoticias\/wp-json\/wp\/v2\/media\/28370"}],"wp:attachment":[{"href":"https:\/\/diarioabcdemichoacan.com.mx\/lasnoticias\/wp-json\/wp\/v2\/media?parent=28369"}],"wp:term":[{"taxonomy":"category","embeddable":true,"href":"https:\/\/diarioabcdemichoacan.com.mx\/lasnoticias\/wp-json\/wp\/v2\/categories?post=28369"},{"taxonomy":"post_tag","embeddable":true,"href":"https:\/\/diarioabcdemichoacan.com.mx\/lasnoticias\/wp-json\/wp\/v2\/tags?post=28369"}],"curies":[{"name":"wp","href":"https:\/\/api.w.org\/{rel}","templated":true}]}}