{"id":29551,"date":"2024-10-21T14:19:08","date_gmt":"2024-10-21T20:19:08","guid":{"rendered":"https:\/\/diarioabcdemichoacan.com.mx\/lasnoticias\/?p=29551"},"modified":"2024-10-21T14:22:23","modified_gmt":"2024-10-21T20:22:23","slug":"sefeco-invita-a-celebrar-la-dulce-tradicion-del-dia-de-muertos-en-el-segundo-festival-de-la-calaverita","status":"publish","type":"post","link":"https:\/\/diarioabcdemichoacan.com.mx\/lasnoticias\/sefeco-invita-a-celebrar-la-dulce-tradicion-del-dia-de-muertos-en-el-segundo-festival-de-la-calaverita\/","title":{"rendered":"SEFECO invita a celebrar la dulce tradici\u00f3n del D\u00eda de Muertos en el Segundo Festival de la Calaverita."},"content":{"rendered":"<h2>La cita es del 25 al 27 de octubre en la Plaza Valladolid (San Francisco).<\/h2>\n<ul>\n<li>Calaveritas de az\u00facar desde 8 hasta 150 pesos.<\/li>\n<\/ul>\n<p>&nbsp;<\/p>\n<hr \/>\n<p>Morelia, Mich. &#8211; La Secretar\u00eda de Fomento Econ\u00f3mico de Morelia (SEFECO) tiene el gusto de invitar a toda la poblaci\u00f3n al Segundo Festival de la Calaverita de Az\u00facar, que tendr\u00e1 lugar del 25 al 27 de octubre en la Plaza Valladolid, en el marco de actividades que la administraci\u00f3n del Presidente Municipal, Alfonso Mart\u00ednez Alc\u00e1zar, lleva a cabo para la celebraci\u00f3n del D\u00eda de Muertos.<\/p>\n<p>&nbsp;<\/p>\n<p>La titular de la SEFECO, Guadalupe Herrera Calder\u00f3n, extendi\u00f3 una cordial invitaci\u00f3n a todas las familias morelianas para que participen en el festival que tendr\u00e1 lugar en la que es conocida por todos como Plaza de San Francisco, donde encontrar\u00e1n una amplia exposici\u00f3n y venta de las tradicionales calaveritas de az\u00facar, artesan\u00edas relacionadas con el D\u00eda de Muertos y talleres de decoraci\u00f3n de este emblem\u00e1tico dulce.<\/p>\n<p>&nbsp;<\/p>\n<p><img loading=\"lazy\" decoding=\"async\" class=\"alignnone size-medium wp-image-29566\" src=\"https:\/\/diarioabcdemichoacan.com.mx\/lasnoticias\/wp-content\/uploads\/2024\/10\/WhatsApp-Image-2024-10-21-at-13.59.40-1-353x500.jpeg\" alt=\"\" width=\"353\" height=\"500\" srcset=\"https:\/\/diarioabcdemichoacan.com.mx\/lasnoticias\/wp-content\/uploads\/2024\/10\/WhatsApp-Image-2024-10-21-at-13.59.40-1-353x500.jpeg 353w, https:\/\/diarioabcdemichoacan.com.mx\/lasnoticias\/wp-content\/uploads\/2024\/10\/WhatsApp-Image-2024-10-21-at-13.59.40-1-723x1024.jpeg 723w, https:\/\/diarioabcdemichoacan.com.mx\/lasnoticias\/wp-content\/uploads\/2024\/10\/WhatsApp-Image-2024-10-21-at-13.59.40-1-768x1087.jpeg 768w, https:\/\/diarioabcdemichoacan.com.mx\/lasnoticias\/wp-content\/uploads\/2024\/10\/WhatsApp-Image-2024-10-21-at-13.59.40-1-1085x1536.jpeg 1085w, https:\/\/diarioabcdemichoacan.com.mx\/lasnoticias\/wp-content\/uploads\/2024\/10\/WhatsApp-Image-2024-10-21-at-13.59.40-1-150x212.jpeg 150w, https:\/\/diarioabcdemichoacan.com.mx\/lasnoticias\/wp-content\/uploads\/2024\/10\/WhatsApp-Image-2024-10-21-at-13.59.40-1-300x425.jpeg 300w, https:\/\/diarioabcdemichoacan.com.mx\/lasnoticias\/wp-content\/uploads\/2024\/10\/WhatsApp-Image-2024-10-21-at-13.59.40-1-696x985.jpeg 696w, https:\/\/diarioabcdemichoacan.com.mx\/lasnoticias\/wp-content\/uploads\/2024\/10\/WhatsApp-Image-2024-10-21-at-13.59.40-1-1068x1512.jpeg 1068w, https:\/\/diarioabcdemichoacan.com.mx\/lasnoticias\/wp-content\/uploads\/2024\/10\/WhatsApp-Image-2024-10-21-at-13.59.40-1.jpeg 1130w\" sizes=\"auto, (max-width: 353px) 100vw, 353px\" \/><\/p>\n<p>&nbsp;<\/p>\n<p>\u201cLos invitamos a que visiten este gran evento, que adem\u00e1s de ofrecer exposiciones y venta, contar\u00e1 con la participaci\u00f3n de grupos de danza folcl\u00f3rica del taller del Maestro Ad\u00e1n Villanueva Estrada, de la Casa de la Cultura de Morelia, quienes brindar\u00e1n una interesante presentaci\u00f3n el s\u00e1bado 26\u201d, destac\u00f3 Herrera Calder\u00f3n.<\/p>\n<p>&nbsp;<\/p>\n<p>Puntualiz\u00f3 que el festival contar\u00e1 con 30 stands, 20 dedicados a la venta de calaveritas de az\u00facar y 10 m\u00e1s de artesan\u00edas alusivas a esta dulce celebraci\u00f3n, que es una de las m\u00e1s representativas de Michoac\u00e1n. El costo de las calaveritas en venta comenzar\u00e1 desde los ocho pesos, variando en funci\u00f3n del tama\u00f1o y la t\u00e9cnica de elaboraci\u00f3n hasta alcanzar los 150 pesos.<\/p>\n<p>&nbsp;<\/p>\n<p><img loading=\"lazy\" decoding=\"async\" class=\"alignnone size-medium wp-image-29567\" src=\"https:\/\/diarioabcdemichoacan.com.mx\/lasnoticias\/wp-content\/uploads\/2024\/10\/WhatsApp-Image-2024-10-21-at-13.59.40-500x333.jpeg\" alt=\"\" width=\"500\" height=\"333\" srcset=\"https:\/\/diarioabcdemichoacan.com.mx\/lasnoticias\/wp-content\/uploads\/2024\/10\/WhatsApp-Image-2024-10-21-at-13.59.40-500x333.jpeg 500w, https:\/\/diarioabcdemichoacan.com.mx\/lasnoticias\/wp-content\/uploads\/2024\/10\/WhatsApp-Image-2024-10-21-at-13.59.40-1024x682.jpeg 1024w, https:\/\/diarioabcdemichoacan.com.mx\/lasnoticias\/wp-content\/uploads\/2024\/10\/WhatsApp-Image-2024-10-21-at-13.59.40-768x512.jpeg 768w, https:\/\/diarioabcdemichoacan.com.mx\/lasnoticias\/wp-content\/uploads\/2024\/10\/WhatsApp-Image-2024-10-21-at-13.59.40-1536x1023.jpeg 1536w, https:\/\/diarioabcdemichoacan.com.mx\/lasnoticias\/wp-content\/uploads\/2024\/10\/WhatsApp-Image-2024-10-21-at-13.59.40-150x100.jpeg 150w, https:\/\/diarioabcdemichoacan.com.mx\/lasnoticias\/wp-content\/uploads\/2024\/10\/WhatsApp-Image-2024-10-21-at-13.59.40-300x200.jpeg 300w, https:\/\/diarioabcdemichoacan.com.mx\/lasnoticias\/wp-content\/uploads\/2024\/10\/WhatsApp-Image-2024-10-21-at-13.59.40-696x464.jpeg 696w, https:\/\/diarioabcdemichoacan.com.mx\/lasnoticias\/wp-content\/uploads\/2024\/10\/WhatsApp-Image-2024-10-21-at-13.59.40-1068x712.jpeg 1068w, https:\/\/diarioabcdemichoacan.com.mx\/lasnoticias\/wp-content\/uploads\/2024\/10\/WhatsApp-Image-2024-10-21-at-13.59.40.jpeg 1600w\" sizes=\"auto, (max-width: 500px) 100vw, 500px\" \/><\/p>\n<p>&nbsp;<\/p>\n<p>De esta manera, la dulce tradici\u00f3n de las calaveritas se suma al conjunto de m\u00e1s de 50 actividades en 10 plazas p\u00fablicas que el Gobierno de Alfonso Mart\u00ednez encabeza para el desarrollo de la econom\u00eda local y el impulso de las fechas emblem\u00e1ticas del municipio.<\/p>\n<p>&nbsp;<\/p>\n<p>COMUNICADO.<\/p>\n","protected":false},"excerpt":{"rendered":"<p>La cita es del 25 al 27 de octubre en la Plaza Valladolid (San Francisco). Calaveritas de az\u00facar desde 8 hasta 150 pesos. &nbsp; Morelia, Mich. &#8211; La Secretar\u00eda de Fomento Econ\u00f3mico de Morelia (SEFECO) tiene el gusto de invitar a toda la poblaci\u00f3n al Segundo Festival de la Calaverita de Az\u00facar, que tendr\u00e1 lugar [&hellip;]<\/p>\n","protected":false},"author":9,"featured_media":29568,"comment_status":"closed","ping_status":"closed","sticky":false,"template":"","format":"standard","meta":{"footnotes":""},"categories":[18,7,27],"tags":[],"class_list":{"0":"post-29551","1":"post","2":"type-post","3":"status-publish","4":"format-standard","5":"has-post-thumbnail","7":"category-ayuntamiento-de-morelia","8":"category-morelia","9":"category-slider"},"yoast_head":"<!-- This site is optimized with the Yoast SEO plugin v24.0 - https:\/\/yoast.com\/wordpress\/plugins\/seo\/ -->\n<title>SEFECO invita a celebrar la dulce tradici\u00f3n del D\u00eda de Muertos en el Segundo Festival de la Calaverita. - Diario ABC de Michoac\u00e1n<\/title>\n<meta name=\"robots\" content=\"index, follow, max-snippet:-1, max-image-preview:large, max-video-preview:-1\" \/>\n<link rel=\"canonical\" href=\"https:\/\/diarioabcdemichoacan.com.mx\/lasnoticias\/sefeco-invita-a-celebrar-la-dulce-tradicion-del-dia-de-muertos-en-el-segundo-festival-de-la-calaverita\/\" \/>\n<meta property=\"og:locale\" content=\"es_ES\" \/>\n<meta property=\"og:type\" content=\"article\" \/>\n<meta property=\"og:title\" content=\"SEFECO invita a celebrar la dulce tradici\u00f3n del D\u00eda de Muertos en el Segundo Festival de la Calaverita. - Diario ABC de Michoac\u00e1n\" \/>\n<meta property=\"og:description\" content=\"La cita es del 25 al 27 de octubre en la Plaza Valladolid (San Francisco). Calaveritas de az\u00facar desde 8 hasta 150 pesos. &nbsp; Morelia, Mich. &#8211; La Secretar\u00eda de Fomento Econ\u00f3mico de Morelia (SEFECO) tiene el gusto de invitar a toda la poblaci\u00f3n al Segundo Festival de la Calaverita de Az\u00facar, que tendr\u00e1 lugar [&hellip;]\" \/>\n<meta property=\"og:url\" content=\"https:\/\/diarioabcdemichoacan.com.mx\/lasnoticias\/sefeco-invita-a-celebrar-la-dulce-tradicion-del-dia-de-muertos-en-el-segundo-festival-de-la-calaverita\/\" \/>\n<meta property=\"og:site_name\" content=\"Diario ABC de Michoac\u00e1n\" \/>\n<meta property=\"article:published_time\" content=\"2024-10-21T20:19:08+00:00\" \/>\n<meta property=\"article:modified_time\" content=\"2024-10-21T20:22:23+00:00\" \/>\n<meta property=\"og:image\" content=\"https:\/\/diarioabcdemichoacan.com.mx\/lasnoticias\/wp-content\/uploads\/2024\/10\/WhatsApp-Image-2024-10-21-at-13.59.39.jpeg\" \/>\n\t<meta property=\"og:image:width\" content=\"1600\" \/>\n\t<meta property=\"og:image:height\" content=\"1066\" \/>\n\t<meta property=\"og:image:type\" content=\"image\/jpeg\" \/>\n<meta name=\"author\" content=\"AR\" \/>\n<meta name=\"twitter:card\" content=\"summary_large_image\" \/>\n<meta name=\"twitter:label1\" content=\"Escrito por\" \/>\n\t<meta name=\"twitter:data1\" content=\"AR\" \/>\n\t<meta name=\"twitter:label2\" content=\"Tiempo de lectura\" \/>\n\t<meta name=\"twitter:data2\" content=\"3 minutos\" \/>\n<script type=\"application\/ld+json\" class=\"yoast-schema-graph\">{\"@context\":\"https:\/\/schema.org\",\"@graph\":[{\"@type\":\"WebPage\",\"@id\":\"https:\/\/diarioabcdemichoacan.com.mx\/lasnoticias\/sefeco-invita-a-celebrar-la-dulce-tradicion-del-dia-de-muertos-en-el-segundo-festival-de-la-calaverita\/\",\"url\":\"https:\/\/diarioabcdemichoacan.com.mx\/lasnoticias\/sefeco-invita-a-celebrar-la-dulce-tradicion-del-dia-de-muertos-en-el-segundo-festival-de-la-calaverita\/\",\"name\":\"SEFECO invita a celebrar la dulce tradici\u00f3n del D\u00eda de Muertos en el Segundo Festival de la Calaverita. - Diario ABC de Michoac\u00e1n\",\"isPartOf\":{\"@id\":\"https:\/\/diarioabcdemichoacan.com.mx\/lasnoticias\/#website\"},\"primaryImageOfPage\":{\"@id\":\"https:\/\/diarioabcdemichoacan.com.mx\/lasnoticias\/sefeco-invita-a-celebrar-la-dulce-tradicion-del-dia-de-muertos-en-el-segundo-festival-de-la-calaverita\/#primaryimage\"},\"image\":{\"@id\":\"https:\/\/diarioabcdemichoacan.com.mx\/lasnoticias\/sefeco-invita-a-celebrar-la-dulce-tradicion-del-dia-de-muertos-en-el-segundo-festival-de-la-calaverita\/#primaryimage\"},\"thumbnailUrl\":\"https:\/\/diarioabcdemichoacan.com.mx\/lasnoticias\/wp-content\/uploads\/2024\/10\/WhatsApp-Image-2024-10-21-at-13.59.39.jpeg\",\"datePublished\":\"2024-10-21T20:19:08+00:00\",\"dateModified\":\"2024-10-21T20:22:23+00:00\",\"author\":{\"@id\":\"https:\/\/diarioabcdemichoacan.com.mx\/lasnoticias\/#\/schema\/person\/19ae376040f6cbc489682ebdd8524852\"},\"breadcrumb\":{\"@id\":\"https:\/\/diarioabcdemichoacan.com.mx\/lasnoticias\/sefeco-invita-a-celebrar-la-dulce-tradicion-del-dia-de-muertos-en-el-segundo-festival-de-la-calaverita\/#breadcrumb\"},\"inLanguage\":\"es\",\"potentialAction\":[{\"@type\":\"ReadAction\",\"target\":[\"https:\/\/diarioabcdemichoacan.com.mx\/lasnoticias\/sefeco-invita-a-celebrar-la-dulce-tradicion-del-dia-de-muertos-en-el-segundo-festival-de-la-calaverita\/\"]}]},{\"@type\":\"ImageObject\",\"inLanguage\":\"es\",\"@id\":\"https:\/\/diarioabcdemichoacan.com.mx\/lasnoticias\/sefeco-invita-a-celebrar-la-dulce-tradicion-del-dia-de-muertos-en-el-segundo-festival-de-la-calaverita\/#primaryimage\",\"url\":\"https:\/\/diarioabcdemichoacan.com.mx\/lasnoticias\/wp-content\/uploads\/2024\/10\/WhatsApp-Image-2024-10-21-at-13.59.39.jpeg\",\"contentUrl\":\"https:\/\/diarioabcdemichoacan.com.mx\/lasnoticias\/wp-content\/uploads\/2024\/10\/WhatsApp-Image-2024-10-21-at-13.59.39.jpeg\",\"width\":1600,\"height\":1066},{\"@type\":\"BreadcrumbList\",\"@id\":\"https:\/\/diarioabcdemichoacan.com.mx\/lasnoticias\/sefeco-invita-a-celebrar-la-dulce-tradicion-del-dia-de-muertos-en-el-segundo-festival-de-la-calaverita\/#breadcrumb\",\"itemListElement\":[{\"@type\":\"ListItem\",\"position\":1,\"name\":\"Portada\",\"item\":\"https:\/\/diarioabcdemichoacan.com.mx\/lasnoticias\/\"},{\"@type\":\"ListItem\",\"position\":2,\"name\":\"SEFECO invita a celebrar la dulce tradici\u00f3n del D\u00eda de Muertos en el Segundo Festival de la Calaverita.\"}]},{\"@type\":\"WebSite\",\"@id\":\"https:\/\/diarioabcdemichoacan.com.mx\/lasnoticias\/#website\",\"url\":\"https:\/\/diarioabcdemichoacan.com.mx\/lasnoticias\/\",\"name\":\"Diario ABC de Michoac\u00e1n\",\"description\":\"Las noticias al momento\",\"potentialAction\":[{\"@type\":\"SearchAction\",\"target\":{\"@type\":\"EntryPoint\",\"urlTemplate\":\"https:\/\/diarioabcdemichoacan.com.mx\/lasnoticias\/?s={search_term_string}\"},\"query-input\":{\"@type\":\"PropertyValueSpecification\",\"valueRequired\":true,\"valueName\":\"search_term_string\"}}],\"inLanguage\":\"es\"},{\"@type\":\"Person\",\"@id\":\"https:\/\/diarioabcdemichoacan.com.mx\/lasnoticias\/#\/schema\/person\/19ae376040f6cbc489682ebdd8524852\",\"name\":\"AR\",\"image\":{\"@type\":\"ImageObject\",\"inLanguage\":\"es\",\"@id\":\"https:\/\/diarioabcdemichoacan.com.mx\/lasnoticias\/#\/schema\/person\/image\/\",\"url\":\"https:\/\/secure.gravatar.com\/avatar\/44eca2ff970262234e20e1e082872af0?s=96&d=mm&r=g\",\"contentUrl\":\"https:\/\/secure.gravatar.com\/avatar\/44eca2ff970262234e20e1e082872af0?s=96&d=mm&r=g\",\"caption\":\"AR\"},\"url\":\"https:\/\/diarioabcdemichoacan.com.mx\/lasnoticias\/author\/adrian\/\"}]}<\/script>\n<!-- \/ Yoast SEO plugin. -->","yoast_head_json":{"title":"SEFECO invita a celebrar la dulce tradici\u00f3n del D\u00eda de Muertos en el Segundo Festival de la Calaverita. - Diario ABC de Michoac\u00e1n","robots":{"index":"index","follow":"follow","max-snippet":"max-snippet:-1","max-image-preview":"max-image-preview:large","max-video-preview":"max-video-preview:-1"},"canonical":"https:\/\/diarioabcdemichoacan.com.mx\/lasnoticias\/sefeco-invita-a-celebrar-la-dulce-tradicion-del-dia-de-muertos-en-el-segundo-festival-de-la-calaverita\/","og_locale":"es_ES","og_type":"article","og_title":"SEFECO invita a celebrar la dulce tradici\u00f3n del D\u00eda de Muertos en el Segundo Festival de la Calaverita. - Diario ABC de Michoac\u00e1n","og_description":"La cita es del 25 al 27 de octubre en la Plaza Valladolid (San Francisco). Calaveritas de az\u00facar desde 8 hasta 150 pesos. &nbsp; Morelia, Mich. &#8211; La Secretar\u00eda de Fomento Econ\u00f3mico de Morelia (SEFECO) tiene el gusto de invitar a toda la poblaci\u00f3n al Segundo Festival de la Calaverita de Az\u00facar, que tendr\u00e1 lugar [&hellip;]","og_url":"https:\/\/diarioabcdemichoacan.com.mx\/lasnoticias\/sefeco-invita-a-celebrar-la-dulce-tradicion-del-dia-de-muertos-en-el-segundo-festival-de-la-calaverita\/","og_site_name":"Diario ABC de Michoac\u00e1n","article_published_time":"2024-10-21T20:19:08+00:00","article_modified_time":"2024-10-21T20:22:23+00:00","og_image":[{"width":1600,"height":1066,"url":"https:\/\/diarioabcdemichoacan.com.mx\/lasnoticias\/wp-content\/uploads\/2024\/10\/WhatsApp-Image-2024-10-21-at-13.59.39.jpeg","type":"image\/jpeg"}],"author":"AR","twitter_card":"summary_large_image","twitter_misc":{"Escrito por":"AR","Tiempo de lectura":"3 minutos"},"schema":{"@context":"https:\/\/schema.org","@graph":[{"@type":"WebPage","@id":"https:\/\/diarioabcdemichoacan.com.mx\/lasnoticias\/sefeco-invita-a-celebrar-la-dulce-tradicion-del-dia-de-muertos-en-el-segundo-festival-de-la-calaverita\/","url":"https:\/\/diarioabcdemichoacan.com.mx\/lasnoticias\/sefeco-invita-a-celebrar-la-dulce-tradicion-del-dia-de-muertos-en-el-segundo-festival-de-la-calaverita\/","name":"SEFECO invita a celebrar la dulce tradici\u00f3n del D\u00eda de Muertos en el Segundo Festival de la Calaverita. - Diario ABC de Michoac\u00e1n","isPartOf":{"@id":"https:\/\/diarioabcdemichoacan.com.mx\/lasnoticias\/#website"},"primaryImageOfPage":{"@id":"https:\/\/diarioabcdemichoacan.com.mx\/lasnoticias\/sefeco-invita-a-celebrar-la-dulce-tradicion-del-dia-de-muertos-en-el-segundo-festival-de-la-calaverita\/#primaryimage"},"image":{"@id":"https:\/\/diarioabcdemichoacan.com.mx\/lasnoticias\/sefeco-invita-a-celebrar-la-dulce-tradicion-del-dia-de-muertos-en-el-segundo-festival-de-la-calaverita\/#primaryimage"},"thumbnailUrl":"https:\/\/diarioabcdemichoacan.com.mx\/lasnoticias\/wp-content\/uploads\/2024\/10\/WhatsApp-Image-2024-10-21-at-13.59.39.jpeg","datePublished":"2024-10-21T20:19:08+00:00","dateModified":"2024-10-21T20:22:23+00:00","author":{"@id":"https:\/\/diarioabcdemichoacan.com.mx\/lasnoticias\/#\/schema\/person\/19ae376040f6cbc489682ebdd8524852"},"breadcrumb":{"@id":"https:\/\/diarioabcdemichoacan.com.mx\/lasnoticias\/sefeco-invita-a-celebrar-la-dulce-tradicion-del-dia-de-muertos-en-el-segundo-festival-de-la-calaverita\/#breadcrumb"},"inLanguage":"es","potentialAction":[{"@type":"ReadAction","target":["https:\/\/diarioabcdemichoacan.com.mx\/lasnoticias\/sefeco-invita-a-celebrar-la-dulce-tradicion-del-dia-de-muertos-en-el-segundo-festival-de-la-calaverita\/"]}]},{"@type":"ImageObject","inLanguage":"es","@id":"https:\/\/diarioabcdemichoacan.com.mx\/lasnoticias\/sefeco-invita-a-celebrar-la-dulce-tradicion-del-dia-de-muertos-en-el-segundo-festival-de-la-calaverita\/#primaryimage","url":"https:\/\/diarioabcdemichoacan.com.mx\/lasnoticias\/wp-content\/uploads\/2024\/10\/WhatsApp-Image-2024-10-21-at-13.59.39.jpeg","contentUrl":"https:\/\/diarioabcdemichoacan.com.mx\/lasnoticias\/wp-content\/uploads\/2024\/10\/WhatsApp-Image-2024-10-21-at-13.59.39.jpeg","width":1600,"height":1066},{"@type":"BreadcrumbList","@id":"https:\/\/diarioabcdemichoacan.com.mx\/lasnoticias\/sefeco-invita-a-celebrar-la-dulce-tradicion-del-dia-de-muertos-en-el-segundo-festival-de-la-calaverita\/#breadcrumb","itemListElement":[{"@type":"ListItem","position":1,"name":"Portada","item":"https:\/\/diarioabcdemichoacan.com.mx\/lasnoticias\/"},{"@type":"ListItem","position":2,"name":"SEFECO invita a celebrar la dulce tradici\u00f3n del D\u00eda de Muertos en el Segundo Festival de la Calaverita."}]},{"@type":"WebSite","@id":"https:\/\/diarioabcdemichoacan.com.mx\/lasnoticias\/#website","url":"https:\/\/diarioabcdemichoacan.com.mx\/lasnoticias\/","name":"Diario ABC de Michoac\u00e1n","description":"Las noticias al momento","potentialAction":[{"@type":"SearchAction","target":{"@type":"EntryPoint","urlTemplate":"https:\/\/diarioabcdemichoacan.com.mx\/lasnoticias\/?s={search_term_string}"},"query-input":{"@type":"PropertyValueSpecification","valueRequired":true,"valueName":"search_term_string"}}],"inLanguage":"es"},{"@type":"Person","@id":"https:\/\/diarioabcdemichoacan.com.mx\/lasnoticias\/#\/schema\/person\/19ae376040f6cbc489682ebdd8524852","name":"AR","image":{"@type":"ImageObject","inLanguage":"es","@id":"https:\/\/diarioabcdemichoacan.com.mx\/lasnoticias\/#\/schema\/person\/image\/","url":"https:\/\/secure.gravatar.com\/avatar\/44eca2ff970262234e20e1e082872af0?s=96&d=mm&r=g","contentUrl":"https:\/\/secure.gravatar.com\/avatar\/44eca2ff970262234e20e1e082872af0?s=96&d=mm&r=g","caption":"AR"},"url":"https:\/\/diarioabcdemichoacan.com.mx\/lasnoticias\/author\/adrian\/"}]}},"_links":{"self":[{"href":"https:\/\/diarioabcdemichoacan.com.mx\/lasnoticias\/wp-json\/wp\/v2\/posts\/29551","targetHints":{"allow":["GET"]}}],"collection":[{"href":"https:\/\/diarioabcdemichoacan.com.mx\/lasnoticias\/wp-json\/wp\/v2\/posts"}],"about":[{"href":"https:\/\/diarioabcdemichoacan.com.mx\/lasnoticias\/wp-json\/wp\/v2\/types\/post"}],"author":[{"embeddable":true,"href":"https:\/\/diarioabcdemichoacan.com.mx\/lasnoticias\/wp-json\/wp\/v2\/users\/9"}],"replies":[{"embeddable":true,"href":"https:\/\/diarioabcdemichoacan.com.mx\/lasnoticias\/wp-json\/wp\/v2\/comments?post=29551"}],"version-history":[{"count":2,"href":"https:\/\/diarioabcdemichoacan.com.mx\/lasnoticias\/wp-json\/wp\/v2\/posts\/29551\/revisions"}],"predecessor-version":[{"id":29576,"href":"https:\/\/diarioabcdemichoacan.com.mx\/lasnoticias\/wp-json\/wp\/v2\/posts\/29551\/revisions\/29576"}],"wp:featuredmedia":[{"embeddable":true,"href":"https:\/\/diarioabcdemichoacan.com.mx\/lasnoticias\/wp-json\/wp\/v2\/media\/29568"}],"wp:attachment":[{"href":"https:\/\/diarioabcdemichoacan.com.mx\/lasnoticias\/wp-json\/wp\/v2\/media?parent=29551"}],"wp:term":[{"taxonomy":"category","embeddable":true,"href":"https:\/\/diarioabcdemichoacan.com.mx\/lasnoticias\/wp-json\/wp\/v2\/categories?post=29551"},{"taxonomy":"post_tag","embeddable":true,"href":"https:\/\/diarioabcdemichoacan.com.mx\/lasnoticias\/wp-json\/wp\/v2\/tags?post=29551"}],"curies":[{"name":"wp","href":"https:\/\/api.w.org\/{rel}","templated":true}]}}