{"id":29552,"date":"2024-10-21T14:26:52","date_gmt":"2024-10-21T20:26:52","guid":{"rendered":"https:\/\/diarioabcdemichoacan.com.mx\/lasnoticias\/?p=29552"},"modified":"2024-10-21T14:26:52","modified_gmt":"2024-10-21T20:26:52","slug":"michoacan-reune-a-medicos-tradicionales-en-encuentro-nacional","status":"publish","type":"post","link":"https:\/\/diarioabcdemichoacan.com.mx\/lasnoticias\/michoacan-reune-a-medicos-tradicionales-en-encuentro-nacional\/","title":{"rendered":"Michoac\u00e1n re\u00fane a m\u00e9dicos tradicionales en encuentro nacional."},"content":{"rendered":"<h2>Los d\u00edas 21 y 22 de octubre en el Ceconexpo de Morelia ofrecer\u00e1n terapias, limpias, masajes y ofertar\u00e1n sus productos herbolarios.<\/h2>\n<p>&nbsp;<\/p>\n<hr \/>\n<p>Morelia, Mich. &#8211; El Centro de Convecciones y Exposiciones de Morelia (Ceconexpo) fue la sede para que la Federaci\u00f3n celebrara el D\u00eda Mundial de la Medicina Tradicional, con un Encuentro Nacional de M\u00e9dicos Tradicionales, del 21 al 22 de octubre.<\/p>\n<p>&nbsp;<\/p>\n<p>El Gobierno de Michoac\u00e1n trabaja para el reconocimiento y apoyo de la medicina ind\u00edgena tradicional, es por ello que a trav\u00e9s de la Secretar\u00eda de Salud de Michoac\u00e1n (SSM) realiza acciones con los m\u00e9dicos, parteras y especialistas para implementar m\u00e1s y mejores propuestas de colaboraci\u00f3n institucional, a fin de revalorar, fortalecer y promover el ejercicio de las distintas manifestaciones y pr\u00e1cticas de la medicina ind\u00edgena.<\/p>\n<p>&nbsp;<\/p>\n<p><img loading=\"lazy\" decoding=\"async\" class=\"alignnone size-medium wp-image-29559\" src=\"https:\/\/diarioabcdemichoacan.com.mx\/lasnoticias\/wp-content\/uploads\/2024\/10\/WhatsApp-Image-2024-10-21-at-14.02.34-1-500x333.jpeg\" alt=\"\" width=\"500\" height=\"333\" srcset=\"https:\/\/diarioabcdemichoacan.com.mx\/lasnoticias\/wp-content\/uploads\/2024\/10\/WhatsApp-Image-2024-10-21-at-14.02.34-1-500x333.jpeg 500w, https:\/\/diarioabcdemichoacan.com.mx\/lasnoticias\/wp-content\/uploads\/2024\/10\/WhatsApp-Image-2024-10-21-at-14.02.34-1-1024x682.jpeg 1024w, https:\/\/diarioabcdemichoacan.com.mx\/lasnoticias\/wp-content\/uploads\/2024\/10\/WhatsApp-Image-2024-10-21-at-14.02.34-1-768x512.jpeg 768w, https:\/\/diarioabcdemichoacan.com.mx\/lasnoticias\/wp-content\/uploads\/2024\/10\/WhatsApp-Image-2024-10-21-at-14.02.34-1-1536x1023.jpeg 1536w, https:\/\/diarioabcdemichoacan.com.mx\/lasnoticias\/wp-content\/uploads\/2024\/10\/WhatsApp-Image-2024-10-21-at-14.02.34-1-150x100.jpeg 150w, https:\/\/diarioabcdemichoacan.com.mx\/lasnoticias\/wp-content\/uploads\/2024\/10\/WhatsApp-Image-2024-10-21-at-14.02.34-1-300x200.jpeg 300w, https:\/\/diarioabcdemichoacan.com.mx\/lasnoticias\/wp-content\/uploads\/2024\/10\/WhatsApp-Image-2024-10-21-at-14.02.34-1-696x464.jpeg 696w, https:\/\/diarioabcdemichoacan.com.mx\/lasnoticias\/wp-content\/uploads\/2024\/10\/WhatsApp-Image-2024-10-21-at-14.02.34-1-1068x712.jpeg 1068w, https:\/\/diarioabcdemichoacan.com.mx\/lasnoticias\/wp-content\/uploads\/2024\/10\/WhatsApp-Image-2024-10-21-at-14.02.34-1.jpeg 1600w\" sizes=\"auto, (max-width: 500px) 100vw, 500px\" \/><\/p>\n<p>&nbsp;<\/p>\n<p>La inauguraci\u00f3n del encuentro estuvo a cargo del director de Medicina Tradicional de la Secretar\u00eda de Salud federal, Miguel \u00c1ngel Herrera Albarr\u00e1n y del secretario de Salud de Michoac\u00e1n, L\u00e1zaro Cort\u00e9s Rangel, quienes agradecieron la aportaci\u00f3n que han dado a la salud los m\u00e9dicos tradicionales, principalmente en las zonas m\u00e1s alejadas.<\/p>\n<p>&nbsp;<\/p>\n<p>Durante dos d\u00edas ofrecer\u00e1n terapias, limpias, masajes y ofertar\u00e1n sus productos herbolarios en el Ceconexpo de Morelia, al igual que el intercambio de saberes, experiencias y saberes entre los pueblos ind\u00edgenas.<\/p>\n<p>&nbsp;<\/p>\n<p><img loading=\"lazy\" decoding=\"async\" class=\"alignnone size-medium wp-image-29578\" src=\"https:\/\/diarioabcdemichoacan.com.mx\/lasnoticias\/wp-content\/uploads\/2024\/10\/WhatsApp-Image-2024-10-21-at-14.02.34-6-500x333.jpeg\" alt=\"\" width=\"500\" height=\"333\" srcset=\"https:\/\/diarioabcdemichoacan.com.mx\/lasnoticias\/wp-content\/uploads\/2024\/10\/WhatsApp-Image-2024-10-21-at-14.02.34-6-500x333.jpeg 500w, https:\/\/diarioabcdemichoacan.com.mx\/lasnoticias\/wp-content\/uploads\/2024\/10\/WhatsApp-Image-2024-10-21-at-14.02.34-6-1024x682.jpeg 1024w, https:\/\/diarioabcdemichoacan.com.mx\/lasnoticias\/wp-content\/uploads\/2024\/10\/WhatsApp-Image-2024-10-21-at-14.02.34-6-768x512.jpeg 768w, https:\/\/diarioabcdemichoacan.com.mx\/lasnoticias\/wp-content\/uploads\/2024\/10\/WhatsApp-Image-2024-10-21-at-14.02.34-6-1536x1023.jpeg 1536w, https:\/\/diarioabcdemichoacan.com.mx\/lasnoticias\/wp-content\/uploads\/2024\/10\/WhatsApp-Image-2024-10-21-at-14.02.34-6-150x100.jpeg 150w, https:\/\/diarioabcdemichoacan.com.mx\/lasnoticias\/wp-content\/uploads\/2024\/10\/WhatsApp-Image-2024-10-21-at-14.02.34-6-300x200.jpeg 300w, https:\/\/diarioabcdemichoacan.com.mx\/lasnoticias\/wp-content\/uploads\/2024\/10\/WhatsApp-Image-2024-10-21-at-14.02.34-6-696x464.jpeg 696w, https:\/\/diarioabcdemichoacan.com.mx\/lasnoticias\/wp-content\/uploads\/2024\/10\/WhatsApp-Image-2024-10-21-at-14.02.34-6-1068x712.jpeg 1068w, https:\/\/diarioabcdemichoacan.com.mx\/lasnoticias\/wp-content\/uploads\/2024\/10\/WhatsApp-Image-2024-10-21-at-14.02.34-6.jpeg 1600w\" sizes=\"auto, (max-width: 500px) 100vw, 500px\" \/><\/p>\n<p>&nbsp;<\/p>\n<p>Herrera Albarr\u00e1n aplaudi\u00f3 a los participantes por conservar sus conocimientos ancestrales y ejercer el noble servicio de la atenci\u00f3n a sus comunidades.<\/p>\n<p>&nbsp;<\/p>\n<p>COMUNICADO.<\/p>\n","protected":false},"excerpt":{"rendered":"<p>Los d\u00edas 21 y 22 de octubre en el Ceconexpo de Morelia ofrecer\u00e1n terapias, limpias, masajes y ofertar\u00e1n sus productos herbolarios. &nbsp; Morelia, Mich. &#8211; El Centro de Convecciones y Exposiciones de Morelia (Ceconexpo) fue la sede para que la Federaci\u00f3n celebrara el D\u00eda Mundial de la Medicina Tradicional, con un Encuentro Nacional de M\u00e9dicos [&hellip;]<\/p>\n","protected":false},"author":9,"featured_media":29565,"comment_status":"closed","ping_status":"closed","sticky":false,"template":"","format":"standard","meta":{"footnotes":""},"categories":[10,17,27],"tags":[],"class_list":{"0":"post-29552","1":"post","2":"type-post","3":"status-publish","4":"format-standard","5":"has-post-thumbnail","7":"category-estado","8":"category-gobierno-de-michoacan","9":"category-slider"},"yoast_head":"<!-- This site is optimized with the Yoast SEO plugin v24.0 - https:\/\/yoast.com\/wordpress\/plugins\/seo\/ -->\n<title>Michoac\u00e1n re\u00fane a m\u00e9dicos tradicionales en encuentro nacional. - Diario ABC de Michoac\u00e1n<\/title>\n<meta name=\"robots\" content=\"index, follow, max-snippet:-1, max-image-preview:large, max-video-preview:-1\" \/>\n<link rel=\"canonical\" href=\"https:\/\/diarioabcdemichoacan.com.mx\/lasnoticias\/michoacan-reune-a-medicos-tradicionales-en-encuentro-nacional\/\" \/>\n<meta property=\"og:locale\" content=\"es_ES\" \/>\n<meta property=\"og:type\" content=\"article\" \/>\n<meta property=\"og:title\" content=\"Michoac\u00e1n re\u00fane a m\u00e9dicos tradicionales en encuentro nacional. - Diario ABC de Michoac\u00e1n\" \/>\n<meta property=\"og:description\" content=\"Los d\u00edas 21 y 22 de octubre en el Ceconexpo de Morelia ofrecer\u00e1n terapias, limpias, masajes y ofertar\u00e1n sus productos herbolarios. &nbsp; Morelia, Mich. &#8211; El Centro de Convecciones y Exposiciones de Morelia (Ceconexpo) fue la sede para que la Federaci\u00f3n celebrara el D\u00eda Mundial de la Medicina Tradicional, con un Encuentro Nacional de M\u00e9dicos [&hellip;]\" \/>\n<meta property=\"og:url\" content=\"https:\/\/diarioabcdemichoacan.com.mx\/lasnoticias\/michoacan-reune-a-medicos-tradicionales-en-encuentro-nacional\/\" \/>\n<meta property=\"og:site_name\" content=\"Diario ABC de Michoac\u00e1n\" \/>\n<meta property=\"article:published_time\" content=\"2024-10-21T20:26:52+00:00\" \/>\n<meta property=\"og:image\" content=\"https:\/\/diarioabcdemichoacan.com.mx\/lasnoticias\/wp-content\/uploads\/2024\/10\/WhatsApp-Image-2024-10-21-at-14.02.33.jpeg\" \/>\n\t<meta property=\"og:image:width\" content=\"1600\" \/>\n\t<meta property=\"og:image:height\" content=\"1066\" \/>\n\t<meta property=\"og:image:type\" content=\"image\/jpeg\" \/>\n<meta name=\"author\" content=\"AR\" \/>\n<meta name=\"twitter:card\" content=\"summary_large_image\" \/>\n<meta name=\"twitter:label1\" content=\"Escrito por\" \/>\n\t<meta name=\"twitter:data1\" content=\"AR\" \/>\n\t<meta name=\"twitter:label2\" content=\"Tiempo de lectura\" \/>\n\t<meta name=\"twitter:data2\" content=\"2 minutos\" \/>\n<script type=\"application\/ld+json\" class=\"yoast-schema-graph\">{\"@context\":\"https:\/\/schema.org\",\"@graph\":[{\"@type\":\"WebPage\",\"@id\":\"https:\/\/diarioabcdemichoacan.com.mx\/lasnoticias\/michoacan-reune-a-medicos-tradicionales-en-encuentro-nacional\/\",\"url\":\"https:\/\/diarioabcdemichoacan.com.mx\/lasnoticias\/michoacan-reune-a-medicos-tradicionales-en-encuentro-nacional\/\",\"name\":\"Michoac\u00e1n re\u00fane a m\u00e9dicos tradicionales en encuentro nacional. - Diario ABC de Michoac\u00e1n\",\"isPartOf\":{\"@id\":\"https:\/\/diarioabcdemichoacan.com.mx\/lasnoticias\/#website\"},\"primaryImageOfPage\":{\"@id\":\"https:\/\/diarioabcdemichoacan.com.mx\/lasnoticias\/michoacan-reune-a-medicos-tradicionales-en-encuentro-nacional\/#primaryimage\"},\"image\":{\"@id\":\"https:\/\/diarioabcdemichoacan.com.mx\/lasnoticias\/michoacan-reune-a-medicos-tradicionales-en-encuentro-nacional\/#primaryimage\"},\"thumbnailUrl\":\"https:\/\/diarioabcdemichoacan.com.mx\/lasnoticias\/wp-content\/uploads\/2024\/10\/WhatsApp-Image-2024-10-21-at-14.02.33.jpeg\",\"datePublished\":\"2024-10-21T20:26:52+00:00\",\"dateModified\":\"2024-10-21T20:26:52+00:00\",\"author\":{\"@id\":\"https:\/\/diarioabcdemichoacan.com.mx\/lasnoticias\/#\/schema\/person\/19ae376040f6cbc489682ebdd8524852\"},\"breadcrumb\":{\"@id\":\"https:\/\/diarioabcdemichoacan.com.mx\/lasnoticias\/michoacan-reune-a-medicos-tradicionales-en-encuentro-nacional\/#breadcrumb\"},\"inLanguage\":\"es\",\"potentialAction\":[{\"@type\":\"ReadAction\",\"target\":[\"https:\/\/diarioabcdemichoacan.com.mx\/lasnoticias\/michoacan-reune-a-medicos-tradicionales-en-encuentro-nacional\/\"]}]},{\"@type\":\"ImageObject\",\"inLanguage\":\"es\",\"@id\":\"https:\/\/diarioabcdemichoacan.com.mx\/lasnoticias\/michoacan-reune-a-medicos-tradicionales-en-encuentro-nacional\/#primaryimage\",\"url\":\"https:\/\/diarioabcdemichoacan.com.mx\/lasnoticias\/wp-content\/uploads\/2024\/10\/WhatsApp-Image-2024-10-21-at-14.02.33.jpeg\",\"contentUrl\":\"https:\/\/diarioabcdemichoacan.com.mx\/lasnoticias\/wp-content\/uploads\/2024\/10\/WhatsApp-Image-2024-10-21-at-14.02.33.jpeg\",\"width\":1600,\"height\":1066},{\"@type\":\"BreadcrumbList\",\"@id\":\"https:\/\/diarioabcdemichoacan.com.mx\/lasnoticias\/michoacan-reune-a-medicos-tradicionales-en-encuentro-nacional\/#breadcrumb\",\"itemListElement\":[{\"@type\":\"ListItem\",\"position\":1,\"name\":\"Portada\",\"item\":\"https:\/\/diarioabcdemichoacan.com.mx\/lasnoticias\/\"},{\"@type\":\"ListItem\",\"position\":2,\"name\":\"Michoac\u00e1n re\u00fane a m\u00e9dicos tradicionales en encuentro nacional.\"}]},{\"@type\":\"WebSite\",\"@id\":\"https:\/\/diarioabcdemichoacan.com.mx\/lasnoticias\/#website\",\"url\":\"https:\/\/diarioabcdemichoacan.com.mx\/lasnoticias\/\",\"name\":\"Diario ABC de Michoac\u00e1n\",\"description\":\"Las noticias al momento\",\"potentialAction\":[{\"@type\":\"SearchAction\",\"target\":{\"@type\":\"EntryPoint\",\"urlTemplate\":\"https:\/\/diarioabcdemichoacan.com.mx\/lasnoticias\/?s={search_term_string}\"},\"query-input\":{\"@type\":\"PropertyValueSpecification\",\"valueRequired\":true,\"valueName\":\"search_term_string\"}}],\"inLanguage\":\"es\"},{\"@type\":\"Person\",\"@id\":\"https:\/\/diarioabcdemichoacan.com.mx\/lasnoticias\/#\/schema\/person\/19ae376040f6cbc489682ebdd8524852\",\"name\":\"AR\",\"image\":{\"@type\":\"ImageObject\",\"inLanguage\":\"es\",\"@id\":\"https:\/\/diarioabcdemichoacan.com.mx\/lasnoticias\/#\/schema\/person\/image\/\",\"url\":\"https:\/\/secure.gravatar.com\/avatar\/44eca2ff970262234e20e1e082872af0?s=96&d=mm&r=g\",\"contentUrl\":\"https:\/\/secure.gravatar.com\/avatar\/44eca2ff970262234e20e1e082872af0?s=96&d=mm&r=g\",\"caption\":\"AR\"},\"url\":\"https:\/\/diarioabcdemichoacan.com.mx\/lasnoticias\/author\/adrian\/\"}]}<\/script>\n<!-- \/ Yoast SEO plugin. -->","yoast_head_json":{"title":"Michoac\u00e1n re\u00fane a m\u00e9dicos tradicionales en encuentro nacional. - Diario ABC de Michoac\u00e1n","robots":{"index":"index","follow":"follow","max-snippet":"max-snippet:-1","max-image-preview":"max-image-preview:large","max-video-preview":"max-video-preview:-1"},"canonical":"https:\/\/diarioabcdemichoacan.com.mx\/lasnoticias\/michoacan-reune-a-medicos-tradicionales-en-encuentro-nacional\/","og_locale":"es_ES","og_type":"article","og_title":"Michoac\u00e1n re\u00fane a m\u00e9dicos tradicionales en encuentro nacional. - Diario ABC de Michoac\u00e1n","og_description":"Los d\u00edas 21 y 22 de octubre en el Ceconexpo de Morelia ofrecer\u00e1n terapias, limpias, masajes y ofertar\u00e1n sus productos herbolarios. &nbsp; Morelia, Mich. &#8211; El Centro de Convecciones y Exposiciones de Morelia (Ceconexpo) fue la sede para que la Federaci\u00f3n celebrara el D\u00eda Mundial de la Medicina Tradicional, con un Encuentro Nacional de M\u00e9dicos [&hellip;]","og_url":"https:\/\/diarioabcdemichoacan.com.mx\/lasnoticias\/michoacan-reune-a-medicos-tradicionales-en-encuentro-nacional\/","og_site_name":"Diario ABC de Michoac\u00e1n","article_published_time":"2024-10-21T20:26:52+00:00","og_image":[{"width":1600,"height":1066,"url":"https:\/\/diarioabcdemichoacan.com.mx\/lasnoticias\/wp-content\/uploads\/2024\/10\/WhatsApp-Image-2024-10-21-at-14.02.33.jpeg","type":"image\/jpeg"}],"author":"AR","twitter_card":"summary_large_image","twitter_misc":{"Escrito por":"AR","Tiempo de lectura":"2 minutos"},"schema":{"@context":"https:\/\/schema.org","@graph":[{"@type":"WebPage","@id":"https:\/\/diarioabcdemichoacan.com.mx\/lasnoticias\/michoacan-reune-a-medicos-tradicionales-en-encuentro-nacional\/","url":"https:\/\/diarioabcdemichoacan.com.mx\/lasnoticias\/michoacan-reune-a-medicos-tradicionales-en-encuentro-nacional\/","name":"Michoac\u00e1n re\u00fane a m\u00e9dicos tradicionales en encuentro nacional. - Diario ABC de Michoac\u00e1n","isPartOf":{"@id":"https:\/\/diarioabcdemichoacan.com.mx\/lasnoticias\/#website"},"primaryImageOfPage":{"@id":"https:\/\/diarioabcdemichoacan.com.mx\/lasnoticias\/michoacan-reune-a-medicos-tradicionales-en-encuentro-nacional\/#primaryimage"},"image":{"@id":"https:\/\/diarioabcdemichoacan.com.mx\/lasnoticias\/michoacan-reune-a-medicos-tradicionales-en-encuentro-nacional\/#primaryimage"},"thumbnailUrl":"https:\/\/diarioabcdemichoacan.com.mx\/lasnoticias\/wp-content\/uploads\/2024\/10\/WhatsApp-Image-2024-10-21-at-14.02.33.jpeg","datePublished":"2024-10-21T20:26:52+00:00","dateModified":"2024-10-21T20:26:52+00:00","author":{"@id":"https:\/\/diarioabcdemichoacan.com.mx\/lasnoticias\/#\/schema\/person\/19ae376040f6cbc489682ebdd8524852"},"breadcrumb":{"@id":"https:\/\/diarioabcdemichoacan.com.mx\/lasnoticias\/michoacan-reune-a-medicos-tradicionales-en-encuentro-nacional\/#breadcrumb"},"inLanguage":"es","potentialAction":[{"@type":"ReadAction","target":["https:\/\/diarioabcdemichoacan.com.mx\/lasnoticias\/michoacan-reune-a-medicos-tradicionales-en-encuentro-nacional\/"]}]},{"@type":"ImageObject","inLanguage":"es","@id":"https:\/\/diarioabcdemichoacan.com.mx\/lasnoticias\/michoacan-reune-a-medicos-tradicionales-en-encuentro-nacional\/#primaryimage","url":"https:\/\/diarioabcdemichoacan.com.mx\/lasnoticias\/wp-content\/uploads\/2024\/10\/WhatsApp-Image-2024-10-21-at-14.02.33.jpeg","contentUrl":"https:\/\/diarioabcdemichoacan.com.mx\/lasnoticias\/wp-content\/uploads\/2024\/10\/WhatsApp-Image-2024-10-21-at-14.02.33.jpeg","width":1600,"height":1066},{"@type":"BreadcrumbList","@id":"https:\/\/diarioabcdemichoacan.com.mx\/lasnoticias\/michoacan-reune-a-medicos-tradicionales-en-encuentro-nacional\/#breadcrumb","itemListElement":[{"@type":"ListItem","position":1,"name":"Portada","item":"https:\/\/diarioabcdemichoacan.com.mx\/lasnoticias\/"},{"@type":"ListItem","position":2,"name":"Michoac\u00e1n re\u00fane a m\u00e9dicos tradicionales en encuentro nacional."}]},{"@type":"WebSite","@id":"https:\/\/diarioabcdemichoacan.com.mx\/lasnoticias\/#website","url":"https:\/\/diarioabcdemichoacan.com.mx\/lasnoticias\/","name":"Diario ABC de Michoac\u00e1n","description":"Las noticias al momento","potentialAction":[{"@type":"SearchAction","target":{"@type":"EntryPoint","urlTemplate":"https:\/\/diarioabcdemichoacan.com.mx\/lasnoticias\/?s={search_term_string}"},"query-input":{"@type":"PropertyValueSpecification","valueRequired":true,"valueName":"search_term_string"}}],"inLanguage":"es"},{"@type":"Person","@id":"https:\/\/diarioabcdemichoacan.com.mx\/lasnoticias\/#\/schema\/person\/19ae376040f6cbc489682ebdd8524852","name":"AR","image":{"@type":"ImageObject","inLanguage":"es","@id":"https:\/\/diarioabcdemichoacan.com.mx\/lasnoticias\/#\/schema\/person\/image\/","url":"https:\/\/secure.gravatar.com\/avatar\/44eca2ff970262234e20e1e082872af0?s=96&d=mm&r=g","contentUrl":"https:\/\/secure.gravatar.com\/avatar\/44eca2ff970262234e20e1e082872af0?s=96&d=mm&r=g","caption":"AR"},"url":"https:\/\/diarioabcdemichoacan.com.mx\/lasnoticias\/author\/adrian\/"}]}},"_links":{"self":[{"href":"https:\/\/diarioabcdemichoacan.com.mx\/lasnoticias\/wp-json\/wp\/v2\/posts\/29552","targetHints":{"allow":["GET"]}}],"collection":[{"href":"https:\/\/diarioabcdemichoacan.com.mx\/lasnoticias\/wp-json\/wp\/v2\/posts"}],"about":[{"href":"https:\/\/diarioabcdemichoacan.com.mx\/lasnoticias\/wp-json\/wp\/v2\/types\/post"}],"author":[{"embeddable":true,"href":"https:\/\/diarioabcdemichoacan.com.mx\/lasnoticias\/wp-json\/wp\/v2\/users\/9"}],"replies":[{"embeddable":true,"href":"https:\/\/diarioabcdemichoacan.com.mx\/lasnoticias\/wp-json\/wp\/v2\/comments?post=29552"}],"version-history":[{"count":1,"href":"https:\/\/diarioabcdemichoacan.com.mx\/lasnoticias\/wp-json\/wp\/v2\/posts\/29552\/revisions"}],"predecessor-version":[{"id":29579,"href":"https:\/\/diarioabcdemichoacan.com.mx\/lasnoticias\/wp-json\/wp\/v2\/posts\/29552\/revisions\/29579"}],"wp:featuredmedia":[{"embeddable":true,"href":"https:\/\/diarioabcdemichoacan.com.mx\/lasnoticias\/wp-json\/wp\/v2\/media\/29565"}],"wp:attachment":[{"href":"https:\/\/diarioabcdemichoacan.com.mx\/lasnoticias\/wp-json\/wp\/v2\/media?parent=29552"}],"wp:term":[{"taxonomy":"category","embeddable":true,"href":"https:\/\/diarioabcdemichoacan.com.mx\/lasnoticias\/wp-json\/wp\/v2\/categories?post=29552"},{"taxonomy":"post_tag","embeddable":true,"href":"https:\/\/diarioabcdemichoacan.com.mx\/lasnoticias\/wp-json\/wp\/v2\/tags?post=29552"}],"curies":[{"name":"wp","href":"https:\/\/api.w.org\/{rel}","templated":true}]}}