{"id":29572,"date":"2024-10-21T15:17:20","date_gmt":"2024-10-21T21:17:20","guid":{"rendered":"https:\/\/diarioabcdemichoacan.com.mx\/lasnoticias\/?p=29572"},"modified":"2024-10-21T15:17:20","modified_gmt":"2024-10-21T21:17:20","slug":"a-avanzar-sin-miedo-con-sensibilidad-y-empatia-invita-rectora-a-estudiantes-de-arquitectura","status":"publish","type":"post","link":"https:\/\/diarioabcdemichoacan.com.mx\/lasnoticias\/a-avanzar-sin-miedo-con-sensibilidad-y-empatia-invita-rectora-a-estudiantes-de-arquitectura\/","title":{"rendered":"A avanzar sin miedo, con sensibilidad y empat\u00eda, invita rectora a estudiantes de Arquitectura"},"content":{"rendered":"<h2>La rectora Yarab\u00ed \u00c1vila inaugur\u00f3 la tercera edici\u00f3n del Festival de la Creatividad 2024 realizado por la Facultad de Arquitectura, y que concluir\u00e1 este martes 22 de octubre.<\/h2>\n<p>&nbsp;<\/p>\n<hr \/>\n<p>Morelia, Mich. &#8211; Al inaugurar la tercera edici\u00f3n del Festival de la Creatividad 2024, la rectora de la Universidad Michoacana de San Nicol\u00e1s de Hidalgo (UMSNH), Yarab\u00ed \u00c1vila Gonz\u00e1lez, exhort\u00f3 a las y los estudiantes a avanzar sin miedo, con sensibilidad y empat\u00eda, tras se\u00f1alar que eso es lo que va a fortalecer a la sociedad y el legado que deja la casa de estudios.<\/p>\n<p>&nbsp;<\/p>\n<p>Durante el evento realizado por la Facultad de Arquitectura, la rectora comparti\u00f3 su satisfacci\u00f3n de asistir a esta actividad y dio la bienvenida a alumnas y alumnos provenientes de las Unidades Profesionales de Uruapan y de Zamora, as\u00ed como del campus de Morelia.<\/p>\n<p>&nbsp;<\/p>\n<p><img loading=\"lazy\" decoding=\"async\" class=\"alignnone size-medium wp-image-29582\" src=\"https:\/\/diarioabcdemichoacan.com.mx\/lasnoticias\/wp-content\/uploads\/2024\/10\/WhatsApp-Image-2024-10-21-at-15.03.45-2-500x333.jpeg\" alt=\"\" width=\"500\" height=\"333\" srcset=\"https:\/\/diarioabcdemichoacan.com.mx\/lasnoticias\/wp-content\/uploads\/2024\/10\/WhatsApp-Image-2024-10-21-at-15.03.45-2-500x333.jpeg 500w, https:\/\/diarioabcdemichoacan.com.mx\/lasnoticias\/wp-content\/uploads\/2024\/10\/WhatsApp-Image-2024-10-21-at-15.03.45-2-1024x682.jpeg 1024w, https:\/\/diarioabcdemichoacan.com.mx\/lasnoticias\/wp-content\/uploads\/2024\/10\/WhatsApp-Image-2024-10-21-at-15.03.45-2-768x512.jpeg 768w, https:\/\/diarioabcdemichoacan.com.mx\/lasnoticias\/wp-content\/uploads\/2024\/10\/WhatsApp-Image-2024-10-21-at-15.03.45-2-1536x1024.jpeg 1536w, https:\/\/diarioabcdemichoacan.com.mx\/lasnoticias\/wp-content\/uploads\/2024\/10\/WhatsApp-Image-2024-10-21-at-15.03.45-2-2048x1365.jpeg 2048w, https:\/\/diarioabcdemichoacan.com.mx\/lasnoticias\/wp-content\/uploads\/2024\/10\/WhatsApp-Image-2024-10-21-at-15.03.45-2-150x100.jpeg 150w, https:\/\/diarioabcdemichoacan.com.mx\/lasnoticias\/wp-content\/uploads\/2024\/10\/WhatsApp-Image-2024-10-21-at-15.03.45-2-300x200.jpeg 300w, https:\/\/diarioabcdemichoacan.com.mx\/lasnoticias\/wp-content\/uploads\/2024\/10\/WhatsApp-Image-2024-10-21-at-15.03.45-2-696x464.jpeg 696w, https:\/\/diarioabcdemichoacan.com.mx\/lasnoticias\/wp-content\/uploads\/2024\/10\/WhatsApp-Image-2024-10-21-at-15.03.45-2-1068x712.jpeg 1068w, https:\/\/diarioabcdemichoacan.com.mx\/lasnoticias\/wp-content\/uploads\/2024\/10\/WhatsApp-Image-2024-10-21-at-15.03.45-2-1920x1280.jpeg 1920w\" sizes=\"auto, (max-width: 500px) 100vw, 500px\" \/><\/p>\n<p>&nbsp;<\/p>\n<p>Destac\u00f3 el hecho de que en la Universidad se sigan generando diferentes actividades que permitan a los estudiantes contar con m\u00e1s herramientas para fortalecer su formaci\u00f3n. \u201cAs\u00ed es que la tarea que nosotros tenemos es l\u00f3gicamente todos los d\u00edas estar pensando qu\u00e9 cosas nuevas podemos hacer o qu\u00e9 es lo que nosotros queremos dejar en el entorno en donde estamos\u201d.<\/p>\n<p>&nbsp;<\/p>\n<p>Indic\u00f3 que incluso en \u00e9pocas de crisis se sabe cuando una persona, una sociedad o un pa\u00eds es m\u00e1s creativo, porque con menos se tienen que hacer mucho m\u00e1s. \u201cYo creo que la creatividad es no tenerle miedo a dar un paso, eso es la vida, es cometer los errores, tomar los riesgos, pero lo m\u00e1s importante es el \u00e1nimo de querer hacer las cosas diferentes y no tenerle miedo a avanzar\u201d.<\/p>\n<p>&nbsp;<\/p>\n<p><img loading=\"lazy\" decoding=\"async\" class=\"alignnone size-medium wp-image-29581\" src=\"https:\/\/diarioabcdemichoacan.com.mx\/lasnoticias\/wp-content\/uploads\/2024\/10\/WhatsApp-Image-2024-10-21-at-15.03.45-3-500x333.jpeg\" alt=\"\" width=\"500\" height=\"333\" srcset=\"https:\/\/diarioabcdemichoacan.com.mx\/lasnoticias\/wp-content\/uploads\/2024\/10\/WhatsApp-Image-2024-10-21-at-15.03.45-3-500x333.jpeg 500w, https:\/\/diarioabcdemichoacan.com.mx\/lasnoticias\/wp-content\/uploads\/2024\/10\/WhatsApp-Image-2024-10-21-at-15.03.45-3-1024x682.jpeg 1024w, https:\/\/diarioabcdemichoacan.com.mx\/lasnoticias\/wp-content\/uploads\/2024\/10\/WhatsApp-Image-2024-10-21-at-15.03.45-3-768x512.jpeg 768w, https:\/\/diarioabcdemichoacan.com.mx\/lasnoticias\/wp-content\/uploads\/2024\/10\/WhatsApp-Image-2024-10-21-at-15.03.45-3-1536x1024.jpeg 1536w, https:\/\/diarioabcdemichoacan.com.mx\/lasnoticias\/wp-content\/uploads\/2024\/10\/WhatsApp-Image-2024-10-21-at-15.03.45-3-2048x1365.jpeg 2048w, https:\/\/diarioabcdemichoacan.com.mx\/lasnoticias\/wp-content\/uploads\/2024\/10\/WhatsApp-Image-2024-10-21-at-15.03.45-3-150x100.jpeg 150w, https:\/\/diarioabcdemichoacan.com.mx\/lasnoticias\/wp-content\/uploads\/2024\/10\/WhatsApp-Image-2024-10-21-at-15.03.45-3-300x200.jpeg 300w, https:\/\/diarioabcdemichoacan.com.mx\/lasnoticias\/wp-content\/uploads\/2024\/10\/WhatsApp-Image-2024-10-21-at-15.03.45-3-696x464.jpeg 696w, https:\/\/diarioabcdemichoacan.com.mx\/lasnoticias\/wp-content\/uploads\/2024\/10\/WhatsApp-Image-2024-10-21-at-15.03.45-3-1068x712.jpeg 1068w, https:\/\/diarioabcdemichoacan.com.mx\/lasnoticias\/wp-content\/uploads\/2024\/10\/WhatsApp-Image-2024-10-21-at-15.03.45-3-1920x1280.jpeg 1920w\" sizes=\"auto, (max-width: 500px) 100vw, 500px\" \/><\/p>\n<p>&nbsp;<\/p>\n<p>En la Universidad Michoacana, dijo, las puertas est\u00e1n abiertas para toda la sociedad que desee proponer proyectos que permitan generar acciones que tengan un impacto positivo.<\/p>\n<p>&nbsp;<\/p>\n<p>\u00c1vila consider\u00f3 que en ocasiones la infraestructura en espacios p\u00fablicos tales como las banquetas no est\u00e1n pensadas para las personas, por lo que apunt\u00f3 que una tarea importante de la Facultad de Arquitectura es generar reflexi\u00f3n en la sociedad en torno a este tema y de manera creativa contribuir a lograr espacios que pongan en el centro a las personas.<\/p>\n<p>&nbsp;<\/p>\n<p><img loading=\"lazy\" decoding=\"async\" class=\"alignnone size-medium wp-image-29580\" src=\"https:\/\/diarioabcdemichoacan.com.mx\/lasnoticias\/wp-content\/uploads\/2024\/10\/WhatsApp-Image-2024-10-21-at-15.03.45-4-500x333.jpeg\" alt=\"\" width=\"500\" height=\"333\" srcset=\"https:\/\/diarioabcdemichoacan.com.mx\/lasnoticias\/wp-content\/uploads\/2024\/10\/WhatsApp-Image-2024-10-21-at-15.03.45-4-500x333.jpeg 500w, https:\/\/diarioabcdemichoacan.com.mx\/lasnoticias\/wp-content\/uploads\/2024\/10\/WhatsApp-Image-2024-10-21-at-15.03.45-4-1024x682.jpeg 1024w, https:\/\/diarioabcdemichoacan.com.mx\/lasnoticias\/wp-content\/uploads\/2024\/10\/WhatsApp-Image-2024-10-21-at-15.03.45-4-768x512.jpeg 768w, https:\/\/diarioabcdemichoacan.com.mx\/lasnoticias\/wp-content\/uploads\/2024\/10\/WhatsApp-Image-2024-10-21-at-15.03.45-4-1536x1024.jpeg 1536w, https:\/\/diarioabcdemichoacan.com.mx\/lasnoticias\/wp-content\/uploads\/2024\/10\/WhatsApp-Image-2024-10-21-at-15.03.45-4-2048x1365.jpeg 2048w, https:\/\/diarioabcdemichoacan.com.mx\/lasnoticias\/wp-content\/uploads\/2024\/10\/WhatsApp-Image-2024-10-21-at-15.03.45-4-150x100.jpeg 150w, https:\/\/diarioabcdemichoacan.com.mx\/lasnoticias\/wp-content\/uploads\/2024\/10\/WhatsApp-Image-2024-10-21-at-15.03.45-4-300x200.jpeg 300w, https:\/\/diarioabcdemichoacan.com.mx\/lasnoticias\/wp-content\/uploads\/2024\/10\/WhatsApp-Image-2024-10-21-at-15.03.45-4-696x464.jpeg 696w, https:\/\/diarioabcdemichoacan.com.mx\/lasnoticias\/wp-content\/uploads\/2024\/10\/WhatsApp-Image-2024-10-21-at-15.03.45-4-1068x712.jpeg 1068w, https:\/\/diarioabcdemichoacan.com.mx\/lasnoticias\/wp-content\/uploads\/2024\/10\/WhatsApp-Image-2024-10-21-at-15.03.45-4-1920x1280.jpeg 1920w\" sizes=\"auto, (max-width: 500px) 100vw, 500px\" \/><\/p>\n<p>&nbsp;<\/p>\n<p>En su turno, el director de la Facultad de Arquitectura, Axel Becerra Santa Cruz, indic\u00f3 que la dependencia se encuentra en una b\u00fasqueda incesante de actualizaci\u00f3n y el Festival de la Creatividad es parte de las estrategias para la actualizaci\u00f3n docente y la consolidaci\u00f3n del nuevo plan de estudios, el cual se instrument\u00f3 desde el 2019.<\/p>\n<p>&nbsp;<\/p>\n<p>Mencion\u00f3 que esta actividad acad\u00e9mica, incluye 28 conferencias magistrales impartidas por expertas y expertos l\u00edderes en su \u00e1mbito tanto nacionales como internacionales.<\/p>\n<p>&nbsp;<\/p>\n<p>Apunt\u00f3 que, ya que actualmente el plan de estudios de la Licenciatura en Arquitectura tiene el nivel b\u00e1sico, el nivel profesional y el nivel de acentuaci\u00f3n, se buscar\u00e1 que en la \u00faltima etapa de la carrera se logren certificaciones profesionalizantes, \u201clo que significa que a nuestros alumnos se les estar\u00eda dando adem\u00e1s del t\u00edtulo de arquitectos un diploma con acentuaci\u00f3n en ciertas habilidades profesionales, que ya es un primer paso a un \u00e1rea de especialidad\u201d.<\/p>\n<p>&nbsp;<\/p>\n<p>Acompa\u00f1aron en la ceremonia inaugural los secretarios Acad\u00e9mico y de Difusi\u00f3n Cultural y Extensi\u00f3n Universitaria de la UMSNH, Antonio Ramos Paz y Miguel \u00c1ngel Villa; Isidoro Ruiz Arg\u00e1iz, coordinador de Operaci\u00f3n Estrat\u00e9gica y Gesti\u00f3n Gubernamental y Cuauht\u00e9moc Meza Ram\u00edrez, presidente del Colegio de Arquitectos de Michoac\u00e1n.<\/p>\n","protected":false},"excerpt":{"rendered":"<p>La rectora Yarab\u00ed \u00c1vila inaugur\u00f3 la tercera edici\u00f3n del Festival de la Creatividad 2024 realizado por la Facultad de Arquitectura, y que concluir\u00e1 este martes 22 de octubre. &nbsp; Morelia, Mich. &#8211; Al inaugurar la tercera edici\u00f3n del Festival de la Creatividad 2024, la rectora de la Universidad Michoacana de San Nicol\u00e1s de Hidalgo (UMSNH), [&hellip;]<\/p>\n","protected":false},"author":9,"featured_media":29583,"comment_status":"closed","ping_status":"closed","sticky":false,"template":"","format":"standard","meta":{"footnotes":""},"categories":[15,10,27,23],"tags":[],"class_list":{"0":"post-29572","1":"post","2":"type-post","3":"status-publish","4":"format-standard","5":"has-post-thumbnail","7":"category-educacion","8":"category-estado","9":"category-slider","10":"category-universidad-michoacana"},"yoast_head":"<!-- This site is optimized with the Yoast SEO plugin v24.0 - https:\/\/yoast.com\/wordpress\/plugins\/seo\/ -->\n<title>A avanzar sin miedo, con sensibilidad y empat\u00eda, invita rectora a estudiantes de Arquitectura - Diario ABC de Michoac\u00e1n<\/title>\n<meta name=\"robots\" content=\"index, follow, max-snippet:-1, max-image-preview:large, max-video-preview:-1\" \/>\n<link rel=\"canonical\" href=\"https:\/\/diarioabcdemichoacan.com.mx\/lasnoticias\/a-avanzar-sin-miedo-con-sensibilidad-y-empatia-invita-rectora-a-estudiantes-de-arquitectura\/\" \/>\n<meta property=\"og:locale\" content=\"es_ES\" \/>\n<meta property=\"og:type\" content=\"article\" \/>\n<meta property=\"og:title\" content=\"A avanzar sin miedo, con sensibilidad y empat\u00eda, invita rectora a estudiantes de Arquitectura - Diario ABC de Michoac\u00e1n\" \/>\n<meta property=\"og:description\" content=\"La rectora Yarab\u00ed \u00c1vila inaugur\u00f3 la tercera edici\u00f3n del Festival de la Creatividad 2024 realizado por la Facultad de Arquitectura, y que concluir\u00e1 este martes 22 de octubre. &nbsp; Morelia, Mich. &#8211; Al inaugurar la tercera edici\u00f3n del Festival de la Creatividad 2024, la rectora de la Universidad Michoacana de San Nicol\u00e1s de Hidalgo (UMSNH), [&hellip;]\" \/>\n<meta property=\"og:url\" content=\"https:\/\/diarioabcdemichoacan.com.mx\/lasnoticias\/a-avanzar-sin-miedo-con-sensibilidad-y-empatia-invita-rectora-a-estudiantes-de-arquitectura\/\" \/>\n<meta property=\"og:site_name\" content=\"Diario ABC de Michoac\u00e1n\" \/>\n<meta property=\"article:published_time\" content=\"2024-10-21T21:17:20+00:00\" \/>\n<meta property=\"og:image\" content=\"https:\/\/diarioabcdemichoacan.com.mx\/lasnoticias\/wp-content\/uploads\/2024\/10\/WhatsApp-Image-2024-10-21-at-15.03.45-1.jpeg\" \/>\n\t<meta property=\"og:image:width\" content=\"2560\" \/>\n\t<meta property=\"og:image:height\" content=\"1706\" \/>\n\t<meta property=\"og:image:type\" content=\"image\/jpeg\" \/>\n<meta name=\"author\" content=\"AR\" \/>\n<meta name=\"twitter:card\" content=\"summary_large_image\" \/>\n<meta name=\"twitter:label1\" content=\"Escrito por\" \/>\n\t<meta name=\"twitter:data1\" content=\"AR\" \/>\n\t<meta name=\"twitter:label2\" content=\"Tiempo de lectura\" \/>\n\t<meta name=\"twitter:data2\" content=\"4 minutos\" \/>\n<script type=\"application\/ld+json\" class=\"yoast-schema-graph\">{\"@context\":\"https:\/\/schema.org\",\"@graph\":[{\"@type\":\"WebPage\",\"@id\":\"https:\/\/diarioabcdemichoacan.com.mx\/lasnoticias\/a-avanzar-sin-miedo-con-sensibilidad-y-empatia-invita-rectora-a-estudiantes-de-arquitectura\/\",\"url\":\"https:\/\/diarioabcdemichoacan.com.mx\/lasnoticias\/a-avanzar-sin-miedo-con-sensibilidad-y-empatia-invita-rectora-a-estudiantes-de-arquitectura\/\",\"name\":\"A avanzar sin miedo, con sensibilidad y empat\u00eda, invita rectora a estudiantes de Arquitectura - Diario ABC de Michoac\u00e1n\",\"isPartOf\":{\"@id\":\"https:\/\/diarioabcdemichoacan.com.mx\/lasnoticias\/#website\"},\"primaryImageOfPage\":{\"@id\":\"https:\/\/diarioabcdemichoacan.com.mx\/lasnoticias\/a-avanzar-sin-miedo-con-sensibilidad-y-empatia-invita-rectora-a-estudiantes-de-arquitectura\/#primaryimage\"},\"image\":{\"@id\":\"https:\/\/diarioabcdemichoacan.com.mx\/lasnoticias\/a-avanzar-sin-miedo-con-sensibilidad-y-empatia-invita-rectora-a-estudiantes-de-arquitectura\/#primaryimage\"},\"thumbnailUrl\":\"https:\/\/diarioabcdemichoacan.com.mx\/lasnoticias\/wp-content\/uploads\/2024\/10\/WhatsApp-Image-2024-10-21-at-15.03.45-1.jpeg\",\"datePublished\":\"2024-10-21T21:17:20+00:00\",\"dateModified\":\"2024-10-21T21:17:20+00:00\",\"author\":{\"@id\":\"https:\/\/diarioabcdemichoacan.com.mx\/lasnoticias\/#\/schema\/person\/19ae376040f6cbc489682ebdd8524852\"},\"breadcrumb\":{\"@id\":\"https:\/\/diarioabcdemichoacan.com.mx\/lasnoticias\/a-avanzar-sin-miedo-con-sensibilidad-y-empatia-invita-rectora-a-estudiantes-de-arquitectura\/#breadcrumb\"},\"inLanguage\":\"es\",\"potentialAction\":[{\"@type\":\"ReadAction\",\"target\":[\"https:\/\/diarioabcdemichoacan.com.mx\/lasnoticias\/a-avanzar-sin-miedo-con-sensibilidad-y-empatia-invita-rectora-a-estudiantes-de-arquitectura\/\"]}]},{\"@type\":\"ImageObject\",\"inLanguage\":\"es\",\"@id\":\"https:\/\/diarioabcdemichoacan.com.mx\/lasnoticias\/a-avanzar-sin-miedo-con-sensibilidad-y-empatia-invita-rectora-a-estudiantes-de-arquitectura\/#primaryimage\",\"url\":\"https:\/\/diarioabcdemichoacan.com.mx\/lasnoticias\/wp-content\/uploads\/2024\/10\/WhatsApp-Image-2024-10-21-at-15.03.45-1.jpeg\",\"contentUrl\":\"https:\/\/diarioabcdemichoacan.com.mx\/lasnoticias\/wp-content\/uploads\/2024\/10\/WhatsApp-Image-2024-10-21-at-15.03.45-1.jpeg\",\"width\":2560,\"height\":1706},{\"@type\":\"BreadcrumbList\",\"@id\":\"https:\/\/diarioabcdemichoacan.com.mx\/lasnoticias\/a-avanzar-sin-miedo-con-sensibilidad-y-empatia-invita-rectora-a-estudiantes-de-arquitectura\/#breadcrumb\",\"itemListElement\":[{\"@type\":\"ListItem\",\"position\":1,\"name\":\"Portada\",\"item\":\"https:\/\/diarioabcdemichoacan.com.mx\/lasnoticias\/\"},{\"@type\":\"ListItem\",\"position\":2,\"name\":\"A avanzar sin miedo, con sensibilidad y empat\u00eda, invita rectora a estudiantes de Arquitectura\"}]},{\"@type\":\"WebSite\",\"@id\":\"https:\/\/diarioabcdemichoacan.com.mx\/lasnoticias\/#website\",\"url\":\"https:\/\/diarioabcdemichoacan.com.mx\/lasnoticias\/\",\"name\":\"Diario ABC de Michoac\u00e1n\",\"description\":\"Las noticias al momento\",\"potentialAction\":[{\"@type\":\"SearchAction\",\"target\":{\"@type\":\"EntryPoint\",\"urlTemplate\":\"https:\/\/diarioabcdemichoacan.com.mx\/lasnoticias\/?s={search_term_string}\"},\"query-input\":{\"@type\":\"PropertyValueSpecification\",\"valueRequired\":true,\"valueName\":\"search_term_string\"}}],\"inLanguage\":\"es\"},{\"@type\":\"Person\",\"@id\":\"https:\/\/diarioabcdemichoacan.com.mx\/lasnoticias\/#\/schema\/person\/19ae376040f6cbc489682ebdd8524852\",\"name\":\"AR\",\"image\":{\"@type\":\"ImageObject\",\"inLanguage\":\"es\",\"@id\":\"https:\/\/diarioabcdemichoacan.com.mx\/lasnoticias\/#\/schema\/person\/image\/\",\"url\":\"https:\/\/secure.gravatar.com\/avatar\/44eca2ff970262234e20e1e082872af0?s=96&d=mm&r=g\",\"contentUrl\":\"https:\/\/secure.gravatar.com\/avatar\/44eca2ff970262234e20e1e082872af0?s=96&d=mm&r=g\",\"caption\":\"AR\"},\"url\":\"https:\/\/diarioabcdemichoacan.com.mx\/lasnoticias\/author\/adrian\/\"}]}<\/script>\n<!-- \/ Yoast SEO plugin. -->","yoast_head_json":{"title":"A avanzar sin miedo, con sensibilidad y empat\u00eda, invita rectora a estudiantes de Arquitectura - Diario ABC de Michoac\u00e1n","robots":{"index":"index","follow":"follow","max-snippet":"max-snippet:-1","max-image-preview":"max-image-preview:large","max-video-preview":"max-video-preview:-1"},"canonical":"https:\/\/diarioabcdemichoacan.com.mx\/lasnoticias\/a-avanzar-sin-miedo-con-sensibilidad-y-empatia-invita-rectora-a-estudiantes-de-arquitectura\/","og_locale":"es_ES","og_type":"article","og_title":"A avanzar sin miedo, con sensibilidad y empat\u00eda, invita rectora a estudiantes de Arquitectura - Diario ABC de Michoac\u00e1n","og_description":"La rectora Yarab\u00ed \u00c1vila inaugur\u00f3 la tercera edici\u00f3n del Festival de la Creatividad 2024 realizado por la Facultad de Arquitectura, y que concluir\u00e1 este martes 22 de octubre. &nbsp; Morelia, Mich. &#8211; Al inaugurar la tercera edici\u00f3n del Festival de la Creatividad 2024, la rectora de la Universidad Michoacana de San Nicol\u00e1s de Hidalgo (UMSNH), [&hellip;]","og_url":"https:\/\/diarioabcdemichoacan.com.mx\/lasnoticias\/a-avanzar-sin-miedo-con-sensibilidad-y-empatia-invita-rectora-a-estudiantes-de-arquitectura\/","og_site_name":"Diario ABC de Michoac\u00e1n","article_published_time":"2024-10-21T21:17:20+00:00","og_image":[{"width":2560,"height":1706,"url":"https:\/\/diarioabcdemichoacan.com.mx\/lasnoticias\/wp-content\/uploads\/2024\/10\/WhatsApp-Image-2024-10-21-at-15.03.45-1.jpeg","type":"image\/jpeg"}],"author":"AR","twitter_card":"summary_large_image","twitter_misc":{"Escrito por":"AR","Tiempo de lectura":"4 minutos"},"schema":{"@context":"https:\/\/schema.org","@graph":[{"@type":"WebPage","@id":"https:\/\/diarioabcdemichoacan.com.mx\/lasnoticias\/a-avanzar-sin-miedo-con-sensibilidad-y-empatia-invita-rectora-a-estudiantes-de-arquitectura\/","url":"https:\/\/diarioabcdemichoacan.com.mx\/lasnoticias\/a-avanzar-sin-miedo-con-sensibilidad-y-empatia-invita-rectora-a-estudiantes-de-arquitectura\/","name":"A avanzar sin miedo, con sensibilidad y empat\u00eda, invita rectora a estudiantes de Arquitectura - Diario ABC de Michoac\u00e1n","isPartOf":{"@id":"https:\/\/diarioabcdemichoacan.com.mx\/lasnoticias\/#website"},"primaryImageOfPage":{"@id":"https:\/\/diarioabcdemichoacan.com.mx\/lasnoticias\/a-avanzar-sin-miedo-con-sensibilidad-y-empatia-invita-rectora-a-estudiantes-de-arquitectura\/#primaryimage"},"image":{"@id":"https:\/\/diarioabcdemichoacan.com.mx\/lasnoticias\/a-avanzar-sin-miedo-con-sensibilidad-y-empatia-invita-rectora-a-estudiantes-de-arquitectura\/#primaryimage"},"thumbnailUrl":"https:\/\/diarioabcdemichoacan.com.mx\/lasnoticias\/wp-content\/uploads\/2024\/10\/WhatsApp-Image-2024-10-21-at-15.03.45-1.jpeg","datePublished":"2024-10-21T21:17:20+00:00","dateModified":"2024-10-21T21:17:20+00:00","author":{"@id":"https:\/\/diarioabcdemichoacan.com.mx\/lasnoticias\/#\/schema\/person\/19ae376040f6cbc489682ebdd8524852"},"breadcrumb":{"@id":"https:\/\/diarioabcdemichoacan.com.mx\/lasnoticias\/a-avanzar-sin-miedo-con-sensibilidad-y-empatia-invita-rectora-a-estudiantes-de-arquitectura\/#breadcrumb"},"inLanguage":"es","potentialAction":[{"@type":"ReadAction","target":["https:\/\/diarioabcdemichoacan.com.mx\/lasnoticias\/a-avanzar-sin-miedo-con-sensibilidad-y-empatia-invita-rectora-a-estudiantes-de-arquitectura\/"]}]},{"@type":"ImageObject","inLanguage":"es","@id":"https:\/\/diarioabcdemichoacan.com.mx\/lasnoticias\/a-avanzar-sin-miedo-con-sensibilidad-y-empatia-invita-rectora-a-estudiantes-de-arquitectura\/#primaryimage","url":"https:\/\/diarioabcdemichoacan.com.mx\/lasnoticias\/wp-content\/uploads\/2024\/10\/WhatsApp-Image-2024-10-21-at-15.03.45-1.jpeg","contentUrl":"https:\/\/diarioabcdemichoacan.com.mx\/lasnoticias\/wp-content\/uploads\/2024\/10\/WhatsApp-Image-2024-10-21-at-15.03.45-1.jpeg","width":2560,"height":1706},{"@type":"BreadcrumbList","@id":"https:\/\/diarioabcdemichoacan.com.mx\/lasnoticias\/a-avanzar-sin-miedo-con-sensibilidad-y-empatia-invita-rectora-a-estudiantes-de-arquitectura\/#breadcrumb","itemListElement":[{"@type":"ListItem","position":1,"name":"Portada","item":"https:\/\/diarioabcdemichoacan.com.mx\/lasnoticias\/"},{"@type":"ListItem","position":2,"name":"A avanzar sin miedo, con sensibilidad y empat\u00eda, invita rectora a estudiantes de Arquitectura"}]},{"@type":"WebSite","@id":"https:\/\/diarioabcdemichoacan.com.mx\/lasnoticias\/#website","url":"https:\/\/diarioabcdemichoacan.com.mx\/lasnoticias\/","name":"Diario ABC de Michoac\u00e1n","description":"Las noticias al momento","potentialAction":[{"@type":"SearchAction","target":{"@type":"EntryPoint","urlTemplate":"https:\/\/diarioabcdemichoacan.com.mx\/lasnoticias\/?s={search_term_string}"},"query-input":{"@type":"PropertyValueSpecification","valueRequired":true,"valueName":"search_term_string"}}],"inLanguage":"es"},{"@type":"Person","@id":"https:\/\/diarioabcdemichoacan.com.mx\/lasnoticias\/#\/schema\/person\/19ae376040f6cbc489682ebdd8524852","name":"AR","image":{"@type":"ImageObject","inLanguage":"es","@id":"https:\/\/diarioabcdemichoacan.com.mx\/lasnoticias\/#\/schema\/person\/image\/","url":"https:\/\/secure.gravatar.com\/avatar\/44eca2ff970262234e20e1e082872af0?s=96&d=mm&r=g","contentUrl":"https:\/\/secure.gravatar.com\/avatar\/44eca2ff970262234e20e1e082872af0?s=96&d=mm&r=g","caption":"AR"},"url":"https:\/\/diarioabcdemichoacan.com.mx\/lasnoticias\/author\/adrian\/"}]}},"_links":{"self":[{"href":"https:\/\/diarioabcdemichoacan.com.mx\/lasnoticias\/wp-json\/wp\/v2\/posts\/29572","targetHints":{"allow":["GET"]}}],"collection":[{"href":"https:\/\/diarioabcdemichoacan.com.mx\/lasnoticias\/wp-json\/wp\/v2\/posts"}],"about":[{"href":"https:\/\/diarioabcdemichoacan.com.mx\/lasnoticias\/wp-json\/wp\/v2\/types\/post"}],"author":[{"embeddable":true,"href":"https:\/\/diarioabcdemichoacan.com.mx\/lasnoticias\/wp-json\/wp\/v2\/users\/9"}],"replies":[{"embeddable":true,"href":"https:\/\/diarioabcdemichoacan.com.mx\/lasnoticias\/wp-json\/wp\/v2\/comments?post=29572"}],"version-history":[{"count":1,"href":"https:\/\/diarioabcdemichoacan.com.mx\/lasnoticias\/wp-json\/wp\/v2\/posts\/29572\/revisions"}],"predecessor-version":[{"id":29588,"href":"https:\/\/diarioabcdemichoacan.com.mx\/lasnoticias\/wp-json\/wp\/v2\/posts\/29572\/revisions\/29588"}],"wp:featuredmedia":[{"embeddable":true,"href":"https:\/\/diarioabcdemichoacan.com.mx\/lasnoticias\/wp-json\/wp\/v2\/media\/29583"}],"wp:attachment":[{"href":"https:\/\/diarioabcdemichoacan.com.mx\/lasnoticias\/wp-json\/wp\/v2\/media?parent=29572"}],"wp:term":[{"taxonomy":"category","embeddable":true,"href":"https:\/\/diarioabcdemichoacan.com.mx\/lasnoticias\/wp-json\/wp\/v2\/categories?post=29572"},{"taxonomy":"post_tag","embeddable":true,"href":"https:\/\/diarioabcdemichoacan.com.mx\/lasnoticias\/wp-json\/wp\/v2\/tags?post=29572"}],"curies":[{"name":"wp","href":"https:\/\/api.w.org\/{rel}","templated":true}]}}