{"id":29926,"date":"2024-10-23T13:59:57","date_gmt":"2024-10-23T19:59:57","guid":{"rendered":"https:\/\/diarioabcdemichoacan.com.mx\/lasnoticias\/?p=29926"},"modified":"2024-10-23T14:00:43","modified_gmt":"2024-10-23T20:00:43","slug":"si-financia-y-gabriel-zamora-acuerdan-fortalecer-negocios-locales","status":"publish","type":"post","link":"https:\/\/diarioabcdemichoacan.com.mx\/lasnoticias\/si-financia-y-gabriel-zamora-acuerdan-fortalecer-negocios-locales\/","title":{"rendered":"S\u00ed Financia y Gabriel Zamora acuerdan fortalecer negocios locales."},"content":{"rendered":"<h2>Revisan esquemas para la entrega de cr\u00e9ditos con bajas tasas de inter\u00e9s.<\/h2>\n<p>&nbsp;<\/p>\n<hr \/>\n<p>Morelia, Mich. &#8211; El Sistema Integral de Financiamiento para el Desarrollo de Michoac\u00e1n (S\u00ed Financia) y Gabriel Zamora acordaron consolidar los negocios locales a trav\u00e9s de la entrega de cr\u00e9ditos para su desarrollo.<\/p>\n<p>&nbsp;<\/p>\n<p>La directora general del S\u00ed Financia, Areli Gallegos Ibarra y presidenta municipal de Gabriel Zamora, Vilma Yesenia Maldonado Correa, se reunieron para revisar una firma de convenio de coordinaci\u00f3n que permitir\u00e1 entregar cr\u00e9ditos con bajas tasas de inter\u00e9s, generaci\u00f3n de programas de capacitaci\u00f3n en cultura financiera y emprendimiento.<\/p>\n<p>&nbsp;<\/p>\n<p><img loading=\"lazy\" decoding=\"async\" class=\"alignnone size-medium wp-image-29930\" src=\"https:\/\/diarioabcdemichoacan.com.mx\/lasnoticias\/wp-content\/uploads\/2024\/10\/WhatsApp-Image-2024-10-23-at-13.49.43-1-500x375.jpeg\" alt=\"\" width=\"500\" height=\"375\" srcset=\"https:\/\/diarioabcdemichoacan.com.mx\/lasnoticias\/wp-content\/uploads\/2024\/10\/WhatsApp-Image-2024-10-23-at-13.49.43-1-500x375.jpeg 500w, https:\/\/diarioabcdemichoacan.com.mx\/lasnoticias\/wp-content\/uploads\/2024\/10\/WhatsApp-Image-2024-10-23-at-13.49.43-1-1024x768.jpeg 1024w, https:\/\/diarioabcdemichoacan.com.mx\/lasnoticias\/wp-content\/uploads\/2024\/10\/WhatsApp-Image-2024-10-23-at-13.49.43-1-768x576.jpeg 768w, https:\/\/diarioabcdemichoacan.com.mx\/lasnoticias\/wp-content\/uploads\/2024\/10\/WhatsApp-Image-2024-10-23-at-13.49.43-1-1536x1152.jpeg 1536w, https:\/\/diarioabcdemichoacan.com.mx\/lasnoticias\/wp-content\/uploads\/2024\/10\/WhatsApp-Image-2024-10-23-at-13.49.43-1-150x113.jpeg 150w, https:\/\/diarioabcdemichoacan.com.mx\/lasnoticias\/wp-content\/uploads\/2024\/10\/WhatsApp-Image-2024-10-23-at-13.49.43-1-300x225.jpeg 300w, https:\/\/diarioabcdemichoacan.com.mx\/lasnoticias\/wp-content\/uploads\/2024\/10\/WhatsApp-Image-2024-10-23-at-13.49.43-1-696x522.jpeg 696w, https:\/\/diarioabcdemichoacan.com.mx\/lasnoticias\/wp-content\/uploads\/2024\/10\/WhatsApp-Image-2024-10-23-at-13.49.43-1-1068x801.jpeg 1068w, https:\/\/diarioabcdemichoacan.com.mx\/lasnoticias\/wp-content\/uploads\/2024\/10\/WhatsApp-Image-2024-10-23-at-13.49.43-1.jpeg 1600w\" sizes=\"auto, (max-width: 500px) 100vw, 500px\" \/><\/p>\n<p>&nbsp;<\/p>\n<p>Durante el encuentro, se presentaron los siete esquemas crediticios que ofrece el S\u00ed Financia dirigidos a personas profesionistas, emprendedoras o con un negocio en marcha.<\/p>\n<p>&nbsp;<\/p>\n<p>Maldonado Correa manifest\u00f3 optimismo ante la posibilidad de firmar un convenio de colaboraci\u00f3n con el S\u00ed Financia, para lo cual se desarrollar\u00edan los tr\u00e1mites y procesos necesarios ante el cabildo.<\/p>\n<p>&nbsp;<\/p>\n<p><img loading=\"lazy\" decoding=\"async\" class=\"alignnone size-medium wp-image-29931\" src=\"https:\/\/diarioabcdemichoacan.com.mx\/lasnoticias\/wp-content\/uploads\/2024\/10\/WhatsApp-Image-2024-10-23-at-13.49.43-500x375.jpeg\" alt=\"\" width=\"500\" height=\"375\" srcset=\"https:\/\/diarioabcdemichoacan.com.mx\/lasnoticias\/wp-content\/uploads\/2024\/10\/WhatsApp-Image-2024-10-23-at-13.49.43-500x375.jpeg 500w, https:\/\/diarioabcdemichoacan.com.mx\/lasnoticias\/wp-content\/uploads\/2024\/10\/WhatsApp-Image-2024-10-23-at-13.49.43-1024x768.jpeg 1024w, https:\/\/diarioabcdemichoacan.com.mx\/lasnoticias\/wp-content\/uploads\/2024\/10\/WhatsApp-Image-2024-10-23-at-13.49.43-768x576.jpeg 768w, https:\/\/diarioabcdemichoacan.com.mx\/lasnoticias\/wp-content\/uploads\/2024\/10\/WhatsApp-Image-2024-10-23-at-13.49.43-1536x1152.jpeg 1536w, https:\/\/diarioabcdemichoacan.com.mx\/lasnoticias\/wp-content\/uploads\/2024\/10\/WhatsApp-Image-2024-10-23-at-13.49.43-150x113.jpeg 150w, https:\/\/diarioabcdemichoacan.com.mx\/lasnoticias\/wp-content\/uploads\/2024\/10\/WhatsApp-Image-2024-10-23-at-13.49.43-300x225.jpeg 300w, https:\/\/diarioabcdemichoacan.com.mx\/lasnoticias\/wp-content\/uploads\/2024\/10\/WhatsApp-Image-2024-10-23-at-13.49.43-696x522.jpeg 696w, https:\/\/diarioabcdemichoacan.com.mx\/lasnoticias\/wp-content\/uploads\/2024\/10\/WhatsApp-Image-2024-10-23-at-13.49.43-1068x801.jpeg 1068w, https:\/\/diarioabcdemichoacan.com.mx\/lasnoticias\/wp-content\/uploads\/2024\/10\/WhatsApp-Image-2024-10-23-at-13.49.43.jpeg 1600w\" sizes=\"auto, (max-width: 500px) 100vw, 500px\" \/><\/p>\n<p>&nbsp;<\/p>\n<p>Se despejaron todas las dudas para iniciar la operaci\u00f3n de cr\u00e9ditos tanto directos como aquellos gestionados a trav\u00e9s de intermediarios financieros, lo que permitir\u00e1 que los empresarios locales y emprendedores puedan acceder a recursos con mayor facilidad.<\/p>\n<p>&nbsp;<\/p>\n<p>COMUNICADO.<\/p>\n","protected":false},"excerpt":{"rendered":"<p>Revisan esquemas para la entrega de cr\u00e9ditos con bajas tasas de inter\u00e9s. &nbsp; Morelia, Mich. &#8211; El Sistema Integral de Financiamiento para el Desarrollo de Michoac\u00e1n (S\u00ed Financia) y Gabriel Zamora acordaron consolidar los negocios locales a trav\u00e9s de la entrega de cr\u00e9ditos para su desarrollo. &nbsp; La directora general del S\u00ed Financia, Areli Gallegos [&hellip;]<\/p>\n","protected":false},"author":9,"featured_media":29928,"comment_status":"closed","ping_status":"closed","sticky":false,"template":"","format":"standard","meta":{"footnotes":""},"categories":[10,17,27],"tags":[],"class_list":{"0":"post-29926","1":"post","2":"type-post","3":"status-publish","4":"format-standard","5":"has-post-thumbnail","7":"category-estado","8":"category-gobierno-de-michoacan","9":"category-slider"},"yoast_head":"<!-- This site is optimized with the Yoast SEO plugin v24.0 - https:\/\/yoast.com\/wordpress\/plugins\/seo\/ -->\n<title>S\u00ed Financia y Gabriel Zamora acuerdan fortalecer negocios locales. - Diario ABC de Michoac\u00e1n<\/title>\n<meta name=\"robots\" content=\"index, follow, max-snippet:-1, max-image-preview:large, max-video-preview:-1\" \/>\n<link rel=\"canonical\" href=\"https:\/\/diarioabcdemichoacan.com.mx\/lasnoticias\/si-financia-y-gabriel-zamora-acuerdan-fortalecer-negocios-locales\/\" \/>\n<meta property=\"og:locale\" content=\"es_ES\" \/>\n<meta property=\"og:type\" content=\"article\" \/>\n<meta property=\"og:title\" content=\"S\u00ed Financia y Gabriel Zamora acuerdan fortalecer negocios locales. - Diario ABC de Michoac\u00e1n\" \/>\n<meta property=\"og:description\" content=\"Revisan esquemas para la entrega de cr\u00e9ditos con bajas tasas de inter\u00e9s. &nbsp; Morelia, Mich. &#8211; El Sistema Integral de Financiamiento para el Desarrollo de Michoac\u00e1n (S\u00ed Financia) y Gabriel Zamora acordaron consolidar los negocios locales a trav\u00e9s de la entrega de cr\u00e9ditos para su desarrollo. &nbsp; La directora general del S\u00ed Financia, Areli Gallegos [&hellip;]\" \/>\n<meta property=\"og:url\" content=\"https:\/\/diarioabcdemichoacan.com.mx\/lasnoticias\/si-financia-y-gabriel-zamora-acuerdan-fortalecer-negocios-locales\/\" \/>\n<meta property=\"og:site_name\" content=\"Diario ABC de Michoac\u00e1n\" \/>\n<meta property=\"article:published_time\" content=\"2024-10-23T19:59:57+00:00\" \/>\n<meta property=\"article:modified_time\" content=\"2024-10-23T20:00:43+00:00\" \/>\n<meta property=\"og:image\" content=\"https:\/\/diarioabcdemichoacan.com.mx\/lasnoticias\/wp-content\/uploads\/2024\/10\/WhatsApp-Image-2024-10-23-at-13.49.44-1.jpeg\" \/>\n\t<meta property=\"og:image:width\" content=\"1600\" \/>\n\t<meta property=\"og:image:height\" content=\"1042\" \/>\n\t<meta property=\"og:image:type\" content=\"image\/jpeg\" \/>\n<meta name=\"author\" content=\"AR\" \/>\n<meta name=\"twitter:card\" content=\"summary_large_image\" \/>\n<meta name=\"twitter:label1\" content=\"Escrito por\" \/>\n\t<meta name=\"twitter:data1\" content=\"AR\" \/>\n\t<meta name=\"twitter:label2\" content=\"Tiempo de lectura\" \/>\n\t<meta name=\"twitter:data2\" content=\"2 minutos\" \/>\n<script type=\"application\/ld+json\" class=\"yoast-schema-graph\">{\"@context\":\"https:\/\/schema.org\",\"@graph\":[{\"@type\":\"WebPage\",\"@id\":\"https:\/\/diarioabcdemichoacan.com.mx\/lasnoticias\/si-financia-y-gabriel-zamora-acuerdan-fortalecer-negocios-locales\/\",\"url\":\"https:\/\/diarioabcdemichoacan.com.mx\/lasnoticias\/si-financia-y-gabriel-zamora-acuerdan-fortalecer-negocios-locales\/\",\"name\":\"S\u00ed Financia y Gabriel Zamora acuerdan fortalecer negocios locales. - Diario ABC de Michoac\u00e1n\",\"isPartOf\":{\"@id\":\"https:\/\/diarioabcdemichoacan.com.mx\/lasnoticias\/#website\"},\"primaryImageOfPage\":{\"@id\":\"https:\/\/diarioabcdemichoacan.com.mx\/lasnoticias\/si-financia-y-gabriel-zamora-acuerdan-fortalecer-negocios-locales\/#primaryimage\"},\"image\":{\"@id\":\"https:\/\/diarioabcdemichoacan.com.mx\/lasnoticias\/si-financia-y-gabriel-zamora-acuerdan-fortalecer-negocios-locales\/#primaryimage\"},\"thumbnailUrl\":\"https:\/\/diarioabcdemichoacan.com.mx\/lasnoticias\/wp-content\/uploads\/2024\/10\/WhatsApp-Image-2024-10-23-at-13.49.44-1.jpeg\",\"datePublished\":\"2024-10-23T19:59:57+00:00\",\"dateModified\":\"2024-10-23T20:00:43+00:00\",\"author\":{\"@id\":\"https:\/\/diarioabcdemichoacan.com.mx\/lasnoticias\/#\/schema\/person\/19ae376040f6cbc489682ebdd8524852\"},\"breadcrumb\":{\"@id\":\"https:\/\/diarioabcdemichoacan.com.mx\/lasnoticias\/si-financia-y-gabriel-zamora-acuerdan-fortalecer-negocios-locales\/#breadcrumb\"},\"inLanguage\":\"es\",\"potentialAction\":[{\"@type\":\"ReadAction\",\"target\":[\"https:\/\/diarioabcdemichoacan.com.mx\/lasnoticias\/si-financia-y-gabriel-zamora-acuerdan-fortalecer-negocios-locales\/\"]}]},{\"@type\":\"ImageObject\",\"inLanguage\":\"es\",\"@id\":\"https:\/\/diarioabcdemichoacan.com.mx\/lasnoticias\/si-financia-y-gabriel-zamora-acuerdan-fortalecer-negocios-locales\/#primaryimage\",\"url\":\"https:\/\/diarioabcdemichoacan.com.mx\/lasnoticias\/wp-content\/uploads\/2024\/10\/WhatsApp-Image-2024-10-23-at-13.49.44-1.jpeg\",\"contentUrl\":\"https:\/\/diarioabcdemichoacan.com.mx\/lasnoticias\/wp-content\/uploads\/2024\/10\/WhatsApp-Image-2024-10-23-at-13.49.44-1.jpeg\",\"width\":1600,\"height\":1042},{\"@type\":\"BreadcrumbList\",\"@id\":\"https:\/\/diarioabcdemichoacan.com.mx\/lasnoticias\/si-financia-y-gabriel-zamora-acuerdan-fortalecer-negocios-locales\/#breadcrumb\",\"itemListElement\":[{\"@type\":\"ListItem\",\"position\":1,\"name\":\"Portada\",\"item\":\"https:\/\/diarioabcdemichoacan.com.mx\/lasnoticias\/\"},{\"@type\":\"ListItem\",\"position\":2,\"name\":\"S\u00ed Financia y Gabriel Zamora acuerdan fortalecer negocios locales.\"}]},{\"@type\":\"WebSite\",\"@id\":\"https:\/\/diarioabcdemichoacan.com.mx\/lasnoticias\/#website\",\"url\":\"https:\/\/diarioabcdemichoacan.com.mx\/lasnoticias\/\",\"name\":\"Diario ABC de Michoac\u00e1n\",\"description\":\"Las noticias al momento\",\"potentialAction\":[{\"@type\":\"SearchAction\",\"target\":{\"@type\":\"EntryPoint\",\"urlTemplate\":\"https:\/\/diarioabcdemichoacan.com.mx\/lasnoticias\/?s={search_term_string}\"},\"query-input\":{\"@type\":\"PropertyValueSpecification\",\"valueRequired\":true,\"valueName\":\"search_term_string\"}}],\"inLanguage\":\"es\"},{\"@type\":\"Person\",\"@id\":\"https:\/\/diarioabcdemichoacan.com.mx\/lasnoticias\/#\/schema\/person\/19ae376040f6cbc489682ebdd8524852\",\"name\":\"AR\",\"image\":{\"@type\":\"ImageObject\",\"inLanguage\":\"es\",\"@id\":\"https:\/\/diarioabcdemichoacan.com.mx\/lasnoticias\/#\/schema\/person\/image\/\",\"url\":\"https:\/\/secure.gravatar.com\/avatar\/44eca2ff970262234e20e1e082872af0?s=96&d=mm&r=g\",\"contentUrl\":\"https:\/\/secure.gravatar.com\/avatar\/44eca2ff970262234e20e1e082872af0?s=96&d=mm&r=g\",\"caption\":\"AR\"},\"url\":\"https:\/\/diarioabcdemichoacan.com.mx\/lasnoticias\/author\/adrian\/\"}]}<\/script>\n<!-- \/ Yoast SEO plugin. -->","yoast_head_json":{"title":"S\u00ed Financia y Gabriel Zamora acuerdan fortalecer negocios locales. - Diario ABC de Michoac\u00e1n","robots":{"index":"index","follow":"follow","max-snippet":"max-snippet:-1","max-image-preview":"max-image-preview:large","max-video-preview":"max-video-preview:-1"},"canonical":"https:\/\/diarioabcdemichoacan.com.mx\/lasnoticias\/si-financia-y-gabriel-zamora-acuerdan-fortalecer-negocios-locales\/","og_locale":"es_ES","og_type":"article","og_title":"S\u00ed Financia y Gabriel Zamora acuerdan fortalecer negocios locales. - Diario ABC de Michoac\u00e1n","og_description":"Revisan esquemas para la entrega de cr\u00e9ditos con bajas tasas de inter\u00e9s. &nbsp; Morelia, Mich. &#8211; El Sistema Integral de Financiamiento para el Desarrollo de Michoac\u00e1n (S\u00ed Financia) y Gabriel Zamora acordaron consolidar los negocios locales a trav\u00e9s de la entrega de cr\u00e9ditos para su desarrollo. &nbsp; La directora general del S\u00ed Financia, Areli Gallegos [&hellip;]","og_url":"https:\/\/diarioabcdemichoacan.com.mx\/lasnoticias\/si-financia-y-gabriel-zamora-acuerdan-fortalecer-negocios-locales\/","og_site_name":"Diario ABC de Michoac\u00e1n","article_published_time":"2024-10-23T19:59:57+00:00","article_modified_time":"2024-10-23T20:00:43+00:00","og_image":[{"width":1600,"height":1042,"url":"https:\/\/diarioabcdemichoacan.com.mx\/lasnoticias\/wp-content\/uploads\/2024\/10\/WhatsApp-Image-2024-10-23-at-13.49.44-1.jpeg","type":"image\/jpeg"}],"author":"AR","twitter_card":"summary_large_image","twitter_misc":{"Escrito por":"AR","Tiempo de lectura":"2 minutos"},"schema":{"@context":"https:\/\/schema.org","@graph":[{"@type":"WebPage","@id":"https:\/\/diarioabcdemichoacan.com.mx\/lasnoticias\/si-financia-y-gabriel-zamora-acuerdan-fortalecer-negocios-locales\/","url":"https:\/\/diarioabcdemichoacan.com.mx\/lasnoticias\/si-financia-y-gabriel-zamora-acuerdan-fortalecer-negocios-locales\/","name":"S\u00ed Financia y Gabriel Zamora acuerdan fortalecer negocios locales. - Diario ABC de Michoac\u00e1n","isPartOf":{"@id":"https:\/\/diarioabcdemichoacan.com.mx\/lasnoticias\/#website"},"primaryImageOfPage":{"@id":"https:\/\/diarioabcdemichoacan.com.mx\/lasnoticias\/si-financia-y-gabriel-zamora-acuerdan-fortalecer-negocios-locales\/#primaryimage"},"image":{"@id":"https:\/\/diarioabcdemichoacan.com.mx\/lasnoticias\/si-financia-y-gabriel-zamora-acuerdan-fortalecer-negocios-locales\/#primaryimage"},"thumbnailUrl":"https:\/\/diarioabcdemichoacan.com.mx\/lasnoticias\/wp-content\/uploads\/2024\/10\/WhatsApp-Image-2024-10-23-at-13.49.44-1.jpeg","datePublished":"2024-10-23T19:59:57+00:00","dateModified":"2024-10-23T20:00:43+00:00","author":{"@id":"https:\/\/diarioabcdemichoacan.com.mx\/lasnoticias\/#\/schema\/person\/19ae376040f6cbc489682ebdd8524852"},"breadcrumb":{"@id":"https:\/\/diarioabcdemichoacan.com.mx\/lasnoticias\/si-financia-y-gabriel-zamora-acuerdan-fortalecer-negocios-locales\/#breadcrumb"},"inLanguage":"es","potentialAction":[{"@type":"ReadAction","target":["https:\/\/diarioabcdemichoacan.com.mx\/lasnoticias\/si-financia-y-gabriel-zamora-acuerdan-fortalecer-negocios-locales\/"]}]},{"@type":"ImageObject","inLanguage":"es","@id":"https:\/\/diarioabcdemichoacan.com.mx\/lasnoticias\/si-financia-y-gabriel-zamora-acuerdan-fortalecer-negocios-locales\/#primaryimage","url":"https:\/\/diarioabcdemichoacan.com.mx\/lasnoticias\/wp-content\/uploads\/2024\/10\/WhatsApp-Image-2024-10-23-at-13.49.44-1.jpeg","contentUrl":"https:\/\/diarioabcdemichoacan.com.mx\/lasnoticias\/wp-content\/uploads\/2024\/10\/WhatsApp-Image-2024-10-23-at-13.49.44-1.jpeg","width":1600,"height":1042},{"@type":"BreadcrumbList","@id":"https:\/\/diarioabcdemichoacan.com.mx\/lasnoticias\/si-financia-y-gabriel-zamora-acuerdan-fortalecer-negocios-locales\/#breadcrumb","itemListElement":[{"@type":"ListItem","position":1,"name":"Portada","item":"https:\/\/diarioabcdemichoacan.com.mx\/lasnoticias\/"},{"@type":"ListItem","position":2,"name":"S\u00ed Financia y Gabriel Zamora acuerdan fortalecer negocios locales."}]},{"@type":"WebSite","@id":"https:\/\/diarioabcdemichoacan.com.mx\/lasnoticias\/#website","url":"https:\/\/diarioabcdemichoacan.com.mx\/lasnoticias\/","name":"Diario ABC de Michoac\u00e1n","description":"Las noticias al momento","potentialAction":[{"@type":"SearchAction","target":{"@type":"EntryPoint","urlTemplate":"https:\/\/diarioabcdemichoacan.com.mx\/lasnoticias\/?s={search_term_string}"},"query-input":{"@type":"PropertyValueSpecification","valueRequired":true,"valueName":"search_term_string"}}],"inLanguage":"es"},{"@type":"Person","@id":"https:\/\/diarioabcdemichoacan.com.mx\/lasnoticias\/#\/schema\/person\/19ae376040f6cbc489682ebdd8524852","name":"AR","image":{"@type":"ImageObject","inLanguage":"es","@id":"https:\/\/diarioabcdemichoacan.com.mx\/lasnoticias\/#\/schema\/person\/image\/","url":"https:\/\/secure.gravatar.com\/avatar\/44eca2ff970262234e20e1e082872af0?s=96&d=mm&r=g","contentUrl":"https:\/\/secure.gravatar.com\/avatar\/44eca2ff970262234e20e1e082872af0?s=96&d=mm&r=g","caption":"AR"},"url":"https:\/\/diarioabcdemichoacan.com.mx\/lasnoticias\/author\/adrian\/"}]}},"_links":{"self":[{"href":"https:\/\/diarioabcdemichoacan.com.mx\/lasnoticias\/wp-json\/wp\/v2\/posts\/29926","targetHints":{"allow":["GET"]}}],"collection":[{"href":"https:\/\/diarioabcdemichoacan.com.mx\/lasnoticias\/wp-json\/wp\/v2\/posts"}],"about":[{"href":"https:\/\/diarioabcdemichoacan.com.mx\/lasnoticias\/wp-json\/wp\/v2\/types\/post"}],"author":[{"embeddable":true,"href":"https:\/\/diarioabcdemichoacan.com.mx\/lasnoticias\/wp-json\/wp\/v2\/users\/9"}],"replies":[{"embeddable":true,"href":"https:\/\/diarioabcdemichoacan.com.mx\/lasnoticias\/wp-json\/wp\/v2\/comments?post=29926"}],"version-history":[{"count":1,"href":"https:\/\/diarioabcdemichoacan.com.mx\/lasnoticias\/wp-json\/wp\/v2\/posts\/29926\/revisions"}],"predecessor-version":[{"id":29944,"href":"https:\/\/diarioabcdemichoacan.com.mx\/lasnoticias\/wp-json\/wp\/v2\/posts\/29926\/revisions\/29944"}],"wp:featuredmedia":[{"embeddable":true,"href":"https:\/\/diarioabcdemichoacan.com.mx\/lasnoticias\/wp-json\/wp\/v2\/media\/29928"}],"wp:attachment":[{"href":"https:\/\/diarioabcdemichoacan.com.mx\/lasnoticias\/wp-json\/wp\/v2\/media?parent=29926"}],"wp:term":[{"taxonomy":"category","embeddable":true,"href":"https:\/\/diarioabcdemichoacan.com.mx\/lasnoticias\/wp-json\/wp\/v2\/categories?post=29926"},{"taxonomy":"post_tag","embeddable":true,"href":"https:\/\/diarioabcdemichoacan.com.mx\/lasnoticias\/wp-json\/wp\/v2\/tags?post=29926"}],"curies":[{"name":"wp","href":"https:\/\/api.w.org\/{rel}","templated":true}]}}