{"id":29941,"date":"2024-10-23T14:06:07","date_gmt":"2024-10-23T20:06:07","guid":{"rendered":"https:\/\/diarioabcdemichoacan.com.mx\/lasnoticias\/?p=29941"},"modified":"2024-10-23T14:07:04","modified_gmt":"2024-10-23T20:07:04","slug":"volcadura-de-camion-de-la-gn-deja-2-muertos-y-20-heridos-en-la-mexico-guadalajara","status":"publish","type":"post","link":"https:\/\/diarioabcdemichoacan.com.mx\/lasnoticias\/volcadura-de-camion-de-la-gn-deja-2-muertos-y-20-heridos-en-la-mexico-guadalajara\/","title":{"rendered":"Volcadura de cami\u00f3n de la GN deja 2 muertos y 20 heridos en la M\u00e9xico &#8211; Guadalajara."},"content":{"rendered":"<h2>Sucedi\u00f3 en la regi\u00f3n de Churintzio.<\/h2>\n<p>&nbsp;<\/p>\n<h6>Por Juan Manuel \u00c1lvarez.<\/h6>\n<hr \/>\n<p>Churintzio, Mich. &#8211; Un tr\u00e1gico accidente ocurri\u00f3 sobre la autopista M\u00e9xico-Guadalajara cuando un cami\u00f3n de la Guardia Nacional (GN) se sali\u00f3 de la carretera y volc\u00f3, esto a la altura del municipio de Churintzio, lo que dej\u00f3 dos muertos y 20 heridos, de acuerdo con la informaci\u00f3n obtenida en el trabajo period\u00edstico.<\/p>\n<p>&nbsp;<\/p>\n<p>El suceso fue en el kil\u00f3metro 343+500 de la citada vialidad. La identidad de los dos guardias nacionales fallecidos y de los 20 lesionados no fue revelada por las autoridades, s\u00f3lo se conoci\u00f3 que cuatro de los sobrevientes est\u00e1n graves.<\/p>\n<p>&nbsp;<\/p>\n<p><img loading=\"lazy\" decoding=\"async\" class=\"alignnone size-medium wp-image-29946\" src=\"https:\/\/diarioabcdemichoacan.com.mx\/lasnoticias\/wp-content\/uploads\/2024\/10\/WhatsApp-Image-2024-10-23-at-13.57.11-500x375.jpeg\" alt=\"\" width=\"500\" height=\"375\" srcset=\"https:\/\/diarioabcdemichoacan.com.mx\/lasnoticias\/wp-content\/uploads\/2024\/10\/WhatsApp-Image-2024-10-23-at-13.57.11-500x375.jpeg 500w, https:\/\/diarioabcdemichoacan.com.mx\/lasnoticias\/wp-content\/uploads\/2024\/10\/WhatsApp-Image-2024-10-23-at-13.57.11-1024x768.jpeg 1024w, https:\/\/diarioabcdemichoacan.com.mx\/lasnoticias\/wp-content\/uploads\/2024\/10\/WhatsApp-Image-2024-10-23-at-13.57.11-768x576.jpeg 768w, https:\/\/diarioabcdemichoacan.com.mx\/lasnoticias\/wp-content\/uploads\/2024\/10\/WhatsApp-Image-2024-10-23-at-13.57.11-1536x1153.jpeg 1536w, https:\/\/diarioabcdemichoacan.com.mx\/lasnoticias\/wp-content\/uploads\/2024\/10\/WhatsApp-Image-2024-10-23-at-13.57.11-150x113.jpeg 150w, https:\/\/diarioabcdemichoacan.com.mx\/lasnoticias\/wp-content\/uploads\/2024\/10\/WhatsApp-Image-2024-10-23-at-13.57.11-300x225.jpeg 300w, https:\/\/diarioabcdemichoacan.com.mx\/lasnoticias\/wp-content\/uploads\/2024\/10\/WhatsApp-Image-2024-10-23-at-13.57.11-696x522.jpeg 696w, https:\/\/diarioabcdemichoacan.com.mx\/lasnoticias\/wp-content\/uploads\/2024\/10\/WhatsApp-Image-2024-10-23-at-13.57.11-1068x802.jpeg 1068w, https:\/\/diarioabcdemichoacan.com.mx\/lasnoticias\/wp-content\/uploads\/2024\/10\/WhatsApp-Image-2024-10-23-at-13.57.11.jpeg 1599w\" sizes=\"auto, (max-width: 500px) 100vw, 500px\" \/><\/p>\n<p>&nbsp;<\/p>\n<p>Las corporaciones de rescate de la zona acudieron r\u00e1pidamente al lugar para auxiliar a las v\u00edctimas y trasladar a los heridos a hospitales cercanos. Mientras tanto, el personal de la Fiscal\u00eda General del Estado se hizo cargo de las diligencias de ley relacionadas con el levantamiento de los cuerpos.<\/p>\n<p>&nbsp;<\/p>\n<p>Para evitar la contaminaci\u00f3n de indicios y prevenir otros accidentes, el \u00e1rea fue acordonada por la Polic\u00eda. La investigaci\u00f3n sobre las causas del accidente est\u00e1 en curso, as\u00ed lo subrayaron mandos policiales que llegaron al sitio para atender el hecho.<\/p>\n","protected":false},"excerpt":{"rendered":"<p>Sucedi\u00f3 en la regi\u00f3n de Churintzio. &nbsp; Por Juan Manuel \u00c1lvarez. Churintzio, Mich. &#8211; Un tr\u00e1gico accidente ocurri\u00f3 sobre la autopista M\u00e9xico-Guadalajara cuando un cami\u00f3n de la Guardia Nacional (GN) se sali\u00f3 de la carretera y volc\u00f3, esto a la altura del municipio de Churintzio, lo que dej\u00f3 dos muertos y 20 heridos, de acuerdo [&hellip;]<\/p>\n","protected":false},"author":9,"featured_media":29945,"comment_status":"closed","ping_status":"closed","sticky":false,"template":"","format":"standard","meta":{"footnotes":""},"categories":[26,27],"tags":[],"class_list":{"0":"post-29941","1":"post","2":"type-post","3":"status-publish","4":"format-standard","5":"has-post-thumbnail","7":"category-nota-roja","8":"category-slider"},"yoast_head":"<!-- This site is optimized with the Yoast SEO plugin v24.0 - https:\/\/yoast.com\/wordpress\/plugins\/seo\/ -->\n<title>Volcadura de cami\u00f3n de la GN deja 2 muertos y 20 heridos en la M\u00e9xico - Guadalajara. - Diario ABC de Michoac\u00e1n<\/title>\n<meta name=\"robots\" content=\"index, follow, max-snippet:-1, max-image-preview:large, max-video-preview:-1\" \/>\n<link rel=\"canonical\" href=\"https:\/\/diarioabcdemichoacan.com.mx\/lasnoticias\/volcadura-de-camion-de-la-gn-deja-2-muertos-y-20-heridos-en-la-mexico-guadalajara\/\" \/>\n<meta property=\"og:locale\" content=\"es_ES\" \/>\n<meta property=\"og:type\" content=\"article\" \/>\n<meta property=\"og:title\" content=\"Volcadura de cami\u00f3n de la GN deja 2 muertos y 20 heridos en la M\u00e9xico - Guadalajara. - Diario ABC de Michoac\u00e1n\" \/>\n<meta property=\"og:description\" content=\"Sucedi\u00f3 en la regi\u00f3n de Churintzio. &nbsp; Por Juan Manuel \u00c1lvarez. Churintzio, Mich. &#8211; Un tr\u00e1gico accidente ocurri\u00f3 sobre la autopista M\u00e9xico-Guadalajara cuando un cami\u00f3n de la Guardia Nacional (GN) se sali\u00f3 de la carretera y volc\u00f3, esto a la altura del municipio de Churintzio, lo que dej\u00f3 dos muertos y 20 heridos, de acuerdo [&hellip;]\" \/>\n<meta property=\"og:url\" content=\"https:\/\/diarioabcdemichoacan.com.mx\/lasnoticias\/volcadura-de-camion-de-la-gn-deja-2-muertos-y-20-heridos-en-la-mexico-guadalajara\/\" \/>\n<meta property=\"og:site_name\" content=\"Diario ABC de Michoac\u00e1n\" \/>\n<meta property=\"article:published_time\" content=\"2024-10-23T20:06:07+00:00\" \/>\n<meta property=\"article:modified_time\" content=\"2024-10-23T20:07:04+00:00\" \/>\n<meta property=\"og:image\" content=\"https:\/\/diarioabcdemichoacan.com.mx\/lasnoticias\/wp-content\/uploads\/2024\/10\/WhatsApp-Image-2024-10-23-at-13.57.11-1.jpeg\" \/>\n\t<meta property=\"og:image:width\" content=\"1599\" \/>\n\t<meta property=\"og:image:height\" content=\"1200\" \/>\n\t<meta property=\"og:image:type\" content=\"image\/jpeg\" \/>\n<meta name=\"author\" content=\"AR\" \/>\n<meta name=\"twitter:card\" content=\"summary_large_image\" \/>\n<meta name=\"twitter:label1\" content=\"Escrito por\" \/>\n\t<meta name=\"twitter:data1\" content=\"AR\" \/>\n\t<meta name=\"twitter:label2\" content=\"Tiempo de lectura\" \/>\n\t<meta name=\"twitter:data2\" content=\"2 minutos\" \/>\n<script type=\"application\/ld+json\" class=\"yoast-schema-graph\">{\"@context\":\"https:\/\/schema.org\",\"@graph\":[{\"@type\":\"WebPage\",\"@id\":\"https:\/\/diarioabcdemichoacan.com.mx\/lasnoticias\/volcadura-de-camion-de-la-gn-deja-2-muertos-y-20-heridos-en-la-mexico-guadalajara\/\",\"url\":\"https:\/\/diarioabcdemichoacan.com.mx\/lasnoticias\/volcadura-de-camion-de-la-gn-deja-2-muertos-y-20-heridos-en-la-mexico-guadalajara\/\",\"name\":\"Volcadura de cami\u00f3n de la GN deja 2 muertos y 20 heridos en la M\u00e9xico - Guadalajara. - Diario ABC de Michoac\u00e1n\",\"isPartOf\":{\"@id\":\"https:\/\/diarioabcdemichoacan.com.mx\/lasnoticias\/#website\"},\"primaryImageOfPage\":{\"@id\":\"https:\/\/diarioabcdemichoacan.com.mx\/lasnoticias\/volcadura-de-camion-de-la-gn-deja-2-muertos-y-20-heridos-en-la-mexico-guadalajara\/#primaryimage\"},\"image\":{\"@id\":\"https:\/\/diarioabcdemichoacan.com.mx\/lasnoticias\/volcadura-de-camion-de-la-gn-deja-2-muertos-y-20-heridos-en-la-mexico-guadalajara\/#primaryimage\"},\"thumbnailUrl\":\"https:\/\/diarioabcdemichoacan.com.mx\/lasnoticias\/wp-content\/uploads\/2024\/10\/WhatsApp-Image-2024-10-23-at-13.57.11-1.jpeg\",\"datePublished\":\"2024-10-23T20:06:07+00:00\",\"dateModified\":\"2024-10-23T20:07:04+00:00\",\"author\":{\"@id\":\"https:\/\/diarioabcdemichoacan.com.mx\/lasnoticias\/#\/schema\/person\/19ae376040f6cbc489682ebdd8524852\"},\"breadcrumb\":{\"@id\":\"https:\/\/diarioabcdemichoacan.com.mx\/lasnoticias\/volcadura-de-camion-de-la-gn-deja-2-muertos-y-20-heridos-en-la-mexico-guadalajara\/#breadcrumb\"},\"inLanguage\":\"es\",\"potentialAction\":[{\"@type\":\"ReadAction\",\"target\":[\"https:\/\/diarioabcdemichoacan.com.mx\/lasnoticias\/volcadura-de-camion-de-la-gn-deja-2-muertos-y-20-heridos-en-la-mexico-guadalajara\/\"]}]},{\"@type\":\"ImageObject\",\"inLanguage\":\"es\",\"@id\":\"https:\/\/diarioabcdemichoacan.com.mx\/lasnoticias\/volcadura-de-camion-de-la-gn-deja-2-muertos-y-20-heridos-en-la-mexico-guadalajara\/#primaryimage\",\"url\":\"https:\/\/diarioabcdemichoacan.com.mx\/lasnoticias\/wp-content\/uploads\/2024\/10\/WhatsApp-Image-2024-10-23-at-13.57.11-1.jpeg\",\"contentUrl\":\"https:\/\/diarioabcdemichoacan.com.mx\/lasnoticias\/wp-content\/uploads\/2024\/10\/WhatsApp-Image-2024-10-23-at-13.57.11-1.jpeg\",\"width\":1599,\"height\":1200},{\"@type\":\"BreadcrumbList\",\"@id\":\"https:\/\/diarioabcdemichoacan.com.mx\/lasnoticias\/volcadura-de-camion-de-la-gn-deja-2-muertos-y-20-heridos-en-la-mexico-guadalajara\/#breadcrumb\",\"itemListElement\":[{\"@type\":\"ListItem\",\"position\":1,\"name\":\"Portada\",\"item\":\"https:\/\/diarioabcdemichoacan.com.mx\/lasnoticias\/\"},{\"@type\":\"ListItem\",\"position\":2,\"name\":\"Volcadura de cami\u00f3n de la GN deja 2 muertos y 20 heridos en la M\u00e9xico &#8211; Guadalajara.\"}]},{\"@type\":\"WebSite\",\"@id\":\"https:\/\/diarioabcdemichoacan.com.mx\/lasnoticias\/#website\",\"url\":\"https:\/\/diarioabcdemichoacan.com.mx\/lasnoticias\/\",\"name\":\"Diario ABC de Michoac\u00e1n\",\"description\":\"Las noticias al momento\",\"potentialAction\":[{\"@type\":\"SearchAction\",\"target\":{\"@type\":\"EntryPoint\",\"urlTemplate\":\"https:\/\/diarioabcdemichoacan.com.mx\/lasnoticias\/?s={search_term_string}\"},\"query-input\":{\"@type\":\"PropertyValueSpecification\",\"valueRequired\":true,\"valueName\":\"search_term_string\"}}],\"inLanguage\":\"es\"},{\"@type\":\"Person\",\"@id\":\"https:\/\/diarioabcdemichoacan.com.mx\/lasnoticias\/#\/schema\/person\/19ae376040f6cbc489682ebdd8524852\",\"name\":\"AR\",\"image\":{\"@type\":\"ImageObject\",\"inLanguage\":\"es\",\"@id\":\"https:\/\/diarioabcdemichoacan.com.mx\/lasnoticias\/#\/schema\/person\/image\/\",\"url\":\"https:\/\/secure.gravatar.com\/avatar\/44eca2ff970262234e20e1e082872af0?s=96&d=mm&r=g\",\"contentUrl\":\"https:\/\/secure.gravatar.com\/avatar\/44eca2ff970262234e20e1e082872af0?s=96&d=mm&r=g\",\"caption\":\"AR\"},\"url\":\"https:\/\/diarioabcdemichoacan.com.mx\/lasnoticias\/author\/adrian\/\"}]}<\/script>\n<!-- \/ Yoast SEO plugin. -->","yoast_head_json":{"title":"Volcadura de cami\u00f3n de la GN deja 2 muertos y 20 heridos en la M\u00e9xico - Guadalajara. - Diario ABC de Michoac\u00e1n","robots":{"index":"index","follow":"follow","max-snippet":"max-snippet:-1","max-image-preview":"max-image-preview:large","max-video-preview":"max-video-preview:-1"},"canonical":"https:\/\/diarioabcdemichoacan.com.mx\/lasnoticias\/volcadura-de-camion-de-la-gn-deja-2-muertos-y-20-heridos-en-la-mexico-guadalajara\/","og_locale":"es_ES","og_type":"article","og_title":"Volcadura de cami\u00f3n de la GN deja 2 muertos y 20 heridos en la M\u00e9xico - Guadalajara. - Diario ABC de Michoac\u00e1n","og_description":"Sucedi\u00f3 en la regi\u00f3n de Churintzio. &nbsp; Por Juan Manuel \u00c1lvarez. Churintzio, Mich. &#8211; Un tr\u00e1gico accidente ocurri\u00f3 sobre la autopista M\u00e9xico-Guadalajara cuando un cami\u00f3n de la Guardia Nacional (GN) se sali\u00f3 de la carretera y volc\u00f3, esto a la altura del municipio de Churintzio, lo que dej\u00f3 dos muertos y 20 heridos, de acuerdo [&hellip;]","og_url":"https:\/\/diarioabcdemichoacan.com.mx\/lasnoticias\/volcadura-de-camion-de-la-gn-deja-2-muertos-y-20-heridos-en-la-mexico-guadalajara\/","og_site_name":"Diario ABC de Michoac\u00e1n","article_published_time":"2024-10-23T20:06:07+00:00","article_modified_time":"2024-10-23T20:07:04+00:00","og_image":[{"width":1599,"height":1200,"url":"https:\/\/diarioabcdemichoacan.com.mx\/lasnoticias\/wp-content\/uploads\/2024\/10\/WhatsApp-Image-2024-10-23-at-13.57.11-1.jpeg","type":"image\/jpeg"}],"author":"AR","twitter_card":"summary_large_image","twitter_misc":{"Escrito por":"AR","Tiempo de lectura":"2 minutos"},"schema":{"@context":"https:\/\/schema.org","@graph":[{"@type":"WebPage","@id":"https:\/\/diarioabcdemichoacan.com.mx\/lasnoticias\/volcadura-de-camion-de-la-gn-deja-2-muertos-y-20-heridos-en-la-mexico-guadalajara\/","url":"https:\/\/diarioabcdemichoacan.com.mx\/lasnoticias\/volcadura-de-camion-de-la-gn-deja-2-muertos-y-20-heridos-en-la-mexico-guadalajara\/","name":"Volcadura de cami\u00f3n de la GN deja 2 muertos y 20 heridos en la M\u00e9xico - Guadalajara. - Diario ABC de Michoac\u00e1n","isPartOf":{"@id":"https:\/\/diarioabcdemichoacan.com.mx\/lasnoticias\/#website"},"primaryImageOfPage":{"@id":"https:\/\/diarioabcdemichoacan.com.mx\/lasnoticias\/volcadura-de-camion-de-la-gn-deja-2-muertos-y-20-heridos-en-la-mexico-guadalajara\/#primaryimage"},"image":{"@id":"https:\/\/diarioabcdemichoacan.com.mx\/lasnoticias\/volcadura-de-camion-de-la-gn-deja-2-muertos-y-20-heridos-en-la-mexico-guadalajara\/#primaryimage"},"thumbnailUrl":"https:\/\/diarioabcdemichoacan.com.mx\/lasnoticias\/wp-content\/uploads\/2024\/10\/WhatsApp-Image-2024-10-23-at-13.57.11-1.jpeg","datePublished":"2024-10-23T20:06:07+00:00","dateModified":"2024-10-23T20:07:04+00:00","author":{"@id":"https:\/\/diarioabcdemichoacan.com.mx\/lasnoticias\/#\/schema\/person\/19ae376040f6cbc489682ebdd8524852"},"breadcrumb":{"@id":"https:\/\/diarioabcdemichoacan.com.mx\/lasnoticias\/volcadura-de-camion-de-la-gn-deja-2-muertos-y-20-heridos-en-la-mexico-guadalajara\/#breadcrumb"},"inLanguage":"es","potentialAction":[{"@type":"ReadAction","target":["https:\/\/diarioabcdemichoacan.com.mx\/lasnoticias\/volcadura-de-camion-de-la-gn-deja-2-muertos-y-20-heridos-en-la-mexico-guadalajara\/"]}]},{"@type":"ImageObject","inLanguage":"es","@id":"https:\/\/diarioabcdemichoacan.com.mx\/lasnoticias\/volcadura-de-camion-de-la-gn-deja-2-muertos-y-20-heridos-en-la-mexico-guadalajara\/#primaryimage","url":"https:\/\/diarioabcdemichoacan.com.mx\/lasnoticias\/wp-content\/uploads\/2024\/10\/WhatsApp-Image-2024-10-23-at-13.57.11-1.jpeg","contentUrl":"https:\/\/diarioabcdemichoacan.com.mx\/lasnoticias\/wp-content\/uploads\/2024\/10\/WhatsApp-Image-2024-10-23-at-13.57.11-1.jpeg","width":1599,"height":1200},{"@type":"BreadcrumbList","@id":"https:\/\/diarioabcdemichoacan.com.mx\/lasnoticias\/volcadura-de-camion-de-la-gn-deja-2-muertos-y-20-heridos-en-la-mexico-guadalajara\/#breadcrumb","itemListElement":[{"@type":"ListItem","position":1,"name":"Portada","item":"https:\/\/diarioabcdemichoacan.com.mx\/lasnoticias\/"},{"@type":"ListItem","position":2,"name":"Volcadura de cami\u00f3n de la GN deja 2 muertos y 20 heridos en la M\u00e9xico &#8211; Guadalajara."}]},{"@type":"WebSite","@id":"https:\/\/diarioabcdemichoacan.com.mx\/lasnoticias\/#website","url":"https:\/\/diarioabcdemichoacan.com.mx\/lasnoticias\/","name":"Diario ABC de Michoac\u00e1n","description":"Las noticias al momento","potentialAction":[{"@type":"SearchAction","target":{"@type":"EntryPoint","urlTemplate":"https:\/\/diarioabcdemichoacan.com.mx\/lasnoticias\/?s={search_term_string}"},"query-input":{"@type":"PropertyValueSpecification","valueRequired":true,"valueName":"search_term_string"}}],"inLanguage":"es"},{"@type":"Person","@id":"https:\/\/diarioabcdemichoacan.com.mx\/lasnoticias\/#\/schema\/person\/19ae376040f6cbc489682ebdd8524852","name":"AR","image":{"@type":"ImageObject","inLanguage":"es","@id":"https:\/\/diarioabcdemichoacan.com.mx\/lasnoticias\/#\/schema\/person\/image\/","url":"https:\/\/secure.gravatar.com\/avatar\/44eca2ff970262234e20e1e082872af0?s=96&d=mm&r=g","contentUrl":"https:\/\/secure.gravatar.com\/avatar\/44eca2ff970262234e20e1e082872af0?s=96&d=mm&r=g","caption":"AR"},"url":"https:\/\/diarioabcdemichoacan.com.mx\/lasnoticias\/author\/adrian\/"}]}},"_links":{"self":[{"href":"https:\/\/diarioabcdemichoacan.com.mx\/lasnoticias\/wp-json\/wp\/v2\/posts\/29941","targetHints":{"allow":["GET"]}}],"collection":[{"href":"https:\/\/diarioabcdemichoacan.com.mx\/lasnoticias\/wp-json\/wp\/v2\/posts"}],"about":[{"href":"https:\/\/diarioabcdemichoacan.com.mx\/lasnoticias\/wp-json\/wp\/v2\/types\/post"}],"author":[{"embeddable":true,"href":"https:\/\/diarioabcdemichoacan.com.mx\/lasnoticias\/wp-json\/wp\/v2\/users\/9"}],"replies":[{"embeddable":true,"href":"https:\/\/diarioabcdemichoacan.com.mx\/lasnoticias\/wp-json\/wp\/v2\/comments?post=29941"}],"version-history":[{"count":2,"href":"https:\/\/diarioabcdemichoacan.com.mx\/lasnoticias\/wp-json\/wp\/v2\/posts\/29941\/revisions"}],"predecessor-version":[{"id":29949,"href":"https:\/\/diarioabcdemichoacan.com.mx\/lasnoticias\/wp-json\/wp\/v2\/posts\/29941\/revisions\/29949"}],"wp:featuredmedia":[{"embeddable":true,"href":"https:\/\/diarioabcdemichoacan.com.mx\/lasnoticias\/wp-json\/wp\/v2\/media\/29945"}],"wp:attachment":[{"href":"https:\/\/diarioabcdemichoacan.com.mx\/lasnoticias\/wp-json\/wp\/v2\/media?parent=29941"}],"wp:term":[{"taxonomy":"category","embeddable":true,"href":"https:\/\/diarioabcdemichoacan.com.mx\/lasnoticias\/wp-json\/wp\/v2\/categories?post=29941"},{"taxonomy":"post_tag","embeddable":true,"href":"https:\/\/diarioabcdemichoacan.com.mx\/lasnoticias\/wp-json\/wp\/v2\/tags?post=29941"}],"curies":[{"name":"wp","href":"https:\/\/api.w.org\/{rel}","templated":true}]}}