{"id":30100,"date":"2024-10-24T11:39:07","date_gmt":"2024-10-24T17:39:07","guid":{"rendered":"https:\/\/diarioabcdemichoacan.com.mx\/lasnoticias\/?p=30100"},"modified":"2024-10-24T13:41:42","modified_gmt":"2024-10-24T19:41:42","slug":"no-se-debe-bajar-la-guardia-en-la-lucha-contra-el-dengue-ssm","status":"publish","type":"post","link":"https:\/\/diarioabcdemichoacan.com.mx\/lasnoticias\/no-se-debe-bajar-la-guardia-en-la-lucha-contra-el-dengue-ssm\/","title":{"rendered":"No se debe bajar la guardia en la lucha contra el dengue: SSM."},"content":{"rendered":"<h2>En reuni\u00f3n de la Red Jurisdiccional de Municipios por la Salud.<\/h2>\n<p>&nbsp;<\/p>\n<h6>Por Roberto Mestizo Ch\u00e1vez.<\/h6>\n<hr \/>\n<p>Uruapan, Mich. &#8211; En la lucha contra el dengue no se debe bajar la guardia ni normalizar sus s\u00edntomas, advirti\u00f3 a los presidentes municipales de esta regi\u00f3n el titular de la Secretaria de Salud en Michoac\u00e1n, L\u00e1zaro Cort\u00e9s Rangel.<\/p>\n<p>&nbsp;<\/p>\n<p>Lo anterior lo se\u00f1al\u00f3 en reuni\u00f3n de la Red Jurisdiccional de Municipios por la Salud, en la cual indic\u00f3 que aunque en las d\u00e9cadas recientes solamente hemos sabido de dos tipos de dengue -el normal y el hemorr\u00e1gico-, este a\u00f1o reapareci\u00f3 un tercer tipo, que desde hace m\u00e1s de 20 a\u00f1os no se presentaba en el pa\u00eds.<\/p>\n<p>&nbsp;<\/p>\n<p><img loading=\"lazy\" decoding=\"async\" class=\"alignnone size-medium wp-image-30111\" src=\"https:\/\/diarioabcdemichoacan.com.mx\/lasnoticias\/wp-content\/uploads\/2024\/10\/WhatsApp-Image-2024-10-24-at-11.32.48-1-500x225.jpeg\" alt=\"\" width=\"500\" height=\"225\" srcset=\"https:\/\/diarioabcdemichoacan.com.mx\/lasnoticias\/wp-content\/uploads\/2024\/10\/WhatsApp-Image-2024-10-24-at-11.32.48-1-500x225.jpeg 500w, https:\/\/diarioabcdemichoacan.com.mx\/lasnoticias\/wp-content\/uploads\/2024\/10\/WhatsApp-Image-2024-10-24-at-11.32.48-1-1024x462.jpeg 1024w, https:\/\/diarioabcdemichoacan.com.mx\/lasnoticias\/wp-content\/uploads\/2024\/10\/WhatsApp-Image-2024-10-24-at-11.32.48-1-768x346.jpeg 768w, https:\/\/diarioabcdemichoacan.com.mx\/lasnoticias\/wp-content\/uploads\/2024\/10\/WhatsApp-Image-2024-10-24-at-11.32.48-1-150x68.jpeg 150w, https:\/\/diarioabcdemichoacan.com.mx\/lasnoticias\/wp-content\/uploads\/2024\/10\/WhatsApp-Image-2024-10-24-at-11.32.48-1-300x135.jpeg 300w, https:\/\/diarioabcdemichoacan.com.mx\/lasnoticias\/wp-content\/uploads\/2024\/10\/WhatsApp-Image-2024-10-24-at-11.32.48-1-696x314.jpeg 696w, https:\/\/diarioabcdemichoacan.com.mx\/lasnoticias\/wp-content\/uploads\/2024\/10\/WhatsApp-Image-2024-10-24-at-11.32.48-1-1068x481.jpeg 1068w, https:\/\/diarioabcdemichoacan.com.mx\/lasnoticias\/wp-content\/uploads\/2024\/10\/WhatsApp-Image-2024-10-24-at-11.32.48-1.jpeg 1280w\" sizes=\"auto, (max-width: 500px) 100vw, 500px\" \/><\/p>\n<p>&nbsp;<\/p>\n<p>Entonces, dijo, la poblaci\u00f3n menor de 20 a\u00f1os de edad no ha generado anticuerpos contra esa tercer cepa del dengue, por eso que el mayor porcentaje de decesos a causa del dengue est\u00e1 en el grupo etario de cinco a 19 a\u00f1os, seguido del grupo mayor a los sesenta a\u00f1os.<\/p>\n<p>&nbsp;<\/p>\n<p>Este a\u00f1o ha sido el peor en lo que se refiere al dengue, y las regiones m\u00e1s afectadas son las del sur y sureste, como Chiapas, Oaxaca, Guerrero, Tabasco, Yucat\u00e1n, etc.<\/p>\n<p>&nbsp;<\/p>\n<p><img loading=\"lazy\" decoding=\"async\" class=\"alignnone size-medium wp-image-30112\" src=\"https:\/\/diarioabcdemichoacan.com.mx\/lasnoticias\/wp-content\/uploads\/2024\/10\/WhatsApp-Image-2024-10-24-at-11.32.48-500x225.jpeg\" alt=\"\" width=\"500\" height=\"225\" srcset=\"https:\/\/diarioabcdemichoacan.com.mx\/lasnoticias\/wp-content\/uploads\/2024\/10\/WhatsApp-Image-2024-10-24-at-11.32.48-500x225.jpeg 500w, https:\/\/diarioabcdemichoacan.com.mx\/lasnoticias\/wp-content\/uploads\/2024\/10\/WhatsApp-Image-2024-10-24-at-11.32.48-1024x462.jpeg 1024w, https:\/\/diarioabcdemichoacan.com.mx\/lasnoticias\/wp-content\/uploads\/2024\/10\/WhatsApp-Image-2024-10-24-at-11.32.48-768x346.jpeg 768w, https:\/\/diarioabcdemichoacan.com.mx\/lasnoticias\/wp-content\/uploads\/2024\/10\/WhatsApp-Image-2024-10-24-at-11.32.48-150x68.jpeg 150w, https:\/\/diarioabcdemichoacan.com.mx\/lasnoticias\/wp-content\/uploads\/2024\/10\/WhatsApp-Image-2024-10-24-at-11.32.48-300x135.jpeg 300w, https:\/\/diarioabcdemichoacan.com.mx\/lasnoticias\/wp-content\/uploads\/2024\/10\/WhatsApp-Image-2024-10-24-at-11.32.48-696x314.jpeg 696w, https:\/\/diarioabcdemichoacan.com.mx\/lasnoticias\/wp-content\/uploads\/2024\/10\/WhatsApp-Image-2024-10-24-at-11.32.48-1068x481.jpeg 1068w, https:\/\/diarioabcdemichoacan.com.mx\/lasnoticias\/wp-content\/uploads\/2024\/10\/WhatsApp-Image-2024-10-24-at-11.32.48.jpeg 1280w\" sizes=\"auto, (max-width: 500px) 100vw, 500px\" \/><\/p>\n<p>&nbsp;<\/p>\n<p>Exhort\u00f3 a las autoridades municipales a reforzar las campa\u00f1as de promoci\u00f3n de medidas para evitar el contagio del dengue.<\/p>\n<p>&nbsp;<\/p>\n<p>A la poblaci\u00f3n en general, pidi\u00f3 que sea corresponsable y destruya los llamados \u00abcriaderos del mosquito Aedes aegypti\u00bb, que es el transmisor de los tres tipos de dengue.<\/p>\n<p>&nbsp;<\/p>\n<p>A la reuni\u00f3n, celebrada en la Casa de la Cultura de esta ciudad, acudieron representantes de los 14 ayuntamientos de la Jurisdicci\u00f3n Sanitaria 05, en su mayor parte alcaldes, y el Jefe de la Jurisdicci\u00f3n Sanitaria 05, Guillermo L\u00f3pez Aguilera, secretario de salud en Michoac\u00e1n, L\u00e1zaro Cort\u00e9s Rangel.<\/p>\n<p>&nbsp;<\/p>\n<p>COMUNICADO.<\/p>\n","protected":false},"excerpt":{"rendered":"<p>En reuni\u00f3n de la Red Jurisdiccional de Municipios por la Salud. &nbsp; Por Roberto Mestizo Ch\u00e1vez. Uruapan, Mich. &#8211; En la lucha contra el dengue no se debe bajar la guardia ni normalizar sus s\u00edntomas, advirti\u00f3 a los presidentes municipales de esta regi\u00f3n el titular de la Secretaria de Salud en Michoac\u00e1n, L\u00e1zaro Cort\u00e9s Rangel. [&hellip;]<\/p>\n","protected":false},"author":9,"featured_media":30110,"comment_status":"closed","ping_status":"closed","sticky":false,"template":"","format":"standard","meta":{"footnotes":""},"categories":[10,17,29,27,3],"tags":[],"class_list":{"0":"post-30100","1":"post","2":"type-post","3":"status-publish","4":"format-standard","5":"has-post-thumbnail","7":"category-estado","8":"category-gobierno-de-michoacan","9":"category-salud","10":"category-slider","11":"category-uruapan"},"yoast_head":"<!-- This site is optimized with the Yoast SEO plugin v24.0 - https:\/\/yoast.com\/wordpress\/plugins\/seo\/ -->\n<title>No se debe bajar la guardia en la lucha contra el dengue: SSM. - Diario ABC de Michoac\u00e1n<\/title>\n<meta name=\"robots\" content=\"index, follow, max-snippet:-1, max-image-preview:large, max-video-preview:-1\" \/>\n<link rel=\"canonical\" href=\"https:\/\/diarioabcdemichoacan.com.mx\/lasnoticias\/no-se-debe-bajar-la-guardia-en-la-lucha-contra-el-dengue-ssm\/\" \/>\n<meta property=\"og:locale\" content=\"es_ES\" \/>\n<meta property=\"og:type\" content=\"article\" \/>\n<meta property=\"og:title\" content=\"No se debe bajar la guardia en la lucha contra el dengue: SSM. - Diario ABC de Michoac\u00e1n\" \/>\n<meta property=\"og:description\" content=\"En reuni\u00f3n de la Red Jurisdiccional de Municipios por la Salud. &nbsp; Por Roberto Mestizo Ch\u00e1vez. Uruapan, Mich. &#8211; En la lucha contra el dengue no se debe bajar la guardia ni normalizar sus s\u00edntomas, advirti\u00f3 a los presidentes municipales de esta regi\u00f3n el titular de la Secretaria de Salud en Michoac\u00e1n, L\u00e1zaro Cort\u00e9s Rangel. [&hellip;]\" \/>\n<meta property=\"og:url\" content=\"https:\/\/diarioabcdemichoacan.com.mx\/lasnoticias\/no-se-debe-bajar-la-guardia-en-la-lucha-contra-el-dengue-ssm\/\" \/>\n<meta property=\"og:site_name\" content=\"Diario ABC de Michoac\u00e1n\" \/>\n<meta property=\"article:published_time\" content=\"2024-10-24T17:39:07+00:00\" \/>\n<meta property=\"article:modified_time\" content=\"2024-10-24T19:41:42+00:00\" \/>\n<meta property=\"og:image\" content=\"https:\/\/diarioabcdemichoacan.com.mx\/lasnoticias\/wp-content\/uploads\/2024\/10\/WhatsApp-Image-2024-10-24-at-11.32.49.jpeg\" \/>\n\t<meta property=\"og:image:width\" content=\"1280\" \/>\n\t<meta property=\"og:image:height\" content=\"577\" \/>\n\t<meta property=\"og:image:type\" content=\"image\/jpeg\" \/>\n<meta name=\"author\" content=\"AR\" \/>\n<meta name=\"twitter:card\" content=\"summary_large_image\" \/>\n<meta name=\"twitter:label1\" content=\"Escrito por\" \/>\n\t<meta name=\"twitter:data1\" content=\"AR\" \/>\n\t<meta name=\"twitter:label2\" content=\"Tiempo de lectura\" \/>\n\t<meta name=\"twitter:data2\" content=\"2 minutos\" \/>\n<script type=\"application\/ld+json\" class=\"yoast-schema-graph\">{\"@context\":\"https:\/\/schema.org\",\"@graph\":[{\"@type\":\"WebPage\",\"@id\":\"https:\/\/diarioabcdemichoacan.com.mx\/lasnoticias\/no-se-debe-bajar-la-guardia-en-la-lucha-contra-el-dengue-ssm\/\",\"url\":\"https:\/\/diarioabcdemichoacan.com.mx\/lasnoticias\/no-se-debe-bajar-la-guardia-en-la-lucha-contra-el-dengue-ssm\/\",\"name\":\"No se debe bajar la guardia en la lucha contra el dengue: SSM. - Diario ABC de Michoac\u00e1n\",\"isPartOf\":{\"@id\":\"https:\/\/diarioabcdemichoacan.com.mx\/lasnoticias\/#website\"},\"primaryImageOfPage\":{\"@id\":\"https:\/\/diarioabcdemichoacan.com.mx\/lasnoticias\/no-se-debe-bajar-la-guardia-en-la-lucha-contra-el-dengue-ssm\/#primaryimage\"},\"image\":{\"@id\":\"https:\/\/diarioabcdemichoacan.com.mx\/lasnoticias\/no-se-debe-bajar-la-guardia-en-la-lucha-contra-el-dengue-ssm\/#primaryimage\"},\"thumbnailUrl\":\"https:\/\/diarioabcdemichoacan.com.mx\/lasnoticias\/wp-content\/uploads\/2024\/10\/WhatsApp-Image-2024-10-24-at-11.32.49.jpeg\",\"datePublished\":\"2024-10-24T17:39:07+00:00\",\"dateModified\":\"2024-10-24T19:41:42+00:00\",\"author\":{\"@id\":\"https:\/\/diarioabcdemichoacan.com.mx\/lasnoticias\/#\/schema\/person\/19ae376040f6cbc489682ebdd8524852\"},\"breadcrumb\":{\"@id\":\"https:\/\/diarioabcdemichoacan.com.mx\/lasnoticias\/no-se-debe-bajar-la-guardia-en-la-lucha-contra-el-dengue-ssm\/#breadcrumb\"},\"inLanguage\":\"es\",\"potentialAction\":[{\"@type\":\"ReadAction\",\"target\":[\"https:\/\/diarioabcdemichoacan.com.mx\/lasnoticias\/no-se-debe-bajar-la-guardia-en-la-lucha-contra-el-dengue-ssm\/\"]}]},{\"@type\":\"ImageObject\",\"inLanguage\":\"es\",\"@id\":\"https:\/\/diarioabcdemichoacan.com.mx\/lasnoticias\/no-se-debe-bajar-la-guardia-en-la-lucha-contra-el-dengue-ssm\/#primaryimage\",\"url\":\"https:\/\/diarioabcdemichoacan.com.mx\/lasnoticias\/wp-content\/uploads\/2024\/10\/WhatsApp-Image-2024-10-24-at-11.32.49.jpeg\",\"contentUrl\":\"https:\/\/diarioabcdemichoacan.com.mx\/lasnoticias\/wp-content\/uploads\/2024\/10\/WhatsApp-Image-2024-10-24-at-11.32.49.jpeg\",\"width\":1280,\"height\":577},{\"@type\":\"BreadcrumbList\",\"@id\":\"https:\/\/diarioabcdemichoacan.com.mx\/lasnoticias\/no-se-debe-bajar-la-guardia-en-la-lucha-contra-el-dengue-ssm\/#breadcrumb\",\"itemListElement\":[{\"@type\":\"ListItem\",\"position\":1,\"name\":\"Portada\",\"item\":\"https:\/\/diarioabcdemichoacan.com.mx\/lasnoticias\/\"},{\"@type\":\"ListItem\",\"position\":2,\"name\":\"No se debe bajar la guardia en la lucha contra el dengue: SSM.\"}]},{\"@type\":\"WebSite\",\"@id\":\"https:\/\/diarioabcdemichoacan.com.mx\/lasnoticias\/#website\",\"url\":\"https:\/\/diarioabcdemichoacan.com.mx\/lasnoticias\/\",\"name\":\"Diario ABC de Michoac\u00e1n\",\"description\":\"Las noticias al momento\",\"potentialAction\":[{\"@type\":\"SearchAction\",\"target\":{\"@type\":\"EntryPoint\",\"urlTemplate\":\"https:\/\/diarioabcdemichoacan.com.mx\/lasnoticias\/?s={search_term_string}\"},\"query-input\":{\"@type\":\"PropertyValueSpecification\",\"valueRequired\":true,\"valueName\":\"search_term_string\"}}],\"inLanguage\":\"es\"},{\"@type\":\"Person\",\"@id\":\"https:\/\/diarioabcdemichoacan.com.mx\/lasnoticias\/#\/schema\/person\/19ae376040f6cbc489682ebdd8524852\",\"name\":\"AR\",\"image\":{\"@type\":\"ImageObject\",\"inLanguage\":\"es\",\"@id\":\"https:\/\/diarioabcdemichoacan.com.mx\/lasnoticias\/#\/schema\/person\/image\/\",\"url\":\"https:\/\/secure.gravatar.com\/avatar\/44eca2ff970262234e20e1e082872af0?s=96&d=mm&r=g\",\"contentUrl\":\"https:\/\/secure.gravatar.com\/avatar\/44eca2ff970262234e20e1e082872af0?s=96&d=mm&r=g\",\"caption\":\"AR\"},\"url\":\"https:\/\/diarioabcdemichoacan.com.mx\/lasnoticias\/author\/adrian\/\"}]}<\/script>\n<!-- \/ Yoast SEO plugin. -->","yoast_head_json":{"title":"No se debe bajar la guardia en la lucha contra el dengue: SSM. - Diario ABC de Michoac\u00e1n","robots":{"index":"index","follow":"follow","max-snippet":"max-snippet:-1","max-image-preview":"max-image-preview:large","max-video-preview":"max-video-preview:-1"},"canonical":"https:\/\/diarioabcdemichoacan.com.mx\/lasnoticias\/no-se-debe-bajar-la-guardia-en-la-lucha-contra-el-dengue-ssm\/","og_locale":"es_ES","og_type":"article","og_title":"No se debe bajar la guardia en la lucha contra el dengue: SSM. - Diario ABC de Michoac\u00e1n","og_description":"En reuni\u00f3n de la Red Jurisdiccional de Municipios por la Salud. &nbsp; Por Roberto Mestizo Ch\u00e1vez. Uruapan, Mich. &#8211; En la lucha contra el dengue no se debe bajar la guardia ni normalizar sus s\u00edntomas, advirti\u00f3 a los presidentes municipales de esta regi\u00f3n el titular de la Secretaria de Salud en Michoac\u00e1n, L\u00e1zaro Cort\u00e9s Rangel. [&hellip;]","og_url":"https:\/\/diarioabcdemichoacan.com.mx\/lasnoticias\/no-se-debe-bajar-la-guardia-en-la-lucha-contra-el-dengue-ssm\/","og_site_name":"Diario ABC de Michoac\u00e1n","article_published_time":"2024-10-24T17:39:07+00:00","article_modified_time":"2024-10-24T19:41:42+00:00","og_image":[{"width":1280,"height":577,"url":"https:\/\/diarioabcdemichoacan.com.mx\/lasnoticias\/wp-content\/uploads\/2024\/10\/WhatsApp-Image-2024-10-24-at-11.32.49.jpeg","type":"image\/jpeg"}],"author":"AR","twitter_card":"summary_large_image","twitter_misc":{"Escrito por":"AR","Tiempo de lectura":"2 minutos"},"schema":{"@context":"https:\/\/schema.org","@graph":[{"@type":"WebPage","@id":"https:\/\/diarioabcdemichoacan.com.mx\/lasnoticias\/no-se-debe-bajar-la-guardia-en-la-lucha-contra-el-dengue-ssm\/","url":"https:\/\/diarioabcdemichoacan.com.mx\/lasnoticias\/no-se-debe-bajar-la-guardia-en-la-lucha-contra-el-dengue-ssm\/","name":"No se debe bajar la guardia en la lucha contra el dengue: SSM. - Diario ABC de Michoac\u00e1n","isPartOf":{"@id":"https:\/\/diarioabcdemichoacan.com.mx\/lasnoticias\/#website"},"primaryImageOfPage":{"@id":"https:\/\/diarioabcdemichoacan.com.mx\/lasnoticias\/no-se-debe-bajar-la-guardia-en-la-lucha-contra-el-dengue-ssm\/#primaryimage"},"image":{"@id":"https:\/\/diarioabcdemichoacan.com.mx\/lasnoticias\/no-se-debe-bajar-la-guardia-en-la-lucha-contra-el-dengue-ssm\/#primaryimage"},"thumbnailUrl":"https:\/\/diarioabcdemichoacan.com.mx\/lasnoticias\/wp-content\/uploads\/2024\/10\/WhatsApp-Image-2024-10-24-at-11.32.49.jpeg","datePublished":"2024-10-24T17:39:07+00:00","dateModified":"2024-10-24T19:41:42+00:00","author":{"@id":"https:\/\/diarioabcdemichoacan.com.mx\/lasnoticias\/#\/schema\/person\/19ae376040f6cbc489682ebdd8524852"},"breadcrumb":{"@id":"https:\/\/diarioabcdemichoacan.com.mx\/lasnoticias\/no-se-debe-bajar-la-guardia-en-la-lucha-contra-el-dengue-ssm\/#breadcrumb"},"inLanguage":"es","potentialAction":[{"@type":"ReadAction","target":["https:\/\/diarioabcdemichoacan.com.mx\/lasnoticias\/no-se-debe-bajar-la-guardia-en-la-lucha-contra-el-dengue-ssm\/"]}]},{"@type":"ImageObject","inLanguage":"es","@id":"https:\/\/diarioabcdemichoacan.com.mx\/lasnoticias\/no-se-debe-bajar-la-guardia-en-la-lucha-contra-el-dengue-ssm\/#primaryimage","url":"https:\/\/diarioabcdemichoacan.com.mx\/lasnoticias\/wp-content\/uploads\/2024\/10\/WhatsApp-Image-2024-10-24-at-11.32.49.jpeg","contentUrl":"https:\/\/diarioabcdemichoacan.com.mx\/lasnoticias\/wp-content\/uploads\/2024\/10\/WhatsApp-Image-2024-10-24-at-11.32.49.jpeg","width":1280,"height":577},{"@type":"BreadcrumbList","@id":"https:\/\/diarioabcdemichoacan.com.mx\/lasnoticias\/no-se-debe-bajar-la-guardia-en-la-lucha-contra-el-dengue-ssm\/#breadcrumb","itemListElement":[{"@type":"ListItem","position":1,"name":"Portada","item":"https:\/\/diarioabcdemichoacan.com.mx\/lasnoticias\/"},{"@type":"ListItem","position":2,"name":"No se debe bajar la guardia en la lucha contra el dengue: SSM."}]},{"@type":"WebSite","@id":"https:\/\/diarioabcdemichoacan.com.mx\/lasnoticias\/#website","url":"https:\/\/diarioabcdemichoacan.com.mx\/lasnoticias\/","name":"Diario ABC de Michoac\u00e1n","description":"Las noticias al momento","potentialAction":[{"@type":"SearchAction","target":{"@type":"EntryPoint","urlTemplate":"https:\/\/diarioabcdemichoacan.com.mx\/lasnoticias\/?s={search_term_string}"},"query-input":{"@type":"PropertyValueSpecification","valueRequired":true,"valueName":"search_term_string"}}],"inLanguage":"es"},{"@type":"Person","@id":"https:\/\/diarioabcdemichoacan.com.mx\/lasnoticias\/#\/schema\/person\/19ae376040f6cbc489682ebdd8524852","name":"AR","image":{"@type":"ImageObject","inLanguage":"es","@id":"https:\/\/diarioabcdemichoacan.com.mx\/lasnoticias\/#\/schema\/person\/image\/","url":"https:\/\/secure.gravatar.com\/avatar\/44eca2ff970262234e20e1e082872af0?s=96&d=mm&r=g","contentUrl":"https:\/\/secure.gravatar.com\/avatar\/44eca2ff970262234e20e1e082872af0?s=96&d=mm&r=g","caption":"AR"},"url":"https:\/\/diarioabcdemichoacan.com.mx\/lasnoticias\/author\/adrian\/"}]}},"_links":{"self":[{"href":"https:\/\/diarioabcdemichoacan.com.mx\/lasnoticias\/wp-json\/wp\/v2\/posts\/30100","targetHints":{"allow":["GET"]}}],"collection":[{"href":"https:\/\/diarioabcdemichoacan.com.mx\/lasnoticias\/wp-json\/wp\/v2\/posts"}],"about":[{"href":"https:\/\/diarioabcdemichoacan.com.mx\/lasnoticias\/wp-json\/wp\/v2\/types\/post"}],"author":[{"embeddable":true,"href":"https:\/\/diarioabcdemichoacan.com.mx\/lasnoticias\/wp-json\/wp\/v2\/users\/9"}],"replies":[{"embeddable":true,"href":"https:\/\/diarioabcdemichoacan.com.mx\/lasnoticias\/wp-json\/wp\/v2\/comments?post=30100"}],"version-history":[{"count":3,"href":"https:\/\/diarioabcdemichoacan.com.mx\/lasnoticias\/wp-json\/wp\/v2\/posts\/30100\/revisions"}],"predecessor-version":[{"id":30146,"href":"https:\/\/diarioabcdemichoacan.com.mx\/lasnoticias\/wp-json\/wp\/v2\/posts\/30100\/revisions\/30146"}],"wp:featuredmedia":[{"embeddable":true,"href":"https:\/\/diarioabcdemichoacan.com.mx\/lasnoticias\/wp-json\/wp\/v2\/media\/30110"}],"wp:attachment":[{"href":"https:\/\/diarioabcdemichoacan.com.mx\/lasnoticias\/wp-json\/wp\/v2\/media?parent=30100"}],"wp:term":[{"taxonomy":"category","embeddable":true,"href":"https:\/\/diarioabcdemichoacan.com.mx\/lasnoticias\/wp-json\/wp\/v2\/categories?post=30100"},{"taxonomy":"post_tag","embeddable":true,"href":"https:\/\/diarioabcdemichoacan.com.mx\/lasnoticias\/wp-json\/wp\/v2\/tags?post=30100"}],"curies":[{"name":"wp","href":"https:\/\/api.w.org\/{rel}","templated":true}]}}