{"id":30126,"date":"2024-10-24T13:24:13","date_gmt":"2024-10-24T19:24:13","guid":{"rendered":"https:\/\/diarioabcdemichoacan.com.mx\/lasnoticias\/?p=30126"},"modified":"2024-10-24T13:42:21","modified_gmt":"2024-10-24T19:42:21","slug":"reconoce-umsnh-labor-de-navarro-garcia-como-secretario-de-administracion","status":"publish","type":"post","link":"https:\/\/diarioabcdemichoacan.com.mx\/lasnoticias\/reconoce-umsnh-labor-de-navarro-garcia-como-secretario-de-administracion\/","title":{"rendered":"Reconoce UMSNH labor de Navarro Garc\u00eda como secretario de Administraci\u00f3n."},"content":{"rendered":"<h2>Durante su ponencia El milagro financiero.<\/h2>\n<p>&nbsp;<\/p>\n<hr \/>\n<p>Morelia, Mich. &#8211; En el marco del CVII Aniversario de la Universidad Michoacana de San Nicol\u00e1s de Hidalgo (UMSNH), la comunidad universitaria reconoci\u00f3 al secretario de Finanzas y Administraci\u00f3n, Luis Navarro Garc\u00eda, por su labor y compromiso al frente de la dependencia responsable del manejo de los recursos p\u00fablicos estatales.<\/p>\n<p>&nbsp;<\/p>\n<p>El reconocimiento fue entregado por la rectora de la UMSNH, Yarab\u00ed \u00c1vila, durante una ceremonia celebrada en la sala del Consejo Universitario, donde el tesorero present\u00f3 la ponencia El milagro financiero.<\/p>\n<p>&nbsp;<\/p>\n<p><img loading=\"lazy\" decoding=\"async\" class=\"alignnone size-medium wp-image-30138\" src=\"https:\/\/diarioabcdemichoacan.com.mx\/lasnoticias\/wp-content\/uploads\/2024\/10\/WhatsApp-Image-2024-10-24-at-13.19.33-1-500x333.jpeg\" alt=\"\" width=\"500\" height=\"333\" srcset=\"https:\/\/diarioabcdemichoacan.com.mx\/lasnoticias\/wp-content\/uploads\/2024\/10\/WhatsApp-Image-2024-10-24-at-13.19.33-1-500x333.jpeg 500w, https:\/\/diarioabcdemichoacan.com.mx\/lasnoticias\/wp-content\/uploads\/2024\/10\/WhatsApp-Image-2024-10-24-at-13.19.33-1-1024x683.jpeg 1024w, https:\/\/diarioabcdemichoacan.com.mx\/lasnoticias\/wp-content\/uploads\/2024\/10\/WhatsApp-Image-2024-10-24-at-13.19.33-1-768x512.jpeg 768w, https:\/\/diarioabcdemichoacan.com.mx\/lasnoticias\/wp-content\/uploads\/2024\/10\/WhatsApp-Image-2024-10-24-at-13.19.33-1-1536x1024.jpeg 1536w, https:\/\/diarioabcdemichoacan.com.mx\/lasnoticias\/wp-content\/uploads\/2024\/10\/WhatsApp-Image-2024-10-24-at-13.19.33-1-2048x1365.jpeg 2048w, https:\/\/diarioabcdemichoacan.com.mx\/lasnoticias\/wp-content\/uploads\/2024\/10\/WhatsApp-Image-2024-10-24-at-13.19.33-1-150x100.jpeg 150w, https:\/\/diarioabcdemichoacan.com.mx\/lasnoticias\/wp-content\/uploads\/2024\/10\/WhatsApp-Image-2024-10-24-at-13.19.33-1-300x200.jpeg 300w, https:\/\/diarioabcdemichoacan.com.mx\/lasnoticias\/wp-content\/uploads\/2024\/10\/WhatsApp-Image-2024-10-24-at-13.19.33-1-696x464.jpeg 696w, https:\/\/diarioabcdemichoacan.com.mx\/lasnoticias\/wp-content\/uploads\/2024\/10\/WhatsApp-Image-2024-10-24-at-13.19.33-1-1068x712.jpeg 1068w, https:\/\/diarioabcdemichoacan.com.mx\/lasnoticias\/wp-content\/uploads\/2024\/10\/WhatsApp-Image-2024-10-24-at-13.19.33-1-1920x1280.jpeg 1920w\" sizes=\"auto, (max-width: 500px) 100vw, 500px\" \/><\/p>\n<p>&nbsp;<\/p>\n<p>Destac\u00f3 la importancia de la transparencia y la rendici\u00f3n de cuentas en el manejo de los recursos p\u00fablicos, as\u00ed como su compromiso con el desarrollo econ\u00f3mico y social de Michoac\u00e1n.<\/p>\n<p>&nbsp;<\/p>\n<p>\u00abEs un honor recibir este reconocimiento en un evento tan significativo para nuestra universidad. Mi labor en la Secretar\u00eda de Finanzas es un esfuerzo colectivo que busca el bienestar de la sociedad michoacana. Agradezco a la comunidad universitaria por este gesto y reafirmo mi compromiso con la educaci\u00f3n y el progreso de nuestro estado\u00bb, expres\u00f3 Navarro Garc\u00eda.<\/p>\n<p>&nbsp;<\/p>\n<p>Finalmente, manifest\u00f3 que la entrega de este reconocimiento resalta la importancia de la colaboraci\u00f3n entre instituciones acad\u00e9micas y el gobierno, as\u00ed como el papel fundamental que juega la educaci\u00f3n en el desarrollo de pol\u00edticas p\u00fablicas responsables y efectivas.<\/p>\n<p>&nbsp;<\/p>\n<p>COMUNICADO.<\/p>\n","protected":false},"excerpt":{"rendered":"<p>Durante su ponencia El milagro financiero. &nbsp; Morelia, Mich. &#8211; En el marco del CVII Aniversario de la Universidad Michoacana de San Nicol\u00e1s de Hidalgo (UMSNH), la comunidad universitaria reconoci\u00f3 al secretario de Finanzas y Administraci\u00f3n, Luis Navarro Garc\u00eda, por su labor y compromiso al frente de la dependencia responsable del manejo de los recursos [&hellip;]<\/p>\n","protected":false},"author":9,"featured_media":30139,"comment_status":"closed","ping_status":"closed","sticky":false,"template":"","format":"standard","meta":{"footnotes":""},"categories":[10,17,27,23],"tags":[],"class_list":{"0":"post-30126","1":"post","2":"type-post","3":"status-publish","4":"format-standard","5":"has-post-thumbnail","7":"category-estado","8":"category-gobierno-de-michoacan","9":"category-slider","10":"category-universidad-michoacana"},"yoast_head":"<!-- This site is optimized with the Yoast SEO plugin v24.0 - https:\/\/yoast.com\/wordpress\/plugins\/seo\/ -->\n<title>Reconoce UMSNH labor de Navarro Garc\u00eda como secretario de Administraci\u00f3n. - Diario ABC de Michoac\u00e1n<\/title>\n<meta name=\"robots\" content=\"index, follow, max-snippet:-1, max-image-preview:large, max-video-preview:-1\" \/>\n<link rel=\"canonical\" href=\"https:\/\/diarioabcdemichoacan.com.mx\/lasnoticias\/reconoce-umsnh-labor-de-navarro-garcia-como-secretario-de-administracion\/\" \/>\n<meta property=\"og:locale\" content=\"es_ES\" \/>\n<meta property=\"og:type\" content=\"article\" \/>\n<meta property=\"og:title\" content=\"Reconoce UMSNH labor de Navarro Garc\u00eda como secretario de Administraci\u00f3n. - Diario ABC de Michoac\u00e1n\" \/>\n<meta property=\"og:description\" content=\"Durante su ponencia El milagro financiero. &nbsp; Morelia, Mich. &#8211; En el marco del CVII Aniversario de la Universidad Michoacana de San Nicol\u00e1s de Hidalgo (UMSNH), la comunidad universitaria reconoci\u00f3 al secretario de Finanzas y Administraci\u00f3n, Luis Navarro Garc\u00eda, por su labor y compromiso al frente de la dependencia responsable del manejo de los recursos [&hellip;]\" \/>\n<meta property=\"og:url\" content=\"https:\/\/diarioabcdemichoacan.com.mx\/lasnoticias\/reconoce-umsnh-labor-de-navarro-garcia-como-secretario-de-administracion\/\" \/>\n<meta property=\"og:site_name\" content=\"Diario ABC de Michoac\u00e1n\" \/>\n<meta property=\"article:published_time\" content=\"2024-10-24T19:24:13+00:00\" \/>\n<meta property=\"article:modified_time\" content=\"2024-10-24T19:42:21+00:00\" \/>\n<meta property=\"og:image\" content=\"https:\/\/diarioabcdemichoacan.com.mx\/lasnoticias\/wp-content\/uploads\/2024\/10\/WhatsApp-Image-2024-10-24-at-13.19.33-scaled.jpeg\" \/>\n\t<meta property=\"og:image:width\" content=\"2560\" \/>\n\t<meta property=\"og:image:height\" content=\"1706\" \/>\n\t<meta property=\"og:image:type\" content=\"image\/jpeg\" \/>\n<meta name=\"author\" content=\"AR\" \/>\n<meta name=\"twitter:card\" content=\"summary_large_image\" \/>\n<meta name=\"twitter:label1\" content=\"Escrito por\" \/>\n\t<meta name=\"twitter:data1\" content=\"AR\" \/>\n\t<meta name=\"twitter:label2\" content=\"Tiempo de lectura\" \/>\n\t<meta name=\"twitter:data2\" content=\"2 minutos\" \/>\n<script type=\"application\/ld+json\" class=\"yoast-schema-graph\">{\"@context\":\"https:\/\/schema.org\",\"@graph\":[{\"@type\":\"WebPage\",\"@id\":\"https:\/\/diarioabcdemichoacan.com.mx\/lasnoticias\/reconoce-umsnh-labor-de-navarro-garcia-como-secretario-de-administracion\/\",\"url\":\"https:\/\/diarioabcdemichoacan.com.mx\/lasnoticias\/reconoce-umsnh-labor-de-navarro-garcia-como-secretario-de-administracion\/\",\"name\":\"Reconoce UMSNH labor de Navarro Garc\u00eda como secretario de Administraci\u00f3n. - Diario ABC de Michoac\u00e1n\",\"isPartOf\":{\"@id\":\"https:\/\/diarioabcdemichoacan.com.mx\/lasnoticias\/#website\"},\"primaryImageOfPage\":{\"@id\":\"https:\/\/diarioabcdemichoacan.com.mx\/lasnoticias\/reconoce-umsnh-labor-de-navarro-garcia-como-secretario-de-administracion\/#primaryimage\"},\"image\":{\"@id\":\"https:\/\/diarioabcdemichoacan.com.mx\/lasnoticias\/reconoce-umsnh-labor-de-navarro-garcia-como-secretario-de-administracion\/#primaryimage\"},\"thumbnailUrl\":\"https:\/\/diarioabcdemichoacan.com.mx\/lasnoticias\/wp-content\/uploads\/2024\/10\/WhatsApp-Image-2024-10-24-at-13.19.33-scaled.jpeg\",\"datePublished\":\"2024-10-24T19:24:13+00:00\",\"dateModified\":\"2024-10-24T19:42:21+00:00\",\"author\":{\"@id\":\"https:\/\/diarioabcdemichoacan.com.mx\/lasnoticias\/#\/schema\/person\/19ae376040f6cbc489682ebdd8524852\"},\"breadcrumb\":{\"@id\":\"https:\/\/diarioabcdemichoacan.com.mx\/lasnoticias\/reconoce-umsnh-labor-de-navarro-garcia-como-secretario-de-administracion\/#breadcrumb\"},\"inLanguage\":\"es\",\"potentialAction\":[{\"@type\":\"ReadAction\",\"target\":[\"https:\/\/diarioabcdemichoacan.com.mx\/lasnoticias\/reconoce-umsnh-labor-de-navarro-garcia-como-secretario-de-administracion\/\"]}]},{\"@type\":\"ImageObject\",\"inLanguage\":\"es\",\"@id\":\"https:\/\/diarioabcdemichoacan.com.mx\/lasnoticias\/reconoce-umsnh-labor-de-navarro-garcia-como-secretario-de-administracion\/#primaryimage\",\"url\":\"https:\/\/diarioabcdemichoacan.com.mx\/lasnoticias\/wp-content\/uploads\/2024\/10\/WhatsApp-Image-2024-10-24-at-13.19.33-scaled.jpeg\",\"contentUrl\":\"https:\/\/diarioabcdemichoacan.com.mx\/lasnoticias\/wp-content\/uploads\/2024\/10\/WhatsApp-Image-2024-10-24-at-13.19.33-scaled.jpeg\",\"width\":2560,\"height\":1706},{\"@type\":\"BreadcrumbList\",\"@id\":\"https:\/\/diarioabcdemichoacan.com.mx\/lasnoticias\/reconoce-umsnh-labor-de-navarro-garcia-como-secretario-de-administracion\/#breadcrumb\",\"itemListElement\":[{\"@type\":\"ListItem\",\"position\":1,\"name\":\"Portada\",\"item\":\"https:\/\/diarioabcdemichoacan.com.mx\/lasnoticias\/\"},{\"@type\":\"ListItem\",\"position\":2,\"name\":\"Reconoce UMSNH labor de Navarro Garc\u00eda como secretario de Administraci\u00f3n.\"}]},{\"@type\":\"WebSite\",\"@id\":\"https:\/\/diarioabcdemichoacan.com.mx\/lasnoticias\/#website\",\"url\":\"https:\/\/diarioabcdemichoacan.com.mx\/lasnoticias\/\",\"name\":\"Diario ABC de Michoac\u00e1n\",\"description\":\"Las noticias al momento\",\"potentialAction\":[{\"@type\":\"SearchAction\",\"target\":{\"@type\":\"EntryPoint\",\"urlTemplate\":\"https:\/\/diarioabcdemichoacan.com.mx\/lasnoticias\/?s={search_term_string}\"},\"query-input\":{\"@type\":\"PropertyValueSpecification\",\"valueRequired\":true,\"valueName\":\"search_term_string\"}}],\"inLanguage\":\"es\"},{\"@type\":\"Person\",\"@id\":\"https:\/\/diarioabcdemichoacan.com.mx\/lasnoticias\/#\/schema\/person\/19ae376040f6cbc489682ebdd8524852\",\"name\":\"AR\",\"image\":{\"@type\":\"ImageObject\",\"inLanguage\":\"es\",\"@id\":\"https:\/\/diarioabcdemichoacan.com.mx\/lasnoticias\/#\/schema\/person\/image\/\",\"url\":\"https:\/\/secure.gravatar.com\/avatar\/44eca2ff970262234e20e1e082872af0?s=96&d=mm&r=g\",\"contentUrl\":\"https:\/\/secure.gravatar.com\/avatar\/44eca2ff970262234e20e1e082872af0?s=96&d=mm&r=g\",\"caption\":\"AR\"},\"url\":\"https:\/\/diarioabcdemichoacan.com.mx\/lasnoticias\/author\/adrian\/\"}]}<\/script>\n<!-- \/ Yoast SEO plugin. -->","yoast_head_json":{"title":"Reconoce UMSNH labor de Navarro Garc\u00eda como secretario de Administraci\u00f3n. - Diario ABC de Michoac\u00e1n","robots":{"index":"index","follow":"follow","max-snippet":"max-snippet:-1","max-image-preview":"max-image-preview:large","max-video-preview":"max-video-preview:-1"},"canonical":"https:\/\/diarioabcdemichoacan.com.mx\/lasnoticias\/reconoce-umsnh-labor-de-navarro-garcia-como-secretario-de-administracion\/","og_locale":"es_ES","og_type":"article","og_title":"Reconoce UMSNH labor de Navarro Garc\u00eda como secretario de Administraci\u00f3n. - Diario ABC de Michoac\u00e1n","og_description":"Durante su ponencia El milagro financiero. &nbsp; Morelia, Mich. &#8211; En el marco del CVII Aniversario de la Universidad Michoacana de San Nicol\u00e1s de Hidalgo (UMSNH), la comunidad universitaria reconoci\u00f3 al secretario de Finanzas y Administraci\u00f3n, Luis Navarro Garc\u00eda, por su labor y compromiso al frente de la dependencia responsable del manejo de los recursos [&hellip;]","og_url":"https:\/\/diarioabcdemichoacan.com.mx\/lasnoticias\/reconoce-umsnh-labor-de-navarro-garcia-como-secretario-de-administracion\/","og_site_name":"Diario ABC de Michoac\u00e1n","article_published_time":"2024-10-24T19:24:13+00:00","article_modified_time":"2024-10-24T19:42:21+00:00","og_image":[{"width":2560,"height":1706,"url":"https:\/\/diarioabcdemichoacan.com.mx\/lasnoticias\/wp-content\/uploads\/2024\/10\/WhatsApp-Image-2024-10-24-at-13.19.33-scaled.jpeg","type":"image\/jpeg"}],"author":"AR","twitter_card":"summary_large_image","twitter_misc":{"Escrito por":"AR","Tiempo de lectura":"2 minutos"},"schema":{"@context":"https:\/\/schema.org","@graph":[{"@type":"WebPage","@id":"https:\/\/diarioabcdemichoacan.com.mx\/lasnoticias\/reconoce-umsnh-labor-de-navarro-garcia-como-secretario-de-administracion\/","url":"https:\/\/diarioabcdemichoacan.com.mx\/lasnoticias\/reconoce-umsnh-labor-de-navarro-garcia-como-secretario-de-administracion\/","name":"Reconoce UMSNH labor de Navarro Garc\u00eda como secretario de Administraci\u00f3n. - Diario ABC de Michoac\u00e1n","isPartOf":{"@id":"https:\/\/diarioabcdemichoacan.com.mx\/lasnoticias\/#website"},"primaryImageOfPage":{"@id":"https:\/\/diarioabcdemichoacan.com.mx\/lasnoticias\/reconoce-umsnh-labor-de-navarro-garcia-como-secretario-de-administracion\/#primaryimage"},"image":{"@id":"https:\/\/diarioabcdemichoacan.com.mx\/lasnoticias\/reconoce-umsnh-labor-de-navarro-garcia-como-secretario-de-administracion\/#primaryimage"},"thumbnailUrl":"https:\/\/diarioabcdemichoacan.com.mx\/lasnoticias\/wp-content\/uploads\/2024\/10\/WhatsApp-Image-2024-10-24-at-13.19.33-scaled.jpeg","datePublished":"2024-10-24T19:24:13+00:00","dateModified":"2024-10-24T19:42:21+00:00","author":{"@id":"https:\/\/diarioabcdemichoacan.com.mx\/lasnoticias\/#\/schema\/person\/19ae376040f6cbc489682ebdd8524852"},"breadcrumb":{"@id":"https:\/\/diarioabcdemichoacan.com.mx\/lasnoticias\/reconoce-umsnh-labor-de-navarro-garcia-como-secretario-de-administracion\/#breadcrumb"},"inLanguage":"es","potentialAction":[{"@type":"ReadAction","target":["https:\/\/diarioabcdemichoacan.com.mx\/lasnoticias\/reconoce-umsnh-labor-de-navarro-garcia-como-secretario-de-administracion\/"]}]},{"@type":"ImageObject","inLanguage":"es","@id":"https:\/\/diarioabcdemichoacan.com.mx\/lasnoticias\/reconoce-umsnh-labor-de-navarro-garcia-como-secretario-de-administracion\/#primaryimage","url":"https:\/\/diarioabcdemichoacan.com.mx\/lasnoticias\/wp-content\/uploads\/2024\/10\/WhatsApp-Image-2024-10-24-at-13.19.33-scaled.jpeg","contentUrl":"https:\/\/diarioabcdemichoacan.com.mx\/lasnoticias\/wp-content\/uploads\/2024\/10\/WhatsApp-Image-2024-10-24-at-13.19.33-scaled.jpeg","width":2560,"height":1706},{"@type":"BreadcrumbList","@id":"https:\/\/diarioabcdemichoacan.com.mx\/lasnoticias\/reconoce-umsnh-labor-de-navarro-garcia-como-secretario-de-administracion\/#breadcrumb","itemListElement":[{"@type":"ListItem","position":1,"name":"Portada","item":"https:\/\/diarioabcdemichoacan.com.mx\/lasnoticias\/"},{"@type":"ListItem","position":2,"name":"Reconoce UMSNH labor de Navarro Garc\u00eda como secretario de Administraci\u00f3n."}]},{"@type":"WebSite","@id":"https:\/\/diarioabcdemichoacan.com.mx\/lasnoticias\/#website","url":"https:\/\/diarioabcdemichoacan.com.mx\/lasnoticias\/","name":"Diario ABC de Michoac\u00e1n","description":"Las noticias al momento","potentialAction":[{"@type":"SearchAction","target":{"@type":"EntryPoint","urlTemplate":"https:\/\/diarioabcdemichoacan.com.mx\/lasnoticias\/?s={search_term_string}"},"query-input":{"@type":"PropertyValueSpecification","valueRequired":true,"valueName":"search_term_string"}}],"inLanguage":"es"},{"@type":"Person","@id":"https:\/\/diarioabcdemichoacan.com.mx\/lasnoticias\/#\/schema\/person\/19ae376040f6cbc489682ebdd8524852","name":"AR","image":{"@type":"ImageObject","inLanguage":"es","@id":"https:\/\/diarioabcdemichoacan.com.mx\/lasnoticias\/#\/schema\/person\/image\/","url":"https:\/\/secure.gravatar.com\/avatar\/44eca2ff970262234e20e1e082872af0?s=96&d=mm&r=g","contentUrl":"https:\/\/secure.gravatar.com\/avatar\/44eca2ff970262234e20e1e082872af0?s=96&d=mm&r=g","caption":"AR"},"url":"https:\/\/diarioabcdemichoacan.com.mx\/lasnoticias\/author\/adrian\/"}]}},"_links":{"self":[{"href":"https:\/\/diarioabcdemichoacan.com.mx\/lasnoticias\/wp-json\/wp\/v2\/posts\/30126","targetHints":{"allow":["GET"]}}],"collection":[{"href":"https:\/\/diarioabcdemichoacan.com.mx\/lasnoticias\/wp-json\/wp\/v2\/posts"}],"about":[{"href":"https:\/\/diarioabcdemichoacan.com.mx\/lasnoticias\/wp-json\/wp\/v2\/types\/post"}],"author":[{"embeddable":true,"href":"https:\/\/diarioabcdemichoacan.com.mx\/lasnoticias\/wp-json\/wp\/v2\/users\/9"}],"replies":[{"embeddable":true,"href":"https:\/\/diarioabcdemichoacan.com.mx\/lasnoticias\/wp-json\/wp\/v2\/comments?post=30126"}],"version-history":[{"count":2,"href":"https:\/\/diarioabcdemichoacan.com.mx\/lasnoticias\/wp-json\/wp\/v2\/posts\/30126\/revisions"}],"predecessor-version":[{"id":30149,"href":"https:\/\/diarioabcdemichoacan.com.mx\/lasnoticias\/wp-json\/wp\/v2\/posts\/30126\/revisions\/30149"}],"wp:featuredmedia":[{"embeddable":true,"href":"https:\/\/diarioabcdemichoacan.com.mx\/lasnoticias\/wp-json\/wp\/v2\/media\/30139"}],"wp:attachment":[{"href":"https:\/\/diarioabcdemichoacan.com.mx\/lasnoticias\/wp-json\/wp\/v2\/media?parent=30126"}],"wp:term":[{"taxonomy":"category","embeddable":true,"href":"https:\/\/diarioabcdemichoacan.com.mx\/lasnoticias\/wp-json\/wp\/v2\/categories?post=30126"},{"taxonomy":"post_tag","embeddable":true,"href":"https:\/\/diarioabcdemichoacan.com.mx\/lasnoticias\/wp-json\/wp\/v2\/tags?post=30126"}],"curies":[{"name":"wp","href":"https:\/\/api.w.org\/{rel}","templated":true}]}}