{"id":30128,"date":"2024-10-24T13:07:15","date_gmt":"2024-10-24T19:07:15","guid":{"rendered":"https:\/\/diarioabcdemichoacan.com.mx\/lasnoticias\/?p=30128"},"modified":"2024-10-24T13:42:07","modified_gmt":"2024-10-24T19:42:07","slug":"raul-moron-prepara-propuesta-de-reforma-constitucional-educativa","status":"publish","type":"post","link":"https:\/\/diarioabcdemichoacan.com.mx\/lasnoticias\/raul-moron-prepara-propuesta-de-reforma-constitucional-educativa\/","title":{"rendered":"Ra\u00fal Mor\u00f3n prepara propuesta de reforma constitucional educativa."},"content":{"rendered":"<h2>Se plantea separar del art\u00edculo tercero constitucional el rubro laboral.<\/h2>\n<p>&nbsp;<\/p>\n<h6>Por Sara\u00ed Rangel.<\/h6>\n<hr \/>\n<p>Morelia, Mich. &#8211; El senador de la Rep\u00fablica Ra\u00fal Mor\u00f3n Orozco, dio a conocer que ya se iniciaron los trabajos desde la Comisi\u00f3n de Educaci\u00f3n junto con un equipo de la Secretar\u00eda de Educaci\u00f3n P\u00fablica (SEP), para presentar una iniciativa de reforma constitucional a la Ley de Educaci\u00f3n, que contempla separar el rubro laboral del art\u00edculo tercero de la Constituci\u00f3n Pol\u00edtica de los Estados Unidos Mexicanos.<\/p>\n<p>&nbsp;<\/p>\n<p>En entrevista, declar\u00f3 la necesidad de ir m\u00e1s all\u00e1 de la desaparici\u00f3n de la Unidad del Sistema para la Carrera de las Maestros y Maestras (USICAMM) comprometido por la presidenta Claudia Sheinbaum Pardo, \u00abla nueva ley va a marcar los lineamientos que permitan con mucha claridad guiar a los maestros en como pueden gestionar la movilidad interna y tambi\u00e9n acceder a mejores salarios y mejores puestos\u00bb.<\/p>\n<p>&nbsp;<\/p>\n<p>Mor\u00f3n Orozco puntualiz\u00f3 que se debe garantizar que todas las preocupaciones que tienen las maestras y maestros se resuelvan a partir de esta reforma y dar certeza, lo que abonar\u00eda a mejorar la educaci\u00f3n en el pa\u00eds.<\/p>\n<p>&nbsp;<\/p>\n<p>Se\u00f1al\u00f3 que es necesario separar el art\u00edculo tercero constitucional, que tiene otro escrito, el tema laboral y llevarlo al 123, lo que no tendr\u00eda mayores repercusiones, sino por el contrario significa \u00abponer cada cosa en su lugar\u00bb.<\/p>\n","protected":false},"excerpt":{"rendered":"<p>Se plantea separar del art\u00edculo tercero constitucional el rubro laboral. &nbsp; Por Sara\u00ed Rangel. Morelia, Mich. &#8211; El senador de la Rep\u00fablica Ra\u00fal Mor\u00f3n Orozco, dio a conocer que ya se iniciaron los trabajos desde la Comisi\u00f3n de Educaci\u00f3n junto con un equipo de la Secretar\u00eda de Educaci\u00f3n P\u00fablica (SEP), para presentar una iniciativa de [&hellip;]<\/p>\n","protected":false},"author":9,"featured_media":30135,"comment_status":"closed","ping_status":"closed","sticky":false,"template":"","format":"standard","meta":{"footnotes":""},"categories":[10,27],"tags":[],"class_list":{"0":"post-30128","1":"post","2":"type-post","3":"status-publish","4":"format-standard","5":"has-post-thumbnail","7":"category-estado","8":"category-slider"},"yoast_head":"<!-- This site is optimized with the Yoast SEO plugin v24.0 - https:\/\/yoast.com\/wordpress\/plugins\/seo\/ -->\n<title>Ra\u00fal Mor\u00f3n prepara propuesta de reforma constitucional educativa. - Diario ABC de Michoac\u00e1n<\/title>\n<meta name=\"robots\" content=\"index, follow, max-snippet:-1, max-image-preview:large, max-video-preview:-1\" \/>\n<link rel=\"canonical\" href=\"https:\/\/diarioabcdemichoacan.com.mx\/lasnoticias\/raul-moron-prepara-propuesta-de-reforma-constitucional-educativa\/\" \/>\n<meta property=\"og:locale\" content=\"es_ES\" \/>\n<meta property=\"og:type\" content=\"article\" \/>\n<meta property=\"og:title\" content=\"Ra\u00fal Mor\u00f3n prepara propuesta de reforma constitucional educativa. - Diario ABC de Michoac\u00e1n\" \/>\n<meta property=\"og:description\" content=\"Se plantea separar del art\u00edculo tercero constitucional el rubro laboral. &nbsp; Por Sara\u00ed Rangel. Morelia, Mich. &#8211; El senador de la Rep\u00fablica Ra\u00fal Mor\u00f3n Orozco, dio a conocer que ya se iniciaron los trabajos desde la Comisi\u00f3n de Educaci\u00f3n junto con un equipo de la Secretar\u00eda de Educaci\u00f3n P\u00fablica (SEP), para presentar una iniciativa de [&hellip;]\" \/>\n<meta property=\"og:url\" content=\"https:\/\/diarioabcdemichoacan.com.mx\/lasnoticias\/raul-moron-prepara-propuesta-de-reforma-constitucional-educativa\/\" \/>\n<meta property=\"og:site_name\" content=\"Diario ABC de Michoac\u00e1n\" \/>\n<meta property=\"article:published_time\" content=\"2024-10-24T19:07:15+00:00\" \/>\n<meta property=\"article:modified_time\" content=\"2024-10-24T19:42:07+00:00\" \/>\n<meta property=\"og:image\" content=\"https:\/\/diarioabcdemichoacan.com.mx\/lasnoticias\/wp-content\/uploads\/2024\/10\/WhatsApp-Image-2024-10-24-at-12.58.52.jpeg\" \/>\n\t<meta property=\"og:image:width\" content=\"1599\" \/>\n\t<meta property=\"og:image:height\" content=\"899\" \/>\n\t<meta property=\"og:image:type\" content=\"image\/jpeg\" \/>\n<meta name=\"author\" content=\"AR\" \/>\n<meta name=\"twitter:card\" content=\"summary_large_image\" \/>\n<meta name=\"twitter:label1\" content=\"Escrito por\" \/>\n\t<meta name=\"twitter:data1\" content=\"AR\" \/>\n\t<meta name=\"twitter:label2\" content=\"Tiempo de lectura\" \/>\n\t<meta name=\"twitter:data2\" content=\"2 minutos\" \/>\n<script type=\"application\/ld+json\" class=\"yoast-schema-graph\">{\"@context\":\"https:\/\/schema.org\",\"@graph\":[{\"@type\":\"WebPage\",\"@id\":\"https:\/\/diarioabcdemichoacan.com.mx\/lasnoticias\/raul-moron-prepara-propuesta-de-reforma-constitucional-educativa\/\",\"url\":\"https:\/\/diarioabcdemichoacan.com.mx\/lasnoticias\/raul-moron-prepara-propuesta-de-reforma-constitucional-educativa\/\",\"name\":\"Ra\u00fal Mor\u00f3n prepara propuesta de reforma constitucional educativa. - Diario ABC de Michoac\u00e1n\",\"isPartOf\":{\"@id\":\"https:\/\/diarioabcdemichoacan.com.mx\/lasnoticias\/#website\"},\"primaryImageOfPage\":{\"@id\":\"https:\/\/diarioabcdemichoacan.com.mx\/lasnoticias\/raul-moron-prepara-propuesta-de-reforma-constitucional-educativa\/#primaryimage\"},\"image\":{\"@id\":\"https:\/\/diarioabcdemichoacan.com.mx\/lasnoticias\/raul-moron-prepara-propuesta-de-reforma-constitucional-educativa\/#primaryimage\"},\"thumbnailUrl\":\"https:\/\/diarioabcdemichoacan.com.mx\/lasnoticias\/wp-content\/uploads\/2024\/10\/WhatsApp-Image-2024-10-24-at-12.58.52.jpeg\",\"datePublished\":\"2024-10-24T19:07:15+00:00\",\"dateModified\":\"2024-10-24T19:42:07+00:00\",\"author\":{\"@id\":\"https:\/\/diarioabcdemichoacan.com.mx\/lasnoticias\/#\/schema\/person\/19ae376040f6cbc489682ebdd8524852\"},\"breadcrumb\":{\"@id\":\"https:\/\/diarioabcdemichoacan.com.mx\/lasnoticias\/raul-moron-prepara-propuesta-de-reforma-constitucional-educativa\/#breadcrumb\"},\"inLanguage\":\"es\",\"potentialAction\":[{\"@type\":\"ReadAction\",\"target\":[\"https:\/\/diarioabcdemichoacan.com.mx\/lasnoticias\/raul-moron-prepara-propuesta-de-reforma-constitucional-educativa\/\"]}]},{\"@type\":\"ImageObject\",\"inLanguage\":\"es\",\"@id\":\"https:\/\/diarioabcdemichoacan.com.mx\/lasnoticias\/raul-moron-prepara-propuesta-de-reforma-constitucional-educativa\/#primaryimage\",\"url\":\"https:\/\/diarioabcdemichoacan.com.mx\/lasnoticias\/wp-content\/uploads\/2024\/10\/WhatsApp-Image-2024-10-24-at-12.58.52.jpeg\",\"contentUrl\":\"https:\/\/diarioabcdemichoacan.com.mx\/lasnoticias\/wp-content\/uploads\/2024\/10\/WhatsApp-Image-2024-10-24-at-12.58.52.jpeg\",\"width\":1599,\"height\":899},{\"@type\":\"BreadcrumbList\",\"@id\":\"https:\/\/diarioabcdemichoacan.com.mx\/lasnoticias\/raul-moron-prepara-propuesta-de-reforma-constitucional-educativa\/#breadcrumb\",\"itemListElement\":[{\"@type\":\"ListItem\",\"position\":1,\"name\":\"Portada\",\"item\":\"https:\/\/diarioabcdemichoacan.com.mx\/lasnoticias\/\"},{\"@type\":\"ListItem\",\"position\":2,\"name\":\"Ra\u00fal Mor\u00f3n prepara propuesta de reforma constitucional educativa.\"}]},{\"@type\":\"WebSite\",\"@id\":\"https:\/\/diarioabcdemichoacan.com.mx\/lasnoticias\/#website\",\"url\":\"https:\/\/diarioabcdemichoacan.com.mx\/lasnoticias\/\",\"name\":\"Diario ABC de Michoac\u00e1n\",\"description\":\"Las noticias al momento\",\"potentialAction\":[{\"@type\":\"SearchAction\",\"target\":{\"@type\":\"EntryPoint\",\"urlTemplate\":\"https:\/\/diarioabcdemichoacan.com.mx\/lasnoticias\/?s={search_term_string}\"},\"query-input\":{\"@type\":\"PropertyValueSpecification\",\"valueRequired\":true,\"valueName\":\"search_term_string\"}}],\"inLanguage\":\"es\"},{\"@type\":\"Person\",\"@id\":\"https:\/\/diarioabcdemichoacan.com.mx\/lasnoticias\/#\/schema\/person\/19ae376040f6cbc489682ebdd8524852\",\"name\":\"AR\",\"image\":{\"@type\":\"ImageObject\",\"inLanguage\":\"es\",\"@id\":\"https:\/\/diarioabcdemichoacan.com.mx\/lasnoticias\/#\/schema\/person\/image\/\",\"url\":\"https:\/\/secure.gravatar.com\/avatar\/44eca2ff970262234e20e1e082872af0?s=96&d=mm&r=g\",\"contentUrl\":\"https:\/\/secure.gravatar.com\/avatar\/44eca2ff970262234e20e1e082872af0?s=96&d=mm&r=g\",\"caption\":\"AR\"},\"url\":\"https:\/\/diarioabcdemichoacan.com.mx\/lasnoticias\/author\/adrian\/\"}]}<\/script>\n<!-- \/ Yoast SEO plugin. -->","yoast_head_json":{"title":"Ra\u00fal Mor\u00f3n prepara propuesta de reforma constitucional educativa. - Diario ABC de Michoac\u00e1n","robots":{"index":"index","follow":"follow","max-snippet":"max-snippet:-1","max-image-preview":"max-image-preview:large","max-video-preview":"max-video-preview:-1"},"canonical":"https:\/\/diarioabcdemichoacan.com.mx\/lasnoticias\/raul-moron-prepara-propuesta-de-reforma-constitucional-educativa\/","og_locale":"es_ES","og_type":"article","og_title":"Ra\u00fal Mor\u00f3n prepara propuesta de reforma constitucional educativa. - Diario ABC de Michoac\u00e1n","og_description":"Se plantea separar del art\u00edculo tercero constitucional el rubro laboral. &nbsp; Por Sara\u00ed Rangel. Morelia, Mich. &#8211; El senador de la Rep\u00fablica Ra\u00fal Mor\u00f3n Orozco, dio a conocer que ya se iniciaron los trabajos desde la Comisi\u00f3n de Educaci\u00f3n junto con un equipo de la Secretar\u00eda de Educaci\u00f3n P\u00fablica (SEP), para presentar una iniciativa de [&hellip;]","og_url":"https:\/\/diarioabcdemichoacan.com.mx\/lasnoticias\/raul-moron-prepara-propuesta-de-reforma-constitucional-educativa\/","og_site_name":"Diario ABC de Michoac\u00e1n","article_published_time":"2024-10-24T19:07:15+00:00","article_modified_time":"2024-10-24T19:42:07+00:00","og_image":[{"width":1599,"height":899,"url":"https:\/\/diarioabcdemichoacan.com.mx\/lasnoticias\/wp-content\/uploads\/2024\/10\/WhatsApp-Image-2024-10-24-at-12.58.52.jpeg","type":"image\/jpeg"}],"author":"AR","twitter_card":"summary_large_image","twitter_misc":{"Escrito por":"AR","Tiempo de lectura":"2 minutos"},"schema":{"@context":"https:\/\/schema.org","@graph":[{"@type":"WebPage","@id":"https:\/\/diarioabcdemichoacan.com.mx\/lasnoticias\/raul-moron-prepara-propuesta-de-reforma-constitucional-educativa\/","url":"https:\/\/diarioabcdemichoacan.com.mx\/lasnoticias\/raul-moron-prepara-propuesta-de-reforma-constitucional-educativa\/","name":"Ra\u00fal Mor\u00f3n prepara propuesta de reforma constitucional educativa. - Diario ABC de Michoac\u00e1n","isPartOf":{"@id":"https:\/\/diarioabcdemichoacan.com.mx\/lasnoticias\/#website"},"primaryImageOfPage":{"@id":"https:\/\/diarioabcdemichoacan.com.mx\/lasnoticias\/raul-moron-prepara-propuesta-de-reforma-constitucional-educativa\/#primaryimage"},"image":{"@id":"https:\/\/diarioabcdemichoacan.com.mx\/lasnoticias\/raul-moron-prepara-propuesta-de-reforma-constitucional-educativa\/#primaryimage"},"thumbnailUrl":"https:\/\/diarioabcdemichoacan.com.mx\/lasnoticias\/wp-content\/uploads\/2024\/10\/WhatsApp-Image-2024-10-24-at-12.58.52.jpeg","datePublished":"2024-10-24T19:07:15+00:00","dateModified":"2024-10-24T19:42:07+00:00","author":{"@id":"https:\/\/diarioabcdemichoacan.com.mx\/lasnoticias\/#\/schema\/person\/19ae376040f6cbc489682ebdd8524852"},"breadcrumb":{"@id":"https:\/\/diarioabcdemichoacan.com.mx\/lasnoticias\/raul-moron-prepara-propuesta-de-reforma-constitucional-educativa\/#breadcrumb"},"inLanguage":"es","potentialAction":[{"@type":"ReadAction","target":["https:\/\/diarioabcdemichoacan.com.mx\/lasnoticias\/raul-moron-prepara-propuesta-de-reforma-constitucional-educativa\/"]}]},{"@type":"ImageObject","inLanguage":"es","@id":"https:\/\/diarioabcdemichoacan.com.mx\/lasnoticias\/raul-moron-prepara-propuesta-de-reforma-constitucional-educativa\/#primaryimage","url":"https:\/\/diarioabcdemichoacan.com.mx\/lasnoticias\/wp-content\/uploads\/2024\/10\/WhatsApp-Image-2024-10-24-at-12.58.52.jpeg","contentUrl":"https:\/\/diarioabcdemichoacan.com.mx\/lasnoticias\/wp-content\/uploads\/2024\/10\/WhatsApp-Image-2024-10-24-at-12.58.52.jpeg","width":1599,"height":899},{"@type":"BreadcrumbList","@id":"https:\/\/diarioabcdemichoacan.com.mx\/lasnoticias\/raul-moron-prepara-propuesta-de-reforma-constitucional-educativa\/#breadcrumb","itemListElement":[{"@type":"ListItem","position":1,"name":"Portada","item":"https:\/\/diarioabcdemichoacan.com.mx\/lasnoticias\/"},{"@type":"ListItem","position":2,"name":"Ra\u00fal Mor\u00f3n prepara propuesta de reforma constitucional educativa."}]},{"@type":"WebSite","@id":"https:\/\/diarioabcdemichoacan.com.mx\/lasnoticias\/#website","url":"https:\/\/diarioabcdemichoacan.com.mx\/lasnoticias\/","name":"Diario ABC de Michoac\u00e1n","description":"Las noticias al momento","potentialAction":[{"@type":"SearchAction","target":{"@type":"EntryPoint","urlTemplate":"https:\/\/diarioabcdemichoacan.com.mx\/lasnoticias\/?s={search_term_string}"},"query-input":{"@type":"PropertyValueSpecification","valueRequired":true,"valueName":"search_term_string"}}],"inLanguage":"es"},{"@type":"Person","@id":"https:\/\/diarioabcdemichoacan.com.mx\/lasnoticias\/#\/schema\/person\/19ae376040f6cbc489682ebdd8524852","name":"AR","image":{"@type":"ImageObject","inLanguage":"es","@id":"https:\/\/diarioabcdemichoacan.com.mx\/lasnoticias\/#\/schema\/person\/image\/","url":"https:\/\/secure.gravatar.com\/avatar\/44eca2ff970262234e20e1e082872af0?s=96&d=mm&r=g","contentUrl":"https:\/\/secure.gravatar.com\/avatar\/44eca2ff970262234e20e1e082872af0?s=96&d=mm&r=g","caption":"AR"},"url":"https:\/\/diarioabcdemichoacan.com.mx\/lasnoticias\/author\/adrian\/"}]}},"_links":{"self":[{"href":"https:\/\/diarioabcdemichoacan.com.mx\/lasnoticias\/wp-json\/wp\/v2\/posts\/30128","targetHints":{"allow":["GET"]}}],"collection":[{"href":"https:\/\/diarioabcdemichoacan.com.mx\/lasnoticias\/wp-json\/wp\/v2\/posts"}],"about":[{"href":"https:\/\/diarioabcdemichoacan.com.mx\/lasnoticias\/wp-json\/wp\/v2\/types\/post"}],"author":[{"embeddable":true,"href":"https:\/\/diarioabcdemichoacan.com.mx\/lasnoticias\/wp-json\/wp\/v2\/users\/9"}],"replies":[{"embeddable":true,"href":"https:\/\/diarioabcdemichoacan.com.mx\/lasnoticias\/wp-json\/wp\/v2\/comments?post=30128"}],"version-history":[{"count":4,"href":"https:\/\/diarioabcdemichoacan.com.mx\/lasnoticias\/wp-json\/wp\/v2\/posts\/30128\/revisions"}],"predecessor-version":[{"id":30148,"href":"https:\/\/diarioabcdemichoacan.com.mx\/lasnoticias\/wp-json\/wp\/v2\/posts\/30128\/revisions\/30148"}],"wp:featuredmedia":[{"embeddable":true,"href":"https:\/\/diarioabcdemichoacan.com.mx\/lasnoticias\/wp-json\/wp\/v2\/media\/30135"}],"wp:attachment":[{"href":"https:\/\/diarioabcdemichoacan.com.mx\/lasnoticias\/wp-json\/wp\/v2\/media?parent=30128"}],"wp:term":[{"taxonomy":"category","embeddable":true,"href":"https:\/\/diarioabcdemichoacan.com.mx\/lasnoticias\/wp-json\/wp\/v2\/categories?post=30128"},{"taxonomy":"post_tag","embeddable":true,"href":"https:\/\/diarioabcdemichoacan.com.mx\/lasnoticias\/wp-json\/wp\/v2\/tags?post=30128"}],"curies":[{"name":"wp","href":"https:\/\/api.w.org\/{rel}","templated":true}]}}