{"id":30151,"date":"2024-10-24T14:21:01","date_gmt":"2024-10-24T20:21:01","guid":{"rendered":"https:\/\/diarioabcdemichoacan.com.mx\/lasnoticias\/?p=30151"},"modified":"2024-10-24T14:21:51","modified_gmt":"2024-10-24T20:21:51","slug":"mexico-primer-lugar-en-casos-de-abuso-sexual-infantil-rosa-maria-olivero-sanchez","status":"publish","type":"post","link":"https:\/\/diarioabcdemichoacan.com.mx\/lasnoticias\/mexico-primer-lugar-en-casos-de-abuso-sexual-infantil-rosa-maria-olivero-sanchez\/","title":{"rendered":"M\u00e9xico, primer lugar en casos de abuso sexual infantil: Rosa Mar\u00eda Olivero S\u00e1nchez."},"content":{"rendered":"<h2>CEDH present\u00f3 la conferencia \u201cEl derecho de acceso a la justicia de ni\u00f1as, ni\u00f1os y adolescentes v\u00edctimas de abuso sexual en M\u00e9xico\u201d<\/h2>\n<p>&nbsp;<\/p>\n<hr \/>\n<p>Morelia, Mich. &#8211; En el marco del programa educativo y del Ciclo Acad\u00e9mico: \u201cDi\u00e1logos en Derechos y Libertades Fundamentales\u201d que desarrolla la Coordinaci\u00f3n de Estudios, divulgaci\u00f3n y capacitaci\u00f3n, de la Comisi\u00f3n Estatal de los Derechos Humanos de Michoac\u00e1n, se present\u00f3 la conferencia \u201cEl derecho de acceso a la justicia de ni\u00f1as, ni\u00f1os y adolescentes v\u00edctimas de abuso sexual en M\u00e9xico\u201d, misma que estuvo a cargo de la doctora en Derecho Rosa Mar\u00eda Olivero S\u00e1nchez.<\/p>\n<p>&nbsp;<\/p>\n<p>La especialista devel\u00f3 que, de acuerdo a cifras de la Organizaci\u00f3n para la Cooperaci\u00f3n y el Desarrollo Econ\u00f3mico (OCDE), en el a\u00f1o 2019 M\u00e9xico ten\u00eda el primer lugar mundial en casos de abuso sexual infantil, registrando 5.4 millones de casos por a\u00f1o.<\/p>\n<p>&nbsp;<\/p>\n<p>Record\u00f3 que la Convenci\u00f3n de los Derechos de los ni\u00f1os establece el marco jur\u00eddico que brinda una protecci\u00f3n integral en beneficio de ni\u00f1as, ni\u00f1os y adolescentes, y que M\u00e9xico ha ratificado su pertenencia a este tratado internacional.<\/p>\n<p>&nbsp;<\/p>\n<p>Con base en lo anterior, Olivero S\u00e1nchez se\u00f1ala que el Estado Mexicano est\u00e1 obligado a armonizar la legislaci\u00f3n mexicana, puesto que, a pesar de que en el a\u00f1o 2000 reconoci\u00f3 a nivel constitucional el derecho de ni\u00f1as, ni\u00f1os y adolescentes, esto no ha sido suficiente para aplicar la justicia en el caso de este grupo etario cuando enfrenta el delito de abuso sexual.<\/p>\n<p>&nbsp;<\/p>\n<p>Agreg\u00f3 que, dado que todas las personas tienen el derecho de acudir ante las autoridades ministeriales, judiciales y administrativas, para obtener la protecci\u00f3n de sus derechos, el derecho penal requiere de una nueva perspectiva de estudio, a fin de considerar el principio del inter\u00e9s superior de la ni\u00f1ez, contenido en el art\u00edculo 3ro. de la mencionada Convenci\u00f3n.<\/p>\n<p>&nbsp;<\/p>\n<p>Aclaro que el inter\u00e9s superior de la ni\u00f1ez es la piedra angular del sistema de protecci\u00f3n para este sector de la poblaci\u00f3n, a fin de garantizar el disfrute pleno y efectivo de sus derechos y que, adem\u00e1s, es triple, pues es considerado como un derecho sustantivo, como un principio jur\u00eddico interpretativo fundamental y como una norma de procedimiento.<\/p>\n<p>&nbsp;<\/p>\n<p>Tambi\u00e9n se\u00f1al\u00f3 que el Comit\u00e9 de los Derechos del Ni\u00f1o es el encargado de vigilar que se cumpla con lo se\u00f1alado, tanto en los tratados internacionales, como en la legislaci\u00f3n particular de cada pa\u00eds miembro de la Convenci\u00f3n, por lo que tiene la facultad de emitir observaciones y exhortos, y es considerado como el eje rector en la toma de decisiones referentes a las infancias y adolescencias.<\/p>\n<p>&nbsp;<\/p>\n<p>Respecto del tema de acceso a la justicia de ni\u00f1as, ni\u00f1os y adolescentes v\u00edctimas de abuso sexual, se\u00f1al\u00f3 que de cada mil delitos, se denuncian 100, de \u00e9stos el 10 por ciento llega al juez y s\u00f3lo el 1 por ciento recibe sentencia condenatoria, debido a que existen barreras que impiden el acceso a la justicia, como la prescripci\u00f3n, que marca que despu\u00e9s de cierto tiempo, se extingue un derecho por no ejercerlo, o la restricci\u00f3n de recurrir a la Prueba Anticipada, por lo que \u00e9sta deber\u00eda practicarse cuando se presente un riesgo fundado de que la fuente de prueba pueda ser desaparecida.<\/p>\n<p>&nbsp;<\/p>\n<p>Tambi\u00e9n se refiri\u00f3 a que el desarrollo del juicio en el proceso penal se puede llevar m\u00e1s de un a\u00f1o, por lo que es pertinente que ni\u00f1as y ni\u00f1os que no han cumplido 12 a\u00f1os de edad, rindan su declaraci\u00f3n y se les acepte como prueba anticipada para garantizar su derecho a la justicia<\/p>\n<p>&nbsp;<\/p>\n<p>Finalmente, y ante lo que calific\u00f3 como un panorama triste y frustrante, la estudiosa del tema dijo que es necesario que el Estado Mexicano brinde una capacitaci\u00f3n sistem\u00e1tica y obligatoria a todas las personas y profesionistas que est\u00e9n involucradas en los procesos en los que las v\u00edctimas sean ni\u00f1as, ni\u00f1os y adolescentes y llam\u00f3 a las autoridades a cumplir las recomendaciones emitidas por el Comit\u00e9 apenas en septiembre pasado, que mandatan sensibilizar a las infancias y adolescencias sobre su derecho, impulsar la cultura de la denuncia y a armonizar la legislaci\u00f3n correspondiente con el fin de adaptarla a las infancias y adolescencias.<\/p>\n<p>&nbsp;<\/p>\n<p>COMUNICADO.<\/p>\n","protected":false},"excerpt":{"rendered":"<p>CEDH present\u00f3 la conferencia \u201cEl derecho de acceso a la justicia de ni\u00f1as, ni\u00f1os y adolescentes v\u00edctimas de abuso sexual en M\u00e9xico\u201d &nbsp; Morelia, Mich. &#8211; En el marco del programa educativo y del Ciclo Acad\u00e9mico: \u201cDi\u00e1logos en Derechos y Libertades Fundamentales\u201d que desarrolla la Coordinaci\u00f3n de Estudios, divulgaci\u00f3n y capacitaci\u00f3n, de la Comisi\u00f3n Estatal [&hellip;]<\/p>\n","protected":false},"author":9,"featured_media":30156,"comment_status":"closed","ping_status":"closed","sticky":false,"template":"","format":"standard","meta":{"footnotes":""},"categories":[10,27],"tags":[],"class_list":{"0":"post-30151","1":"post","2":"type-post","3":"status-publish","4":"format-standard","5":"has-post-thumbnail","7":"category-estado","8":"category-slider"},"yoast_head":"<!-- This site is optimized with the Yoast SEO plugin v24.0 - https:\/\/yoast.com\/wordpress\/plugins\/seo\/ -->\n<title>M\u00e9xico, primer lugar en casos de abuso sexual infantil: Rosa Mar\u00eda Olivero S\u00e1nchez. - Diario ABC de Michoac\u00e1n<\/title>\n<meta name=\"robots\" content=\"index, follow, max-snippet:-1, max-image-preview:large, max-video-preview:-1\" \/>\n<link rel=\"canonical\" href=\"https:\/\/diarioabcdemichoacan.com.mx\/lasnoticias\/mexico-primer-lugar-en-casos-de-abuso-sexual-infantil-rosa-maria-olivero-sanchez\/\" \/>\n<meta property=\"og:locale\" content=\"es_ES\" \/>\n<meta property=\"og:type\" content=\"article\" \/>\n<meta property=\"og:title\" content=\"M\u00e9xico, primer lugar en casos de abuso sexual infantil: Rosa Mar\u00eda Olivero S\u00e1nchez. - Diario ABC de Michoac\u00e1n\" \/>\n<meta property=\"og:description\" content=\"CEDH present\u00f3 la conferencia \u201cEl derecho de acceso a la justicia de ni\u00f1as, ni\u00f1os y adolescentes v\u00edctimas de abuso sexual en M\u00e9xico\u201d &nbsp; Morelia, Mich. &#8211; En el marco del programa educativo y del Ciclo Acad\u00e9mico: \u201cDi\u00e1logos en Derechos y Libertades Fundamentales\u201d que desarrolla la Coordinaci\u00f3n de Estudios, divulgaci\u00f3n y capacitaci\u00f3n, de la Comisi\u00f3n Estatal [&hellip;]\" \/>\n<meta property=\"og:url\" content=\"https:\/\/diarioabcdemichoacan.com.mx\/lasnoticias\/mexico-primer-lugar-en-casos-de-abuso-sexual-infantil-rosa-maria-olivero-sanchez\/\" \/>\n<meta property=\"og:site_name\" content=\"Diario ABC de Michoac\u00e1n\" \/>\n<meta property=\"article:published_time\" content=\"2024-10-24T20:21:01+00:00\" \/>\n<meta property=\"article:modified_time\" content=\"2024-10-24T20:21:51+00:00\" \/>\n<meta property=\"og:image\" content=\"https:\/\/diarioabcdemichoacan.com.mx\/lasnoticias\/wp-content\/uploads\/2024\/10\/WhatsApp-Image-2024-10-24-at-14.11.49.jpeg\" \/>\n\t<meta property=\"og:image:width\" content=\"940\" \/>\n\t<meta property=\"og:image:height\" content=\"489\" \/>\n\t<meta property=\"og:image:type\" content=\"image\/jpeg\" \/>\n<meta name=\"author\" content=\"AR\" \/>\n<meta name=\"twitter:card\" content=\"summary_large_image\" \/>\n<meta name=\"twitter:label1\" content=\"Escrito por\" \/>\n\t<meta name=\"twitter:data1\" content=\"AR\" \/>\n\t<meta name=\"twitter:label2\" content=\"Tiempo de lectura\" \/>\n\t<meta name=\"twitter:data2\" content=\"4 minutos\" \/>\n<script type=\"application\/ld+json\" class=\"yoast-schema-graph\">{\"@context\":\"https:\/\/schema.org\",\"@graph\":[{\"@type\":\"WebPage\",\"@id\":\"https:\/\/diarioabcdemichoacan.com.mx\/lasnoticias\/mexico-primer-lugar-en-casos-de-abuso-sexual-infantil-rosa-maria-olivero-sanchez\/\",\"url\":\"https:\/\/diarioabcdemichoacan.com.mx\/lasnoticias\/mexico-primer-lugar-en-casos-de-abuso-sexual-infantil-rosa-maria-olivero-sanchez\/\",\"name\":\"M\u00e9xico, primer lugar en casos de abuso sexual infantil: Rosa Mar\u00eda Olivero S\u00e1nchez. - Diario ABC de Michoac\u00e1n\",\"isPartOf\":{\"@id\":\"https:\/\/diarioabcdemichoacan.com.mx\/lasnoticias\/#website\"},\"primaryImageOfPage\":{\"@id\":\"https:\/\/diarioabcdemichoacan.com.mx\/lasnoticias\/mexico-primer-lugar-en-casos-de-abuso-sexual-infantil-rosa-maria-olivero-sanchez\/#primaryimage\"},\"image\":{\"@id\":\"https:\/\/diarioabcdemichoacan.com.mx\/lasnoticias\/mexico-primer-lugar-en-casos-de-abuso-sexual-infantil-rosa-maria-olivero-sanchez\/#primaryimage\"},\"thumbnailUrl\":\"https:\/\/diarioabcdemichoacan.com.mx\/lasnoticias\/wp-content\/uploads\/2024\/10\/WhatsApp-Image-2024-10-24-at-14.11.49.jpeg\",\"datePublished\":\"2024-10-24T20:21:01+00:00\",\"dateModified\":\"2024-10-24T20:21:51+00:00\",\"author\":{\"@id\":\"https:\/\/diarioabcdemichoacan.com.mx\/lasnoticias\/#\/schema\/person\/19ae376040f6cbc489682ebdd8524852\"},\"breadcrumb\":{\"@id\":\"https:\/\/diarioabcdemichoacan.com.mx\/lasnoticias\/mexico-primer-lugar-en-casos-de-abuso-sexual-infantil-rosa-maria-olivero-sanchez\/#breadcrumb\"},\"inLanguage\":\"es\",\"potentialAction\":[{\"@type\":\"ReadAction\",\"target\":[\"https:\/\/diarioabcdemichoacan.com.mx\/lasnoticias\/mexico-primer-lugar-en-casos-de-abuso-sexual-infantil-rosa-maria-olivero-sanchez\/\"]}]},{\"@type\":\"ImageObject\",\"inLanguage\":\"es\",\"@id\":\"https:\/\/diarioabcdemichoacan.com.mx\/lasnoticias\/mexico-primer-lugar-en-casos-de-abuso-sexual-infantil-rosa-maria-olivero-sanchez\/#primaryimage\",\"url\":\"https:\/\/diarioabcdemichoacan.com.mx\/lasnoticias\/wp-content\/uploads\/2024\/10\/WhatsApp-Image-2024-10-24-at-14.11.49.jpeg\",\"contentUrl\":\"https:\/\/diarioabcdemichoacan.com.mx\/lasnoticias\/wp-content\/uploads\/2024\/10\/WhatsApp-Image-2024-10-24-at-14.11.49.jpeg\",\"width\":940,\"height\":489},{\"@type\":\"BreadcrumbList\",\"@id\":\"https:\/\/diarioabcdemichoacan.com.mx\/lasnoticias\/mexico-primer-lugar-en-casos-de-abuso-sexual-infantil-rosa-maria-olivero-sanchez\/#breadcrumb\",\"itemListElement\":[{\"@type\":\"ListItem\",\"position\":1,\"name\":\"Portada\",\"item\":\"https:\/\/diarioabcdemichoacan.com.mx\/lasnoticias\/\"},{\"@type\":\"ListItem\",\"position\":2,\"name\":\"M\u00e9xico, primer lugar en casos de abuso sexual infantil: Rosa Mar\u00eda Olivero S\u00e1nchez.\"}]},{\"@type\":\"WebSite\",\"@id\":\"https:\/\/diarioabcdemichoacan.com.mx\/lasnoticias\/#website\",\"url\":\"https:\/\/diarioabcdemichoacan.com.mx\/lasnoticias\/\",\"name\":\"Diario ABC de Michoac\u00e1n\",\"description\":\"Las noticias al momento\",\"potentialAction\":[{\"@type\":\"SearchAction\",\"target\":{\"@type\":\"EntryPoint\",\"urlTemplate\":\"https:\/\/diarioabcdemichoacan.com.mx\/lasnoticias\/?s={search_term_string}\"},\"query-input\":{\"@type\":\"PropertyValueSpecification\",\"valueRequired\":true,\"valueName\":\"search_term_string\"}}],\"inLanguage\":\"es\"},{\"@type\":\"Person\",\"@id\":\"https:\/\/diarioabcdemichoacan.com.mx\/lasnoticias\/#\/schema\/person\/19ae376040f6cbc489682ebdd8524852\",\"name\":\"AR\",\"image\":{\"@type\":\"ImageObject\",\"inLanguage\":\"es\",\"@id\":\"https:\/\/diarioabcdemichoacan.com.mx\/lasnoticias\/#\/schema\/person\/image\/\",\"url\":\"https:\/\/secure.gravatar.com\/avatar\/44eca2ff970262234e20e1e082872af0?s=96&d=mm&r=g\",\"contentUrl\":\"https:\/\/secure.gravatar.com\/avatar\/44eca2ff970262234e20e1e082872af0?s=96&d=mm&r=g\",\"caption\":\"AR\"},\"url\":\"https:\/\/diarioabcdemichoacan.com.mx\/lasnoticias\/author\/adrian\/\"}]}<\/script>\n<!-- \/ Yoast SEO plugin. -->","yoast_head_json":{"title":"M\u00e9xico, primer lugar en casos de abuso sexual infantil: Rosa Mar\u00eda Olivero S\u00e1nchez. - Diario ABC de Michoac\u00e1n","robots":{"index":"index","follow":"follow","max-snippet":"max-snippet:-1","max-image-preview":"max-image-preview:large","max-video-preview":"max-video-preview:-1"},"canonical":"https:\/\/diarioabcdemichoacan.com.mx\/lasnoticias\/mexico-primer-lugar-en-casos-de-abuso-sexual-infantil-rosa-maria-olivero-sanchez\/","og_locale":"es_ES","og_type":"article","og_title":"M\u00e9xico, primer lugar en casos de abuso sexual infantil: Rosa Mar\u00eda Olivero S\u00e1nchez. - Diario ABC de Michoac\u00e1n","og_description":"CEDH present\u00f3 la conferencia \u201cEl derecho de acceso a la justicia de ni\u00f1as, ni\u00f1os y adolescentes v\u00edctimas de abuso sexual en M\u00e9xico\u201d &nbsp; Morelia, Mich. &#8211; En el marco del programa educativo y del Ciclo Acad\u00e9mico: \u201cDi\u00e1logos en Derechos y Libertades Fundamentales\u201d que desarrolla la Coordinaci\u00f3n de Estudios, divulgaci\u00f3n y capacitaci\u00f3n, de la Comisi\u00f3n Estatal [&hellip;]","og_url":"https:\/\/diarioabcdemichoacan.com.mx\/lasnoticias\/mexico-primer-lugar-en-casos-de-abuso-sexual-infantil-rosa-maria-olivero-sanchez\/","og_site_name":"Diario ABC de Michoac\u00e1n","article_published_time":"2024-10-24T20:21:01+00:00","article_modified_time":"2024-10-24T20:21:51+00:00","og_image":[{"width":940,"height":489,"url":"https:\/\/diarioabcdemichoacan.com.mx\/lasnoticias\/wp-content\/uploads\/2024\/10\/WhatsApp-Image-2024-10-24-at-14.11.49.jpeg","type":"image\/jpeg"}],"author":"AR","twitter_card":"summary_large_image","twitter_misc":{"Escrito por":"AR","Tiempo de lectura":"4 minutos"},"schema":{"@context":"https:\/\/schema.org","@graph":[{"@type":"WebPage","@id":"https:\/\/diarioabcdemichoacan.com.mx\/lasnoticias\/mexico-primer-lugar-en-casos-de-abuso-sexual-infantil-rosa-maria-olivero-sanchez\/","url":"https:\/\/diarioabcdemichoacan.com.mx\/lasnoticias\/mexico-primer-lugar-en-casos-de-abuso-sexual-infantil-rosa-maria-olivero-sanchez\/","name":"M\u00e9xico, primer lugar en casos de abuso sexual infantil: Rosa Mar\u00eda Olivero S\u00e1nchez. - Diario ABC de Michoac\u00e1n","isPartOf":{"@id":"https:\/\/diarioabcdemichoacan.com.mx\/lasnoticias\/#website"},"primaryImageOfPage":{"@id":"https:\/\/diarioabcdemichoacan.com.mx\/lasnoticias\/mexico-primer-lugar-en-casos-de-abuso-sexual-infantil-rosa-maria-olivero-sanchez\/#primaryimage"},"image":{"@id":"https:\/\/diarioabcdemichoacan.com.mx\/lasnoticias\/mexico-primer-lugar-en-casos-de-abuso-sexual-infantil-rosa-maria-olivero-sanchez\/#primaryimage"},"thumbnailUrl":"https:\/\/diarioabcdemichoacan.com.mx\/lasnoticias\/wp-content\/uploads\/2024\/10\/WhatsApp-Image-2024-10-24-at-14.11.49.jpeg","datePublished":"2024-10-24T20:21:01+00:00","dateModified":"2024-10-24T20:21:51+00:00","author":{"@id":"https:\/\/diarioabcdemichoacan.com.mx\/lasnoticias\/#\/schema\/person\/19ae376040f6cbc489682ebdd8524852"},"breadcrumb":{"@id":"https:\/\/diarioabcdemichoacan.com.mx\/lasnoticias\/mexico-primer-lugar-en-casos-de-abuso-sexual-infantil-rosa-maria-olivero-sanchez\/#breadcrumb"},"inLanguage":"es","potentialAction":[{"@type":"ReadAction","target":["https:\/\/diarioabcdemichoacan.com.mx\/lasnoticias\/mexico-primer-lugar-en-casos-de-abuso-sexual-infantil-rosa-maria-olivero-sanchez\/"]}]},{"@type":"ImageObject","inLanguage":"es","@id":"https:\/\/diarioabcdemichoacan.com.mx\/lasnoticias\/mexico-primer-lugar-en-casos-de-abuso-sexual-infantil-rosa-maria-olivero-sanchez\/#primaryimage","url":"https:\/\/diarioabcdemichoacan.com.mx\/lasnoticias\/wp-content\/uploads\/2024\/10\/WhatsApp-Image-2024-10-24-at-14.11.49.jpeg","contentUrl":"https:\/\/diarioabcdemichoacan.com.mx\/lasnoticias\/wp-content\/uploads\/2024\/10\/WhatsApp-Image-2024-10-24-at-14.11.49.jpeg","width":940,"height":489},{"@type":"BreadcrumbList","@id":"https:\/\/diarioabcdemichoacan.com.mx\/lasnoticias\/mexico-primer-lugar-en-casos-de-abuso-sexual-infantil-rosa-maria-olivero-sanchez\/#breadcrumb","itemListElement":[{"@type":"ListItem","position":1,"name":"Portada","item":"https:\/\/diarioabcdemichoacan.com.mx\/lasnoticias\/"},{"@type":"ListItem","position":2,"name":"M\u00e9xico, primer lugar en casos de abuso sexual infantil: Rosa Mar\u00eda Olivero S\u00e1nchez."}]},{"@type":"WebSite","@id":"https:\/\/diarioabcdemichoacan.com.mx\/lasnoticias\/#website","url":"https:\/\/diarioabcdemichoacan.com.mx\/lasnoticias\/","name":"Diario ABC de Michoac\u00e1n","description":"Las noticias al momento","potentialAction":[{"@type":"SearchAction","target":{"@type":"EntryPoint","urlTemplate":"https:\/\/diarioabcdemichoacan.com.mx\/lasnoticias\/?s={search_term_string}"},"query-input":{"@type":"PropertyValueSpecification","valueRequired":true,"valueName":"search_term_string"}}],"inLanguage":"es"},{"@type":"Person","@id":"https:\/\/diarioabcdemichoacan.com.mx\/lasnoticias\/#\/schema\/person\/19ae376040f6cbc489682ebdd8524852","name":"AR","image":{"@type":"ImageObject","inLanguage":"es","@id":"https:\/\/diarioabcdemichoacan.com.mx\/lasnoticias\/#\/schema\/person\/image\/","url":"https:\/\/secure.gravatar.com\/avatar\/44eca2ff970262234e20e1e082872af0?s=96&d=mm&r=g","contentUrl":"https:\/\/secure.gravatar.com\/avatar\/44eca2ff970262234e20e1e082872af0?s=96&d=mm&r=g","caption":"AR"},"url":"https:\/\/diarioabcdemichoacan.com.mx\/lasnoticias\/author\/adrian\/"}]}},"_links":{"self":[{"href":"https:\/\/diarioabcdemichoacan.com.mx\/lasnoticias\/wp-json\/wp\/v2\/posts\/30151","targetHints":{"allow":["GET"]}}],"collection":[{"href":"https:\/\/diarioabcdemichoacan.com.mx\/lasnoticias\/wp-json\/wp\/v2\/posts"}],"about":[{"href":"https:\/\/diarioabcdemichoacan.com.mx\/lasnoticias\/wp-json\/wp\/v2\/types\/post"}],"author":[{"embeddable":true,"href":"https:\/\/diarioabcdemichoacan.com.mx\/lasnoticias\/wp-json\/wp\/v2\/users\/9"}],"replies":[{"embeddable":true,"href":"https:\/\/diarioabcdemichoacan.com.mx\/lasnoticias\/wp-json\/wp\/v2\/comments?post=30151"}],"version-history":[{"count":3,"href":"https:\/\/diarioabcdemichoacan.com.mx\/lasnoticias\/wp-json\/wp\/v2\/posts\/30151\/revisions"}],"predecessor-version":[{"id":30159,"href":"https:\/\/diarioabcdemichoacan.com.mx\/lasnoticias\/wp-json\/wp\/v2\/posts\/30151\/revisions\/30159"}],"wp:featuredmedia":[{"embeddable":true,"href":"https:\/\/diarioabcdemichoacan.com.mx\/lasnoticias\/wp-json\/wp\/v2\/media\/30156"}],"wp:attachment":[{"href":"https:\/\/diarioabcdemichoacan.com.mx\/lasnoticias\/wp-json\/wp\/v2\/media?parent=30151"}],"wp:term":[{"taxonomy":"category","embeddable":true,"href":"https:\/\/diarioabcdemichoacan.com.mx\/lasnoticias\/wp-json\/wp\/v2\/categories?post=30151"},{"taxonomy":"post_tag","embeddable":true,"href":"https:\/\/diarioabcdemichoacan.com.mx\/lasnoticias\/wp-json\/wp\/v2\/tags?post=30151"}],"curies":[{"name":"wp","href":"https:\/\/api.w.org\/{rel}","templated":true}]}}