{"id":30153,"date":"2024-10-24T15:29:17","date_gmt":"2024-10-24T21:29:17","guid":{"rendered":"https:\/\/diarioabcdemichoacan.com.mx\/lasnoticias\/?p=30153"},"modified":"2024-10-24T15:35:21","modified_gmt":"2024-10-24T21:35:21","slug":"gobierno-de-morelia-aliado-de-industria-grafica-alfonso-martinez","status":"publish","type":"post","link":"https:\/\/diarioabcdemichoacan.com.mx\/lasnoticias\/gobierno-de-morelia-aliado-de-industria-grafica-alfonso-martinez\/","title":{"rendered":"Gobierno de Morelia, aliado de industria Gr\u00e1fica: Alfonso Mart\u00ednez."},"content":{"rendered":"<h2>Presidente asisti\u00f3 a la inauguraci\u00f3n de segundo &#8216;Graphic Show MX&#8217;.<\/h2>\n<ul>\n<li>Se realizar\u00e1 24 y 25 de octubre en CECONEXPO.<\/li>\n<\/ul>\n<p>&nbsp;<\/p>\n<hr \/>\n<p>Morelia, Mich. &#8211; El Presidente Municipal de Morelia, Alfonso Mart\u00ednez Alc\u00e1zar, form\u00f3 parte de la inauguraci\u00f3n de la segunda edici\u00f3n de Graphic Show MX, donde los representantes de c\u00e1maras nacionales y decenas de proveedores, escucharon sus palabras de respaldo para que el gobierno a su cargo siga apoyando a las industrias gr\u00e1fica, editorial y creativa.<\/p>\n<p>&nbsp;<\/p>\n<p>\u201cQuiero decirles que en mi gobierno encuentran un aliado para seguir trabajando con ustedes y para que se consolide con cada vez m\u00e1s fuerza este evento que debe continuar a\u00f1o con a\u00f1o. Le auguro mucho \u00e9xito a \u00e9ste y los venideros eventos\u201d, expres\u00f3 Mart\u00ednez Alc\u00e1zar durante el acto inaugural en el Centro de Convenciones y Exposiciones de Morelia (CECONEXPO).<\/p>\n<p>&nbsp;<\/p>\n<p><img loading=\"lazy\" decoding=\"async\" class=\"alignnone size-medium wp-image-30171\" src=\"https:\/\/diarioabcdemichoacan.com.mx\/lasnoticias\/wp-content\/uploads\/2024\/10\/WhatsApp-Image-2024-10-24-at-15.26.38-1-500x333.jpeg\" alt=\"\" width=\"500\" height=\"333\" srcset=\"https:\/\/diarioabcdemichoacan.com.mx\/lasnoticias\/wp-content\/uploads\/2024\/10\/WhatsApp-Image-2024-10-24-at-15.26.38-1-500x333.jpeg 500w, https:\/\/diarioabcdemichoacan.com.mx\/lasnoticias\/wp-content\/uploads\/2024\/10\/WhatsApp-Image-2024-10-24-at-15.26.38-1-1024x682.jpeg 1024w, https:\/\/diarioabcdemichoacan.com.mx\/lasnoticias\/wp-content\/uploads\/2024\/10\/WhatsApp-Image-2024-10-24-at-15.26.38-1-768x512.jpeg 768w, https:\/\/diarioabcdemichoacan.com.mx\/lasnoticias\/wp-content\/uploads\/2024\/10\/WhatsApp-Image-2024-10-24-at-15.26.38-1-150x100.jpeg 150w, https:\/\/diarioabcdemichoacan.com.mx\/lasnoticias\/wp-content\/uploads\/2024\/10\/WhatsApp-Image-2024-10-24-at-15.26.38-1-300x200.jpeg 300w, https:\/\/diarioabcdemichoacan.com.mx\/lasnoticias\/wp-content\/uploads\/2024\/10\/WhatsApp-Image-2024-10-24-at-15.26.38-1-696x464.jpeg 696w, https:\/\/diarioabcdemichoacan.com.mx\/lasnoticias\/wp-content\/uploads\/2024\/10\/WhatsApp-Image-2024-10-24-at-15.26.38-1-1068x712.jpeg 1068w, https:\/\/diarioabcdemichoacan.com.mx\/lasnoticias\/wp-content\/uploads\/2024\/10\/WhatsApp-Image-2024-10-24-at-15.26.38-1.jpeg 1280w\" sizes=\"auto, (max-width: 500px) 100vw, 500px\" \/><\/p>\n<p>&nbsp;<\/p>\n<p>Al evento se dieron cita la Presidenta del Comit\u00e9 Organizador de Graphic Show MX, Karen Ortiz Mora; el Presidente de la C\u00e1mara Nacional de la Industria Editorial Mexicana (CANIEM), Hugo Setzer; el Presidente de la C\u00e1mara Nacional de las artes Gr\u00e1ficas (CANAGRAF), Ricardo Gonz\u00e1lez de Cos\u00edo; la Presidenta Honoraria del Sistema DIF Morelia, Paola Delgadillo Hern\u00e1ndez; as\u00ed como la Secretaria de Fomento Econ\u00f3mico de Morelia, Guadalupe Herrera Calder\u00f3n.<\/p>\n<p>&nbsp;<\/p>\n<p>Es importante destacar que, con la participaci\u00f3n de 38 expositores este 24 y 25 de octubre, se espera que el evento supere los mil 600 asistentes de la edici\u00f3n pasada y registrar un aproximado de dos millones de pesos de derrama econ\u00f3mica.<\/p>\n<p>&nbsp;<\/p>\n<p><img loading=\"lazy\" decoding=\"async\" class=\"alignnone size-medium wp-image-30172\" src=\"https:\/\/diarioabcdemichoacan.com.mx\/lasnoticias\/wp-content\/uploads\/2024\/10\/WhatsApp-Image-2024-10-24-at-15.26.38-500x333.jpeg\" alt=\"\" width=\"500\" height=\"333\" srcset=\"https:\/\/diarioabcdemichoacan.com.mx\/lasnoticias\/wp-content\/uploads\/2024\/10\/WhatsApp-Image-2024-10-24-at-15.26.38-500x333.jpeg 500w, https:\/\/diarioabcdemichoacan.com.mx\/lasnoticias\/wp-content\/uploads\/2024\/10\/WhatsApp-Image-2024-10-24-at-15.26.38-1024x682.jpeg 1024w, https:\/\/diarioabcdemichoacan.com.mx\/lasnoticias\/wp-content\/uploads\/2024\/10\/WhatsApp-Image-2024-10-24-at-15.26.38-768x512.jpeg 768w, https:\/\/diarioabcdemichoacan.com.mx\/lasnoticias\/wp-content\/uploads\/2024\/10\/WhatsApp-Image-2024-10-24-at-15.26.38-150x100.jpeg 150w, https:\/\/diarioabcdemichoacan.com.mx\/lasnoticias\/wp-content\/uploads\/2024\/10\/WhatsApp-Image-2024-10-24-at-15.26.38-300x200.jpeg 300w, https:\/\/diarioabcdemichoacan.com.mx\/lasnoticias\/wp-content\/uploads\/2024\/10\/WhatsApp-Image-2024-10-24-at-15.26.38-696x464.jpeg 696w, https:\/\/diarioabcdemichoacan.com.mx\/lasnoticias\/wp-content\/uploads\/2024\/10\/WhatsApp-Image-2024-10-24-at-15.26.38-1068x712.jpeg 1068w, https:\/\/diarioabcdemichoacan.com.mx\/lasnoticias\/wp-content\/uploads\/2024\/10\/WhatsApp-Image-2024-10-24-at-15.26.38.jpeg 1280w\" sizes=\"auto, (max-width: 500px) 100vw, 500px\" \/><\/p>\n<p>&nbsp;<\/p>\n<p>Con el slogan \u201cSi lo crees, lo creas\u201d, Karen Mora resalt\u00f3 que el joven evento sea un espacio para impulsar las industrias mencionadas y el talento local: \u201cTenemos una galer\u00eda en la que estamos promoviendo talentos michoacanos y nuestra tem\u00e1tica de este a\u00f1o es fusi\u00f3n de arte y tecnolog\u00eda. Los invitamos a que aprovechen nuestras conferencias y talleres, el tener un evento as\u00ed en Morelia es para que se aproveche en todo sentido\u201d.<\/p>\n<p>&nbsp;<\/p>\n<p>El Alcalde Alfonso Mart\u00ednez tambi\u00e9n reconoci\u00f3 el r\u00e1pido crecimiento de Graphic Show MX, como una muestra de que Morelia puede albergar eventos de gran calado. \u201cQu\u00e9 r\u00e1pido se consolida este evento, en una segunda edici\u00f3n vemos la presencia de muchas personas en la industria de las artes gr\u00e1ficas con nuevas tecnolog\u00edas y nuevos materiales, y que todo eso se d\u00e9 en nuestra ciudad es una gran ventaja y uno de los temas m\u00e1s relevantes\u201d, concluy\u00f3.<\/p>\n<p>&nbsp;<\/p>\n<p>COMUNICADO.<\/p>\n","protected":false},"excerpt":{"rendered":"<p>Presidente asisti\u00f3 a la inauguraci\u00f3n de segundo &#8216;Graphic Show MX&#8217;. Se realizar\u00e1 24 y 25 de octubre en CECONEXPO. &nbsp; Morelia, Mich. &#8211; El Presidente Municipal de Morelia, Alfonso Mart\u00ednez Alc\u00e1zar, form\u00f3 parte de la inauguraci\u00f3n de la segunda edici\u00f3n de Graphic Show MX, donde los representantes de c\u00e1maras nacionales y decenas de proveedores, escucharon [&hellip;]<\/p>\n","protected":false},"author":9,"featured_media":30170,"comment_status":"closed","ping_status":"closed","sticky":false,"template":"","format":"standard","meta":{"footnotes":""},"categories":[18,7,27],"tags":[],"class_list":{"0":"post-30153","1":"post","2":"type-post","3":"status-publish","4":"format-standard","5":"has-post-thumbnail","7":"category-ayuntamiento-de-morelia","8":"category-morelia","9":"category-slider"},"yoast_head":"<!-- This site is optimized with the Yoast SEO plugin v24.0 - https:\/\/yoast.com\/wordpress\/plugins\/seo\/ -->\n<title>Gobierno de Morelia, aliado de industria Gr\u00e1fica: Alfonso Mart\u00ednez. - Diario ABC de Michoac\u00e1n<\/title>\n<meta name=\"robots\" content=\"index, follow, max-snippet:-1, max-image-preview:large, max-video-preview:-1\" \/>\n<link rel=\"canonical\" href=\"https:\/\/diarioabcdemichoacan.com.mx\/lasnoticias\/gobierno-de-morelia-aliado-de-industria-grafica-alfonso-martinez\/\" \/>\n<meta property=\"og:locale\" content=\"es_ES\" \/>\n<meta property=\"og:type\" content=\"article\" \/>\n<meta property=\"og:title\" content=\"Gobierno de Morelia, aliado de industria Gr\u00e1fica: Alfonso Mart\u00ednez. - Diario ABC de Michoac\u00e1n\" \/>\n<meta property=\"og:description\" content=\"Presidente asisti\u00f3 a la inauguraci\u00f3n de segundo &#8216;Graphic Show MX&#8217;. Se realizar\u00e1 24 y 25 de octubre en CECONEXPO. &nbsp; Morelia, Mich. &#8211; El Presidente Municipal de Morelia, Alfonso Mart\u00ednez Alc\u00e1zar, form\u00f3 parte de la inauguraci\u00f3n de la segunda edici\u00f3n de Graphic Show MX, donde los representantes de c\u00e1maras nacionales y decenas de proveedores, escucharon [&hellip;]\" \/>\n<meta property=\"og:url\" content=\"https:\/\/diarioabcdemichoacan.com.mx\/lasnoticias\/gobierno-de-morelia-aliado-de-industria-grafica-alfonso-martinez\/\" \/>\n<meta property=\"og:site_name\" content=\"Diario ABC de Michoac\u00e1n\" \/>\n<meta property=\"article:published_time\" content=\"2024-10-24T21:29:17+00:00\" \/>\n<meta property=\"article:modified_time\" content=\"2024-10-24T21:35:21+00:00\" \/>\n<meta property=\"og:image\" content=\"https:\/\/diarioabcdemichoacan.com.mx\/lasnoticias\/wp-content\/uploads\/2024\/10\/WhatsApp-Image-2024-10-24-at-15.26.39.jpeg\" \/>\n\t<meta property=\"og:image:width\" content=\"1280\" \/>\n\t<meta property=\"og:image:height\" content=\"853\" \/>\n\t<meta property=\"og:image:type\" content=\"image\/jpeg\" \/>\n<meta name=\"author\" content=\"AR\" \/>\n<meta name=\"twitter:card\" content=\"summary_large_image\" \/>\n<meta name=\"twitter:label1\" content=\"Escrito por\" \/>\n\t<meta name=\"twitter:data1\" content=\"AR\" \/>\n\t<meta name=\"twitter:label2\" content=\"Tiempo de lectura\" \/>\n\t<meta name=\"twitter:data2\" content=\"3 minutos\" \/>\n<script type=\"application\/ld+json\" class=\"yoast-schema-graph\">{\"@context\":\"https:\/\/schema.org\",\"@graph\":[{\"@type\":\"WebPage\",\"@id\":\"https:\/\/diarioabcdemichoacan.com.mx\/lasnoticias\/gobierno-de-morelia-aliado-de-industria-grafica-alfonso-martinez\/\",\"url\":\"https:\/\/diarioabcdemichoacan.com.mx\/lasnoticias\/gobierno-de-morelia-aliado-de-industria-grafica-alfonso-martinez\/\",\"name\":\"Gobierno de Morelia, aliado de industria Gr\u00e1fica: Alfonso Mart\u00ednez. - Diario ABC de Michoac\u00e1n\",\"isPartOf\":{\"@id\":\"https:\/\/diarioabcdemichoacan.com.mx\/lasnoticias\/#website\"},\"primaryImageOfPage\":{\"@id\":\"https:\/\/diarioabcdemichoacan.com.mx\/lasnoticias\/gobierno-de-morelia-aliado-de-industria-grafica-alfonso-martinez\/#primaryimage\"},\"image\":{\"@id\":\"https:\/\/diarioabcdemichoacan.com.mx\/lasnoticias\/gobierno-de-morelia-aliado-de-industria-grafica-alfonso-martinez\/#primaryimage\"},\"thumbnailUrl\":\"https:\/\/diarioabcdemichoacan.com.mx\/lasnoticias\/wp-content\/uploads\/2024\/10\/WhatsApp-Image-2024-10-24-at-15.26.39.jpeg\",\"datePublished\":\"2024-10-24T21:29:17+00:00\",\"dateModified\":\"2024-10-24T21:35:21+00:00\",\"author\":{\"@id\":\"https:\/\/diarioabcdemichoacan.com.mx\/lasnoticias\/#\/schema\/person\/19ae376040f6cbc489682ebdd8524852\"},\"breadcrumb\":{\"@id\":\"https:\/\/diarioabcdemichoacan.com.mx\/lasnoticias\/gobierno-de-morelia-aliado-de-industria-grafica-alfonso-martinez\/#breadcrumb\"},\"inLanguage\":\"es\",\"potentialAction\":[{\"@type\":\"ReadAction\",\"target\":[\"https:\/\/diarioabcdemichoacan.com.mx\/lasnoticias\/gobierno-de-morelia-aliado-de-industria-grafica-alfonso-martinez\/\"]}]},{\"@type\":\"ImageObject\",\"inLanguage\":\"es\",\"@id\":\"https:\/\/diarioabcdemichoacan.com.mx\/lasnoticias\/gobierno-de-morelia-aliado-de-industria-grafica-alfonso-martinez\/#primaryimage\",\"url\":\"https:\/\/diarioabcdemichoacan.com.mx\/lasnoticias\/wp-content\/uploads\/2024\/10\/WhatsApp-Image-2024-10-24-at-15.26.39.jpeg\",\"contentUrl\":\"https:\/\/diarioabcdemichoacan.com.mx\/lasnoticias\/wp-content\/uploads\/2024\/10\/WhatsApp-Image-2024-10-24-at-15.26.39.jpeg\",\"width\":1280,\"height\":853},{\"@type\":\"BreadcrumbList\",\"@id\":\"https:\/\/diarioabcdemichoacan.com.mx\/lasnoticias\/gobierno-de-morelia-aliado-de-industria-grafica-alfonso-martinez\/#breadcrumb\",\"itemListElement\":[{\"@type\":\"ListItem\",\"position\":1,\"name\":\"Portada\",\"item\":\"https:\/\/diarioabcdemichoacan.com.mx\/lasnoticias\/\"},{\"@type\":\"ListItem\",\"position\":2,\"name\":\"Gobierno de Morelia, aliado de industria Gr\u00e1fica: Alfonso Mart\u00ednez.\"}]},{\"@type\":\"WebSite\",\"@id\":\"https:\/\/diarioabcdemichoacan.com.mx\/lasnoticias\/#website\",\"url\":\"https:\/\/diarioabcdemichoacan.com.mx\/lasnoticias\/\",\"name\":\"Diario ABC de Michoac\u00e1n\",\"description\":\"Las noticias al momento\",\"potentialAction\":[{\"@type\":\"SearchAction\",\"target\":{\"@type\":\"EntryPoint\",\"urlTemplate\":\"https:\/\/diarioabcdemichoacan.com.mx\/lasnoticias\/?s={search_term_string}\"},\"query-input\":{\"@type\":\"PropertyValueSpecification\",\"valueRequired\":true,\"valueName\":\"search_term_string\"}}],\"inLanguage\":\"es\"},{\"@type\":\"Person\",\"@id\":\"https:\/\/diarioabcdemichoacan.com.mx\/lasnoticias\/#\/schema\/person\/19ae376040f6cbc489682ebdd8524852\",\"name\":\"AR\",\"image\":{\"@type\":\"ImageObject\",\"inLanguage\":\"es\",\"@id\":\"https:\/\/diarioabcdemichoacan.com.mx\/lasnoticias\/#\/schema\/person\/image\/\",\"url\":\"https:\/\/secure.gravatar.com\/avatar\/44eca2ff970262234e20e1e082872af0?s=96&d=mm&r=g\",\"contentUrl\":\"https:\/\/secure.gravatar.com\/avatar\/44eca2ff970262234e20e1e082872af0?s=96&d=mm&r=g\",\"caption\":\"AR\"},\"url\":\"https:\/\/diarioabcdemichoacan.com.mx\/lasnoticias\/author\/adrian\/\"}]}<\/script>\n<!-- \/ Yoast SEO plugin. -->","yoast_head_json":{"title":"Gobierno de Morelia, aliado de industria Gr\u00e1fica: Alfonso Mart\u00ednez. - Diario ABC de Michoac\u00e1n","robots":{"index":"index","follow":"follow","max-snippet":"max-snippet:-1","max-image-preview":"max-image-preview:large","max-video-preview":"max-video-preview:-1"},"canonical":"https:\/\/diarioabcdemichoacan.com.mx\/lasnoticias\/gobierno-de-morelia-aliado-de-industria-grafica-alfonso-martinez\/","og_locale":"es_ES","og_type":"article","og_title":"Gobierno de Morelia, aliado de industria Gr\u00e1fica: Alfonso Mart\u00ednez. - Diario ABC de Michoac\u00e1n","og_description":"Presidente asisti\u00f3 a la inauguraci\u00f3n de segundo &#8216;Graphic Show MX&#8217;. Se realizar\u00e1 24 y 25 de octubre en CECONEXPO. &nbsp; Morelia, Mich. &#8211; El Presidente Municipal de Morelia, Alfonso Mart\u00ednez Alc\u00e1zar, form\u00f3 parte de la inauguraci\u00f3n de la segunda edici\u00f3n de Graphic Show MX, donde los representantes de c\u00e1maras nacionales y decenas de proveedores, escucharon [&hellip;]","og_url":"https:\/\/diarioabcdemichoacan.com.mx\/lasnoticias\/gobierno-de-morelia-aliado-de-industria-grafica-alfonso-martinez\/","og_site_name":"Diario ABC de Michoac\u00e1n","article_published_time":"2024-10-24T21:29:17+00:00","article_modified_time":"2024-10-24T21:35:21+00:00","og_image":[{"width":1280,"height":853,"url":"https:\/\/diarioabcdemichoacan.com.mx\/lasnoticias\/wp-content\/uploads\/2024\/10\/WhatsApp-Image-2024-10-24-at-15.26.39.jpeg","type":"image\/jpeg"}],"author":"AR","twitter_card":"summary_large_image","twitter_misc":{"Escrito por":"AR","Tiempo de lectura":"3 minutos"},"schema":{"@context":"https:\/\/schema.org","@graph":[{"@type":"WebPage","@id":"https:\/\/diarioabcdemichoacan.com.mx\/lasnoticias\/gobierno-de-morelia-aliado-de-industria-grafica-alfonso-martinez\/","url":"https:\/\/diarioabcdemichoacan.com.mx\/lasnoticias\/gobierno-de-morelia-aliado-de-industria-grafica-alfonso-martinez\/","name":"Gobierno de Morelia, aliado de industria Gr\u00e1fica: Alfonso Mart\u00ednez. - Diario ABC de Michoac\u00e1n","isPartOf":{"@id":"https:\/\/diarioabcdemichoacan.com.mx\/lasnoticias\/#website"},"primaryImageOfPage":{"@id":"https:\/\/diarioabcdemichoacan.com.mx\/lasnoticias\/gobierno-de-morelia-aliado-de-industria-grafica-alfonso-martinez\/#primaryimage"},"image":{"@id":"https:\/\/diarioabcdemichoacan.com.mx\/lasnoticias\/gobierno-de-morelia-aliado-de-industria-grafica-alfonso-martinez\/#primaryimage"},"thumbnailUrl":"https:\/\/diarioabcdemichoacan.com.mx\/lasnoticias\/wp-content\/uploads\/2024\/10\/WhatsApp-Image-2024-10-24-at-15.26.39.jpeg","datePublished":"2024-10-24T21:29:17+00:00","dateModified":"2024-10-24T21:35:21+00:00","author":{"@id":"https:\/\/diarioabcdemichoacan.com.mx\/lasnoticias\/#\/schema\/person\/19ae376040f6cbc489682ebdd8524852"},"breadcrumb":{"@id":"https:\/\/diarioabcdemichoacan.com.mx\/lasnoticias\/gobierno-de-morelia-aliado-de-industria-grafica-alfonso-martinez\/#breadcrumb"},"inLanguage":"es","potentialAction":[{"@type":"ReadAction","target":["https:\/\/diarioabcdemichoacan.com.mx\/lasnoticias\/gobierno-de-morelia-aliado-de-industria-grafica-alfonso-martinez\/"]}]},{"@type":"ImageObject","inLanguage":"es","@id":"https:\/\/diarioabcdemichoacan.com.mx\/lasnoticias\/gobierno-de-morelia-aliado-de-industria-grafica-alfonso-martinez\/#primaryimage","url":"https:\/\/diarioabcdemichoacan.com.mx\/lasnoticias\/wp-content\/uploads\/2024\/10\/WhatsApp-Image-2024-10-24-at-15.26.39.jpeg","contentUrl":"https:\/\/diarioabcdemichoacan.com.mx\/lasnoticias\/wp-content\/uploads\/2024\/10\/WhatsApp-Image-2024-10-24-at-15.26.39.jpeg","width":1280,"height":853},{"@type":"BreadcrumbList","@id":"https:\/\/diarioabcdemichoacan.com.mx\/lasnoticias\/gobierno-de-morelia-aliado-de-industria-grafica-alfonso-martinez\/#breadcrumb","itemListElement":[{"@type":"ListItem","position":1,"name":"Portada","item":"https:\/\/diarioabcdemichoacan.com.mx\/lasnoticias\/"},{"@type":"ListItem","position":2,"name":"Gobierno de Morelia, aliado de industria Gr\u00e1fica: Alfonso Mart\u00ednez."}]},{"@type":"WebSite","@id":"https:\/\/diarioabcdemichoacan.com.mx\/lasnoticias\/#website","url":"https:\/\/diarioabcdemichoacan.com.mx\/lasnoticias\/","name":"Diario ABC de Michoac\u00e1n","description":"Las noticias al momento","potentialAction":[{"@type":"SearchAction","target":{"@type":"EntryPoint","urlTemplate":"https:\/\/diarioabcdemichoacan.com.mx\/lasnoticias\/?s={search_term_string}"},"query-input":{"@type":"PropertyValueSpecification","valueRequired":true,"valueName":"search_term_string"}}],"inLanguage":"es"},{"@type":"Person","@id":"https:\/\/diarioabcdemichoacan.com.mx\/lasnoticias\/#\/schema\/person\/19ae376040f6cbc489682ebdd8524852","name":"AR","image":{"@type":"ImageObject","inLanguage":"es","@id":"https:\/\/diarioabcdemichoacan.com.mx\/lasnoticias\/#\/schema\/person\/image\/","url":"https:\/\/secure.gravatar.com\/avatar\/44eca2ff970262234e20e1e082872af0?s=96&d=mm&r=g","contentUrl":"https:\/\/secure.gravatar.com\/avatar\/44eca2ff970262234e20e1e082872af0?s=96&d=mm&r=g","caption":"AR"},"url":"https:\/\/diarioabcdemichoacan.com.mx\/lasnoticias\/author\/adrian\/"}]}},"_links":{"self":[{"href":"https:\/\/diarioabcdemichoacan.com.mx\/lasnoticias\/wp-json\/wp\/v2\/posts\/30153","targetHints":{"allow":["GET"]}}],"collection":[{"href":"https:\/\/diarioabcdemichoacan.com.mx\/lasnoticias\/wp-json\/wp\/v2\/posts"}],"about":[{"href":"https:\/\/diarioabcdemichoacan.com.mx\/lasnoticias\/wp-json\/wp\/v2\/types\/post"}],"author":[{"embeddable":true,"href":"https:\/\/diarioabcdemichoacan.com.mx\/lasnoticias\/wp-json\/wp\/v2\/users\/9"}],"replies":[{"embeddable":true,"href":"https:\/\/diarioabcdemichoacan.com.mx\/lasnoticias\/wp-json\/wp\/v2\/comments?post=30153"}],"version-history":[{"count":3,"href":"https:\/\/diarioabcdemichoacan.com.mx\/lasnoticias\/wp-json\/wp\/v2\/posts\/30153\/revisions"}],"predecessor-version":[{"id":30178,"href":"https:\/\/diarioabcdemichoacan.com.mx\/lasnoticias\/wp-json\/wp\/v2\/posts\/30153\/revisions\/30178"}],"wp:featuredmedia":[{"embeddable":true,"href":"https:\/\/diarioabcdemichoacan.com.mx\/lasnoticias\/wp-json\/wp\/v2\/media\/30170"}],"wp:attachment":[{"href":"https:\/\/diarioabcdemichoacan.com.mx\/lasnoticias\/wp-json\/wp\/v2\/media?parent=30153"}],"wp:term":[{"taxonomy":"category","embeddable":true,"href":"https:\/\/diarioabcdemichoacan.com.mx\/lasnoticias\/wp-json\/wp\/v2\/categories?post=30153"},{"taxonomy":"post_tag","embeddable":true,"href":"https:\/\/diarioabcdemichoacan.com.mx\/lasnoticias\/wp-json\/wp\/v2\/tags?post=30153"}],"curies":[{"name":"wp","href":"https:\/\/api.w.org\/{rel}","templated":true}]}}