{"id":30186,"date":"2024-10-24T15:51:25","date_gmt":"2024-10-24T21:51:25","guid":{"rendered":"https:\/\/diarioabcdemichoacan.com.mx\/lasnoticias\/?p=30186"},"modified":"2024-10-24T15:54:32","modified_gmt":"2024-10-24T21:54:32","slug":"infonavit-lleva-sus-brigadas-de-promocion-y-servicio-a-morelia","status":"publish","type":"post","link":"https:\/\/diarioabcdemichoacan.com.mx\/lasnoticias\/infonavit-lleva-sus-brigadas-de-promocion-y-servicio-a-morelia\/","title":{"rendered":"Infonavit lleva sus brigadas de promoci\u00f3n y servicio a Morelia."},"content":{"rendered":"<h2>La brigada se realizar\u00e1 el domingo 27 de octubre, de 10:00 a 14:00 horas, en el fraccionamiento Villas del Pedregal.<\/h2>\n<p>&nbsp;<\/p>\n<hr \/>\n<p>Morelia, Mich. &#8211; El Instituto del Fondo Nacional de la Vivienda para los Trabajadores (Infonavit) realizar\u00e1 una Brigada de Promoci\u00f3n y Servicio en Morelia, para acercar sus productos y atenci\u00f3n a las personas, con el objetivo de apoyarlas en la construcci\u00f3n de su patrimonio.<\/p>\n<p>&nbsp;<\/p>\n<p>Detalles de la brigada:<\/p>\n<ul>\n<li>Fecha: domingo 27 de octubre.<\/li>\n<li>Horario: 10:00 a 14:00 horas.<\/li>\n<li>Lugar: En la glorieta ubicada sobre Avenida de las Aves y Avenida La Cantera, en el fraccionamiento Villas del Pedregal, en Morelia.<\/li>\n<\/ul>\n<p>&nbsp;<\/p>\n<p><img loading=\"lazy\" decoding=\"async\" class=\"alignnone size-medium wp-image-30202\" src=\"https:\/\/diarioabcdemichoacan.com.mx\/lasnoticias\/wp-content\/uploads\/2024\/10\/WhatsApp-Image-2024-10-24-at-15.37.49-1-500x353.jpeg\" alt=\"\" width=\"500\" height=\"353\" srcset=\"https:\/\/diarioabcdemichoacan.com.mx\/lasnoticias\/wp-content\/uploads\/2024\/10\/WhatsApp-Image-2024-10-24-at-15.37.49-1-500x353.jpeg 500w, https:\/\/diarioabcdemichoacan.com.mx\/lasnoticias\/wp-content\/uploads\/2024\/10\/WhatsApp-Image-2024-10-24-at-15.37.49-1-1024x723.jpeg 1024w, https:\/\/diarioabcdemichoacan.com.mx\/lasnoticias\/wp-content\/uploads\/2024\/10\/WhatsApp-Image-2024-10-24-at-15.37.49-1-768x543.jpeg 768w, https:\/\/diarioabcdemichoacan.com.mx\/lasnoticias\/wp-content\/uploads\/2024\/10\/WhatsApp-Image-2024-10-24-at-15.37.49-1-1536x1085.jpeg 1536w, https:\/\/diarioabcdemichoacan.com.mx\/lasnoticias\/wp-content\/uploads\/2024\/10\/WhatsApp-Image-2024-10-24-at-15.37.49-1-150x106.jpeg 150w, https:\/\/diarioabcdemichoacan.com.mx\/lasnoticias\/wp-content\/uploads\/2024\/10\/WhatsApp-Image-2024-10-24-at-15.37.49-1-300x212.jpeg 300w, https:\/\/diarioabcdemichoacan.com.mx\/lasnoticias\/wp-content\/uploads\/2024\/10\/WhatsApp-Image-2024-10-24-at-15.37.49-1-696x492.jpeg 696w, https:\/\/diarioabcdemichoacan.com.mx\/lasnoticias\/wp-content\/uploads\/2024\/10\/WhatsApp-Image-2024-10-24-at-15.37.49-1-1068x754.jpeg 1068w, https:\/\/diarioabcdemichoacan.com.mx\/lasnoticias\/wp-content\/uploads\/2024\/10\/WhatsApp-Image-2024-10-24-at-15.37.49-1.jpeg 1601w\" sizes=\"auto, (max-width: 500px) 100vw, 500px\" \/><\/p>\n<p>&nbsp;<\/p>\n<p>Las y los asistentes podr\u00e1n solicitar la conversi\u00f3n de su cr\u00e9dito Infonavit de Veces Salario M\u00ednimo (VSM) a pesos mediante el programa Responsabilidad Compartida, para evitar que sus cr\u00e9ditos incrementen cada a\u00f1o con la inflaci\u00f3n.<\/p>\n<p>&nbsp;<\/p>\n<p>Adem\u00e1s, podr\u00e1n acceder a:<\/p>\n<ul>\n<li>Un cr\u00e9dito para la compra de vivienda nueva o existente y de terreno.<\/li>\n<li>Un financiamiento para construcci\u00f3n, ampliaci\u00f3n o mejoramiento de vivienda.<\/li>\n<li>La cancelaci\u00f3n de su hipoteca, para obtener las escrituras de su casa.<\/li>\n<li>La devoluci\u00f3n del Saldo de su Subcuenta de Vivienda, en caso de estar pensionado.<\/li>\n<li>Un Descuento por Liquidaci\u00f3n Anticipada, para saldar su hipoteca.<\/li>\n<\/ul>\n<p>&nbsp;<\/p>\n<p><img loading=\"lazy\" decoding=\"async\" class=\"alignnone size-medium wp-image-30201\" src=\"https:\/\/diarioabcdemichoacan.com.mx\/lasnoticias\/wp-content\/uploads\/2024\/10\/WhatsApp-Image-2024-10-24-at-15.37.50-500x375.jpeg\" alt=\"\" width=\"500\" height=\"375\" srcset=\"https:\/\/diarioabcdemichoacan.com.mx\/lasnoticias\/wp-content\/uploads\/2024\/10\/WhatsApp-Image-2024-10-24-at-15.37.50-500x375.jpeg 500w, https:\/\/diarioabcdemichoacan.com.mx\/lasnoticias\/wp-content\/uploads\/2024\/10\/WhatsApp-Image-2024-10-24-at-15.37.50-1024x768.jpeg 1024w, https:\/\/diarioabcdemichoacan.com.mx\/lasnoticias\/wp-content\/uploads\/2024\/10\/WhatsApp-Image-2024-10-24-at-15.37.50-768x576.jpeg 768w, https:\/\/diarioabcdemichoacan.com.mx\/lasnoticias\/wp-content\/uploads\/2024\/10\/WhatsApp-Image-2024-10-24-at-15.37.50-150x113.jpeg 150w, https:\/\/diarioabcdemichoacan.com.mx\/lasnoticias\/wp-content\/uploads\/2024\/10\/WhatsApp-Image-2024-10-24-at-15.37.50-300x225.jpeg 300w, https:\/\/diarioabcdemichoacan.com.mx\/lasnoticias\/wp-content\/uploads\/2024\/10\/WhatsApp-Image-2024-10-24-at-15.37.50-696x522.jpeg 696w, https:\/\/diarioabcdemichoacan.com.mx\/lasnoticias\/wp-content\/uploads\/2024\/10\/WhatsApp-Image-2024-10-24-at-15.37.50-1068x801.jpeg 1068w, https:\/\/diarioabcdemichoacan.com.mx\/lasnoticias\/wp-content\/uploads\/2024\/10\/WhatsApp-Image-2024-10-24-at-15.37.50.jpeg 1156w\" sizes=\"auto, (max-width: 500px) 100vw, 500px\" \/><\/p>\n<p>&nbsp;<\/p>\n<p>Con estas acciones se reitera el compromiso del Infonavit de poner a las y los trabajadores al centro de sus decisiones, llevando sus opciones de cr\u00e9dito, tr\u00e1mites y servicios a donde est\u00e1n los derechohabientes, evitando traslados prolongados o grandes inversiones en tiempo.<\/p>\n<p>&nbsp;<\/p>\n<p>COMUNICADO.<\/p>\n","protected":false},"excerpt":{"rendered":"<p>La brigada se realizar\u00e1 el domingo 27 de octubre, de 10:00 a 14:00 horas, en el fraccionamiento Villas del Pedregal. &nbsp; Morelia, Mich. &#8211; El Instituto del Fondo Nacional de la Vivienda para los Trabajadores (Infonavit) realizar\u00e1 una Brigada de Promoci\u00f3n y Servicio en Morelia, para acercar sus productos y atenci\u00f3n a las personas, con [&hellip;]<\/p>\n","protected":false},"author":9,"featured_media":30203,"comment_status":"closed","ping_status":"closed","sticky":false,"template":"","format":"standard","meta":{"footnotes":""},"categories":[10,7,27],"tags":[],"class_list":{"0":"post-30186","1":"post","2":"type-post","3":"status-publish","4":"format-standard","5":"has-post-thumbnail","7":"category-estado","8":"category-morelia","9":"category-slider"},"yoast_head":"<!-- This site is optimized with the Yoast SEO plugin v24.0 - https:\/\/yoast.com\/wordpress\/plugins\/seo\/ -->\n<title>Infonavit lleva sus brigadas de promoci\u00f3n y servicio a Morelia. - Diario ABC de Michoac\u00e1n<\/title>\n<meta name=\"robots\" content=\"index, follow, max-snippet:-1, max-image-preview:large, max-video-preview:-1\" \/>\n<link rel=\"canonical\" href=\"https:\/\/diarioabcdemichoacan.com.mx\/lasnoticias\/infonavit-lleva-sus-brigadas-de-promocion-y-servicio-a-morelia\/\" \/>\n<meta property=\"og:locale\" content=\"es_ES\" \/>\n<meta property=\"og:type\" content=\"article\" \/>\n<meta property=\"og:title\" content=\"Infonavit lleva sus brigadas de promoci\u00f3n y servicio a Morelia. - Diario ABC de Michoac\u00e1n\" \/>\n<meta property=\"og:description\" content=\"La brigada se realizar\u00e1 el domingo 27 de octubre, de 10:00 a 14:00 horas, en el fraccionamiento Villas del Pedregal. &nbsp; Morelia, Mich. &#8211; El Instituto del Fondo Nacional de la Vivienda para los Trabajadores (Infonavit) realizar\u00e1 una Brigada de Promoci\u00f3n y Servicio en Morelia, para acercar sus productos y atenci\u00f3n a las personas, con [&hellip;]\" \/>\n<meta property=\"og:url\" content=\"https:\/\/diarioabcdemichoacan.com.mx\/lasnoticias\/infonavit-lleva-sus-brigadas-de-promocion-y-servicio-a-morelia\/\" \/>\n<meta property=\"og:site_name\" content=\"Diario ABC de Michoac\u00e1n\" \/>\n<meta property=\"article:published_time\" content=\"2024-10-24T21:51:25+00:00\" \/>\n<meta property=\"article:modified_time\" content=\"2024-10-24T21:54:32+00:00\" \/>\n<meta property=\"og:image\" content=\"https:\/\/diarioabcdemichoacan.com.mx\/lasnoticias\/wp-content\/uploads\/2024\/10\/WhatsApp-Image-2024-10-24-at-15.37.49.jpeg\" \/>\n\t<meta property=\"og:image:width\" content=\"960\" \/>\n\t<meta property=\"og:image:height\" content=\"665\" \/>\n\t<meta property=\"og:image:type\" content=\"image\/jpeg\" \/>\n<meta name=\"author\" content=\"AR\" \/>\n<meta name=\"twitter:card\" content=\"summary_large_image\" \/>\n<meta name=\"twitter:label1\" content=\"Escrito por\" \/>\n\t<meta name=\"twitter:data1\" content=\"AR\" \/>\n\t<meta name=\"twitter:label2\" content=\"Tiempo de lectura\" \/>\n\t<meta name=\"twitter:data2\" content=\"2 minutos\" \/>\n<script type=\"application\/ld+json\" class=\"yoast-schema-graph\">{\"@context\":\"https:\/\/schema.org\",\"@graph\":[{\"@type\":\"WebPage\",\"@id\":\"https:\/\/diarioabcdemichoacan.com.mx\/lasnoticias\/infonavit-lleva-sus-brigadas-de-promocion-y-servicio-a-morelia\/\",\"url\":\"https:\/\/diarioabcdemichoacan.com.mx\/lasnoticias\/infonavit-lleva-sus-brigadas-de-promocion-y-servicio-a-morelia\/\",\"name\":\"Infonavit lleva sus brigadas de promoci\u00f3n y servicio a Morelia. - Diario ABC de Michoac\u00e1n\",\"isPartOf\":{\"@id\":\"https:\/\/diarioabcdemichoacan.com.mx\/lasnoticias\/#website\"},\"primaryImageOfPage\":{\"@id\":\"https:\/\/diarioabcdemichoacan.com.mx\/lasnoticias\/infonavit-lleva-sus-brigadas-de-promocion-y-servicio-a-morelia\/#primaryimage\"},\"image\":{\"@id\":\"https:\/\/diarioabcdemichoacan.com.mx\/lasnoticias\/infonavit-lleva-sus-brigadas-de-promocion-y-servicio-a-morelia\/#primaryimage\"},\"thumbnailUrl\":\"https:\/\/diarioabcdemichoacan.com.mx\/lasnoticias\/wp-content\/uploads\/2024\/10\/WhatsApp-Image-2024-10-24-at-15.37.49.jpeg\",\"datePublished\":\"2024-10-24T21:51:25+00:00\",\"dateModified\":\"2024-10-24T21:54:32+00:00\",\"author\":{\"@id\":\"https:\/\/diarioabcdemichoacan.com.mx\/lasnoticias\/#\/schema\/person\/19ae376040f6cbc489682ebdd8524852\"},\"breadcrumb\":{\"@id\":\"https:\/\/diarioabcdemichoacan.com.mx\/lasnoticias\/infonavit-lleva-sus-brigadas-de-promocion-y-servicio-a-morelia\/#breadcrumb\"},\"inLanguage\":\"es\",\"potentialAction\":[{\"@type\":\"ReadAction\",\"target\":[\"https:\/\/diarioabcdemichoacan.com.mx\/lasnoticias\/infonavit-lleva-sus-brigadas-de-promocion-y-servicio-a-morelia\/\"]}]},{\"@type\":\"ImageObject\",\"inLanguage\":\"es\",\"@id\":\"https:\/\/diarioabcdemichoacan.com.mx\/lasnoticias\/infonavit-lleva-sus-brigadas-de-promocion-y-servicio-a-morelia\/#primaryimage\",\"url\":\"https:\/\/diarioabcdemichoacan.com.mx\/lasnoticias\/wp-content\/uploads\/2024\/10\/WhatsApp-Image-2024-10-24-at-15.37.49.jpeg\",\"contentUrl\":\"https:\/\/diarioabcdemichoacan.com.mx\/lasnoticias\/wp-content\/uploads\/2024\/10\/WhatsApp-Image-2024-10-24-at-15.37.49.jpeg\",\"width\":960,\"height\":665},{\"@type\":\"BreadcrumbList\",\"@id\":\"https:\/\/diarioabcdemichoacan.com.mx\/lasnoticias\/infonavit-lleva-sus-brigadas-de-promocion-y-servicio-a-morelia\/#breadcrumb\",\"itemListElement\":[{\"@type\":\"ListItem\",\"position\":1,\"name\":\"Portada\",\"item\":\"https:\/\/diarioabcdemichoacan.com.mx\/lasnoticias\/\"},{\"@type\":\"ListItem\",\"position\":2,\"name\":\"Infonavit lleva sus brigadas de promoci\u00f3n y servicio a Morelia.\"}]},{\"@type\":\"WebSite\",\"@id\":\"https:\/\/diarioabcdemichoacan.com.mx\/lasnoticias\/#website\",\"url\":\"https:\/\/diarioabcdemichoacan.com.mx\/lasnoticias\/\",\"name\":\"Diario ABC de Michoac\u00e1n\",\"description\":\"Las noticias al momento\",\"potentialAction\":[{\"@type\":\"SearchAction\",\"target\":{\"@type\":\"EntryPoint\",\"urlTemplate\":\"https:\/\/diarioabcdemichoacan.com.mx\/lasnoticias\/?s={search_term_string}\"},\"query-input\":{\"@type\":\"PropertyValueSpecification\",\"valueRequired\":true,\"valueName\":\"search_term_string\"}}],\"inLanguage\":\"es\"},{\"@type\":\"Person\",\"@id\":\"https:\/\/diarioabcdemichoacan.com.mx\/lasnoticias\/#\/schema\/person\/19ae376040f6cbc489682ebdd8524852\",\"name\":\"AR\",\"image\":{\"@type\":\"ImageObject\",\"inLanguage\":\"es\",\"@id\":\"https:\/\/diarioabcdemichoacan.com.mx\/lasnoticias\/#\/schema\/person\/image\/\",\"url\":\"https:\/\/secure.gravatar.com\/avatar\/44eca2ff970262234e20e1e082872af0?s=96&d=mm&r=g\",\"contentUrl\":\"https:\/\/secure.gravatar.com\/avatar\/44eca2ff970262234e20e1e082872af0?s=96&d=mm&r=g\",\"caption\":\"AR\"},\"url\":\"https:\/\/diarioabcdemichoacan.com.mx\/lasnoticias\/author\/adrian\/\"}]}<\/script>\n<!-- \/ Yoast SEO plugin. -->","yoast_head_json":{"title":"Infonavit lleva sus brigadas de promoci\u00f3n y servicio a Morelia. - Diario ABC de Michoac\u00e1n","robots":{"index":"index","follow":"follow","max-snippet":"max-snippet:-1","max-image-preview":"max-image-preview:large","max-video-preview":"max-video-preview:-1"},"canonical":"https:\/\/diarioabcdemichoacan.com.mx\/lasnoticias\/infonavit-lleva-sus-brigadas-de-promocion-y-servicio-a-morelia\/","og_locale":"es_ES","og_type":"article","og_title":"Infonavit lleva sus brigadas de promoci\u00f3n y servicio a Morelia. - Diario ABC de Michoac\u00e1n","og_description":"La brigada se realizar\u00e1 el domingo 27 de octubre, de 10:00 a 14:00 horas, en el fraccionamiento Villas del Pedregal. &nbsp; Morelia, Mich. &#8211; El Instituto del Fondo Nacional de la Vivienda para los Trabajadores (Infonavit) realizar\u00e1 una Brigada de Promoci\u00f3n y Servicio en Morelia, para acercar sus productos y atenci\u00f3n a las personas, con [&hellip;]","og_url":"https:\/\/diarioabcdemichoacan.com.mx\/lasnoticias\/infonavit-lleva-sus-brigadas-de-promocion-y-servicio-a-morelia\/","og_site_name":"Diario ABC de Michoac\u00e1n","article_published_time":"2024-10-24T21:51:25+00:00","article_modified_time":"2024-10-24T21:54:32+00:00","og_image":[{"width":960,"height":665,"url":"https:\/\/diarioabcdemichoacan.com.mx\/lasnoticias\/wp-content\/uploads\/2024\/10\/WhatsApp-Image-2024-10-24-at-15.37.49.jpeg","type":"image\/jpeg"}],"author":"AR","twitter_card":"summary_large_image","twitter_misc":{"Escrito por":"AR","Tiempo de lectura":"2 minutos"},"schema":{"@context":"https:\/\/schema.org","@graph":[{"@type":"WebPage","@id":"https:\/\/diarioabcdemichoacan.com.mx\/lasnoticias\/infonavit-lleva-sus-brigadas-de-promocion-y-servicio-a-morelia\/","url":"https:\/\/diarioabcdemichoacan.com.mx\/lasnoticias\/infonavit-lleva-sus-brigadas-de-promocion-y-servicio-a-morelia\/","name":"Infonavit lleva sus brigadas de promoci\u00f3n y servicio a Morelia. - Diario ABC de Michoac\u00e1n","isPartOf":{"@id":"https:\/\/diarioabcdemichoacan.com.mx\/lasnoticias\/#website"},"primaryImageOfPage":{"@id":"https:\/\/diarioabcdemichoacan.com.mx\/lasnoticias\/infonavit-lleva-sus-brigadas-de-promocion-y-servicio-a-morelia\/#primaryimage"},"image":{"@id":"https:\/\/diarioabcdemichoacan.com.mx\/lasnoticias\/infonavit-lleva-sus-brigadas-de-promocion-y-servicio-a-morelia\/#primaryimage"},"thumbnailUrl":"https:\/\/diarioabcdemichoacan.com.mx\/lasnoticias\/wp-content\/uploads\/2024\/10\/WhatsApp-Image-2024-10-24-at-15.37.49.jpeg","datePublished":"2024-10-24T21:51:25+00:00","dateModified":"2024-10-24T21:54:32+00:00","author":{"@id":"https:\/\/diarioabcdemichoacan.com.mx\/lasnoticias\/#\/schema\/person\/19ae376040f6cbc489682ebdd8524852"},"breadcrumb":{"@id":"https:\/\/diarioabcdemichoacan.com.mx\/lasnoticias\/infonavit-lleva-sus-brigadas-de-promocion-y-servicio-a-morelia\/#breadcrumb"},"inLanguage":"es","potentialAction":[{"@type":"ReadAction","target":["https:\/\/diarioabcdemichoacan.com.mx\/lasnoticias\/infonavit-lleva-sus-brigadas-de-promocion-y-servicio-a-morelia\/"]}]},{"@type":"ImageObject","inLanguage":"es","@id":"https:\/\/diarioabcdemichoacan.com.mx\/lasnoticias\/infonavit-lleva-sus-brigadas-de-promocion-y-servicio-a-morelia\/#primaryimage","url":"https:\/\/diarioabcdemichoacan.com.mx\/lasnoticias\/wp-content\/uploads\/2024\/10\/WhatsApp-Image-2024-10-24-at-15.37.49.jpeg","contentUrl":"https:\/\/diarioabcdemichoacan.com.mx\/lasnoticias\/wp-content\/uploads\/2024\/10\/WhatsApp-Image-2024-10-24-at-15.37.49.jpeg","width":960,"height":665},{"@type":"BreadcrumbList","@id":"https:\/\/diarioabcdemichoacan.com.mx\/lasnoticias\/infonavit-lleva-sus-brigadas-de-promocion-y-servicio-a-morelia\/#breadcrumb","itemListElement":[{"@type":"ListItem","position":1,"name":"Portada","item":"https:\/\/diarioabcdemichoacan.com.mx\/lasnoticias\/"},{"@type":"ListItem","position":2,"name":"Infonavit lleva sus brigadas de promoci\u00f3n y servicio a Morelia."}]},{"@type":"WebSite","@id":"https:\/\/diarioabcdemichoacan.com.mx\/lasnoticias\/#website","url":"https:\/\/diarioabcdemichoacan.com.mx\/lasnoticias\/","name":"Diario ABC de Michoac\u00e1n","description":"Las noticias al momento","potentialAction":[{"@type":"SearchAction","target":{"@type":"EntryPoint","urlTemplate":"https:\/\/diarioabcdemichoacan.com.mx\/lasnoticias\/?s={search_term_string}"},"query-input":{"@type":"PropertyValueSpecification","valueRequired":true,"valueName":"search_term_string"}}],"inLanguage":"es"},{"@type":"Person","@id":"https:\/\/diarioabcdemichoacan.com.mx\/lasnoticias\/#\/schema\/person\/19ae376040f6cbc489682ebdd8524852","name":"AR","image":{"@type":"ImageObject","inLanguage":"es","@id":"https:\/\/diarioabcdemichoacan.com.mx\/lasnoticias\/#\/schema\/person\/image\/","url":"https:\/\/secure.gravatar.com\/avatar\/44eca2ff970262234e20e1e082872af0?s=96&d=mm&r=g","contentUrl":"https:\/\/secure.gravatar.com\/avatar\/44eca2ff970262234e20e1e082872af0?s=96&d=mm&r=g","caption":"AR"},"url":"https:\/\/diarioabcdemichoacan.com.mx\/lasnoticias\/author\/adrian\/"}]}},"_links":{"self":[{"href":"https:\/\/diarioabcdemichoacan.com.mx\/lasnoticias\/wp-json\/wp\/v2\/posts\/30186","targetHints":{"allow":["GET"]}}],"collection":[{"href":"https:\/\/diarioabcdemichoacan.com.mx\/lasnoticias\/wp-json\/wp\/v2\/posts"}],"about":[{"href":"https:\/\/diarioabcdemichoacan.com.mx\/lasnoticias\/wp-json\/wp\/v2\/types\/post"}],"author":[{"embeddable":true,"href":"https:\/\/diarioabcdemichoacan.com.mx\/lasnoticias\/wp-json\/wp\/v2\/users\/9"}],"replies":[{"embeddable":true,"href":"https:\/\/diarioabcdemichoacan.com.mx\/lasnoticias\/wp-json\/wp\/v2\/comments?post=30186"}],"version-history":[{"count":2,"href":"https:\/\/diarioabcdemichoacan.com.mx\/lasnoticias\/wp-json\/wp\/v2\/posts\/30186\/revisions"}],"predecessor-version":[{"id":30208,"href":"https:\/\/diarioabcdemichoacan.com.mx\/lasnoticias\/wp-json\/wp\/v2\/posts\/30186\/revisions\/30208"}],"wp:featuredmedia":[{"embeddable":true,"href":"https:\/\/diarioabcdemichoacan.com.mx\/lasnoticias\/wp-json\/wp\/v2\/media\/30203"}],"wp:attachment":[{"href":"https:\/\/diarioabcdemichoacan.com.mx\/lasnoticias\/wp-json\/wp\/v2\/media?parent=30186"}],"wp:term":[{"taxonomy":"category","embeddable":true,"href":"https:\/\/diarioabcdemichoacan.com.mx\/lasnoticias\/wp-json\/wp\/v2\/categories?post=30186"},{"taxonomy":"post_tag","embeddable":true,"href":"https:\/\/diarioabcdemichoacan.com.mx\/lasnoticias\/wp-json\/wp\/v2\/tags?post=30186"}],"curies":[{"name":"wp","href":"https:\/\/api.w.org\/{rel}","templated":true}]}}