{"id":32350,"date":"2024-11-06T14:29:27","date_gmt":"2024-11-06T20:29:27","guid":{"rendered":"https:\/\/diarioabcdemichoacan.com.mx\/lasnoticias\/?p=32350"},"modified":"2024-11-06T14:29:39","modified_gmt":"2024-11-06T20:29:39","slug":"por-llevar-salud-a-cada-rincon-de-michoacan-reconoce-bedolla-a-medicas-y-medicos","status":"publish","type":"post","link":"https:\/\/diarioabcdemichoacan.com.mx\/lasnoticias\/por-llevar-salud-a-cada-rincon-de-michoacan-reconoce-bedolla-a-medicas-y-medicos\/","title":{"rendered":"Por llevar salud a cada rinc\u00f3n de Michoac\u00e1n, reconoce Bedolla a m\u00e9dicas y m\u00e9dicos."},"content":{"rendered":"<h2>En el marco del D\u00eda Nacional del M\u00e9dico.<\/h2>\n<p>&nbsp;<\/p>\n<hr \/>\n<p>Morelia, Mich. &#8211; Por llevar salud y bienestar a cada rinc\u00f3n de Michoac\u00e1n, ya sea en grandes hospitales o en peque\u00f1as comunidades, el gobernador Alfredo Ram\u00edrez Bedolla reconoci\u00f3 a las m\u00e9dicas y m\u00e9dicos.<\/p>\n<p>&nbsp;<\/p>\n<p>En el marco del D\u00eda Nacional del M\u00e9dico, el mandatario destac\u00f3 que en Michoac\u00e1n se cuenta con m\u00e1s de 9 mil m\u00e9dicos en el servicio p\u00fablico, quienes han brindado casi 7 millones de consultas de 2021 a la fecha.<\/p>\n<p>&nbsp;<\/p>\n<p><img loading=\"lazy\" decoding=\"async\" class=\"alignnone size-medium wp-image-32365\" src=\"https:\/\/diarioabcdemichoacan.com.mx\/lasnoticias\/wp-content\/uploads\/2024\/11\/WhatsApp-Image-2024-11-06-at-14.20.32-2-500x333.jpeg\" alt=\"\" width=\"500\" height=\"333\" srcset=\"https:\/\/diarioabcdemichoacan.com.mx\/lasnoticias\/wp-content\/uploads\/2024\/11\/WhatsApp-Image-2024-11-06-at-14.20.32-2-500x333.jpeg 500w, https:\/\/diarioabcdemichoacan.com.mx\/lasnoticias\/wp-content\/uploads\/2024\/11\/WhatsApp-Image-2024-11-06-at-14.20.32-2-1024x682.jpeg 1024w, https:\/\/diarioabcdemichoacan.com.mx\/lasnoticias\/wp-content\/uploads\/2024\/11\/WhatsApp-Image-2024-11-06-at-14.20.32-2-768x512.jpeg 768w, https:\/\/diarioabcdemichoacan.com.mx\/lasnoticias\/wp-content\/uploads\/2024\/11\/WhatsApp-Image-2024-11-06-at-14.20.32-2-1536x1023.jpeg 1536w, https:\/\/diarioabcdemichoacan.com.mx\/lasnoticias\/wp-content\/uploads\/2024\/11\/WhatsApp-Image-2024-11-06-at-14.20.32-2-150x100.jpeg 150w, https:\/\/diarioabcdemichoacan.com.mx\/lasnoticias\/wp-content\/uploads\/2024\/11\/WhatsApp-Image-2024-11-06-at-14.20.32-2-300x200.jpeg 300w, https:\/\/diarioabcdemichoacan.com.mx\/lasnoticias\/wp-content\/uploads\/2024\/11\/WhatsApp-Image-2024-11-06-at-14.20.32-2-696x464.jpeg 696w, https:\/\/diarioabcdemichoacan.com.mx\/lasnoticias\/wp-content\/uploads\/2024\/11\/WhatsApp-Image-2024-11-06-at-14.20.32-2-1068x712.jpeg 1068w, https:\/\/diarioabcdemichoacan.com.mx\/lasnoticias\/wp-content\/uploads\/2024\/11\/WhatsApp-Image-2024-11-06-at-14.20.32-2.jpeg 1600w\" sizes=\"auto, (max-width: 500px) 100vw, 500px\" \/><\/p>\n<p>&nbsp;<\/p>\n<p>Refiri\u00f3 que cada una de estas cifras representa una historia de vida, esperanza y recuperaci\u00f3n; recalc\u00f3 que ser m\u00e9dico va m\u00e1s all\u00e1 de ejercer un empleo, significa abrazar una vocaci\u00f3n que demanda a\u00f1os de esfuerzo y sacrificio, al ser una manifestaci\u00f3n de humanismo.<\/p>\n<p>&nbsp;<\/p>\n<p>Manifest\u00f3 que en esta administraci\u00f3n se trabaja en mejorar la capacidad de servicio de hemodi\u00e1lisis, con la renovaci\u00f3n del equipo en los hospitales General Dr. Miguel Silva y Regional de Ciudad Hidalgo, as\u00ed como el equipamiento en Infantil, convirti\u00e9ndolo en la primera unidad en su tipo en la regi\u00f3n con capacidad para brindar este servicio.<\/p>\n<p>&nbsp;<\/p>\n<p><img loading=\"lazy\" decoding=\"async\" class=\"alignnone size-medium wp-image-32366\" src=\"https:\/\/diarioabcdemichoacan.com.mx\/lasnoticias\/wp-content\/uploads\/2024\/11\/WhatsApp-Image-2024-11-06-at-14.20.32-1-500x333.jpeg\" alt=\"\" width=\"500\" height=\"333\" srcset=\"https:\/\/diarioabcdemichoacan.com.mx\/lasnoticias\/wp-content\/uploads\/2024\/11\/WhatsApp-Image-2024-11-06-at-14.20.32-1-500x333.jpeg 500w, https:\/\/diarioabcdemichoacan.com.mx\/lasnoticias\/wp-content\/uploads\/2024\/11\/WhatsApp-Image-2024-11-06-at-14.20.32-1-1024x682.jpeg 1024w, https:\/\/diarioabcdemichoacan.com.mx\/lasnoticias\/wp-content\/uploads\/2024\/11\/WhatsApp-Image-2024-11-06-at-14.20.32-1-768x511.jpeg 768w, https:\/\/diarioabcdemichoacan.com.mx\/lasnoticias\/wp-content\/uploads\/2024\/11\/WhatsApp-Image-2024-11-06-at-14.20.32-1-150x100.jpeg 150w, https:\/\/diarioabcdemichoacan.com.mx\/lasnoticias\/wp-content\/uploads\/2024\/11\/WhatsApp-Image-2024-11-06-at-14.20.32-1-300x200.jpeg 300w, https:\/\/diarioabcdemichoacan.com.mx\/lasnoticias\/wp-content\/uploads\/2024\/11\/WhatsApp-Image-2024-11-06-at-14.20.32-1-696x463.jpeg 696w, https:\/\/diarioabcdemichoacan.com.mx\/lasnoticias\/wp-content\/uploads\/2024\/11\/WhatsApp-Image-2024-11-06-at-14.20.32-1-1068x711.jpeg 1068w, https:\/\/diarioabcdemichoacan.com.mx\/lasnoticias\/wp-content\/uploads\/2024\/11\/WhatsApp-Image-2024-11-06-at-14.20.32-1.jpeg 1280w\" sizes=\"auto, (max-width: 500px) 100vw, 500px\" \/><\/p>\n<p>&nbsp;<\/p>\n<p>Anunci\u00f3 que el pr\u00f3ximo a\u00f1o iniciar\u00e1 la construcci\u00f3n el Hospital Universitario que depender\u00e1 de la Universidad Michoacana de San Nicolas de Hidalgo (UMSNH).<\/p>\n<p>&nbsp;<\/p>\n<p>Por su parte, el secretario de Salud de Michoac\u00e1n, L\u00e1zaro Cort\u00e9s Rangel, resalt\u00f3 el compromiso del gobernador en materia de salud; se\u00f1al\u00f3 que prueba de ello es la mejora de las instalaciones y el equipamiento de primer nivel que se tiene en los hospitales en beneficio de miles de michoacanos.<\/p>\n<p>&nbsp;<\/p>\n<p><img loading=\"lazy\" decoding=\"async\" class=\"alignnone size-medium wp-image-32367\" src=\"https:\/\/diarioabcdemichoacan.com.mx\/lasnoticias\/wp-content\/uploads\/2024\/11\/WhatsApp-Image-2024-11-06-at-14.20.32-500x333.jpeg\" alt=\"\" width=\"500\" height=\"333\" srcset=\"https:\/\/diarioabcdemichoacan.com.mx\/lasnoticias\/wp-content\/uploads\/2024\/11\/WhatsApp-Image-2024-11-06-at-14.20.32-500x333.jpeg 500w, https:\/\/diarioabcdemichoacan.com.mx\/lasnoticias\/wp-content\/uploads\/2024\/11\/WhatsApp-Image-2024-11-06-at-14.20.32-1024x682.jpeg 1024w, https:\/\/diarioabcdemichoacan.com.mx\/lasnoticias\/wp-content\/uploads\/2024\/11\/WhatsApp-Image-2024-11-06-at-14.20.32-768x511.jpeg 768w, https:\/\/diarioabcdemichoacan.com.mx\/lasnoticias\/wp-content\/uploads\/2024\/11\/WhatsApp-Image-2024-11-06-at-14.20.32-150x100.jpeg 150w, https:\/\/diarioabcdemichoacan.com.mx\/lasnoticias\/wp-content\/uploads\/2024\/11\/WhatsApp-Image-2024-11-06-at-14.20.32-300x200.jpeg 300w, https:\/\/diarioabcdemichoacan.com.mx\/lasnoticias\/wp-content\/uploads\/2024\/11\/WhatsApp-Image-2024-11-06-at-14.20.32-696x463.jpeg 696w, https:\/\/diarioabcdemichoacan.com.mx\/lasnoticias\/wp-content\/uploads\/2024\/11\/WhatsApp-Image-2024-11-06-at-14.20.32-1068x711.jpeg 1068w, https:\/\/diarioabcdemichoacan.com.mx\/lasnoticias\/wp-content\/uploads\/2024\/11\/WhatsApp-Image-2024-11-06-at-14.20.32.jpeg 1280w\" sizes=\"auto, (max-width: 500px) 100vw, 500px\" \/><\/p>\n<p>&nbsp;<\/p>\n<p>\u00abHoy, el D\u00eda de la M\u00e9dica y del M\u00e9dico, queremos reconocer a quienes practican esta noble labor de brindar salud a los seres humanos, refrendado y fortaleciendo la alta vocaci\u00f3n de servicio y el gran sentido humano que debe tener el ejercicio de la medicina\u00bb, apunt\u00f3.<\/p>\n<p>&nbsp;<\/p>\n<p>Durante el evento, por desempe\u00f1o laboral en nefrolog\u00eda, se reconoci\u00f3 al doctor Juan Abraham Ram\u00edrez Berm\u00fadez, quien cuenta con 56 a\u00f1os de servicio en el Hospital Civil; adem\u00e1s se reconoci\u00f3 a las m\u00e9dicas y m\u00e9dicos, Emma Gonz\u00e1lez Garc\u00eda, Jorge Luis Valdez G\u00f3mez, Juana Irene Barr\u00f3n Gast\u00e9lum, Diana Molina Zendejas, Enrique Murgu\u00eda Ortiz y Miguel \u00c1ngel L\u00f3pez Silva.<\/p>\n<p>&nbsp;<\/p>\n<p>COMUNICADO.<\/p>\n","protected":false},"excerpt":{"rendered":"<p>En el marco del D\u00eda Nacional del M\u00e9dico. &nbsp; Morelia, Mich. &#8211; Por llevar salud y bienestar a cada rinc\u00f3n de Michoac\u00e1n, ya sea en grandes hospitales o en peque\u00f1as comunidades, el gobernador Alfredo Ram\u00edrez Bedolla reconoci\u00f3 a las m\u00e9dicas y m\u00e9dicos. &nbsp; En el marco del D\u00eda Nacional del M\u00e9dico, el mandatario destac\u00f3 que [&hellip;]<\/p>\n","protected":false},"author":9,"featured_media":32363,"comment_status":"closed","ping_status":"closed","sticky":false,"template":"","format":"standard","meta":{"footnotes":""},"categories":[10,17,29,27],"tags":[],"class_list":{"0":"post-32350","1":"post","2":"type-post","3":"status-publish","4":"format-standard","5":"has-post-thumbnail","7":"category-estado","8":"category-gobierno-de-michoacan","9":"category-salud","10":"category-slider"},"yoast_head":"<!-- This site is optimized with the Yoast SEO plugin v24.0 - https:\/\/yoast.com\/wordpress\/plugins\/seo\/ -->\n<title>Por llevar salud a cada rinc\u00f3n de Michoac\u00e1n, reconoce Bedolla a m\u00e9dicas y m\u00e9dicos. - Diario ABC de Michoac\u00e1n<\/title>\n<meta name=\"robots\" content=\"index, follow, max-snippet:-1, max-image-preview:large, max-video-preview:-1\" \/>\n<link rel=\"canonical\" href=\"https:\/\/diarioabcdemichoacan.com.mx\/lasnoticias\/por-llevar-salud-a-cada-rincon-de-michoacan-reconoce-bedolla-a-medicas-y-medicos\/\" \/>\n<meta property=\"og:locale\" content=\"es_ES\" \/>\n<meta property=\"og:type\" content=\"article\" \/>\n<meta property=\"og:title\" content=\"Por llevar salud a cada rinc\u00f3n de Michoac\u00e1n, reconoce Bedolla a m\u00e9dicas y m\u00e9dicos. - Diario ABC de Michoac\u00e1n\" \/>\n<meta property=\"og:description\" content=\"En el marco del D\u00eda Nacional del M\u00e9dico. &nbsp; Morelia, Mich. &#8211; Por llevar salud y bienestar a cada rinc\u00f3n de Michoac\u00e1n, ya sea en grandes hospitales o en peque\u00f1as comunidades, el gobernador Alfredo Ram\u00edrez Bedolla reconoci\u00f3 a las m\u00e9dicas y m\u00e9dicos. &nbsp; En el marco del D\u00eda Nacional del M\u00e9dico, el mandatario destac\u00f3 que [&hellip;]\" \/>\n<meta property=\"og:url\" content=\"https:\/\/diarioabcdemichoacan.com.mx\/lasnoticias\/por-llevar-salud-a-cada-rincon-de-michoacan-reconoce-bedolla-a-medicas-y-medicos\/\" \/>\n<meta property=\"og:site_name\" content=\"Diario ABC de Michoac\u00e1n\" \/>\n<meta property=\"article:published_time\" content=\"2024-11-06T20:29:27+00:00\" \/>\n<meta property=\"article:modified_time\" content=\"2024-11-06T20:29:39+00:00\" \/>\n<meta property=\"og:image\" content=\"https:\/\/diarioabcdemichoacan.com.mx\/lasnoticias\/wp-content\/uploads\/2024\/11\/WhatsApp-Image-2024-11-06-at-14.20.32-3.jpeg\" \/>\n\t<meta property=\"og:image:width\" content=\"1600\" \/>\n\t<meta property=\"og:image:height\" content=\"1066\" \/>\n\t<meta property=\"og:image:type\" content=\"image\/jpeg\" \/>\n<meta name=\"author\" content=\"AR\" \/>\n<meta name=\"twitter:card\" content=\"summary_large_image\" \/>\n<meta name=\"twitter:label1\" content=\"Escrito por\" \/>\n\t<meta name=\"twitter:data1\" content=\"AR\" \/>\n\t<meta name=\"twitter:label2\" content=\"Tiempo de lectura\" \/>\n\t<meta name=\"twitter:data2\" content=\"3 minutos\" \/>\n<script type=\"application\/ld+json\" class=\"yoast-schema-graph\">{\"@context\":\"https:\/\/schema.org\",\"@graph\":[{\"@type\":\"WebPage\",\"@id\":\"https:\/\/diarioabcdemichoacan.com.mx\/lasnoticias\/por-llevar-salud-a-cada-rincon-de-michoacan-reconoce-bedolla-a-medicas-y-medicos\/\",\"url\":\"https:\/\/diarioabcdemichoacan.com.mx\/lasnoticias\/por-llevar-salud-a-cada-rincon-de-michoacan-reconoce-bedolla-a-medicas-y-medicos\/\",\"name\":\"Por llevar salud a cada rinc\u00f3n de Michoac\u00e1n, reconoce Bedolla a m\u00e9dicas y m\u00e9dicos. - Diario ABC de Michoac\u00e1n\",\"isPartOf\":{\"@id\":\"https:\/\/diarioabcdemichoacan.com.mx\/lasnoticias\/#website\"},\"primaryImageOfPage\":{\"@id\":\"https:\/\/diarioabcdemichoacan.com.mx\/lasnoticias\/por-llevar-salud-a-cada-rincon-de-michoacan-reconoce-bedolla-a-medicas-y-medicos\/#primaryimage\"},\"image\":{\"@id\":\"https:\/\/diarioabcdemichoacan.com.mx\/lasnoticias\/por-llevar-salud-a-cada-rincon-de-michoacan-reconoce-bedolla-a-medicas-y-medicos\/#primaryimage\"},\"thumbnailUrl\":\"https:\/\/diarioabcdemichoacan.com.mx\/lasnoticias\/wp-content\/uploads\/2024\/11\/WhatsApp-Image-2024-11-06-at-14.20.32-3.jpeg\",\"datePublished\":\"2024-11-06T20:29:27+00:00\",\"dateModified\":\"2024-11-06T20:29:39+00:00\",\"author\":{\"@id\":\"https:\/\/diarioabcdemichoacan.com.mx\/lasnoticias\/#\/schema\/person\/19ae376040f6cbc489682ebdd8524852\"},\"breadcrumb\":{\"@id\":\"https:\/\/diarioabcdemichoacan.com.mx\/lasnoticias\/por-llevar-salud-a-cada-rincon-de-michoacan-reconoce-bedolla-a-medicas-y-medicos\/#breadcrumb\"},\"inLanguage\":\"es\",\"potentialAction\":[{\"@type\":\"ReadAction\",\"target\":[\"https:\/\/diarioabcdemichoacan.com.mx\/lasnoticias\/por-llevar-salud-a-cada-rincon-de-michoacan-reconoce-bedolla-a-medicas-y-medicos\/\"]}]},{\"@type\":\"ImageObject\",\"inLanguage\":\"es\",\"@id\":\"https:\/\/diarioabcdemichoacan.com.mx\/lasnoticias\/por-llevar-salud-a-cada-rincon-de-michoacan-reconoce-bedolla-a-medicas-y-medicos\/#primaryimage\",\"url\":\"https:\/\/diarioabcdemichoacan.com.mx\/lasnoticias\/wp-content\/uploads\/2024\/11\/WhatsApp-Image-2024-11-06-at-14.20.32-3.jpeg\",\"contentUrl\":\"https:\/\/diarioabcdemichoacan.com.mx\/lasnoticias\/wp-content\/uploads\/2024\/11\/WhatsApp-Image-2024-11-06-at-14.20.32-3.jpeg\",\"width\":1600,\"height\":1066},{\"@type\":\"BreadcrumbList\",\"@id\":\"https:\/\/diarioabcdemichoacan.com.mx\/lasnoticias\/por-llevar-salud-a-cada-rincon-de-michoacan-reconoce-bedolla-a-medicas-y-medicos\/#breadcrumb\",\"itemListElement\":[{\"@type\":\"ListItem\",\"position\":1,\"name\":\"Portada\",\"item\":\"https:\/\/diarioabcdemichoacan.com.mx\/lasnoticias\/\"},{\"@type\":\"ListItem\",\"position\":2,\"name\":\"Por llevar salud a cada rinc\u00f3n de Michoac\u00e1n, reconoce Bedolla a m\u00e9dicas y m\u00e9dicos.\"}]},{\"@type\":\"WebSite\",\"@id\":\"https:\/\/diarioabcdemichoacan.com.mx\/lasnoticias\/#website\",\"url\":\"https:\/\/diarioabcdemichoacan.com.mx\/lasnoticias\/\",\"name\":\"Diario ABC de Michoac\u00e1n\",\"description\":\"Las noticias al momento\",\"potentialAction\":[{\"@type\":\"SearchAction\",\"target\":{\"@type\":\"EntryPoint\",\"urlTemplate\":\"https:\/\/diarioabcdemichoacan.com.mx\/lasnoticias\/?s={search_term_string}\"},\"query-input\":{\"@type\":\"PropertyValueSpecification\",\"valueRequired\":true,\"valueName\":\"search_term_string\"}}],\"inLanguage\":\"es\"},{\"@type\":\"Person\",\"@id\":\"https:\/\/diarioabcdemichoacan.com.mx\/lasnoticias\/#\/schema\/person\/19ae376040f6cbc489682ebdd8524852\",\"name\":\"AR\",\"image\":{\"@type\":\"ImageObject\",\"inLanguage\":\"es\",\"@id\":\"https:\/\/diarioabcdemichoacan.com.mx\/lasnoticias\/#\/schema\/person\/image\/\",\"url\":\"https:\/\/secure.gravatar.com\/avatar\/44eca2ff970262234e20e1e082872af0?s=96&d=mm&r=g\",\"contentUrl\":\"https:\/\/secure.gravatar.com\/avatar\/44eca2ff970262234e20e1e082872af0?s=96&d=mm&r=g\",\"caption\":\"AR\"},\"url\":\"https:\/\/diarioabcdemichoacan.com.mx\/lasnoticias\/author\/adrian\/\"}]}<\/script>\n<!-- \/ Yoast SEO plugin. -->","yoast_head_json":{"title":"Por llevar salud a cada rinc\u00f3n de Michoac\u00e1n, reconoce Bedolla a m\u00e9dicas y m\u00e9dicos. - Diario ABC de Michoac\u00e1n","robots":{"index":"index","follow":"follow","max-snippet":"max-snippet:-1","max-image-preview":"max-image-preview:large","max-video-preview":"max-video-preview:-1"},"canonical":"https:\/\/diarioabcdemichoacan.com.mx\/lasnoticias\/por-llevar-salud-a-cada-rincon-de-michoacan-reconoce-bedolla-a-medicas-y-medicos\/","og_locale":"es_ES","og_type":"article","og_title":"Por llevar salud a cada rinc\u00f3n de Michoac\u00e1n, reconoce Bedolla a m\u00e9dicas y m\u00e9dicos. - Diario ABC de Michoac\u00e1n","og_description":"En el marco del D\u00eda Nacional del M\u00e9dico. &nbsp; Morelia, Mich. &#8211; Por llevar salud y bienestar a cada rinc\u00f3n de Michoac\u00e1n, ya sea en grandes hospitales o en peque\u00f1as comunidades, el gobernador Alfredo Ram\u00edrez Bedolla reconoci\u00f3 a las m\u00e9dicas y m\u00e9dicos. &nbsp; En el marco del D\u00eda Nacional del M\u00e9dico, el mandatario destac\u00f3 que [&hellip;]","og_url":"https:\/\/diarioabcdemichoacan.com.mx\/lasnoticias\/por-llevar-salud-a-cada-rincon-de-michoacan-reconoce-bedolla-a-medicas-y-medicos\/","og_site_name":"Diario ABC de Michoac\u00e1n","article_published_time":"2024-11-06T20:29:27+00:00","article_modified_time":"2024-11-06T20:29:39+00:00","og_image":[{"width":1600,"height":1066,"url":"https:\/\/diarioabcdemichoacan.com.mx\/lasnoticias\/wp-content\/uploads\/2024\/11\/WhatsApp-Image-2024-11-06-at-14.20.32-3.jpeg","type":"image\/jpeg"}],"author":"AR","twitter_card":"summary_large_image","twitter_misc":{"Escrito por":"AR","Tiempo de lectura":"3 minutos"},"schema":{"@context":"https:\/\/schema.org","@graph":[{"@type":"WebPage","@id":"https:\/\/diarioabcdemichoacan.com.mx\/lasnoticias\/por-llevar-salud-a-cada-rincon-de-michoacan-reconoce-bedolla-a-medicas-y-medicos\/","url":"https:\/\/diarioabcdemichoacan.com.mx\/lasnoticias\/por-llevar-salud-a-cada-rincon-de-michoacan-reconoce-bedolla-a-medicas-y-medicos\/","name":"Por llevar salud a cada rinc\u00f3n de Michoac\u00e1n, reconoce Bedolla a m\u00e9dicas y m\u00e9dicos. - Diario ABC de Michoac\u00e1n","isPartOf":{"@id":"https:\/\/diarioabcdemichoacan.com.mx\/lasnoticias\/#website"},"primaryImageOfPage":{"@id":"https:\/\/diarioabcdemichoacan.com.mx\/lasnoticias\/por-llevar-salud-a-cada-rincon-de-michoacan-reconoce-bedolla-a-medicas-y-medicos\/#primaryimage"},"image":{"@id":"https:\/\/diarioabcdemichoacan.com.mx\/lasnoticias\/por-llevar-salud-a-cada-rincon-de-michoacan-reconoce-bedolla-a-medicas-y-medicos\/#primaryimage"},"thumbnailUrl":"https:\/\/diarioabcdemichoacan.com.mx\/lasnoticias\/wp-content\/uploads\/2024\/11\/WhatsApp-Image-2024-11-06-at-14.20.32-3.jpeg","datePublished":"2024-11-06T20:29:27+00:00","dateModified":"2024-11-06T20:29:39+00:00","author":{"@id":"https:\/\/diarioabcdemichoacan.com.mx\/lasnoticias\/#\/schema\/person\/19ae376040f6cbc489682ebdd8524852"},"breadcrumb":{"@id":"https:\/\/diarioabcdemichoacan.com.mx\/lasnoticias\/por-llevar-salud-a-cada-rincon-de-michoacan-reconoce-bedolla-a-medicas-y-medicos\/#breadcrumb"},"inLanguage":"es","potentialAction":[{"@type":"ReadAction","target":["https:\/\/diarioabcdemichoacan.com.mx\/lasnoticias\/por-llevar-salud-a-cada-rincon-de-michoacan-reconoce-bedolla-a-medicas-y-medicos\/"]}]},{"@type":"ImageObject","inLanguage":"es","@id":"https:\/\/diarioabcdemichoacan.com.mx\/lasnoticias\/por-llevar-salud-a-cada-rincon-de-michoacan-reconoce-bedolla-a-medicas-y-medicos\/#primaryimage","url":"https:\/\/diarioabcdemichoacan.com.mx\/lasnoticias\/wp-content\/uploads\/2024\/11\/WhatsApp-Image-2024-11-06-at-14.20.32-3.jpeg","contentUrl":"https:\/\/diarioabcdemichoacan.com.mx\/lasnoticias\/wp-content\/uploads\/2024\/11\/WhatsApp-Image-2024-11-06-at-14.20.32-3.jpeg","width":1600,"height":1066},{"@type":"BreadcrumbList","@id":"https:\/\/diarioabcdemichoacan.com.mx\/lasnoticias\/por-llevar-salud-a-cada-rincon-de-michoacan-reconoce-bedolla-a-medicas-y-medicos\/#breadcrumb","itemListElement":[{"@type":"ListItem","position":1,"name":"Portada","item":"https:\/\/diarioabcdemichoacan.com.mx\/lasnoticias\/"},{"@type":"ListItem","position":2,"name":"Por llevar salud a cada rinc\u00f3n de Michoac\u00e1n, reconoce Bedolla a m\u00e9dicas y m\u00e9dicos."}]},{"@type":"WebSite","@id":"https:\/\/diarioabcdemichoacan.com.mx\/lasnoticias\/#website","url":"https:\/\/diarioabcdemichoacan.com.mx\/lasnoticias\/","name":"Diario ABC de Michoac\u00e1n","description":"Las noticias al momento","potentialAction":[{"@type":"SearchAction","target":{"@type":"EntryPoint","urlTemplate":"https:\/\/diarioabcdemichoacan.com.mx\/lasnoticias\/?s={search_term_string}"},"query-input":{"@type":"PropertyValueSpecification","valueRequired":true,"valueName":"search_term_string"}}],"inLanguage":"es"},{"@type":"Person","@id":"https:\/\/diarioabcdemichoacan.com.mx\/lasnoticias\/#\/schema\/person\/19ae376040f6cbc489682ebdd8524852","name":"AR","image":{"@type":"ImageObject","inLanguage":"es","@id":"https:\/\/diarioabcdemichoacan.com.mx\/lasnoticias\/#\/schema\/person\/image\/","url":"https:\/\/secure.gravatar.com\/avatar\/44eca2ff970262234e20e1e082872af0?s=96&d=mm&r=g","contentUrl":"https:\/\/secure.gravatar.com\/avatar\/44eca2ff970262234e20e1e082872af0?s=96&d=mm&r=g","caption":"AR"},"url":"https:\/\/diarioabcdemichoacan.com.mx\/lasnoticias\/author\/adrian\/"}]}},"_links":{"self":[{"href":"https:\/\/diarioabcdemichoacan.com.mx\/lasnoticias\/wp-json\/wp\/v2\/posts\/32350","targetHints":{"allow":["GET"]}}],"collection":[{"href":"https:\/\/diarioabcdemichoacan.com.mx\/lasnoticias\/wp-json\/wp\/v2\/posts"}],"about":[{"href":"https:\/\/diarioabcdemichoacan.com.mx\/lasnoticias\/wp-json\/wp\/v2\/types\/post"}],"author":[{"embeddable":true,"href":"https:\/\/diarioabcdemichoacan.com.mx\/lasnoticias\/wp-json\/wp\/v2\/users\/9"}],"replies":[{"embeddable":true,"href":"https:\/\/diarioabcdemichoacan.com.mx\/lasnoticias\/wp-json\/wp\/v2\/comments?post=32350"}],"version-history":[{"count":1,"href":"https:\/\/diarioabcdemichoacan.com.mx\/lasnoticias\/wp-json\/wp\/v2\/posts\/32350\/revisions"}],"predecessor-version":[{"id":32372,"href":"https:\/\/diarioabcdemichoacan.com.mx\/lasnoticias\/wp-json\/wp\/v2\/posts\/32350\/revisions\/32372"}],"wp:featuredmedia":[{"embeddable":true,"href":"https:\/\/diarioabcdemichoacan.com.mx\/lasnoticias\/wp-json\/wp\/v2\/media\/32363"}],"wp:attachment":[{"href":"https:\/\/diarioabcdemichoacan.com.mx\/lasnoticias\/wp-json\/wp\/v2\/media?parent=32350"}],"wp:term":[{"taxonomy":"category","embeddable":true,"href":"https:\/\/diarioabcdemichoacan.com.mx\/lasnoticias\/wp-json\/wp\/v2\/categories?post=32350"},{"taxonomy":"post_tag","embeddable":true,"href":"https:\/\/diarioabcdemichoacan.com.mx\/lasnoticias\/wp-json\/wp\/v2\/tags?post=32350"}],"curies":[{"name":"wp","href":"https:\/\/api.w.org\/{rel}","templated":true}]}}