{"id":32351,"date":"2024-11-06T14:50:10","date_gmt":"2024-11-06T20:50:10","guid":{"rendered":"https:\/\/diarioabcdemichoacan.com.mx\/lasnoticias\/?p=32351"},"modified":"2024-11-06T14:50:10","modified_gmt":"2024-11-06T20:50:10","slug":"llama-seimujer-a-no-fomentar-violencia-politica-por-razones-de-genero-en-la-eleccion-de-irimbo","status":"publish","type":"post","link":"https:\/\/diarioabcdemichoacan.com.mx\/lasnoticias\/llama-seimujer-a-no-fomentar-violencia-politica-por-razones-de-genero-en-la-eleccion-de-irimbo\/","title":{"rendered":"Llama Seimujer a no fomentar violencia pol\u00edtica por razones de g\u00e9nero en la elecci\u00f3n de Irimbo."},"content":{"rendered":"<h2>Estar\u00e1 pendiente para la atenci\u00f3n de las denuncias que se generen durante el proceso.<\/h2>\n<p>&nbsp;<\/p>\n<hr \/>\n<p>Morelia, Mich. &#8211; La titular de la Secretar\u00eda de Igualdad Sustantiva y Desarrollo de las Mujeres Michoacanas (Seimujer), Alejandra Anguiano Gonz\u00e1lez, hizo un llamado de no violencia pol\u00edtica por razones de g\u00e9nero en la elecci\u00f3n extraordinaria local en Irimbo.<\/p>\n<p>&nbsp;<\/p>\n<p>Al congratularse por la participaci\u00f3n de tres mujeres que buscan la presidencia municipal de Irimbo, dej\u00f3 en claro que es necesario observar el proceso, toda vez que son ellas quienes pueden sufrir mayor acoso y hostigamiento en la b\u00fasqueda de un cargo de elecci\u00f3n popular.<\/p>\n<p>&nbsp;<\/p>\n<p><img loading=\"lazy\" decoding=\"async\" class=\"alignnone size-medium wp-image-32373\" src=\"https:\/\/diarioabcdemichoacan.com.mx\/lasnoticias\/wp-content\/uploads\/2024\/11\/WhatsApp-Image-2024-11-06-at-14.44.23-3-500x333.jpeg\" alt=\"\" width=\"500\" height=\"333\" srcset=\"https:\/\/diarioabcdemichoacan.com.mx\/lasnoticias\/wp-content\/uploads\/2024\/11\/WhatsApp-Image-2024-11-06-at-14.44.23-3-500x333.jpeg 500w, https:\/\/diarioabcdemichoacan.com.mx\/lasnoticias\/wp-content\/uploads\/2024\/11\/WhatsApp-Image-2024-11-06-at-14.44.23-3-1024x682.jpeg 1024w, https:\/\/diarioabcdemichoacan.com.mx\/lasnoticias\/wp-content\/uploads\/2024\/11\/WhatsApp-Image-2024-11-06-at-14.44.23-3-768x511.jpeg 768w, https:\/\/diarioabcdemichoacan.com.mx\/lasnoticias\/wp-content\/uploads\/2024\/11\/WhatsApp-Image-2024-11-06-at-14.44.23-3-150x100.jpeg 150w, https:\/\/diarioabcdemichoacan.com.mx\/lasnoticias\/wp-content\/uploads\/2024\/11\/WhatsApp-Image-2024-11-06-at-14.44.23-3-300x200.jpeg 300w, https:\/\/diarioabcdemichoacan.com.mx\/lasnoticias\/wp-content\/uploads\/2024\/11\/WhatsApp-Image-2024-11-06-at-14.44.23-3-696x463.jpeg 696w, https:\/\/diarioabcdemichoacan.com.mx\/lasnoticias\/wp-content\/uploads\/2024\/11\/WhatsApp-Image-2024-11-06-at-14.44.23-3-1068x711.jpeg 1068w, https:\/\/diarioabcdemichoacan.com.mx\/lasnoticias\/wp-content\/uploads\/2024\/11\/WhatsApp-Image-2024-11-06-at-14.44.23-3.jpeg 1280w\" sizes=\"auto, (max-width: 500px) 100vw, 500px\" \/><\/p>\n<p>&nbsp;<\/p>\n<p>Se\u00f1al\u00f3 que desde la Seimujer se estar\u00e1 vigilante y en caso de registrarse agresi\u00f3n alguna a las candidatas, se les dar\u00e1 la atenci\u00f3n y acompa\u00f1amiento correspondiente.<\/p>\n<p>&nbsp;<\/p>\n<p>Indic\u00f3 que, si bien hay avance en los derechos de las mujeres, en la actualidad muchas de ellas que est\u00e1n en la pol\u00edtica siguen siendo objeto de desacreditaciones, cuando ha sido una lucha inalcanzable por el respeto pleno de sus derechos humanos.<\/p>\n<p>&nbsp;<\/p>\n<p><img loading=\"lazy\" decoding=\"async\" class=\"alignnone size-medium wp-image-32376\" src=\"https:\/\/diarioabcdemichoacan.com.mx\/lasnoticias\/wp-content\/uploads\/2024\/11\/WhatsApp-Image-2024-11-06-at-14.44.23-500x333.jpeg\" alt=\"\" width=\"500\" height=\"333\" srcset=\"https:\/\/diarioabcdemichoacan.com.mx\/lasnoticias\/wp-content\/uploads\/2024\/11\/WhatsApp-Image-2024-11-06-at-14.44.23-500x333.jpeg 500w, https:\/\/diarioabcdemichoacan.com.mx\/lasnoticias\/wp-content\/uploads\/2024\/11\/WhatsApp-Image-2024-11-06-at-14.44.23-1024x682.jpeg 1024w, https:\/\/diarioabcdemichoacan.com.mx\/lasnoticias\/wp-content\/uploads\/2024\/11\/WhatsApp-Image-2024-11-06-at-14.44.23-768x511.jpeg 768w, https:\/\/diarioabcdemichoacan.com.mx\/lasnoticias\/wp-content\/uploads\/2024\/11\/WhatsApp-Image-2024-11-06-at-14.44.23-150x100.jpeg 150w, https:\/\/diarioabcdemichoacan.com.mx\/lasnoticias\/wp-content\/uploads\/2024\/11\/WhatsApp-Image-2024-11-06-at-14.44.23-300x200.jpeg 300w, https:\/\/diarioabcdemichoacan.com.mx\/lasnoticias\/wp-content\/uploads\/2024\/11\/WhatsApp-Image-2024-11-06-at-14.44.23-696x463.jpeg 696w, https:\/\/diarioabcdemichoacan.com.mx\/lasnoticias\/wp-content\/uploads\/2024\/11\/WhatsApp-Image-2024-11-06-at-14.44.23-1068x711.jpeg 1068w, https:\/\/diarioabcdemichoacan.com.mx\/lasnoticias\/wp-content\/uploads\/2024\/11\/WhatsApp-Image-2024-11-06-at-14.44.23.jpeg 1280w\" sizes=\"auto, (max-width: 500px) 100vw, 500px\" \/><\/p>\n<p>&nbsp;<\/p>\n<p>Por lo que pidi\u00f3 a los diversos actores pol\u00edticos y a la ciudadan\u00eda a no generar ning\u00fan tipo de agresi\u00f3n.<\/p>\n<p>&nbsp;<\/p>\n<p>COMUNICADO.<\/p>\n","protected":false},"excerpt":{"rendered":"<p>Estar\u00e1 pendiente para la atenci\u00f3n de las denuncias que se generen durante el proceso. &nbsp; Morelia, Mich. &#8211; La titular de la Secretar\u00eda de Igualdad Sustantiva y Desarrollo de las Mujeres Michoacanas (Seimujer), Alejandra Anguiano Gonz\u00e1lez, hizo un llamado de no violencia pol\u00edtica por razones de g\u00e9nero en la elecci\u00f3n extraordinaria local en Irimbo. &nbsp; [&hellip;]<\/p>\n","protected":false},"author":9,"featured_media":32374,"comment_status":"closed","ping_status":"closed","sticky":false,"template":"","format":"standard","meta":{"footnotes":""},"categories":[10,17,27],"tags":[],"class_list":{"0":"post-32351","1":"post","2":"type-post","3":"status-publish","4":"format-standard","5":"has-post-thumbnail","7":"category-estado","8":"category-gobierno-de-michoacan","9":"category-slider"},"yoast_head":"<!-- This site is optimized with the Yoast SEO plugin v24.0 - https:\/\/yoast.com\/wordpress\/plugins\/seo\/ -->\n<title>Llama Seimujer a no fomentar violencia pol\u00edtica por razones de g\u00e9nero en la elecci\u00f3n de Irimbo. - Diario ABC de Michoac\u00e1n<\/title>\n<meta name=\"robots\" content=\"index, follow, max-snippet:-1, max-image-preview:large, max-video-preview:-1\" \/>\n<link rel=\"canonical\" href=\"https:\/\/diarioabcdemichoacan.com.mx\/lasnoticias\/llama-seimujer-a-no-fomentar-violencia-politica-por-razones-de-genero-en-la-eleccion-de-irimbo\/\" \/>\n<meta property=\"og:locale\" content=\"es_ES\" \/>\n<meta property=\"og:type\" content=\"article\" \/>\n<meta property=\"og:title\" content=\"Llama Seimujer a no fomentar violencia pol\u00edtica por razones de g\u00e9nero en la elecci\u00f3n de Irimbo. - Diario ABC de Michoac\u00e1n\" \/>\n<meta property=\"og:description\" content=\"Estar\u00e1 pendiente para la atenci\u00f3n de las denuncias que se generen durante el proceso. &nbsp; Morelia, Mich. &#8211; La titular de la Secretar\u00eda de Igualdad Sustantiva y Desarrollo de las Mujeres Michoacanas (Seimujer), Alejandra Anguiano Gonz\u00e1lez, hizo un llamado de no violencia pol\u00edtica por razones de g\u00e9nero en la elecci\u00f3n extraordinaria local en Irimbo. &nbsp; [&hellip;]\" \/>\n<meta property=\"og:url\" content=\"https:\/\/diarioabcdemichoacan.com.mx\/lasnoticias\/llama-seimujer-a-no-fomentar-violencia-politica-por-razones-de-genero-en-la-eleccion-de-irimbo\/\" \/>\n<meta property=\"og:site_name\" content=\"Diario ABC de Michoac\u00e1n\" \/>\n<meta property=\"article:published_time\" content=\"2024-11-06T20:50:10+00:00\" \/>\n<meta property=\"og:image\" content=\"https:\/\/diarioabcdemichoacan.com.mx\/lasnoticias\/wp-content\/uploads\/2024\/11\/WhatsApp-Image-2024-11-06-at-14.44.23-2.jpeg\" \/>\n\t<meta property=\"og:image:width\" content=\"1280\" \/>\n\t<meta property=\"og:image:height\" content=\"852\" \/>\n\t<meta property=\"og:image:type\" content=\"image\/jpeg\" \/>\n<meta name=\"author\" content=\"AR\" \/>\n<meta name=\"twitter:card\" content=\"summary_large_image\" \/>\n<meta name=\"twitter:label1\" content=\"Escrito por\" \/>\n\t<meta name=\"twitter:data1\" content=\"AR\" \/>\n\t<meta name=\"twitter:label2\" content=\"Tiempo de lectura\" \/>\n\t<meta name=\"twitter:data2\" content=\"2 minutos\" \/>\n<script type=\"application\/ld+json\" class=\"yoast-schema-graph\">{\"@context\":\"https:\/\/schema.org\",\"@graph\":[{\"@type\":\"WebPage\",\"@id\":\"https:\/\/diarioabcdemichoacan.com.mx\/lasnoticias\/llama-seimujer-a-no-fomentar-violencia-politica-por-razones-de-genero-en-la-eleccion-de-irimbo\/\",\"url\":\"https:\/\/diarioabcdemichoacan.com.mx\/lasnoticias\/llama-seimujer-a-no-fomentar-violencia-politica-por-razones-de-genero-en-la-eleccion-de-irimbo\/\",\"name\":\"Llama Seimujer a no fomentar violencia pol\u00edtica por razones de g\u00e9nero en la elecci\u00f3n de Irimbo. - Diario ABC de Michoac\u00e1n\",\"isPartOf\":{\"@id\":\"https:\/\/diarioabcdemichoacan.com.mx\/lasnoticias\/#website\"},\"primaryImageOfPage\":{\"@id\":\"https:\/\/diarioabcdemichoacan.com.mx\/lasnoticias\/llama-seimujer-a-no-fomentar-violencia-politica-por-razones-de-genero-en-la-eleccion-de-irimbo\/#primaryimage\"},\"image\":{\"@id\":\"https:\/\/diarioabcdemichoacan.com.mx\/lasnoticias\/llama-seimujer-a-no-fomentar-violencia-politica-por-razones-de-genero-en-la-eleccion-de-irimbo\/#primaryimage\"},\"thumbnailUrl\":\"https:\/\/diarioabcdemichoacan.com.mx\/lasnoticias\/wp-content\/uploads\/2024\/11\/WhatsApp-Image-2024-11-06-at-14.44.23-2.jpeg\",\"datePublished\":\"2024-11-06T20:50:10+00:00\",\"dateModified\":\"2024-11-06T20:50:10+00:00\",\"author\":{\"@id\":\"https:\/\/diarioabcdemichoacan.com.mx\/lasnoticias\/#\/schema\/person\/19ae376040f6cbc489682ebdd8524852\"},\"breadcrumb\":{\"@id\":\"https:\/\/diarioabcdemichoacan.com.mx\/lasnoticias\/llama-seimujer-a-no-fomentar-violencia-politica-por-razones-de-genero-en-la-eleccion-de-irimbo\/#breadcrumb\"},\"inLanguage\":\"es\",\"potentialAction\":[{\"@type\":\"ReadAction\",\"target\":[\"https:\/\/diarioabcdemichoacan.com.mx\/lasnoticias\/llama-seimujer-a-no-fomentar-violencia-politica-por-razones-de-genero-en-la-eleccion-de-irimbo\/\"]}]},{\"@type\":\"ImageObject\",\"inLanguage\":\"es\",\"@id\":\"https:\/\/diarioabcdemichoacan.com.mx\/lasnoticias\/llama-seimujer-a-no-fomentar-violencia-politica-por-razones-de-genero-en-la-eleccion-de-irimbo\/#primaryimage\",\"url\":\"https:\/\/diarioabcdemichoacan.com.mx\/lasnoticias\/wp-content\/uploads\/2024\/11\/WhatsApp-Image-2024-11-06-at-14.44.23-2.jpeg\",\"contentUrl\":\"https:\/\/diarioabcdemichoacan.com.mx\/lasnoticias\/wp-content\/uploads\/2024\/11\/WhatsApp-Image-2024-11-06-at-14.44.23-2.jpeg\",\"width\":1280,\"height\":852},{\"@type\":\"BreadcrumbList\",\"@id\":\"https:\/\/diarioabcdemichoacan.com.mx\/lasnoticias\/llama-seimujer-a-no-fomentar-violencia-politica-por-razones-de-genero-en-la-eleccion-de-irimbo\/#breadcrumb\",\"itemListElement\":[{\"@type\":\"ListItem\",\"position\":1,\"name\":\"Portada\",\"item\":\"https:\/\/diarioabcdemichoacan.com.mx\/lasnoticias\/\"},{\"@type\":\"ListItem\",\"position\":2,\"name\":\"Llama Seimujer a no fomentar violencia pol\u00edtica por razones de g\u00e9nero en la elecci\u00f3n de Irimbo.\"}]},{\"@type\":\"WebSite\",\"@id\":\"https:\/\/diarioabcdemichoacan.com.mx\/lasnoticias\/#website\",\"url\":\"https:\/\/diarioabcdemichoacan.com.mx\/lasnoticias\/\",\"name\":\"Diario ABC de Michoac\u00e1n\",\"description\":\"Las noticias al momento\",\"potentialAction\":[{\"@type\":\"SearchAction\",\"target\":{\"@type\":\"EntryPoint\",\"urlTemplate\":\"https:\/\/diarioabcdemichoacan.com.mx\/lasnoticias\/?s={search_term_string}\"},\"query-input\":{\"@type\":\"PropertyValueSpecification\",\"valueRequired\":true,\"valueName\":\"search_term_string\"}}],\"inLanguage\":\"es\"},{\"@type\":\"Person\",\"@id\":\"https:\/\/diarioabcdemichoacan.com.mx\/lasnoticias\/#\/schema\/person\/19ae376040f6cbc489682ebdd8524852\",\"name\":\"AR\",\"image\":{\"@type\":\"ImageObject\",\"inLanguage\":\"es\",\"@id\":\"https:\/\/diarioabcdemichoacan.com.mx\/lasnoticias\/#\/schema\/person\/image\/\",\"url\":\"https:\/\/secure.gravatar.com\/avatar\/44eca2ff970262234e20e1e082872af0?s=96&d=mm&r=g\",\"contentUrl\":\"https:\/\/secure.gravatar.com\/avatar\/44eca2ff970262234e20e1e082872af0?s=96&d=mm&r=g\",\"caption\":\"AR\"},\"url\":\"https:\/\/diarioabcdemichoacan.com.mx\/lasnoticias\/author\/adrian\/\"}]}<\/script>\n<!-- \/ Yoast SEO plugin. -->","yoast_head_json":{"title":"Llama Seimujer a no fomentar violencia pol\u00edtica por razones de g\u00e9nero en la elecci\u00f3n de Irimbo. - Diario ABC de Michoac\u00e1n","robots":{"index":"index","follow":"follow","max-snippet":"max-snippet:-1","max-image-preview":"max-image-preview:large","max-video-preview":"max-video-preview:-1"},"canonical":"https:\/\/diarioabcdemichoacan.com.mx\/lasnoticias\/llama-seimujer-a-no-fomentar-violencia-politica-por-razones-de-genero-en-la-eleccion-de-irimbo\/","og_locale":"es_ES","og_type":"article","og_title":"Llama Seimujer a no fomentar violencia pol\u00edtica por razones de g\u00e9nero en la elecci\u00f3n de Irimbo. - Diario ABC de Michoac\u00e1n","og_description":"Estar\u00e1 pendiente para la atenci\u00f3n de las denuncias que se generen durante el proceso. &nbsp; Morelia, Mich. &#8211; La titular de la Secretar\u00eda de Igualdad Sustantiva y Desarrollo de las Mujeres Michoacanas (Seimujer), Alejandra Anguiano Gonz\u00e1lez, hizo un llamado de no violencia pol\u00edtica por razones de g\u00e9nero en la elecci\u00f3n extraordinaria local en Irimbo. &nbsp; [&hellip;]","og_url":"https:\/\/diarioabcdemichoacan.com.mx\/lasnoticias\/llama-seimujer-a-no-fomentar-violencia-politica-por-razones-de-genero-en-la-eleccion-de-irimbo\/","og_site_name":"Diario ABC de Michoac\u00e1n","article_published_time":"2024-11-06T20:50:10+00:00","og_image":[{"width":1280,"height":852,"url":"https:\/\/diarioabcdemichoacan.com.mx\/lasnoticias\/wp-content\/uploads\/2024\/11\/WhatsApp-Image-2024-11-06-at-14.44.23-2.jpeg","type":"image\/jpeg"}],"author":"AR","twitter_card":"summary_large_image","twitter_misc":{"Escrito por":"AR","Tiempo de lectura":"2 minutos"},"schema":{"@context":"https:\/\/schema.org","@graph":[{"@type":"WebPage","@id":"https:\/\/diarioabcdemichoacan.com.mx\/lasnoticias\/llama-seimujer-a-no-fomentar-violencia-politica-por-razones-de-genero-en-la-eleccion-de-irimbo\/","url":"https:\/\/diarioabcdemichoacan.com.mx\/lasnoticias\/llama-seimujer-a-no-fomentar-violencia-politica-por-razones-de-genero-en-la-eleccion-de-irimbo\/","name":"Llama Seimujer a no fomentar violencia pol\u00edtica por razones de g\u00e9nero en la elecci\u00f3n de Irimbo. - Diario ABC de Michoac\u00e1n","isPartOf":{"@id":"https:\/\/diarioabcdemichoacan.com.mx\/lasnoticias\/#website"},"primaryImageOfPage":{"@id":"https:\/\/diarioabcdemichoacan.com.mx\/lasnoticias\/llama-seimujer-a-no-fomentar-violencia-politica-por-razones-de-genero-en-la-eleccion-de-irimbo\/#primaryimage"},"image":{"@id":"https:\/\/diarioabcdemichoacan.com.mx\/lasnoticias\/llama-seimujer-a-no-fomentar-violencia-politica-por-razones-de-genero-en-la-eleccion-de-irimbo\/#primaryimage"},"thumbnailUrl":"https:\/\/diarioabcdemichoacan.com.mx\/lasnoticias\/wp-content\/uploads\/2024\/11\/WhatsApp-Image-2024-11-06-at-14.44.23-2.jpeg","datePublished":"2024-11-06T20:50:10+00:00","dateModified":"2024-11-06T20:50:10+00:00","author":{"@id":"https:\/\/diarioabcdemichoacan.com.mx\/lasnoticias\/#\/schema\/person\/19ae376040f6cbc489682ebdd8524852"},"breadcrumb":{"@id":"https:\/\/diarioabcdemichoacan.com.mx\/lasnoticias\/llama-seimujer-a-no-fomentar-violencia-politica-por-razones-de-genero-en-la-eleccion-de-irimbo\/#breadcrumb"},"inLanguage":"es","potentialAction":[{"@type":"ReadAction","target":["https:\/\/diarioabcdemichoacan.com.mx\/lasnoticias\/llama-seimujer-a-no-fomentar-violencia-politica-por-razones-de-genero-en-la-eleccion-de-irimbo\/"]}]},{"@type":"ImageObject","inLanguage":"es","@id":"https:\/\/diarioabcdemichoacan.com.mx\/lasnoticias\/llama-seimujer-a-no-fomentar-violencia-politica-por-razones-de-genero-en-la-eleccion-de-irimbo\/#primaryimage","url":"https:\/\/diarioabcdemichoacan.com.mx\/lasnoticias\/wp-content\/uploads\/2024\/11\/WhatsApp-Image-2024-11-06-at-14.44.23-2.jpeg","contentUrl":"https:\/\/diarioabcdemichoacan.com.mx\/lasnoticias\/wp-content\/uploads\/2024\/11\/WhatsApp-Image-2024-11-06-at-14.44.23-2.jpeg","width":1280,"height":852},{"@type":"BreadcrumbList","@id":"https:\/\/diarioabcdemichoacan.com.mx\/lasnoticias\/llama-seimujer-a-no-fomentar-violencia-politica-por-razones-de-genero-en-la-eleccion-de-irimbo\/#breadcrumb","itemListElement":[{"@type":"ListItem","position":1,"name":"Portada","item":"https:\/\/diarioabcdemichoacan.com.mx\/lasnoticias\/"},{"@type":"ListItem","position":2,"name":"Llama Seimujer a no fomentar violencia pol\u00edtica por razones de g\u00e9nero en la elecci\u00f3n de Irimbo."}]},{"@type":"WebSite","@id":"https:\/\/diarioabcdemichoacan.com.mx\/lasnoticias\/#website","url":"https:\/\/diarioabcdemichoacan.com.mx\/lasnoticias\/","name":"Diario ABC de Michoac\u00e1n","description":"Las noticias al momento","potentialAction":[{"@type":"SearchAction","target":{"@type":"EntryPoint","urlTemplate":"https:\/\/diarioabcdemichoacan.com.mx\/lasnoticias\/?s={search_term_string}"},"query-input":{"@type":"PropertyValueSpecification","valueRequired":true,"valueName":"search_term_string"}}],"inLanguage":"es"},{"@type":"Person","@id":"https:\/\/diarioabcdemichoacan.com.mx\/lasnoticias\/#\/schema\/person\/19ae376040f6cbc489682ebdd8524852","name":"AR","image":{"@type":"ImageObject","inLanguage":"es","@id":"https:\/\/diarioabcdemichoacan.com.mx\/lasnoticias\/#\/schema\/person\/image\/","url":"https:\/\/secure.gravatar.com\/avatar\/44eca2ff970262234e20e1e082872af0?s=96&d=mm&r=g","contentUrl":"https:\/\/secure.gravatar.com\/avatar\/44eca2ff970262234e20e1e082872af0?s=96&d=mm&r=g","caption":"AR"},"url":"https:\/\/diarioabcdemichoacan.com.mx\/lasnoticias\/author\/adrian\/"}]}},"_links":{"self":[{"href":"https:\/\/diarioabcdemichoacan.com.mx\/lasnoticias\/wp-json\/wp\/v2\/posts\/32351","targetHints":{"allow":["GET"]}}],"collection":[{"href":"https:\/\/diarioabcdemichoacan.com.mx\/lasnoticias\/wp-json\/wp\/v2\/posts"}],"about":[{"href":"https:\/\/diarioabcdemichoacan.com.mx\/lasnoticias\/wp-json\/wp\/v2\/types\/post"}],"author":[{"embeddable":true,"href":"https:\/\/diarioabcdemichoacan.com.mx\/lasnoticias\/wp-json\/wp\/v2\/users\/9"}],"replies":[{"embeddable":true,"href":"https:\/\/diarioabcdemichoacan.com.mx\/lasnoticias\/wp-json\/wp\/v2\/comments?post=32351"}],"version-history":[{"count":1,"href":"https:\/\/diarioabcdemichoacan.com.mx\/lasnoticias\/wp-json\/wp\/v2\/posts\/32351\/revisions"}],"predecessor-version":[{"id":32377,"href":"https:\/\/diarioabcdemichoacan.com.mx\/lasnoticias\/wp-json\/wp\/v2\/posts\/32351\/revisions\/32377"}],"wp:featuredmedia":[{"embeddable":true,"href":"https:\/\/diarioabcdemichoacan.com.mx\/lasnoticias\/wp-json\/wp\/v2\/media\/32374"}],"wp:attachment":[{"href":"https:\/\/diarioabcdemichoacan.com.mx\/lasnoticias\/wp-json\/wp\/v2\/media?parent=32351"}],"wp:term":[{"taxonomy":"category","embeddable":true,"href":"https:\/\/diarioabcdemichoacan.com.mx\/lasnoticias\/wp-json\/wp\/v2\/categories?post=32351"},{"taxonomy":"post_tag","embeddable":true,"href":"https:\/\/diarioabcdemichoacan.com.mx\/lasnoticias\/wp-json\/wp\/v2\/tags?post=32351"}],"curies":[{"name":"wp","href":"https:\/\/api.w.org\/{rel}","templated":true}]}}