{"id":33727,"date":"2024-11-14T16:20:18","date_gmt":"2024-11-14T22:20:18","guid":{"rendered":"https:\/\/diarioabcdemichoacan.com.mx\/lasnoticias\/?p=33727"},"modified":"2024-11-14T16:20:18","modified_gmt":"2024-11-14T22:20:18","slug":"decomiso-de-mercancia-a-comerciantes-ambulantes-en-el-centro-de-morelia-desata-manifestacion-y-retencion-de-2-empleadas-municipales","status":"publish","type":"post","link":"https:\/\/diarioabcdemichoacan.com.mx\/lasnoticias\/decomiso-de-mercancia-a-comerciantes-ambulantes-en-el-centro-de-morelia-desata-manifestacion-y-retencion-de-2-empleadas-municipales\/","title":{"rendered":"Decomiso de mercanc\u00eda a comerciantes ambulantes en el centro de Morelia desata manifestaci\u00f3n y retenci\u00f3n de 2 empleadas municipales"},"content":{"rendered":"<h2>Los quejosos indicaron que los trabajadores del Ayuntamiento se hab\u00edan llevado a un ni\u00f1o durante el aseguramiento de mercanc\u00eda.<\/h2>\n<p>&nbsp;<\/p>\n<p>&nbsp;<\/p>\n<p>Por Juan Manuel \u00c1lvarez<\/p>\n<hr \/>\n<p>Morelia, Mich.- Un operativo coordinado encabezado por la Secretar\u00eda de Servicios P\u00fablicos para regular el comercio en la v\u00eda p\u00fablica del Centro Hist\u00f3rico de Morelia, gener\u00f3 la molestia de un grupo de comerciantes ambulantes, la cual acrecent\u00f3 porque al momento del decomiso de mercanc\u00eda los empleados del Ayuntamiento se hab\u00edan llevado accidentalmente a un ni\u00f1o de aproximadamente 2 a\u00f1os de edad, trascendi\u00f3 en la cobertura de la noticia.<\/p>\n<p>Lo anterior desat\u00f3 una manifestaci\u00f3n y los inconformes cerraron la calle Vasco de Quiroga esquina con Antonio Alzate, a una cuadra de la Plaza San Francisco, bloqueo que dur\u00f3 varias horas.<\/p>\n<p><img loading=\"lazy\" decoding=\"async\" class=\"alignnone size-medium wp-image-33796\" src=\"https:\/\/diarioabcdemichoacan.com.mx\/lasnoticias\/wp-content\/uploads\/2024\/11\/WhatsApp-Image-2024-11-14-at-3.10.58-PM-1-500x333.jpeg\" alt=\"\" width=\"500\" height=\"333\" srcset=\"https:\/\/diarioabcdemichoacan.com.mx\/lasnoticias\/wp-content\/uploads\/2024\/11\/WhatsApp-Image-2024-11-14-at-3.10.58-PM-1-500x333.jpeg 500w, https:\/\/diarioabcdemichoacan.com.mx\/lasnoticias\/wp-content\/uploads\/2024\/11\/WhatsApp-Image-2024-11-14-at-3.10.58-PM-1-1024x683.jpeg 1024w, https:\/\/diarioabcdemichoacan.com.mx\/lasnoticias\/wp-content\/uploads\/2024\/11\/WhatsApp-Image-2024-11-14-at-3.10.58-PM-1-768x512.jpeg 768w, https:\/\/diarioabcdemichoacan.com.mx\/lasnoticias\/wp-content\/uploads\/2024\/11\/WhatsApp-Image-2024-11-14-at-3.10.58-PM-1-1536x1024.jpeg 1536w, https:\/\/diarioabcdemichoacan.com.mx\/lasnoticias\/wp-content\/uploads\/2024\/11\/WhatsApp-Image-2024-11-14-at-3.10.58-PM-1-2048x1365.jpeg 2048w, https:\/\/diarioabcdemichoacan.com.mx\/lasnoticias\/wp-content\/uploads\/2024\/11\/WhatsApp-Image-2024-11-14-at-3.10.58-PM-1-150x100.jpeg 150w, https:\/\/diarioabcdemichoacan.com.mx\/lasnoticias\/wp-content\/uploads\/2024\/11\/WhatsApp-Image-2024-11-14-at-3.10.58-PM-1-300x200.jpeg 300w, https:\/\/diarioabcdemichoacan.com.mx\/lasnoticias\/wp-content\/uploads\/2024\/11\/WhatsApp-Image-2024-11-14-at-3.10.58-PM-1-696x464.jpeg 696w, https:\/\/diarioabcdemichoacan.com.mx\/lasnoticias\/wp-content\/uploads\/2024\/11\/WhatsApp-Image-2024-11-14-at-3.10.58-PM-1-1068x712.jpeg 1068w, https:\/\/diarioabcdemichoacan.com.mx\/lasnoticias\/wp-content\/uploads\/2024\/11\/WhatsApp-Image-2024-11-14-at-3.10.58-PM-1-1920x1280.jpeg 1920w\" sizes=\"auto, (max-width: 500px) 100vw, 500px\" \/><\/p>\n<p>El operativo estuvo conformado por trabajadores de la Direcci\u00f3n de Mercados, Polic\u00eda Morelia, DIF Municipal y la Direcci\u00f3n de Mediaci\u00f3n y Derechos Humanos, quienes al darse cuenta que entre los productos despojados a los comerciantes estaba un menor, lo devolvieron a su madre, pero los comerciantes ya alterados retuvieron a dos empleadas del gobierno municipal y exigieron la presencia del director de Mercados Marco Antonio Garibay Garibay, a efecto de solucionar la problem\u00e1tica, quien no se present\u00f3 al lugar de los hechos.<\/p>\n<p>M\u00e1s tarde el gobierno municipal env\u00edo la siguiente informaci\u00f3n:<\/p>\n<p>\u00abMorelia, Michoac\u00e1n; 14 de noviembre de 2024.- Con el objetivo de ordenar y regular comercio en la v\u00eda p\u00fablica, la Secretar\u00eda de Servicios P\u00fablicos encabez\u00f3 un operativo coordinado con Polic\u00eda de Morelia, DIF Municipal y la Direcci\u00f3n de Mediaci\u00f3n y Derechos Humanos para retirar puestos semifijos que carec\u00edan de las tolerancias correspondientes<\/p>\n<p>En ese sentido, la Direcci\u00f3n de Mercados y Comercio en la V\u00eda P\u00fablica realiz\u00f3 el retiro de alrededor de 8 puestos, as\u00ed como el aseguramiento de mercanc\u00eda, entre calles Antonio Alzate, Virrey de Mendoza, Corregidora y Vasco de Quiroga.<\/p>\n<p><img loading=\"lazy\" decoding=\"async\" class=\"alignnone size-medium wp-image-33799\" src=\"https:\/\/diarioabcdemichoacan.com.mx\/lasnoticias\/wp-content\/uploads\/2024\/11\/466846127_122184631712148337_2675828101837335858_n-500x333.jpg\" alt=\"\" width=\"500\" height=\"333\" srcset=\"https:\/\/diarioabcdemichoacan.com.mx\/lasnoticias\/wp-content\/uploads\/2024\/11\/466846127_122184631712148337_2675828101837335858_n-500x333.jpg 500w, https:\/\/diarioabcdemichoacan.com.mx\/lasnoticias\/wp-content\/uploads\/2024\/11\/466846127_122184631712148337_2675828101837335858_n-1024x683.jpg 1024w, https:\/\/diarioabcdemichoacan.com.mx\/lasnoticias\/wp-content\/uploads\/2024\/11\/466846127_122184631712148337_2675828101837335858_n-768x512.jpg 768w, https:\/\/diarioabcdemichoacan.com.mx\/lasnoticias\/wp-content\/uploads\/2024\/11\/466846127_122184631712148337_2675828101837335858_n-1536x1025.jpg 1536w, https:\/\/diarioabcdemichoacan.com.mx\/lasnoticias\/wp-content\/uploads\/2024\/11\/466846127_122184631712148337_2675828101837335858_n-150x100.jpg 150w, https:\/\/diarioabcdemichoacan.com.mx\/lasnoticias\/wp-content\/uploads\/2024\/11\/466846127_122184631712148337_2675828101837335858_n-300x200.jpg 300w, https:\/\/diarioabcdemichoacan.com.mx\/lasnoticias\/wp-content\/uploads\/2024\/11\/466846127_122184631712148337_2675828101837335858_n-696x464.jpg 696w, https:\/\/diarioabcdemichoacan.com.mx\/lasnoticias\/wp-content\/uploads\/2024\/11\/466846127_122184631712148337_2675828101837335858_n-1068x712.jpg 1068w, https:\/\/diarioabcdemichoacan.com.mx\/lasnoticias\/wp-content\/uploads\/2024\/11\/466846127_122184631712148337_2675828101837335858_n-1920x1281.jpg 1920w, https:\/\/diarioabcdemichoacan.com.mx\/lasnoticias\/wp-content\/uploads\/2024\/11\/466846127_122184631712148337_2675828101837335858_n.jpg 2048w\" sizes=\"auto, (max-width: 500px) 100vw, 500px\" \/><\/p>\n<p>La Direcci\u00f3n de Mediaci\u00f3n y Derechos Humanos y DIF Morelia acompa\u00f1aron este operativo para garantizar legalidad y protecci\u00f3n de los derechos humanos en todo momento.<\/p>\n<p>Durante el mismo, un menor se encontraba en el interior de un puesto por lo que fue entregado a sus padres. En respuesta al retiro, un grupo de comerciantes retuvo a dos trabajadores municipales\u00bb.<\/p>\n","protected":false},"excerpt":{"rendered":"<p>Los quejosos indicaron que los trabajadores del Ayuntamiento se hab\u00edan llevado a un ni\u00f1o durante el aseguramiento de mercanc\u00eda. &nbsp; &nbsp; Por Juan Manuel \u00c1lvarez Morelia, Mich.- Un operativo coordinado encabezado por la Secretar\u00eda de Servicios P\u00fablicos para regular el comercio en la v\u00eda p\u00fablica del Centro Hist\u00f3rico de Morelia, gener\u00f3 la molestia de un [&hellip;]<\/p>\n","protected":false},"author":9,"featured_media":33795,"comment_status":"closed","ping_status":"closed","sticky":false,"template":"","format":"standard","meta":{"footnotes":""},"categories":[7,26,27],"tags":[],"class_list":{"0":"post-33727","1":"post","2":"type-post","3":"status-publish","4":"format-standard","5":"has-post-thumbnail","7":"category-morelia","8":"category-nota-roja","9":"category-slider"},"yoast_head":"<!-- This site is optimized with the Yoast SEO plugin v24.0 - https:\/\/yoast.com\/wordpress\/plugins\/seo\/ -->\n<title>Decomiso de mercanc\u00eda a comerciantes ambulantes en el centro de Morelia desata manifestaci\u00f3n y retenci\u00f3n de 2 empleadas municipales - Diario ABC de Michoac\u00e1n<\/title>\n<meta name=\"robots\" content=\"index, follow, max-snippet:-1, max-image-preview:large, max-video-preview:-1\" \/>\n<link rel=\"canonical\" href=\"https:\/\/diarioabcdemichoacan.com.mx\/lasnoticias\/decomiso-de-mercancia-a-comerciantes-ambulantes-en-el-centro-de-morelia-desata-manifestacion-y-retencion-de-2-empleadas-municipales\/\" \/>\n<meta property=\"og:locale\" content=\"es_ES\" \/>\n<meta property=\"og:type\" content=\"article\" \/>\n<meta property=\"og:title\" content=\"Decomiso de mercanc\u00eda a comerciantes ambulantes en el centro de Morelia desata manifestaci\u00f3n y retenci\u00f3n de 2 empleadas municipales - Diario ABC de Michoac\u00e1n\" \/>\n<meta property=\"og:description\" content=\"Los quejosos indicaron que los trabajadores del Ayuntamiento se hab\u00edan llevado a un ni\u00f1o durante el aseguramiento de mercanc\u00eda. &nbsp; &nbsp; Por Juan Manuel \u00c1lvarez Morelia, Mich.- Un operativo coordinado encabezado por la Secretar\u00eda de Servicios P\u00fablicos para regular el comercio en la v\u00eda p\u00fablica del Centro Hist\u00f3rico de Morelia, gener\u00f3 la molestia de un [&hellip;]\" \/>\n<meta property=\"og:url\" content=\"https:\/\/diarioabcdemichoacan.com.mx\/lasnoticias\/decomiso-de-mercancia-a-comerciantes-ambulantes-en-el-centro-de-morelia-desata-manifestacion-y-retencion-de-2-empleadas-municipales\/\" \/>\n<meta property=\"og:site_name\" content=\"Diario ABC de Michoac\u00e1n\" \/>\n<meta property=\"article:published_time\" content=\"2024-11-14T22:20:18+00:00\" \/>\n<meta property=\"og:image\" content=\"https:\/\/diarioabcdemichoacan.com.mx\/lasnoticias\/wp-content\/uploads\/2024\/11\/WhatsApp-Image-2024-11-14-at-4.16.37-PM.jpeg\" \/>\n\t<meta property=\"og:image:width\" content=\"1600\" \/>\n\t<meta property=\"og:image:height\" content=\"1200\" \/>\n\t<meta property=\"og:image:type\" content=\"image\/jpeg\" \/>\n<meta name=\"author\" content=\"AR\" \/>\n<meta name=\"twitter:card\" content=\"summary_large_image\" \/>\n<meta name=\"twitter:label1\" content=\"Escrito por\" \/>\n\t<meta name=\"twitter:data1\" content=\"AR\" \/>\n\t<meta name=\"twitter:label2\" content=\"Tiempo de lectura\" \/>\n\t<meta name=\"twitter:data2\" content=\"3 minutos\" \/>\n<script type=\"application\/ld+json\" class=\"yoast-schema-graph\">{\"@context\":\"https:\/\/schema.org\",\"@graph\":[{\"@type\":\"WebPage\",\"@id\":\"https:\/\/diarioabcdemichoacan.com.mx\/lasnoticias\/decomiso-de-mercancia-a-comerciantes-ambulantes-en-el-centro-de-morelia-desata-manifestacion-y-retencion-de-2-empleadas-municipales\/\",\"url\":\"https:\/\/diarioabcdemichoacan.com.mx\/lasnoticias\/decomiso-de-mercancia-a-comerciantes-ambulantes-en-el-centro-de-morelia-desata-manifestacion-y-retencion-de-2-empleadas-municipales\/\",\"name\":\"Decomiso de mercanc\u00eda a comerciantes ambulantes en el centro de Morelia desata manifestaci\u00f3n y retenci\u00f3n de 2 empleadas municipales - Diario ABC de Michoac\u00e1n\",\"isPartOf\":{\"@id\":\"https:\/\/diarioabcdemichoacan.com.mx\/lasnoticias\/#website\"},\"primaryImageOfPage\":{\"@id\":\"https:\/\/diarioabcdemichoacan.com.mx\/lasnoticias\/decomiso-de-mercancia-a-comerciantes-ambulantes-en-el-centro-de-morelia-desata-manifestacion-y-retencion-de-2-empleadas-municipales\/#primaryimage\"},\"image\":{\"@id\":\"https:\/\/diarioabcdemichoacan.com.mx\/lasnoticias\/decomiso-de-mercancia-a-comerciantes-ambulantes-en-el-centro-de-morelia-desata-manifestacion-y-retencion-de-2-empleadas-municipales\/#primaryimage\"},\"thumbnailUrl\":\"https:\/\/diarioabcdemichoacan.com.mx\/lasnoticias\/wp-content\/uploads\/2024\/11\/WhatsApp-Image-2024-11-14-at-4.16.37-PM.jpeg\",\"datePublished\":\"2024-11-14T22:20:18+00:00\",\"dateModified\":\"2024-11-14T22:20:18+00:00\",\"author\":{\"@id\":\"https:\/\/diarioabcdemichoacan.com.mx\/lasnoticias\/#\/schema\/person\/19ae376040f6cbc489682ebdd8524852\"},\"breadcrumb\":{\"@id\":\"https:\/\/diarioabcdemichoacan.com.mx\/lasnoticias\/decomiso-de-mercancia-a-comerciantes-ambulantes-en-el-centro-de-morelia-desata-manifestacion-y-retencion-de-2-empleadas-municipales\/#breadcrumb\"},\"inLanguage\":\"es\",\"potentialAction\":[{\"@type\":\"ReadAction\",\"target\":[\"https:\/\/diarioabcdemichoacan.com.mx\/lasnoticias\/decomiso-de-mercancia-a-comerciantes-ambulantes-en-el-centro-de-morelia-desata-manifestacion-y-retencion-de-2-empleadas-municipales\/\"]}]},{\"@type\":\"ImageObject\",\"inLanguage\":\"es\",\"@id\":\"https:\/\/diarioabcdemichoacan.com.mx\/lasnoticias\/decomiso-de-mercancia-a-comerciantes-ambulantes-en-el-centro-de-morelia-desata-manifestacion-y-retencion-de-2-empleadas-municipales\/#primaryimage\",\"url\":\"https:\/\/diarioabcdemichoacan.com.mx\/lasnoticias\/wp-content\/uploads\/2024\/11\/WhatsApp-Image-2024-11-14-at-4.16.37-PM.jpeg\",\"contentUrl\":\"https:\/\/diarioabcdemichoacan.com.mx\/lasnoticias\/wp-content\/uploads\/2024\/11\/WhatsApp-Image-2024-11-14-at-4.16.37-PM.jpeg\",\"width\":1600,\"height\":1200},{\"@type\":\"BreadcrumbList\",\"@id\":\"https:\/\/diarioabcdemichoacan.com.mx\/lasnoticias\/decomiso-de-mercancia-a-comerciantes-ambulantes-en-el-centro-de-morelia-desata-manifestacion-y-retencion-de-2-empleadas-municipales\/#breadcrumb\",\"itemListElement\":[{\"@type\":\"ListItem\",\"position\":1,\"name\":\"Portada\",\"item\":\"https:\/\/diarioabcdemichoacan.com.mx\/lasnoticias\/\"},{\"@type\":\"ListItem\",\"position\":2,\"name\":\"Decomiso de mercanc\u00eda a comerciantes ambulantes en el centro de Morelia desata manifestaci\u00f3n y retenci\u00f3n de 2 empleadas municipales\"}]},{\"@type\":\"WebSite\",\"@id\":\"https:\/\/diarioabcdemichoacan.com.mx\/lasnoticias\/#website\",\"url\":\"https:\/\/diarioabcdemichoacan.com.mx\/lasnoticias\/\",\"name\":\"Diario ABC de Michoac\u00e1n\",\"description\":\"Las noticias al momento\",\"potentialAction\":[{\"@type\":\"SearchAction\",\"target\":{\"@type\":\"EntryPoint\",\"urlTemplate\":\"https:\/\/diarioabcdemichoacan.com.mx\/lasnoticias\/?s={search_term_string}\"},\"query-input\":{\"@type\":\"PropertyValueSpecification\",\"valueRequired\":true,\"valueName\":\"search_term_string\"}}],\"inLanguage\":\"es\"},{\"@type\":\"Person\",\"@id\":\"https:\/\/diarioabcdemichoacan.com.mx\/lasnoticias\/#\/schema\/person\/19ae376040f6cbc489682ebdd8524852\",\"name\":\"AR\",\"image\":{\"@type\":\"ImageObject\",\"inLanguage\":\"es\",\"@id\":\"https:\/\/diarioabcdemichoacan.com.mx\/lasnoticias\/#\/schema\/person\/image\/\",\"url\":\"https:\/\/secure.gravatar.com\/avatar\/44eca2ff970262234e20e1e082872af0?s=96&d=mm&r=g\",\"contentUrl\":\"https:\/\/secure.gravatar.com\/avatar\/44eca2ff970262234e20e1e082872af0?s=96&d=mm&r=g\",\"caption\":\"AR\"},\"url\":\"https:\/\/diarioabcdemichoacan.com.mx\/lasnoticias\/author\/adrian\/\"}]}<\/script>\n<!-- \/ Yoast SEO plugin. -->","yoast_head_json":{"title":"Decomiso de mercanc\u00eda a comerciantes ambulantes en el centro de Morelia desata manifestaci\u00f3n y retenci\u00f3n de 2 empleadas municipales - Diario ABC de Michoac\u00e1n","robots":{"index":"index","follow":"follow","max-snippet":"max-snippet:-1","max-image-preview":"max-image-preview:large","max-video-preview":"max-video-preview:-1"},"canonical":"https:\/\/diarioabcdemichoacan.com.mx\/lasnoticias\/decomiso-de-mercancia-a-comerciantes-ambulantes-en-el-centro-de-morelia-desata-manifestacion-y-retencion-de-2-empleadas-municipales\/","og_locale":"es_ES","og_type":"article","og_title":"Decomiso de mercanc\u00eda a comerciantes ambulantes en el centro de Morelia desata manifestaci\u00f3n y retenci\u00f3n de 2 empleadas municipales - Diario ABC de Michoac\u00e1n","og_description":"Los quejosos indicaron que los trabajadores del Ayuntamiento se hab\u00edan llevado a un ni\u00f1o durante el aseguramiento de mercanc\u00eda. &nbsp; &nbsp; Por Juan Manuel \u00c1lvarez Morelia, Mich.- Un operativo coordinado encabezado por la Secretar\u00eda de Servicios P\u00fablicos para regular el comercio en la v\u00eda p\u00fablica del Centro Hist\u00f3rico de Morelia, gener\u00f3 la molestia de un [&hellip;]","og_url":"https:\/\/diarioabcdemichoacan.com.mx\/lasnoticias\/decomiso-de-mercancia-a-comerciantes-ambulantes-en-el-centro-de-morelia-desata-manifestacion-y-retencion-de-2-empleadas-municipales\/","og_site_name":"Diario ABC de Michoac\u00e1n","article_published_time":"2024-11-14T22:20:18+00:00","og_image":[{"width":1600,"height":1200,"url":"https:\/\/diarioabcdemichoacan.com.mx\/lasnoticias\/wp-content\/uploads\/2024\/11\/WhatsApp-Image-2024-11-14-at-4.16.37-PM.jpeg","type":"image\/jpeg"}],"author":"AR","twitter_card":"summary_large_image","twitter_misc":{"Escrito por":"AR","Tiempo de lectura":"3 minutos"},"schema":{"@context":"https:\/\/schema.org","@graph":[{"@type":"WebPage","@id":"https:\/\/diarioabcdemichoacan.com.mx\/lasnoticias\/decomiso-de-mercancia-a-comerciantes-ambulantes-en-el-centro-de-morelia-desata-manifestacion-y-retencion-de-2-empleadas-municipales\/","url":"https:\/\/diarioabcdemichoacan.com.mx\/lasnoticias\/decomiso-de-mercancia-a-comerciantes-ambulantes-en-el-centro-de-morelia-desata-manifestacion-y-retencion-de-2-empleadas-municipales\/","name":"Decomiso de mercanc\u00eda a comerciantes ambulantes en el centro de Morelia desata manifestaci\u00f3n y retenci\u00f3n de 2 empleadas municipales - Diario ABC de Michoac\u00e1n","isPartOf":{"@id":"https:\/\/diarioabcdemichoacan.com.mx\/lasnoticias\/#website"},"primaryImageOfPage":{"@id":"https:\/\/diarioabcdemichoacan.com.mx\/lasnoticias\/decomiso-de-mercancia-a-comerciantes-ambulantes-en-el-centro-de-morelia-desata-manifestacion-y-retencion-de-2-empleadas-municipales\/#primaryimage"},"image":{"@id":"https:\/\/diarioabcdemichoacan.com.mx\/lasnoticias\/decomiso-de-mercancia-a-comerciantes-ambulantes-en-el-centro-de-morelia-desata-manifestacion-y-retencion-de-2-empleadas-municipales\/#primaryimage"},"thumbnailUrl":"https:\/\/diarioabcdemichoacan.com.mx\/lasnoticias\/wp-content\/uploads\/2024\/11\/WhatsApp-Image-2024-11-14-at-4.16.37-PM.jpeg","datePublished":"2024-11-14T22:20:18+00:00","dateModified":"2024-11-14T22:20:18+00:00","author":{"@id":"https:\/\/diarioabcdemichoacan.com.mx\/lasnoticias\/#\/schema\/person\/19ae376040f6cbc489682ebdd8524852"},"breadcrumb":{"@id":"https:\/\/diarioabcdemichoacan.com.mx\/lasnoticias\/decomiso-de-mercancia-a-comerciantes-ambulantes-en-el-centro-de-morelia-desata-manifestacion-y-retencion-de-2-empleadas-municipales\/#breadcrumb"},"inLanguage":"es","potentialAction":[{"@type":"ReadAction","target":["https:\/\/diarioabcdemichoacan.com.mx\/lasnoticias\/decomiso-de-mercancia-a-comerciantes-ambulantes-en-el-centro-de-morelia-desata-manifestacion-y-retencion-de-2-empleadas-municipales\/"]}]},{"@type":"ImageObject","inLanguage":"es","@id":"https:\/\/diarioabcdemichoacan.com.mx\/lasnoticias\/decomiso-de-mercancia-a-comerciantes-ambulantes-en-el-centro-de-morelia-desata-manifestacion-y-retencion-de-2-empleadas-municipales\/#primaryimage","url":"https:\/\/diarioabcdemichoacan.com.mx\/lasnoticias\/wp-content\/uploads\/2024\/11\/WhatsApp-Image-2024-11-14-at-4.16.37-PM.jpeg","contentUrl":"https:\/\/diarioabcdemichoacan.com.mx\/lasnoticias\/wp-content\/uploads\/2024\/11\/WhatsApp-Image-2024-11-14-at-4.16.37-PM.jpeg","width":1600,"height":1200},{"@type":"BreadcrumbList","@id":"https:\/\/diarioabcdemichoacan.com.mx\/lasnoticias\/decomiso-de-mercancia-a-comerciantes-ambulantes-en-el-centro-de-morelia-desata-manifestacion-y-retencion-de-2-empleadas-municipales\/#breadcrumb","itemListElement":[{"@type":"ListItem","position":1,"name":"Portada","item":"https:\/\/diarioabcdemichoacan.com.mx\/lasnoticias\/"},{"@type":"ListItem","position":2,"name":"Decomiso de mercanc\u00eda a comerciantes ambulantes en el centro de Morelia desata manifestaci\u00f3n y retenci\u00f3n de 2 empleadas municipales"}]},{"@type":"WebSite","@id":"https:\/\/diarioabcdemichoacan.com.mx\/lasnoticias\/#website","url":"https:\/\/diarioabcdemichoacan.com.mx\/lasnoticias\/","name":"Diario ABC de Michoac\u00e1n","description":"Las noticias al momento","potentialAction":[{"@type":"SearchAction","target":{"@type":"EntryPoint","urlTemplate":"https:\/\/diarioabcdemichoacan.com.mx\/lasnoticias\/?s={search_term_string}"},"query-input":{"@type":"PropertyValueSpecification","valueRequired":true,"valueName":"search_term_string"}}],"inLanguage":"es"},{"@type":"Person","@id":"https:\/\/diarioabcdemichoacan.com.mx\/lasnoticias\/#\/schema\/person\/19ae376040f6cbc489682ebdd8524852","name":"AR","image":{"@type":"ImageObject","inLanguage":"es","@id":"https:\/\/diarioabcdemichoacan.com.mx\/lasnoticias\/#\/schema\/person\/image\/","url":"https:\/\/secure.gravatar.com\/avatar\/44eca2ff970262234e20e1e082872af0?s=96&d=mm&r=g","contentUrl":"https:\/\/secure.gravatar.com\/avatar\/44eca2ff970262234e20e1e082872af0?s=96&d=mm&r=g","caption":"AR"},"url":"https:\/\/diarioabcdemichoacan.com.mx\/lasnoticias\/author\/adrian\/"}]}},"_links":{"self":[{"href":"https:\/\/diarioabcdemichoacan.com.mx\/lasnoticias\/wp-json\/wp\/v2\/posts\/33727","targetHints":{"allow":["GET"]}}],"collection":[{"href":"https:\/\/diarioabcdemichoacan.com.mx\/lasnoticias\/wp-json\/wp\/v2\/posts"}],"about":[{"href":"https:\/\/diarioabcdemichoacan.com.mx\/lasnoticias\/wp-json\/wp\/v2\/types\/post"}],"author":[{"embeddable":true,"href":"https:\/\/diarioabcdemichoacan.com.mx\/lasnoticias\/wp-json\/wp\/v2\/users\/9"}],"replies":[{"embeddable":true,"href":"https:\/\/diarioabcdemichoacan.com.mx\/lasnoticias\/wp-json\/wp\/v2\/comments?post=33727"}],"version-history":[{"count":1,"href":"https:\/\/diarioabcdemichoacan.com.mx\/lasnoticias\/wp-json\/wp\/v2\/posts\/33727\/revisions"}],"predecessor-version":[{"id":33801,"href":"https:\/\/diarioabcdemichoacan.com.mx\/lasnoticias\/wp-json\/wp\/v2\/posts\/33727\/revisions\/33801"}],"wp:featuredmedia":[{"embeddable":true,"href":"https:\/\/diarioabcdemichoacan.com.mx\/lasnoticias\/wp-json\/wp\/v2\/media\/33795"}],"wp:attachment":[{"href":"https:\/\/diarioabcdemichoacan.com.mx\/lasnoticias\/wp-json\/wp\/v2\/media?parent=33727"}],"wp:term":[{"taxonomy":"category","embeddable":true,"href":"https:\/\/diarioabcdemichoacan.com.mx\/lasnoticias\/wp-json\/wp\/v2\/categories?post=33727"},{"taxonomy":"post_tag","embeddable":true,"href":"https:\/\/diarioabcdemichoacan.com.mx\/lasnoticias\/wp-json\/wp\/v2\/tags?post=33727"}],"curies":[{"name":"wp","href":"https:\/\/api.w.org\/{rel}","templated":true}]}}