{"id":34338,"date":"2024-11-18T18:31:18","date_gmt":"2024-11-19T00:31:18","guid":{"rendered":"https:\/\/diarioabcdemichoacan.com.mx\/lasnoticias\/?p=34338"},"modified":"2024-11-18T18:31:18","modified_gmt":"2024-11-19T00:31:18","slug":"miembros-de-fuerza-union-bloquean-accesos-a-uruapan-y-al-hospital-regional-exigen-atencion-medica","status":"publish","type":"post","link":"https:\/\/diarioabcdemichoacan.com.mx\/lasnoticias\/miembros-de-fuerza-union-bloquean-accesos-a-uruapan-y-al-hospital-regional-exigen-atencion-medica\/","title":{"rendered":"Miembros de Fuerza Uni\u00f3n bloquean accesos a Uruapan y al hospital regional; exigen atenci\u00f3n m\u00e9dica\u00a0"},"content":{"rendered":"<p>Uruapan, Mich. &#8211; Miembros de la organizaci\u00f3n social denominada \u00abFuerza Uni\u00f3n\u00bb bloquearon accesos a esta ciudad y al Hospital Regional para exigir atenci\u00f3n m\u00e9dica para una persona en dicho nosocomio, se tienen carencia de personal para varias especialidades, desde hace varios meses.<\/p>\n<p>Luego de que un paciente no fue atendido, alrededor de las 18:00 horas, decenas de manifestantes se apostaron sobre el Boulevard Industrial, frente a la planta de Pemex y el acceso a la autopista.<\/p>\n<p><img loading=\"lazy\" decoding=\"async\" class=\"alignnone size-full wp-image-34341\" src=\"https:\/\/diarioabcdemichoacan.com.mx\/lasnoticias\/wp-content\/uploads\/2024\/11\/Polish_20241118_182830314.jpg\" alt=\"\" width=\"1080\" height=\"616\" srcset=\"https:\/\/diarioabcdemichoacan.com.mx\/lasnoticias\/wp-content\/uploads\/2024\/11\/Polish_20241118_182830314.jpg 1080w, https:\/\/diarioabcdemichoacan.com.mx\/lasnoticias\/wp-content\/uploads\/2024\/11\/Polish_20241118_182830314-500x285.jpg 500w, https:\/\/diarioabcdemichoacan.com.mx\/lasnoticias\/wp-content\/uploads\/2024\/11\/Polish_20241118_182830314-1024x584.jpg 1024w, https:\/\/diarioabcdemichoacan.com.mx\/lasnoticias\/wp-content\/uploads\/2024\/11\/Polish_20241118_182830314-768x438.jpg 768w, https:\/\/diarioabcdemichoacan.com.mx\/lasnoticias\/wp-content\/uploads\/2024\/11\/Polish_20241118_182830314-150x86.jpg 150w, https:\/\/diarioabcdemichoacan.com.mx\/lasnoticias\/wp-content\/uploads\/2024\/11\/Polish_20241118_182830314-300x171.jpg 300w, https:\/\/diarioabcdemichoacan.com.mx\/lasnoticias\/wp-content\/uploads\/2024\/11\/Polish_20241118_182830314-696x397.jpg 696w, https:\/\/diarioabcdemichoacan.com.mx\/lasnoticias\/wp-content\/uploads\/2024\/11\/Polish_20241118_182830314-1068x609.jpg 1068w\" sizes=\"auto, (max-width: 1080px) 100vw, 1080px\" \/><\/p>\n<p>Otro grupo de personas cerr\u00f3 la carretera \u00ablibre\u00bb a Lombard\u00eda, en el entronque de Zumpimito y sobre el Libramiento Oriente, a la altura de la avenida San Francisco Uruapan, precisamente en el acceso al Hospital Regional.<\/p>\n<p>Al momento, ninguna autoridad se ha presentado para dialogar con los manifestantes para tratar de destrabar el conflicto.<\/p>\n<p><img loading=\"lazy\" decoding=\"async\" class=\"alignnone size-full wp-image-34340\" src=\"https:\/\/diarioabcdemichoacan.com.mx\/lasnoticias\/wp-content\/uploads\/2024\/11\/Polish_20241118_182856055-scaled.jpg\" alt=\"\" width=\"2560\" height=\"1151\" srcset=\"https:\/\/diarioabcdemichoacan.com.mx\/lasnoticias\/wp-content\/uploads\/2024\/11\/Polish_20241118_182856055-scaled.jpg 2560w, https:\/\/diarioabcdemichoacan.com.mx\/lasnoticias\/wp-content\/uploads\/2024\/11\/Polish_20241118_182856055-500x225.jpg 500w, https:\/\/diarioabcdemichoacan.com.mx\/lasnoticias\/wp-content\/uploads\/2024\/11\/Polish_20241118_182856055-1024x461.jpg 1024w, https:\/\/diarioabcdemichoacan.com.mx\/lasnoticias\/wp-content\/uploads\/2024\/11\/Polish_20241118_182856055-768x345.jpg 768w, https:\/\/diarioabcdemichoacan.com.mx\/lasnoticias\/wp-content\/uploads\/2024\/11\/Polish_20241118_182856055-1536x691.jpg 1536w, https:\/\/diarioabcdemichoacan.com.mx\/lasnoticias\/wp-content\/uploads\/2024\/11\/Polish_20241118_182856055-2048x921.jpg 2048w, https:\/\/diarioabcdemichoacan.com.mx\/lasnoticias\/wp-content\/uploads\/2024\/11\/Polish_20241118_182856055-150x67.jpg 150w, https:\/\/diarioabcdemichoacan.com.mx\/lasnoticias\/wp-content\/uploads\/2024\/11\/Polish_20241118_182856055-300x135.jpg 300w, https:\/\/diarioabcdemichoacan.com.mx\/lasnoticias\/wp-content\/uploads\/2024\/11\/Polish_20241118_182856055-696x313.jpg 696w, https:\/\/diarioabcdemichoacan.com.mx\/lasnoticias\/wp-content\/uploads\/2024\/11\/Polish_20241118_182856055-1068x480.jpg 1068w, https:\/\/diarioabcdemichoacan.com.mx\/lasnoticias\/wp-content\/uploads\/2024\/11\/Polish_20241118_182856055-1920x864.jpg 1920w\" sizes=\"auto, (max-width: 2560px) 100vw, 2560px\" \/><\/p>\n","protected":false},"excerpt":{"rendered":"<p>Uruapan, Mich. &#8211; Miembros de la organizaci\u00f3n social denominada \u00abFuerza Uni\u00f3n\u00bb bloquearon accesos a esta ciudad y al Hospital Regional para exigir atenci\u00f3n m\u00e9dica para una persona en dicho nosocomio, se tienen carencia de personal para varias especialidades, desde hace varios meses. Luego de que un paciente no fue atendido, alrededor de las 18:00 horas, [&hellip;]<\/p>\n","protected":false},"author":6,"featured_media":34339,"comment_status":"closed","ping_status":"closed","sticky":false,"template":"","format":"standard","meta":{"footnotes":""},"categories":[3],"tags":[],"class_list":{"0":"post-34338","1":"post","2":"type-post","3":"status-publish","4":"format-standard","5":"has-post-thumbnail","7":"category-uruapan"},"yoast_head":"<!-- This site is optimized with the Yoast SEO plugin v24.0 - https:\/\/yoast.com\/wordpress\/plugins\/seo\/ -->\n<title>Miembros de Fuerza Uni\u00f3n bloquean accesos a Uruapan y al hospital regional; exigen atenci\u00f3n m\u00e9dica\u00a0 - Diario ABC de Michoac\u00e1n<\/title>\n<meta name=\"robots\" content=\"index, follow, max-snippet:-1, max-image-preview:large, max-video-preview:-1\" \/>\n<link rel=\"canonical\" href=\"https:\/\/diarioabcdemichoacan.com.mx\/lasnoticias\/miembros-de-fuerza-union-bloquean-accesos-a-uruapan-y-al-hospital-regional-exigen-atencion-medica\/\" \/>\n<meta property=\"og:locale\" content=\"es_ES\" \/>\n<meta property=\"og:type\" content=\"article\" \/>\n<meta property=\"og:title\" content=\"Miembros de Fuerza Uni\u00f3n bloquean accesos a Uruapan y al hospital regional; exigen atenci\u00f3n m\u00e9dica\u00a0 - Diario ABC de Michoac\u00e1n\" \/>\n<meta property=\"og:description\" content=\"Uruapan, Mich. &#8211; Miembros de la organizaci\u00f3n social denominada \u00abFuerza Uni\u00f3n\u00bb bloquearon accesos a esta ciudad y al Hospital Regional para exigir atenci\u00f3n m\u00e9dica para una persona en dicho nosocomio, se tienen carencia de personal para varias especialidades, desde hace varios meses. Luego de que un paciente no fue atendido, alrededor de las 18:00 horas, [&hellip;]\" \/>\n<meta property=\"og:url\" content=\"https:\/\/diarioabcdemichoacan.com.mx\/lasnoticias\/miembros-de-fuerza-union-bloquean-accesos-a-uruapan-y-al-hospital-regional-exigen-atencion-medica\/\" \/>\n<meta property=\"og:site_name\" content=\"Diario ABC de Michoac\u00e1n\" \/>\n<meta property=\"article:published_time\" content=\"2024-11-19T00:31:18+00:00\" \/>\n<meta property=\"og:image\" content=\"https:\/\/diarioabcdemichoacan.com.mx\/lasnoticias\/wp-content\/uploads\/2024\/11\/Polish_20241118_182923495.jpg\" \/>\n\t<meta property=\"og:image:width\" content=\"1600\" \/>\n\t<meta property=\"og:image:height\" content=\"900\" \/>\n\t<meta property=\"og:image:type\" content=\"image\/jpeg\" \/>\n<meta name=\"author\" content=\"MB\" \/>\n<meta name=\"twitter:card\" content=\"summary_large_image\" \/>\n<meta name=\"twitter:label1\" content=\"Escrito por\" \/>\n\t<meta name=\"twitter:data1\" content=\"MB\" \/>\n\t<meta name=\"twitter:label2\" content=\"Tiempo de lectura\" \/>\n\t<meta name=\"twitter:data2\" content=\"2 minutos\" \/>\n<script type=\"application\/ld+json\" class=\"yoast-schema-graph\">{\"@context\":\"https:\/\/schema.org\",\"@graph\":[{\"@type\":\"WebPage\",\"@id\":\"https:\/\/diarioabcdemichoacan.com.mx\/lasnoticias\/miembros-de-fuerza-union-bloquean-accesos-a-uruapan-y-al-hospital-regional-exigen-atencion-medica\/\",\"url\":\"https:\/\/diarioabcdemichoacan.com.mx\/lasnoticias\/miembros-de-fuerza-union-bloquean-accesos-a-uruapan-y-al-hospital-regional-exigen-atencion-medica\/\",\"name\":\"Miembros de Fuerza Uni\u00f3n bloquean accesos a Uruapan y al hospital regional; exigen atenci\u00f3n m\u00e9dica\u00a0 - Diario ABC de Michoac\u00e1n\",\"isPartOf\":{\"@id\":\"https:\/\/diarioabcdemichoacan.com.mx\/lasnoticias\/#website\"},\"primaryImageOfPage\":{\"@id\":\"https:\/\/diarioabcdemichoacan.com.mx\/lasnoticias\/miembros-de-fuerza-union-bloquean-accesos-a-uruapan-y-al-hospital-regional-exigen-atencion-medica\/#primaryimage\"},\"image\":{\"@id\":\"https:\/\/diarioabcdemichoacan.com.mx\/lasnoticias\/miembros-de-fuerza-union-bloquean-accesos-a-uruapan-y-al-hospital-regional-exigen-atencion-medica\/#primaryimage\"},\"thumbnailUrl\":\"https:\/\/diarioabcdemichoacan.com.mx\/lasnoticias\/wp-content\/uploads\/2024\/11\/Polish_20241118_182923495.jpg\",\"datePublished\":\"2024-11-19T00:31:18+00:00\",\"dateModified\":\"2024-11-19T00:31:18+00:00\",\"author\":{\"@id\":\"https:\/\/diarioabcdemichoacan.com.mx\/lasnoticias\/#\/schema\/person\/0546f9c3407148f7452ca932715c5e88\"},\"breadcrumb\":{\"@id\":\"https:\/\/diarioabcdemichoacan.com.mx\/lasnoticias\/miembros-de-fuerza-union-bloquean-accesos-a-uruapan-y-al-hospital-regional-exigen-atencion-medica\/#breadcrumb\"},\"inLanguage\":\"es\",\"potentialAction\":[{\"@type\":\"ReadAction\",\"target\":[\"https:\/\/diarioabcdemichoacan.com.mx\/lasnoticias\/miembros-de-fuerza-union-bloquean-accesos-a-uruapan-y-al-hospital-regional-exigen-atencion-medica\/\"]}]},{\"@type\":\"ImageObject\",\"inLanguage\":\"es\",\"@id\":\"https:\/\/diarioabcdemichoacan.com.mx\/lasnoticias\/miembros-de-fuerza-union-bloquean-accesos-a-uruapan-y-al-hospital-regional-exigen-atencion-medica\/#primaryimage\",\"url\":\"https:\/\/diarioabcdemichoacan.com.mx\/lasnoticias\/wp-content\/uploads\/2024\/11\/Polish_20241118_182923495.jpg\",\"contentUrl\":\"https:\/\/diarioabcdemichoacan.com.mx\/lasnoticias\/wp-content\/uploads\/2024\/11\/Polish_20241118_182923495.jpg\",\"width\":1600,\"height\":900},{\"@type\":\"BreadcrumbList\",\"@id\":\"https:\/\/diarioabcdemichoacan.com.mx\/lasnoticias\/miembros-de-fuerza-union-bloquean-accesos-a-uruapan-y-al-hospital-regional-exigen-atencion-medica\/#breadcrumb\",\"itemListElement\":[{\"@type\":\"ListItem\",\"position\":1,\"name\":\"Portada\",\"item\":\"https:\/\/diarioabcdemichoacan.com.mx\/lasnoticias\/\"},{\"@type\":\"ListItem\",\"position\":2,\"name\":\"Miembros de Fuerza Uni\u00f3n bloquean accesos a Uruapan y al hospital regional; exigen atenci\u00f3n m\u00e9dica\u00a0\"}]},{\"@type\":\"WebSite\",\"@id\":\"https:\/\/diarioabcdemichoacan.com.mx\/lasnoticias\/#website\",\"url\":\"https:\/\/diarioabcdemichoacan.com.mx\/lasnoticias\/\",\"name\":\"Diario ABC de Michoac\u00e1n\",\"description\":\"Las noticias al momento\",\"potentialAction\":[{\"@type\":\"SearchAction\",\"target\":{\"@type\":\"EntryPoint\",\"urlTemplate\":\"https:\/\/diarioabcdemichoacan.com.mx\/lasnoticias\/?s={search_term_string}\"},\"query-input\":{\"@type\":\"PropertyValueSpecification\",\"valueRequired\":true,\"valueName\":\"search_term_string\"}}],\"inLanguage\":\"es\"},{\"@type\":\"Person\",\"@id\":\"https:\/\/diarioabcdemichoacan.com.mx\/lasnoticias\/#\/schema\/person\/0546f9c3407148f7452ca932715c5e88\",\"name\":\"MB\",\"image\":{\"@type\":\"ImageObject\",\"inLanguage\":\"es\",\"@id\":\"https:\/\/diarioabcdemichoacan.com.mx\/lasnoticias\/#\/schema\/person\/image\/\",\"url\":\"https:\/\/secure.gravatar.com\/avatar\/adcd41fde6b8d0b5d9d0de001d3112b3?s=96&d=mm&r=g\",\"contentUrl\":\"https:\/\/secure.gravatar.com\/avatar\/adcd41fde6b8d0b5d9d0de001d3112b3?s=96&d=mm&r=g\",\"caption\":\"MB\"},\"url\":\"https:\/\/diarioabcdemichoacan.com.mx\/lasnoticias\/author\/bomariano03\/\"}]}<\/script>\n<!-- \/ Yoast SEO plugin. -->","yoast_head_json":{"title":"Miembros de Fuerza Uni\u00f3n bloquean accesos a Uruapan y al hospital regional; exigen atenci\u00f3n m\u00e9dica\u00a0 - Diario ABC de Michoac\u00e1n","robots":{"index":"index","follow":"follow","max-snippet":"max-snippet:-1","max-image-preview":"max-image-preview:large","max-video-preview":"max-video-preview:-1"},"canonical":"https:\/\/diarioabcdemichoacan.com.mx\/lasnoticias\/miembros-de-fuerza-union-bloquean-accesos-a-uruapan-y-al-hospital-regional-exigen-atencion-medica\/","og_locale":"es_ES","og_type":"article","og_title":"Miembros de Fuerza Uni\u00f3n bloquean accesos a Uruapan y al hospital regional; exigen atenci\u00f3n m\u00e9dica\u00a0 - Diario ABC de Michoac\u00e1n","og_description":"Uruapan, Mich. &#8211; Miembros de la organizaci\u00f3n social denominada \u00abFuerza Uni\u00f3n\u00bb bloquearon accesos a esta ciudad y al Hospital Regional para exigir atenci\u00f3n m\u00e9dica para una persona en dicho nosocomio, se tienen carencia de personal para varias especialidades, desde hace varios meses. Luego de que un paciente no fue atendido, alrededor de las 18:00 horas, [&hellip;]","og_url":"https:\/\/diarioabcdemichoacan.com.mx\/lasnoticias\/miembros-de-fuerza-union-bloquean-accesos-a-uruapan-y-al-hospital-regional-exigen-atencion-medica\/","og_site_name":"Diario ABC de Michoac\u00e1n","article_published_time":"2024-11-19T00:31:18+00:00","og_image":[{"width":1600,"height":900,"url":"https:\/\/diarioabcdemichoacan.com.mx\/lasnoticias\/wp-content\/uploads\/2024\/11\/Polish_20241118_182923495.jpg","type":"image\/jpeg"}],"author":"MB","twitter_card":"summary_large_image","twitter_misc":{"Escrito por":"MB","Tiempo de lectura":"2 minutos"},"schema":{"@context":"https:\/\/schema.org","@graph":[{"@type":"WebPage","@id":"https:\/\/diarioabcdemichoacan.com.mx\/lasnoticias\/miembros-de-fuerza-union-bloquean-accesos-a-uruapan-y-al-hospital-regional-exigen-atencion-medica\/","url":"https:\/\/diarioabcdemichoacan.com.mx\/lasnoticias\/miembros-de-fuerza-union-bloquean-accesos-a-uruapan-y-al-hospital-regional-exigen-atencion-medica\/","name":"Miembros de Fuerza Uni\u00f3n bloquean accesos a Uruapan y al hospital regional; exigen atenci\u00f3n m\u00e9dica\u00a0 - Diario ABC de Michoac\u00e1n","isPartOf":{"@id":"https:\/\/diarioabcdemichoacan.com.mx\/lasnoticias\/#website"},"primaryImageOfPage":{"@id":"https:\/\/diarioabcdemichoacan.com.mx\/lasnoticias\/miembros-de-fuerza-union-bloquean-accesos-a-uruapan-y-al-hospital-regional-exigen-atencion-medica\/#primaryimage"},"image":{"@id":"https:\/\/diarioabcdemichoacan.com.mx\/lasnoticias\/miembros-de-fuerza-union-bloquean-accesos-a-uruapan-y-al-hospital-regional-exigen-atencion-medica\/#primaryimage"},"thumbnailUrl":"https:\/\/diarioabcdemichoacan.com.mx\/lasnoticias\/wp-content\/uploads\/2024\/11\/Polish_20241118_182923495.jpg","datePublished":"2024-11-19T00:31:18+00:00","dateModified":"2024-11-19T00:31:18+00:00","author":{"@id":"https:\/\/diarioabcdemichoacan.com.mx\/lasnoticias\/#\/schema\/person\/0546f9c3407148f7452ca932715c5e88"},"breadcrumb":{"@id":"https:\/\/diarioabcdemichoacan.com.mx\/lasnoticias\/miembros-de-fuerza-union-bloquean-accesos-a-uruapan-y-al-hospital-regional-exigen-atencion-medica\/#breadcrumb"},"inLanguage":"es","potentialAction":[{"@type":"ReadAction","target":["https:\/\/diarioabcdemichoacan.com.mx\/lasnoticias\/miembros-de-fuerza-union-bloquean-accesos-a-uruapan-y-al-hospital-regional-exigen-atencion-medica\/"]}]},{"@type":"ImageObject","inLanguage":"es","@id":"https:\/\/diarioabcdemichoacan.com.mx\/lasnoticias\/miembros-de-fuerza-union-bloquean-accesos-a-uruapan-y-al-hospital-regional-exigen-atencion-medica\/#primaryimage","url":"https:\/\/diarioabcdemichoacan.com.mx\/lasnoticias\/wp-content\/uploads\/2024\/11\/Polish_20241118_182923495.jpg","contentUrl":"https:\/\/diarioabcdemichoacan.com.mx\/lasnoticias\/wp-content\/uploads\/2024\/11\/Polish_20241118_182923495.jpg","width":1600,"height":900},{"@type":"BreadcrumbList","@id":"https:\/\/diarioabcdemichoacan.com.mx\/lasnoticias\/miembros-de-fuerza-union-bloquean-accesos-a-uruapan-y-al-hospital-regional-exigen-atencion-medica\/#breadcrumb","itemListElement":[{"@type":"ListItem","position":1,"name":"Portada","item":"https:\/\/diarioabcdemichoacan.com.mx\/lasnoticias\/"},{"@type":"ListItem","position":2,"name":"Miembros de Fuerza Uni\u00f3n bloquean accesos a Uruapan y al hospital regional; exigen atenci\u00f3n m\u00e9dica\u00a0"}]},{"@type":"WebSite","@id":"https:\/\/diarioabcdemichoacan.com.mx\/lasnoticias\/#website","url":"https:\/\/diarioabcdemichoacan.com.mx\/lasnoticias\/","name":"Diario ABC de Michoac\u00e1n","description":"Las noticias al momento","potentialAction":[{"@type":"SearchAction","target":{"@type":"EntryPoint","urlTemplate":"https:\/\/diarioabcdemichoacan.com.mx\/lasnoticias\/?s={search_term_string}"},"query-input":{"@type":"PropertyValueSpecification","valueRequired":true,"valueName":"search_term_string"}}],"inLanguage":"es"},{"@type":"Person","@id":"https:\/\/diarioabcdemichoacan.com.mx\/lasnoticias\/#\/schema\/person\/0546f9c3407148f7452ca932715c5e88","name":"MB","image":{"@type":"ImageObject","inLanguage":"es","@id":"https:\/\/diarioabcdemichoacan.com.mx\/lasnoticias\/#\/schema\/person\/image\/","url":"https:\/\/secure.gravatar.com\/avatar\/adcd41fde6b8d0b5d9d0de001d3112b3?s=96&d=mm&r=g","contentUrl":"https:\/\/secure.gravatar.com\/avatar\/adcd41fde6b8d0b5d9d0de001d3112b3?s=96&d=mm&r=g","caption":"MB"},"url":"https:\/\/diarioabcdemichoacan.com.mx\/lasnoticias\/author\/bomariano03\/"}]}},"_links":{"self":[{"href":"https:\/\/diarioabcdemichoacan.com.mx\/lasnoticias\/wp-json\/wp\/v2\/posts\/34338","targetHints":{"allow":["GET"]}}],"collection":[{"href":"https:\/\/diarioabcdemichoacan.com.mx\/lasnoticias\/wp-json\/wp\/v2\/posts"}],"about":[{"href":"https:\/\/diarioabcdemichoacan.com.mx\/lasnoticias\/wp-json\/wp\/v2\/types\/post"}],"author":[{"embeddable":true,"href":"https:\/\/diarioabcdemichoacan.com.mx\/lasnoticias\/wp-json\/wp\/v2\/users\/6"}],"replies":[{"embeddable":true,"href":"https:\/\/diarioabcdemichoacan.com.mx\/lasnoticias\/wp-json\/wp\/v2\/comments?post=34338"}],"version-history":[{"count":1,"href":"https:\/\/diarioabcdemichoacan.com.mx\/lasnoticias\/wp-json\/wp\/v2\/posts\/34338\/revisions"}],"predecessor-version":[{"id":34342,"href":"https:\/\/diarioabcdemichoacan.com.mx\/lasnoticias\/wp-json\/wp\/v2\/posts\/34338\/revisions\/34342"}],"wp:featuredmedia":[{"embeddable":true,"href":"https:\/\/diarioabcdemichoacan.com.mx\/lasnoticias\/wp-json\/wp\/v2\/media\/34339"}],"wp:attachment":[{"href":"https:\/\/diarioabcdemichoacan.com.mx\/lasnoticias\/wp-json\/wp\/v2\/media?parent=34338"}],"wp:term":[{"taxonomy":"category","embeddable":true,"href":"https:\/\/diarioabcdemichoacan.com.mx\/lasnoticias\/wp-json\/wp\/v2\/categories?post=34338"},{"taxonomy":"post_tag","embeddable":true,"href":"https:\/\/diarioabcdemichoacan.com.mx\/lasnoticias\/wp-json\/wp\/v2\/tags?post=34338"}],"curies":[{"name":"wp","href":"https:\/\/api.w.org\/{rel}","templated":true}]}}