{"id":34464,"date":"2024-11-19T17:46:25","date_gmt":"2024-11-19T23:46:25","guid":{"rendered":"https:\/\/diarioabcdemichoacan.com.mx\/lasnoticias\/?p=34464"},"modified":"2024-11-19T17:46:25","modified_gmt":"2024-11-19T23:46:25","slug":"programa-de-la-seimujer-impulsa-la-autonomia-economica-de-las-michoacanas","status":"publish","type":"post","link":"https:\/\/diarioabcdemichoacan.com.mx\/lasnoticias\/programa-de-la-seimujer-impulsa-la-autonomia-economica-de-las-michoacanas\/","title":{"rendered":"Programa de la Seimujer impulsa la autonom\u00eda econ\u00f3mica de las michoacanas"},"content":{"rendered":"<p>&nbsp;<\/p>\n<p>\u2022 Recibi\u00f3 m\u00e1s de 700 solicitudes y pr\u00f3ximamente dar\u00e1 a conocer los resultados<\/p>\n<hr \/>\n<p>Morelia, Michoac\u00e1n.- La titular de la Secretar\u00eda de Igualdad Sustantiva y Desarrollo de las Mujeres Michoacanas (Seimujer), Alejandra Anguiano Gonz\u00e1lez, inform\u00f3 que m\u00e1s de 700 mujeres se inscribieron en la convocatoria Las Solidarias, programa para impulsar y fortalecer la autonom\u00eda econ\u00f3mica de las mujeres.<\/p>\n<p>Indic\u00f3 que ser\u00e1 en pr\u00f3ximas fechas cuando se den a conocer los resultados correspondientes, por lo que coment\u00f3 que ya se design\u00f3 al comit\u00e9 que revisar\u00e1 cada uno de los expedientes para elegir a las 240 mujeres que se beneficiar\u00e1n con un paquete de herramientas para impulsar los negocios de belleza, u\u00f1as o tatuajes.<\/p>\n<p>Coment\u00f3 que, al tenerse los resultados, estos ser\u00e1n dados a conocer a trav\u00e9s del portal de la Seimujer: https:\/\/mujer.michoacan.gob.mx\/ y las diversas redes sociales; mientras que los insumos ser\u00e1n entregados en el evento de clausura de los 16 d\u00edas de activismo en la conmemoraci\u00f3n del D\u00eda Internacional de la Eliminaci\u00f3n de la Violencia de G\u00e9nero contra la Mujer.<\/p>\n<p>Record\u00f3 que estos apoyos tienen como finalidad el apoyar a mujeres jefas de familia, de pueblos originarios, de la poblaci\u00f3n LGBTTTQI+, con discapacidad permanente y aquellas que se encuentren en condiciones de vulnerabilidad, que tengan entre 18 y 45 a\u00f1os, para el fortalecimiento de su autonom\u00eda econ\u00f3mica y as\u00ed, combatir una modalidad de violencia que hoy viven las f\u00e9minas, la patrimonial y econ\u00f3mica.<\/p>\n<p>COMUNICADO<\/p>\n<p><img loading=\"lazy\" decoding=\"async\" class=\"alignnone size-full wp-image-34465\" src=\"https:\/\/diarioabcdemichoacan.com.mx\/lasnoticias\/wp-content\/uploads\/2024\/11\/4bc450b5-6cb4-44a1-af7b-0f0f6c7d7791.jpeg\" alt=\"\" width=\"1280\" height=\"1280\" srcset=\"https:\/\/diarioabcdemichoacan.com.mx\/lasnoticias\/wp-content\/uploads\/2024\/11\/4bc450b5-6cb4-44a1-af7b-0f0f6c7d7791.jpeg 1280w, https:\/\/diarioabcdemichoacan.com.mx\/lasnoticias\/wp-content\/uploads\/2024\/11\/4bc450b5-6cb4-44a1-af7b-0f0f6c7d7791-500x500.jpeg 500w, https:\/\/diarioabcdemichoacan.com.mx\/lasnoticias\/wp-content\/uploads\/2024\/11\/4bc450b5-6cb4-44a1-af7b-0f0f6c7d7791-1024x1024.jpeg 1024w, https:\/\/diarioabcdemichoacan.com.mx\/lasnoticias\/wp-content\/uploads\/2024\/11\/4bc450b5-6cb4-44a1-af7b-0f0f6c7d7791-150x150.jpeg 150w, https:\/\/diarioabcdemichoacan.com.mx\/lasnoticias\/wp-content\/uploads\/2024\/11\/4bc450b5-6cb4-44a1-af7b-0f0f6c7d7791-768x768.jpeg 768w, https:\/\/diarioabcdemichoacan.com.mx\/lasnoticias\/wp-content\/uploads\/2024\/11\/4bc450b5-6cb4-44a1-af7b-0f0f6c7d7791-300x300.jpeg 300w, https:\/\/diarioabcdemichoacan.com.mx\/lasnoticias\/wp-content\/uploads\/2024\/11\/4bc450b5-6cb4-44a1-af7b-0f0f6c7d7791-696x696.jpeg 696w, https:\/\/diarioabcdemichoacan.com.mx\/lasnoticias\/wp-content\/uploads\/2024\/11\/4bc450b5-6cb4-44a1-af7b-0f0f6c7d7791-1068x1068.jpeg 1068w\" sizes=\"auto, (max-width: 1280px) 100vw, 1280px\" \/><\/p>\n","protected":false},"excerpt":{"rendered":"<p>&nbsp; \u2022 Recibi\u00f3 m\u00e1s de 700 solicitudes y pr\u00f3ximamente dar\u00e1 a conocer los resultados Morelia, Michoac\u00e1n.- La titular de la Secretar\u00eda de Igualdad Sustantiva y Desarrollo de las Mujeres Michoacanas (Seimujer), Alejandra Anguiano Gonz\u00e1lez, inform\u00f3 que m\u00e1s de 700 mujeres se inscribieron en la convocatoria Las Solidarias, programa para impulsar y fortalecer la autonom\u00eda econ\u00f3mica [&hellip;]<\/p>\n","protected":false},"author":8,"featured_media":34466,"comment_status":"closed","ping_status":"closed","sticky":false,"template":"","format":"standard","meta":{"footnotes":""},"categories":[10,17],"tags":[],"class_list":{"0":"post-34464","1":"post","2":"type-post","3":"status-publish","4":"format-standard","5":"has-post-thumbnail","7":"category-estado","8":"category-gobierno-de-michoacan"},"yoast_head":"<!-- This site is optimized with the Yoast SEO plugin v24.0 - https:\/\/yoast.com\/wordpress\/plugins\/seo\/ -->\n<title>Programa de la Seimujer impulsa la autonom\u00eda econ\u00f3mica de las michoacanas - Diario ABC de Michoac\u00e1n<\/title>\n<meta name=\"robots\" content=\"index, follow, max-snippet:-1, max-image-preview:large, max-video-preview:-1\" \/>\n<link rel=\"canonical\" href=\"https:\/\/diarioabcdemichoacan.com.mx\/lasnoticias\/programa-de-la-seimujer-impulsa-la-autonomia-economica-de-las-michoacanas\/\" \/>\n<meta property=\"og:locale\" content=\"es_ES\" \/>\n<meta property=\"og:type\" content=\"article\" \/>\n<meta property=\"og:title\" content=\"Programa de la Seimujer impulsa la autonom\u00eda econ\u00f3mica de las michoacanas - Diario ABC de Michoac\u00e1n\" \/>\n<meta property=\"og:description\" content=\"&nbsp; \u2022 Recibi\u00f3 m\u00e1s de 700 solicitudes y pr\u00f3ximamente dar\u00e1 a conocer los resultados Morelia, Michoac\u00e1n.- La titular de la Secretar\u00eda de Igualdad Sustantiva y Desarrollo de las Mujeres Michoacanas (Seimujer), Alejandra Anguiano Gonz\u00e1lez, inform\u00f3 que m\u00e1s de 700 mujeres se inscribieron en la convocatoria Las Solidarias, programa para impulsar y fortalecer la autonom\u00eda econ\u00f3mica [&hellip;]\" \/>\n<meta property=\"og:url\" content=\"https:\/\/diarioabcdemichoacan.com.mx\/lasnoticias\/programa-de-la-seimujer-impulsa-la-autonomia-economica-de-las-michoacanas\/\" \/>\n<meta property=\"og:site_name\" content=\"Diario ABC de Michoac\u00e1n\" \/>\n<meta property=\"article:published_time\" content=\"2024-11-19T23:46:25+00:00\" \/>\n<meta property=\"og:image\" content=\"https:\/\/diarioabcdemichoacan.com.mx\/lasnoticias\/wp-content\/uploads\/2024\/11\/4d0f08d4-afe5-4c2e-a70d-f78af493d49b.jpeg\" \/>\n\t<meta property=\"og:image:width\" content=\"1600\" \/>\n\t<meta property=\"og:image:height\" content=\"1066\" \/>\n\t<meta property=\"og:image:type\" content=\"image\/jpeg\" \/>\n<meta name=\"author\" content=\"MD\" \/>\n<meta name=\"twitter:card\" content=\"summary_large_image\" \/>\n<meta name=\"twitter:label1\" content=\"Escrito por\" \/>\n\t<meta name=\"twitter:data1\" content=\"MD\" \/>\n\t<meta name=\"twitter:label2\" content=\"Tiempo de lectura\" \/>\n\t<meta name=\"twitter:data2\" content=\"2 minutos\" \/>\n<script type=\"application\/ld+json\" class=\"yoast-schema-graph\">{\"@context\":\"https:\/\/schema.org\",\"@graph\":[{\"@type\":\"WebPage\",\"@id\":\"https:\/\/diarioabcdemichoacan.com.mx\/lasnoticias\/programa-de-la-seimujer-impulsa-la-autonomia-economica-de-las-michoacanas\/\",\"url\":\"https:\/\/diarioabcdemichoacan.com.mx\/lasnoticias\/programa-de-la-seimujer-impulsa-la-autonomia-economica-de-las-michoacanas\/\",\"name\":\"Programa de la Seimujer impulsa la autonom\u00eda econ\u00f3mica de las michoacanas - Diario ABC de Michoac\u00e1n\",\"isPartOf\":{\"@id\":\"https:\/\/diarioabcdemichoacan.com.mx\/lasnoticias\/#website\"},\"primaryImageOfPage\":{\"@id\":\"https:\/\/diarioabcdemichoacan.com.mx\/lasnoticias\/programa-de-la-seimujer-impulsa-la-autonomia-economica-de-las-michoacanas\/#primaryimage\"},\"image\":{\"@id\":\"https:\/\/diarioabcdemichoacan.com.mx\/lasnoticias\/programa-de-la-seimujer-impulsa-la-autonomia-economica-de-las-michoacanas\/#primaryimage\"},\"thumbnailUrl\":\"https:\/\/diarioabcdemichoacan.com.mx\/lasnoticias\/wp-content\/uploads\/2024\/11\/4d0f08d4-afe5-4c2e-a70d-f78af493d49b.jpeg\",\"datePublished\":\"2024-11-19T23:46:25+00:00\",\"dateModified\":\"2024-11-19T23:46:25+00:00\",\"author\":{\"@id\":\"https:\/\/diarioabcdemichoacan.com.mx\/lasnoticias\/#\/schema\/person\/657e7c20ff5297f317664d985712e8e8\"},\"breadcrumb\":{\"@id\":\"https:\/\/diarioabcdemichoacan.com.mx\/lasnoticias\/programa-de-la-seimujer-impulsa-la-autonomia-economica-de-las-michoacanas\/#breadcrumb\"},\"inLanguage\":\"es\",\"potentialAction\":[{\"@type\":\"ReadAction\",\"target\":[\"https:\/\/diarioabcdemichoacan.com.mx\/lasnoticias\/programa-de-la-seimujer-impulsa-la-autonomia-economica-de-las-michoacanas\/\"]}]},{\"@type\":\"ImageObject\",\"inLanguage\":\"es\",\"@id\":\"https:\/\/diarioabcdemichoacan.com.mx\/lasnoticias\/programa-de-la-seimujer-impulsa-la-autonomia-economica-de-las-michoacanas\/#primaryimage\",\"url\":\"https:\/\/diarioabcdemichoacan.com.mx\/lasnoticias\/wp-content\/uploads\/2024\/11\/4d0f08d4-afe5-4c2e-a70d-f78af493d49b.jpeg\",\"contentUrl\":\"https:\/\/diarioabcdemichoacan.com.mx\/lasnoticias\/wp-content\/uploads\/2024\/11\/4d0f08d4-afe5-4c2e-a70d-f78af493d49b.jpeg\",\"width\":1600,\"height\":1066},{\"@type\":\"BreadcrumbList\",\"@id\":\"https:\/\/diarioabcdemichoacan.com.mx\/lasnoticias\/programa-de-la-seimujer-impulsa-la-autonomia-economica-de-las-michoacanas\/#breadcrumb\",\"itemListElement\":[{\"@type\":\"ListItem\",\"position\":1,\"name\":\"Portada\",\"item\":\"https:\/\/diarioabcdemichoacan.com.mx\/lasnoticias\/\"},{\"@type\":\"ListItem\",\"position\":2,\"name\":\"Programa de la Seimujer impulsa la autonom\u00eda econ\u00f3mica de las michoacanas\"}]},{\"@type\":\"WebSite\",\"@id\":\"https:\/\/diarioabcdemichoacan.com.mx\/lasnoticias\/#website\",\"url\":\"https:\/\/diarioabcdemichoacan.com.mx\/lasnoticias\/\",\"name\":\"Diario ABC de Michoac\u00e1n\",\"description\":\"Las noticias al momento\",\"potentialAction\":[{\"@type\":\"SearchAction\",\"target\":{\"@type\":\"EntryPoint\",\"urlTemplate\":\"https:\/\/diarioabcdemichoacan.com.mx\/lasnoticias\/?s={search_term_string}\"},\"query-input\":{\"@type\":\"PropertyValueSpecification\",\"valueRequired\":true,\"valueName\":\"search_term_string\"}}],\"inLanguage\":\"es\"},{\"@type\":\"Person\",\"@id\":\"https:\/\/diarioabcdemichoacan.com.mx\/lasnoticias\/#\/schema\/person\/657e7c20ff5297f317664d985712e8e8\",\"name\":\"MD\",\"image\":{\"@type\":\"ImageObject\",\"inLanguage\":\"es\",\"@id\":\"https:\/\/diarioabcdemichoacan.com.mx\/lasnoticias\/#\/schema\/person\/image\/\",\"url\":\"https:\/\/secure.gravatar.com\/avatar\/a769375eedc94419a5b67bc5d63567af?s=96&d=mm&r=g\",\"contentUrl\":\"https:\/\/secure.gravatar.com\/avatar\/a769375eedc94419a5b67bc5d63567af?s=96&d=mm&r=g\",\"caption\":\"MD\"},\"url\":\"https:\/\/diarioabcdemichoacan.com.mx\/lasnoticias\/author\/merelydpa\/\"}]}<\/script>\n<!-- \/ Yoast SEO plugin. -->","yoast_head_json":{"title":"Programa de la Seimujer impulsa la autonom\u00eda econ\u00f3mica de las michoacanas - Diario ABC de Michoac\u00e1n","robots":{"index":"index","follow":"follow","max-snippet":"max-snippet:-1","max-image-preview":"max-image-preview:large","max-video-preview":"max-video-preview:-1"},"canonical":"https:\/\/diarioabcdemichoacan.com.mx\/lasnoticias\/programa-de-la-seimujer-impulsa-la-autonomia-economica-de-las-michoacanas\/","og_locale":"es_ES","og_type":"article","og_title":"Programa de la Seimujer impulsa la autonom\u00eda econ\u00f3mica de las michoacanas - Diario ABC de Michoac\u00e1n","og_description":"&nbsp; \u2022 Recibi\u00f3 m\u00e1s de 700 solicitudes y pr\u00f3ximamente dar\u00e1 a conocer los resultados Morelia, Michoac\u00e1n.- La titular de la Secretar\u00eda de Igualdad Sustantiva y Desarrollo de las Mujeres Michoacanas (Seimujer), Alejandra Anguiano Gonz\u00e1lez, inform\u00f3 que m\u00e1s de 700 mujeres se inscribieron en la convocatoria Las Solidarias, programa para impulsar y fortalecer la autonom\u00eda econ\u00f3mica [&hellip;]","og_url":"https:\/\/diarioabcdemichoacan.com.mx\/lasnoticias\/programa-de-la-seimujer-impulsa-la-autonomia-economica-de-las-michoacanas\/","og_site_name":"Diario ABC de Michoac\u00e1n","article_published_time":"2024-11-19T23:46:25+00:00","og_image":[{"width":1600,"height":1066,"url":"https:\/\/diarioabcdemichoacan.com.mx\/lasnoticias\/wp-content\/uploads\/2024\/11\/4d0f08d4-afe5-4c2e-a70d-f78af493d49b.jpeg","type":"image\/jpeg"}],"author":"MD","twitter_card":"summary_large_image","twitter_misc":{"Escrito por":"MD","Tiempo de lectura":"2 minutos"},"schema":{"@context":"https:\/\/schema.org","@graph":[{"@type":"WebPage","@id":"https:\/\/diarioabcdemichoacan.com.mx\/lasnoticias\/programa-de-la-seimujer-impulsa-la-autonomia-economica-de-las-michoacanas\/","url":"https:\/\/diarioabcdemichoacan.com.mx\/lasnoticias\/programa-de-la-seimujer-impulsa-la-autonomia-economica-de-las-michoacanas\/","name":"Programa de la Seimujer impulsa la autonom\u00eda econ\u00f3mica de las michoacanas - Diario ABC de Michoac\u00e1n","isPartOf":{"@id":"https:\/\/diarioabcdemichoacan.com.mx\/lasnoticias\/#website"},"primaryImageOfPage":{"@id":"https:\/\/diarioabcdemichoacan.com.mx\/lasnoticias\/programa-de-la-seimujer-impulsa-la-autonomia-economica-de-las-michoacanas\/#primaryimage"},"image":{"@id":"https:\/\/diarioabcdemichoacan.com.mx\/lasnoticias\/programa-de-la-seimujer-impulsa-la-autonomia-economica-de-las-michoacanas\/#primaryimage"},"thumbnailUrl":"https:\/\/diarioabcdemichoacan.com.mx\/lasnoticias\/wp-content\/uploads\/2024\/11\/4d0f08d4-afe5-4c2e-a70d-f78af493d49b.jpeg","datePublished":"2024-11-19T23:46:25+00:00","dateModified":"2024-11-19T23:46:25+00:00","author":{"@id":"https:\/\/diarioabcdemichoacan.com.mx\/lasnoticias\/#\/schema\/person\/657e7c20ff5297f317664d985712e8e8"},"breadcrumb":{"@id":"https:\/\/diarioabcdemichoacan.com.mx\/lasnoticias\/programa-de-la-seimujer-impulsa-la-autonomia-economica-de-las-michoacanas\/#breadcrumb"},"inLanguage":"es","potentialAction":[{"@type":"ReadAction","target":["https:\/\/diarioabcdemichoacan.com.mx\/lasnoticias\/programa-de-la-seimujer-impulsa-la-autonomia-economica-de-las-michoacanas\/"]}]},{"@type":"ImageObject","inLanguage":"es","@id":"https:\/\/diarioabcdemichoacan.com.mx\/lasnoticias\/programa-de-la-seimujer-impulsa-la-autonomia-economica-de-las-michoacanas\/#primaryimage","url":"https:\/\/diarioabcdemichoacan.com.mx\/lasnoticias\/wp-content\/uploads\/2024\/11\/4d0f08d4-afe5-4c2e-a70d-f78af493d49b.jpeg","contentUrl":"https:\/\/diarioabcdemichoacan.com.mx\/lasnoticias\/wp-content\/uploads\/2024\/11\/4d0f08d4-afe5-4c2e-a70d-f78af493d49b.jpeg","width":1600,"height":1066},{"@type":"BreadcrumbList","@id":"https:\/\/diarioabcdemichoacan.com.mx\/lasnoticias\/programa-de-la-seimujer-impulsa-la-autonomia-economica-de-las-michoacanas\/#breadcrumb","itemListElement":[{"@type":"ListItem","position":1,"name":"Portada","item":"https:\/\/diarioabcdemichoacan.com.mx\/lasnoticias\/"},{"@type":"ListItem","position":2,"name":"Programa de la Seimujer impulsa la autonom\u00eda econ\u00f3mica de las michoacanas"}]},{"@type":"WebSite","@id":"https:\/\/diarioabcdemichoacan.com.mx\/lasnoticias\/#website","url":"https:\/\/diarioabcdemichoacan.com.mx\/lasnoticias\/","name":"Diario ABC de Michoac\u00e1n","description":"Las noticias al momento","potentialAction":[{"@type":"SearchAction","target":{"@type":"EntryPoint","urlTemplate":"https:\/\/diarioabcdemichoacan.com.mx\/lasnoticias\/?s={search_term_string}"},"query-input":{"@type":"PropertyValueSpecification","valueRequired":true,"valueName":"search_term_string"}}],"inLanguage":"es"},{"@type":"Person","@id":"https:\/\/diarioabcdemichoacan.com.mx\/lasnoticias\/#\/schema\/person\/657e7c20ff5297f317664d985712e8e8","name":"MD","image":{"@type":"ImageObject","inLanguage":"es","@id":"https:\/\/diarioabcdemichoacan.com.mx\/lasnoticias\/#\/schema\/person\/image\/","url":"https:\/\/secure.gravatar.com\/avatar\/a769375eedc94419a5b67bc5d63567af?s=96&d=mm&r=g","contentUrl":"https:\/\/secure.gravatar.com\/avatar\/a769375eedc94419a5b67bc5d63567af?s=96&d=mm&r=g","caption":"MD"},"url":"https:\/\/diarioabcdemichoacan.com.mx\/lasnoticias\/author\/merelydpa\/"}]}},"_links":{"self":[{"href":"https:\/\/diarioabcdemichoacan.com.mx\/lasnoticias\/wp-json\/wp\/v2\/posts\/34464","targetHints":{"allow":["GET"]}}],"collection":[{"href":"https:\/\/diarioabcdemichoacan.com.mx\/lasnoticias\/wp-json\/wp\/v2\/posts"}],"about":[{"href":"https:\/\/diarioabcdemichoacan.com.mx\/lasnoticias\/wp-json\/wp\/v2\/types\/post"}],"author":[{"embeddable":true,"href":"https:\/\/diarioabcdemichoacan.com.mx\/lasnoticias\/wp-json\/wp\/v2\/users\/8"}],"replies":[{"embeddable":true,"href":"https:\/\/diarioabcdemichoacan.com.mx\/lasnoticias\/wp-json\/wp\/v2\/comments?post=34464"}],"version-history":[{"count":1,"href":"https:\/\/diarioabcdemichoacan.com.mx\/lasnoticias\/wp-json\/wp\/v2\/posts\/34464\/revisions"}],"predecessor-version":[{"id":34467,"href":"https:\/\/diarioabcdemichoacan.com.mx\/lasnoticias\/wp-json\/wp\/v2\/posts\/34464\/revisions\/34467"}],"wp:featuredmedia":[{"embeddable":true,"href":"https:\/\/diarioabcdemichoacan.com.mx\/lasnoticias\/wp-json\/wp\/v2\/media\/34466"}],"wp:attachment":[{"href":"https:\/\/diarioabcdemichoacan.com.mx\/lasnoticias\/wp-json\/wp\/v2\/media?parent=34464"}],"wp:term":[{"taxonomy":"category","embeddable":true,"href":"https:\/\/diarioabcdemichoacan.com.mx\/lasnoticias\/wp-json\/wp\/v2\/categories?post=34464"},{"taxonomy":"post_tag","embeddable":true,"href":"https:\/\/diarioabcdemichoacan.com.mx\/lasnoticias\/wp-json\/wp\/v2\/tags?post=34464"}],"curies":[{"name":"wp","href":"https:\/\/api.w.org\/{rel}","templated":true}]}}